{"id":113421,"date":"2016-08-05T07:19:37","date_gmt":"2016-08-05T10:19:37","guid":{"rendered":"http:\/\/franciscanos.org.br\/?p=113421"},"modified":"2023-01-25T09:38:02","modified_gmt":"2023-01-25T12:38:02","slug":"frei-evaristo-sera-ordenado-bispo-neste-sabado","status":"publish","type":"post","link":"https:\/\/franciscanos.org.br\/noticias\/frei-evaristo-sera-ordenado-bispo-neste-sabado.html","title":{"rendered":"Frei Evaristo ser\u00e1 ordenado bispo neste s\u00e1bado"},"content":{"rendered":"<p><img loading=\"lazy\" class=\"alignnone size-full wp-image-195753\" src=\"https:\/\/franciscanos.org.br\/noticias\/wp-content\/uploads\/2016\/08\/evaristo-820.gif\" alt=\"\" width=\"830\" height=\"397\" \/><\/p>\n<p><em>Nomeado bispo no dia 1\u00ba de junho \u00faltimo pelo Papa Francisco, Frei Evaristo Pascoal Spengler ser\u00e1 ordenado bispo neste s\u00e1bado (6\/8), \u00e0s 9 horas, na Matriz S\u00e3o Pedro Ap\u00f3stolo de Gaspar, pelo Secret\u00e1rio Geral da CNBB e Bispo Auxiliar de Bras\u00edlia, Dom Leonardo Ulrich Steiner. Al\u00e9m de Dom Leonardo, que \u00e9 o bispo ordenante principal, ser\u00e3o bispos ordenantes Dom Alberto Taveira Corr\u00eaa, Arcebispo Metropolitano de Bel\u00e9m (PA) e Dom Mauro Morelli, Bispo Em\u00e9rito da Diocese de Duque de Caxias (RJ).<\/em><\/p>\n<p><em>Natural de Gaspar (SC), onde nasceu no bairro de Pocinho no dia 29 de mar\u00e7o de 1959, Frei Evaristo vestiu o h\u00e1bito franciscano quando ingressou no Noviciado de Rodeio, em Santa Catarina, no dia 20 de janeiro de 1977. No dia 2 de agosto de 1982 fez a profiss\u00e3o solene na Ordem dos Frades Menores e foi ordenado presb\u00edtero no dia 19 de maio de 1984. Frei Evaristo ficou por uma d\u00e9cada em Angola. Essa experi\u00eancia mission\u00e1ria come\u00e7ou no dia 31 de maio de 2001. De 2003 a 2006, Frei Evaristo presidiu a Funda\u00e7\u00e3o Imaculada M\u00e3e de Deus de Angola. Em janeiro de 2010 encerrava essa etapa mission\u00e1ria e retornava para a conhecida Baixada Fluminense, em Duque de Caxias, bairro de Imbari\u00ea, como Vig\u00e1rio Paroquial. Ali continuou at\u00e9 2012 quando o Cap\u00edtulo Provincial o elegeu Definidor e o manteve como coordenador da Fraternidade de Imbari\u00ea. No Cap\u00edtulo Provincial de 2016, ele foi eleito Vig\u00e1rio Provincial e passou a acumular a fun\u00e7\u00e3o de Secret\u00e1rio da Evangeliza\u00e7\u00e3o.<\/em><\/p>\n<p><em>Aos 57 anos, Frei Evaristo tem pela frente o maior desafio de sua vida religiosa, embora isso n\u00e3o seja novidade para ele, pois at\u00e9 hoje suas experi\u00eancias pastorais estiveram concentradas em duas regi\u00f5es de fortes desigualdades e fraturas sociais: a Baixada Fluminense e a Miss\u00e3o de Angola (\u00c1frica), durante e no p\u00f3s-guerra.<\/em><\/p>\n<p><em>Frei Evaristo vai suceder a Dom Frei Jos\u00e9 Luiz Azcona, religioso mission\u00e1rio da Ordem dos Agostinianos Recoletos e bispo prelado do Maraj\u00f3 desde 1987, que devido \u00e0 idade (76 anos) teve sua ren\u00fancia ao governo pastoral da Prelazia aceita pelo Papa Francisco, conforme prev\u00ea o Direito Can\u00f4nico.<\/em><\/p>\n<p><em>Esta entrevista Frei Evaristo deu depois de conhecer um pouco a realidade que ter\u00e1 pela frente com a viagem que fez de dez dias \u00e0 Ilha do Maraj\u00f3 (foto no alto). Segundo ele, \u201cos desafios sociais e eclesiais n\u00e3o me assustam quando h\u00e1 uma Igreja viva. O que me d\u00e1 medo \u00e9 a acomoda\u00e7\u00e3o, \u00e9 perder o \u00edmpeto mission\u00e1rio\u201d, confessa. Quem o conhece, sabe que o carisma franciscano est\u00e1 no seu DNA e n\u00e3o h\u00e1 menor chance de perder esse \u00edmpeto evangelizador que o acompanha. Acompanhe a entrevista!<\/em><\/p>\n<p><strong>Site Franciscano<\/strong>s\u00a0&#8211; <em>Frei Evaristo, apresente-nos a Prelazia do Maraj\u00f3 em n\u00fameros.<\/em><br \/>\n<strong>Frei Evaristo<\/strong> &#8211; A Prelazia do Maraj\u00f3 se situa no maior arquip\u00e9logo fluviomarinho do mundo. Ocupa uma \u00e1rea de 86.477 Km2. Tem 10 par\u00f3quias em 9 munic\u00edpios. Tem 22 padres, 10 da Ordem dos Agostinianos, 7 diocesanos da Prelazia do Maraj\u00f3, dois diocesanos poloneses e um franc\u00eas (<em>Fidei Donum)<\/em> e dois da Comunidade Cat\u00f3lica Provid\u00eancia Sant\u00edssima. Conta com 8 seminaristas no semin\u00e1rio menor, e 15 no semin\u00e1rio maior, dos quais 9 na Filosofia e 6 na Teologia. Conta tamb\u00e9m com 9 comunidades religiosas femininas e seis comunidades mission\u00e1rias de vida. L\u00e1 situa-se o munic\u00edpio mais pobre e abandonado pelo poder p\u00fablico do Brasil: Melga\u00e7o (IDH 0,418), al\u00e9m de outros munic\u00edpios que est\u00e3o entre os mais pobres do Brasil.<\/p>\n<p><strong>Site Franciscano<\/strong>s\u00a0&#8211;<em>\u00a0Na visita \u00e0 Prelazia de Maraj\u00f3, que esperan\u00e7as voc\u00ea trouxe?<\/em><br \/>\n<strong>Frei Evaristo<\/strong> &#8211; A Igreja de Maraj\u00f3 \u00e9 muito viva. Tem grande participa\u00e7\u00e3o de jovens, adultos e crian\u00e7as. O povo das comunidades irradia muita alegria, fraternidade e acolhimento. \u00c9 uma Igreja da terra e das \u00e1guas, com muitas comunidades ribeirinhas. H\u00e1 pastorais muito ativas como a Pastoral da crian\u00e7a que assiste a quase cinco mil crian\u00e7as e tr\u00eas mil fam\u00edlias. Conta com padres muito desapegados, com esp\u00edrito mission\u00e1rio a servi\u00e7o do povo. A Ordem dos Agostinianos prestou e presta um valios\u00edssimo servi\u00e7o \u00e0 Prelazia. H\u00e1 voca\u00e7\u00f5es locais com boas perspectivas de futuro. As congrega\u00e7\u00f5es religiosas e as comunidades leigas s\u00e3o muito dedicadas ao povo. As express\u00f5es culturais como a cer\u00e2mica marajoara e o carimb\u00f3 s\u00e3o bel\u00edssimos. Sem contar a paisagem paradis\u00edaca das florestas e das \u00e1guas.<\/p>\n<p><strong>Site Franciscano<\/strong>s\u00a0&#8211;<em>\u00a0Quais os desafios da Igreja e da realidade?<\/em><br \/>\n<strong>Frei Evaristo<\/strong> &#8211; Em n\u00edvel eclesial h\u00e1 um n\u00famero insuficiente de clero para atender um territ\u00f3rio quase da dimens\u00e3o de Portugal e com uma popula\u00e7\u00e3o de mais de 300 mil habitantes, na maioria cat\u00f3lica. A log\u00edstica \u00e9 um complicador para proporcionar cursos de forma\u00e7\u00e3o e reuni\u00f5es com participa\u00e7\u00e3o de leigos das par\u00f3quias. A Prelazia ainda depende em boa parte de recursos de fora para manter seus semin\u00e1rios e os trabalhos pastorais. Em n\u00edvel social, Maraj\u00f3 conta com a aus\u00eancia quase completa do poder p\u00fablico. H\u00e1 munic\u00edpios em que o analfabetismo chega a 40 e at\u00e9 50% da popula\u00e7\u00e3o. Como resultado desse descaso, constata-se grande \u00edndice de prostitui\u00e7\u00e3o infantil, tr\u00e1fico de pessoas e fazendeiros expulsando ribeirinhos. \u00c9 uma terra que clama aos c\u00e9us. O bispo Dom Azcona, como outros dois bispos do Par\u00e1, Dom Erwim e Dom Fl\u00e1vio est\u00e3o amea\u00e7ados de morte por se posicionarem contra esses crimes.<\/p>\n<p><strong>Site Franciscano<\/strong>s\u00a0&#8211;<em>Frei Evaristo, depois de anos de trabalho na Baixada Fluminense e na Miss\u00e3o de Angola, inclusive durante a guerra civil, como o sr. encara esse novo desafio em sua vida?<\/em><br \/>\n<strong>Frei Evaristo<\/strong> &#8211; Cada miss\u00e3o traz desafios, mas tamb\u00e9m profundas li\u00e7\u00f5es. Aprendi muito com o povo da Baixada Fluminense como ser uma Igreja Povo de Deus, em que cada crist\u00e3o assume o seu batismo como disc\u00edpulo mission\u00e1rio de Jesus a servi\u00e7o do Reino. Aprendi como o povo se organiza nas comunidades colocando seus dons a servi\u00e7o do bem comum. Aprendi a liga\u00e7\u00e3o da f\u00e9 com a vida e a forma como o povo se organiza em pastorais e movimentos sociais buscando realizar o desejo de Jesus: Eu vim para que todos tenham vida e tenham vida plenamente\u201d. Aprendi como deixar-se iluminar pela Palavra de Deus, abrindo-se \u00e0 a\u00e7\u00e3o do Esp\u00edrito Santo. Em Angola n\u00e3o foi diferente. Encontrei um povo de muita f\u00e9. Sentia Deus falando nos acontecimentos e nas pessoas como em nenhum outro lugar. O povo angolano resistiu ao sofrimento, e nunca perdeu a esperan\u00e7a e a alegria. Rezou incansavelmente a Maria, Senhora da Paz, para que seus filhos pudessem viver em paz naquela terra. Vi o povo ir para as ruas se abra\u00e7ar celebrando a paz. E, depois da reconcilia\u00e7\u00e3o, como se uniram para reconstruir o pa\u00eds! Em Maraj\u00f3 encontrei um povo muito acolhedor e alegre, que luta pelos direitos dos mais fracos. Sei que aprenderei muito com eles.<\/p>\n<p><strong>Site Franciscano<\/strong>s\u00a0&#8211;<em>\u00a0O fato de ser nomeado para uma regi\u00e3o de extrema fratura social, onde o\u00a0 bispo Dom Luiz Azcona sofria amea\u00e7as de morte por lutar contra esse quadro e a Igreja local ter apenas 20 padres para atender um territ\u00f3rio do tamanho de Portugal n\u00e3o o assustou?<\/em><br \/>\n<strong>Frei Evaristo<\/strong> &#8211; Os desafios sociais e eclesiais n\u00e3o me assustam quando h\u00e1 uma Igreja viva. Em Maraj\u00f3, a Igreja que encontrei me encheu de esperan\u00e7a. \u00c9 uma Igreja solid\u00e1ria que investe seus escassos recursos de pessoas e bens em fun\u00e7\u00e3o dos mais fracos. O que me d\u00e1 medo \u00e9 a acomoda\u00e7\u00e3o, \u00e9 perder o \u00edmpeto mission\u00e1rio. O lema de minha ordena\u00e7\u00e3o sacerdotal foi: \u201cVai, eu estou contigo!\u201d (Ex 3, 10.12). \u00c9 o envio de Deus a Mois\u00e9s em miss\u00e3o. Nesta miss\u00e3o sei que Deus tamb\u00e9m n\u00e3o me deixar\u00e1 sozinho.\u00a0 O Esp\u00edrito Santo me guiar\u00e1\u00a0 e iluminar\u00e1 a miss\u00e3o.<\/p>\n<p><strong>Site Franciscano<\/strong>s\u00a0&#8211;<em>\u00a0Como ser\u00e1 o bispo franciscano Frei Evaristo?<\/em><br \/>\n<strong>Frei Evaristo<\/strong> &#8211; Serei um frade menor. Em todos os munic\u00edpios e par\u00f3quias da Prelazia que visitei, na chegada me ajoelhei e pedi que o povo rezasse por mim e invocasse a b\u00ean\u00e7\u00e3o de Deus sobre a miss\u00e3o que estava iniciando. Chego com humildade e respeito. Sei que aquela \u00e9 uma terra santa. Deus pisou naquela terra e andou por aquelas \u00e1guas muito antes de mim. Deus j\u00e1 fez hist\u00f3ria com aquele povo. Muitos mission\u00e1rios ali consumiram a sua vida pelo povo. Muitos leigos testemunharam sua f\u00e9 em Jesus Cristo. Ali h\u00e1 profetas como Dom Azcona que defendem a vida dos mais pobres. Quero conhecer e respeitar essa caminhada, e pe\u00e7o a Deus que eu possa somar e contribuir com tudo que j\u00e1 vem sendo feito.<\/p>\n<p><strong>Site Franciscano<\/strong>s\u00a0&#8211;<em>\u00a0Como bispo nomeado pelo Papa Francisco, como o sr. avalia o Pontificado dele?<\/em><br \/>\n<strong>Frei Evaristo<\/strong> &#8211; O papa Francisco \u00e9 uma b\u00ean\u00e7\u00e3o para a Igreja. Ele chama a Igreja a estar constantemente em sa\u00edda. Sonha com uma Igreja mission\u00e1ria e transformadora. Pede que o pastor tenha o cheiro das ovelhas. Prefere uma Igreja suja pela lama do caminho do que uma Igreja encerrada nas sacristias. Uma Igreja que erra tentado acertar do que uma Igreja paralisada por medo de errar. Que Deus d\u00ea vida longa ao papa Francisco para fazer ecoar o seu grito levando Jesus Cristo at\u00e9 os confins da terra, \u00e0s amassadeiras do assa\u00ed, \u00e0s donas de casa, aos barqueiros e pescadores, aos camponeses \u201ce outros mais\u201d.<\/p>\n<p><strong>Moacir Beggo<\/strong><\/p>\n","protected":false},"excerpt":{"rendered":"<p>Ordena\u00e7\u00e3o Episcopal<\/p>\n","protected":false},"author":1,"featured_media":217410,"comment_status":"open","ping_status":"open","sticky":false,"template":"","format":"standard","meta":[],"categories":[758,1],"tags":[1379,1277],"acf":[],"yoast_head":"<!-- This site is optimized with the Yoast SEO plugin v19.2 - https:\/\/yoast.com\/wordpress\/plugins\/seo\/ -->\n<title>Frei Evaristo ser\u00e1 ordenado bispo neste s\u00e1bado - Not\u00edcias - Franciscanos<\/title>\n<meta name=\"robots\" content=\"index, follow, max-snippet:-1, max-image-preview:large, max-video-preview:-1\" \/>\n<link rel=\"canonical\" href=\"https:\/\/franciscanos.org.br\/noticias\/frei-evaristo-sera-ordenado-bispo-neste-sabado.html\" \/>\n<meta property=\"og:locale\" content=\"pt_BR\" \/>\n<meta property=\"og:type\" content=\"article\" \/>\n<meta property=\"og:title\" content=\"Frei Evaristo ser\u00e1 ordenado bispo neste s\u00e1bado - Not\u00edcias - Franciscanos\" \/>\n<meta property=\"og:description\" content=\"Ordena\u00e7\u00e3o Episcopal\" \/>\n<meta property=\"og:url\" content=\"https:\/\/franciscanos.org.br\/noticias\/frei-evaristo-sera-ordenado-bispo-neste-sabado.html\" \/>\n<meta property=\"og:site_name\" content=\"Not\u00edcias - Franciscanos\" \/>\n<meta property=\"article:published_time\" content=\"2016-08-05T10:19:37+00:00\" \/>\n<meta property=\"article:modified_time\" content=\"2023-01-25T12:38:02+00:00\" \/>\n<meta property=\"og:image\" content=\"https:\/\/franciscanos.org.br\/noticias\/wp-content\/uploads\/2016\/08\/evaristo-820-1.gif\" \/>\n\t<meta property=\"og:image:width\" content=\"273\" \/>\n\t<meta property=\"og:image:height\" content=\"181\" \/>\n\t<meta property=\"og:image:type\" content=\"image\/gif\" \/>\n<meta name=\"author\" content=\"admin\" \/>\n<meta name=\"twitter:card\" content=\"summary_large_image\" \/>\n<meta name=\"twitter:label1\" content=\"Escrito por\" \/>\n\t<meta name=\"twitter:data1\" content=\"admin\" \/>\n\t<meta name=\"twitter:label2\" content=\"Est. tempo de leitura\" \/>\n\t<meta name=\"twitter:data2\" content=\"8 minutos\" \/>\n<script type=\"application\/ld+json\" class=\"yoast-schema-graph\">{\"@context\":\"https:\/\/schema.org\",\"@graph\":[{\"@type\":\"WebSite\",\"@id\":\"https:\/\/franciscanos.org.br\/noticias\/#website\",\"url\":\"https:\/\/franciscanos.org.br\/noticias\/\",\"name\":\"Not\u00edcias - Franciscanos\",\"description\":\"Prov\u00edncia Franciscana da Imaculada Concei\u00e7\u00e3o do Brasil - Ordem dos Frades Menores - OFM\",\"potentialAction\":[{\"@type\":\"SearchAction\",\"target\":{\"@type\":\"EntryPoint\",\"urlTemplate\":\"https:\/\/franciscanos.org.br\/noticias\/?s={search_term_string}\"},\"query-input\":\"required name=search_term_string\"}],\"inLanguage\":\"pt-BR\"},{\"@type\":\"ImageObject\",\"inLanguage\":\"pt-BR\",\"@id\":\"https:\/\/franciscanos.org.br\/noticias\/frei-evaristo-sera-ordenado-bispo-neste-sabado.html#primaryimage\",\"url\":\"https:\/\/franciscanos.org.br\/noticias\/wp-content\/uploads\/2016\/08\/evaristo-820-1.gif\",\"contentUrl\":\"https:\/\/franciscanos.org.br\/noticias\/wp-content\/uploads\/2016\/08\/evaristo-820-1.gif\",\"width\":273,\"height\":181},{\"@type\":\"WebPage\",\"@id\":\"https:\/\/franciscanos.org.br\/noticias\/frei-evaristo-sera-ordenado-bispo-neste-sabado.html#webpage\",\"url\":\"https:\/\/franciscanos.org.br\/noticias\/frei-evaristo-sera-ordenado-bispo-neste-sabado.html\",\"name\":\"Frei Evaristo ser\u00e1 ordenado bispo neste s\u00e1bado - Not\u00edcias - Franciscanos\",\"isPartOf\":{\"@id\":\"https:\/\/franciscanos.org.br\/noticias\/#website\"},\"primaryImageOfPage\":{\"@id\":\"https:\/\/franciscanos.org.br\/noticias\/frei-evaristo-sera-ordenado-bispo-neste-sabado.html#primaryimage\"},\"datePublished\":\"2016-08-05T10:19:37+00:00\",\"dateModified\":\"2023-01-25T12:38:02+00:00\",\"author\":{\"@id\":\"https:\/\/franciscanos.org.br\/noticias\/#\/schema\/person\/b38fbf43118f02820bd932f2e4b14ad3\"},\"breadcrumb\":{\"@id\":\"https:\/\/franciscanos.org.br\/noticias\/frei-evaristo-sera-ordenado-bispo-neste-sabado.html#breadcrumb\"},\"inLanguage\":\"pt-BR\",\"potentialAction\":[{\"@type\":\"ReadAction\",\"target\":[\"https:\/\/franciscanos.org.br\/noticias\/frei-evaristo-sera-ordenado-bispo-neste-sabado.html\"]}]},{\"@type\":\"BreadcrumbList\",\"@id\":\"https:\/\/franciscanos.org.br\/noticias\/frei-evaristo-sera-ordenado-bispo-neste-sabado.html#breadcrumb\",\"itemListElement\":[{\"@type\":\"ListItem\",\"position\":1,\"name\":\"Home\",\"item\":\"https:\/\/franciscanos.org.br\/noticias\"},{\"@type\":\"ListItem\",\"position\":2,\"name\":\"Frei Evaristo ser\u00e1 ordenado bispo neste s\u00e1bado\"}]},{\"@type\":\"Person\",\"@id\":\"https:\/\/franciscanos.org.br\/noticias\/#\/schema\/person\/b38fbf43118f02820bd932f2e4b14ad3\",\"name\":\"admin\",\"image\":{\"@type\":\"ImageObject\",\"inLanguage\":\"pt-BR\",\"@id\":\"https:\/\/franciscanos.org.br\/noticias\/#\/schema\/person\/image\/\",\"url\":\"https:\/\/secure.gravatar.com\/avatar\/e8495742d34d0ba6448ea1c628263b3e?s=96&d=mm&r=g\",\"contentUrl\":\"https:\/\/secure.gravatar.com\/avatar\/e8495742d34d0ba6448ea1c628263b3e?s=96&d=mm&r=g\",\"caption\":\"admin\"},\"url\":\"https:\/\/franciscanos.org.br\/noticias\/author\/admin\"}]}<\/script>\n<!-- \/ Yoast SEO plugin. -->","yoast_head_json":{"title":"Frei Evaristo ser\u00e1 ordenado bispo neste s\u00e1bado - Not\u00edcias - Franciscanos","robots":{"index":"index","follow":"follow","max-snippet":"max-snippet:-1","max-image-preview":"max-image-preview:large","max-video-preview":"max-video-preview:-1"},"canonical":"https:\/\/franciscanos.org.br\/noticias\/frei-evaristo-sera-ordenado-bispo-neste-sabado.html","og_locale":"pt_BR","og_type":"article","og_title":"Frei Evaristo ser\u00e1 ordenado bispo neste s\u00e1bado - Not\u00edcias - Franciscanos","og_description":"Ordena\u00e7\u00e3o Episcopal","og_url":"https:\/\/franciscanos.org.br\/noticias\/frei-evaristo-sera-ordenado-bispo-neste-sabado.html","og_site_name":"Not\u00edcias - Franciscanos","article_published_time":"2016-08-05T10:19:37+00:00","article_modified_time":"2023-01-25T12:38:02+00:00","og_image":[{"width":273,"height":181,"url":"https:\/\/franciscanos.org.br\/noticias\/wp-content\/uploads\/2016\/08\/evaristo-820-1.gif","type":"image\/gif"}],"author":"admin","twitter_card":"summary_large_image","twitter_misc":{"Escrito por":"admin","Est. tempo de leitura":"8 minutos"},"schema":{"@context":"https:\/\/schema.org","@graph":[{"@type":"WebSite","@id":"https:\/\/franciscanos.org.br\/noticias\/#website","url":"https:\/\/franciscanos.org.br\/noticias\/","name":"Not\u00edcias - Franciscanos","description":"Prov\u00edncia Franciscana da Imaculada Concei\u00e7\u00e3o do Brasil - Ordem dos Frades Menores - OFM","potentialAction":[{"@type":"SearchAction","target":{"@type":"EntryPoint","urlTemplate":"https:\/\/franciscanos.org.br\/noticias\/?s={search_term_string}"},"query-input":"required name=search_term_string"}],"inLanguage":"pt-BR"},{"@type":"ImageObject","inLanguage":"pt-BR","@id":"https:\/\/franciscanos.org.br\/noticias\/frei-evaristo-sera-ordenado-bispo-neste-sabado.html#primaryimage","url":"https:\/\/franciscanos.org.br\/noticias\/wp-content\/uploads\/2016\/08\/evaristo-820-1.gif","contentUrl":"https:\/\/franciscanos.org.br\/noticias\/wp-content\/uploads\/2016\/08\/evaristo-820-1.gif","width":273,"height":181},{"@type":"WebPage","@id":"https:\/\/franciscanos.org.br\/noticias\/frei-evaristo-sera-ordenado-bispo-neste-sabado.html#webpage","url":"https:\/\/franciscanos.org.br\/noticias\/frei-evaristo-sera-ordenado-bispo-neste-sabado.html","name":"Frei Evaristo ser\u00e1 ordenado bispo neste s\u00e1bado - Not\u00edcias - Franciscanos","isPartOf":{"@id":"https:\/\/franciscanos.org.br\/noticias\/#website"},"primaryImageOfPage":{"@id":"https:\/\/franciscanos.org.br\/noticias\/frei-evaristo-sera-ordenado-bispo-neste-sabado.html#primaryimage"},"datePublished":"2016-08-05T10:19:37+00:00","dateModified":"2023-01-25T12:38:02+00:00","author":{"@id":"https:\/\/franciscanos.org.br\/noticias\/#\/schema\/person\/b38fbf43118f02820bd932f2e4b14ad3"},"breadcrumb":{"@id":"https:\/\/franciscanos.org.br\/noticias\/frei-evaristo-sera-ordenado-bispo-neste-sabado.html#breadcrumb"},"inLanguage":"pt-BR","potentialAction":[{"@type":"ReadAction","target":["https:\/\/franciscanos.org.br\/noticias\/frei-evaristo-sera-ordenado-bispo-neste-sabado.html"]}]},{"@type":"BreadcrumbList","@id":"https:\/\/franciscanos.org.br\/noticias\/frei-evaristo-sera-ordenado-bispo-neste-sabado.html#breadcrumb","itemListElement":[{"@type":"ListItem","position":1,"name":"Home","item":"https:\/\/franciscanos.org.br\/noticias"},{"@type":"ListItem","position":2,"name":"Frei Evaristo ser\u00e1 ordenado bispo neste s\u00e1bado"}]},{"@type":"Person","@id":"https:\/\/franciscanos.org.br\/noticias\/#\/schema\/person\/b38fbf43118f02820bd932f2e4b14ad3","name":"admin","image":{"@type":"ImageObject","inLanguage":"pt-BR","@id":"https:\/\/franciscanos.org.br\/noticias\/#\/schema\/person\/image\/","url":"https:\/\/secure.gravatar.com\/avatar\/e8495742d34d0ba6448ea1c628263b3e?s=96&d=mm&r=g","contentUrl":"https:\/\/secure.gravatar.com\/avatar\/e8495742d34d0ba6448ea1c628263b3e?s=96&d=mm&r=g","caption":"admin"},"url":"https:\/\/franciscanos.org.br\/noticias\/author\/admin"}]}},"_links":{"self":[{"href":"https:\/\/franciscanos.org.br\/noticias\/wp-json\/wp\/v2\/posts\/113421"}],"collection":[{"href":"https:\/\/franciscanos.org.br\/noticias\/wp-json\/wp\/v2\/posts"}],"about":[{"href":"https:\/\/franciscanos.org.br\/noticias\/wp-json\/wp\/v2\/types\/post"}],"author":[{"embeddable":true,"href":"https:\/\/franciscanos.org.br\/noticias\/wp-json\/wp\/v2\/users\/1"}],"replies":[{"embeddable":true,"href":"https:\/\/franciscanos.org.br\/noticias\/wp-json\/wp\/v2\/comments?post=113421"}],"version-history":[{"count":1,"href":"https:\/\/franciscanos.org.br\/noticias\/wp-json\/wp\/v2\/posts\/113421\/revisions"}],"predecessor-version":[{"id":241913,"href":"https:\/\/franciscanos.org.br\/noticias\/wp-json\/wp\/v2\/posts\/113421\/revisions\/241913"}],"wp:featuredmedia":[{"embeddable":true,"href":"https:\/\/franciscanos.org.br\/noticias\/wp-json\/wp\/v2\/media\/217410"}],"wp:attachment":[{"href":"https:\/\/franciscanos.org.br\/noticias\/wp-json\/wp\/v2\/media?parent=113421"}],"wp:term":[{"taxonomy":"category","embeddable":true,"href":"https:\/\/franciscanos.org.br\/noticias\/wp-json\/wp\/v2\/categories?post=113421"},{"taxonomy":"post_tag","embeddable":true,"href":"https:\/\/franciscanos.org.br\/noticias\/wp-json\/wp\/v2\/tags?post=113421"}],"curies":[{"name":"wp","href":"https:\/\/api.w.org\/{rel}","templated":true}]}}