{"id":113414,"date":"2016-08-05T07:10:54","date_gmt":"2016-08-05T10:10:54","guid":{"rendered":"http:\/\/franciscanos.org.br\/?p=113414"},"modified":"2019-07-09T10:21:03","modified_gmt":"2019-07-09T13:21:03","slug":"o-brasao-do-novo-bispo","status":"publish","type":"post","link":"https:\/\/franciscanos.org.br\/noticias\/o-brasao-do-novo-bispo.html","title":{"rendered":"O bras\u00e3o de Dom Evaristo Spengler"},"content":{"rendered":"<p><strong>O Tau no centro<\/strong> do bras\u00e3o remete ao sonho de Francisco de Assis por um mundo de Paz e Bem, onde todas as criaturas s\u00e3o irm\u00e3os e irm\u00e3s, e a M\u00e3e Terra clama por respeito como nossa Casa Comum.<\/p>\n<p><strong>Na parte superior,<\/strong> a B\u00edblia revela o nome de Deus-Pai: \u201cEu sou\u201d. O Filho-Jesus, representado pelas letras Alfa e \u00d4mega, assegura a Sua presen\u00e7a di\u00e1ria no caminhar prof\u00e9tico da Igreja. O Esp\u00edrito Santo (raios de luz) ilumina e fortalece a miss\u00e3o.<\/p>\n<p><strong>\u00c0 esquerda,<\/strong> a igreja S\u00e3o Pedro Ap\u00f3stolo, no alto da colina, sinaliza a comunidade de f\u00e9 gasparense, de onde surge a voca\u00e7\u00e3o.<\/p>\n<p><strong>\u00c0 direita,<\/strong> a comunidade ribeirinha e as palmeiras representam a Igreja viva do arquip\u00e9lago do Maraj\u00f3, presente na terra e nas \u00e1guas, irradiando o Evangelho e defendendo a vida amea\u00e7ada.<\/p>\n<p><strong><img loading=\"lazy\" class=\"alignleft wp-image-113425\" src=\"http:\/\/franciscanos.org.br\/wp-content\/uploads\/2016\/08\/brasao.jpg\" alt=\"brasao\" width=\"471\" height=\"496\" \/>Na parte inferior, <\/strong>a abund\u00e2ncia das \u00e1guas. \u00c0 esquerda, o Rio Itaja\u00ed no Vale Catarinense, e, \u00e0 direita, as \u00e1guas que circundam o arquip\u00e9lago do Maraj\u00f3. O pescador lan\u00e7a as redes para as \u00e1guas profundas, obedecendo \u00e0 ordem de Jesus. Seu corpo est\u00e1 voltado para a miss\u00e3o, com os bra\u00e7os erguidos em atitude de louvor e agradecimento. Nas bordas da rede aberta, o Ter\u00e7o, representando a prote\u00e7\u00e3o de Maria a seus filhos, e a ora\u00e7\u00e3o, alimento espiritual que sustenta a miss\u00e3o. A barca representa a Igreja, em nome da qual se navega para \u00e1guas profundas.<\/p>\n<p><strong>No bras\u00e3o<\/strong>, o escudo est\u00e1 apoiado na Cruz episcopal. O chap\u00e9u eclesi\u00e1stico na cor verde simboliza o servi\u00e7o do bispo e as borlas representam os doze ap\u00f3stolos. Abaixo, a faixa com o lema: \u201cAvan\u00e7a para \u00e1guas profundas\u201d, cita\u00e7\u00e3o inspirada no Evangelho de Lucas 5,4.<\/p>\n<p><em>A arte do Bras\u00e3o foi produzida pelo pintor e vitralista\u00a0Lorenz Johannes Heilmair.\u00a0\u00a0<\/em><\/p>\n","protected":false},"excerpt":{"rendered":"<p>Ordena\u00e7\u00e3o Episcopal<\/p>\n","protected":false},"author":1,"featured_media":207477,"comment_status":"open","ping_status":"open","sticky":false,"template":"","format":"standard","meta":[],"categories":[1],"tags":[1379],"acf":[],"yoast_head":"<!-- This site is optimized with the Yoast SEO plugin v19.2 - https:\/\/yoast.com\/wordpress\/plugins\/seo\/ -->\n<title>O bras\u00e3o de Dom Evaristo Spengler - Not\u00edcias - Franciscanos<\/title>\n<meta name=\"robots\" content=\"index, follow, max-snippet:-1, max-image-preview:large, max-video-preview:-1\" \/>\n<link rel=\"canonical\" href=\"https:\/\/franciscanos.org.br\/noticias\/o-brasao-do-novo-bispo.html\" \/>\n<meta property=\"og:locale\" content=\"pt_BR\" \/>\n<meta property=\"og:type\" content=\"article\" \/>\n<meta property=\"og:title\" content=\"O bras\u00e3o de Dom Evaristo Spengler - Not\u00edcias - Franciscanos\" \/>\n<meta property=\"og:description\" content=\"Ordena\u00e7\u00e3o Episcopal\" \/>\n<meta property=\"og:url\" content=\"https:\/\/franciscanos.org.br\/noticias\/o-brasao-do-novo-bispo.html\" \/>\n<meta property=\"og:site_name\" content=\"Not\u00edcias - Franciscanos\" \/>\n<meta property=\"article:published_time\" content=\"2016-08-05T10:10:54+00:00\" \/>\n<meta property=\"article:modified_time\" content=\"2019-07-09T13:21:03+00:00\" \/>\n<meta property=\"og:image\" content=\"https:\/\/franciscanos.org.br\/noticias\/wp-content\/uploads\/2016\/08\/brasao.jpg\" \/>\n\t<meta property=\"og:image:width\" content=\"273\" \/>\n\t<meta property=\"og:image:height\" content=\"181\" \/>\n\t<meta property=\"og:image:type\" content=\"image\/jpeg\" \/>\n<meta name=\"author\" content=\"admin\" \/>\n<meta name=\"twitter:card\" content=\"summary_large_image\" \/>\n<meta name=\"twitter:label1\" content=\"Escrito por\" \/>\n\t<meta name=\"twitter:data1\" content=\"admin\" \/>\n\t<meta name=\"twitter:label2\" content=\"Est. tempo de leitura\" \/>\n\t<meta name=\"twitter:data2\" content=\"2 minutos\" \/>\n<script type=\"application\/ld+json\" class=\"yoast-schema-graph\">{\"@context\":\"https:\/\/schema.org\",\"@graph\":[{\"@type\":\"WebSite\",\"@id\":\"https:\/\/franciscanos.org.br\/noticias\/#website\",\"url\":\"https:\/\/franciscanos.org.br\/noticias\/\",\"name\":\"Not\u00edcias - Franciscanos\",\"description\":\"Prov\u00edncia Franciscana da Imaculada Concei\u00e7\u00e3o do Brasil - Ordem dos Frades Menores - OFM\",\"potentialAction\":[{\"@type\":\"SearchAction\",\"target\":{\"@type\":\"EntryPoint\",\"urlTemplate\":\"https:\/\/franciscanos.org.br\/noticias\/?s={search_term_string}\"},\"query-input\":\"required name=search_term_string\"}],\"inLanguage\":\"pt-BR\"},{\"@type\":\"ImageObject\",\"inLanguage\":\"pt-BR\",\"@id\":\"https:\/\/franciscanos.org.br\/noticias\/o-brasao-do-novo-bispo.html#primaryimage\",\"url\":\"https:\/\/franciscanos.org.br\/noticias\/wp-content\/uploads\/2016\/08\/brasao.jpg\",\"contentUrl\":\"https:\/\/franciscanos.org.br\/noticias\/wp-content\/uploads\/2016\/08\/brasao.jpg\",\"width\":273,\"height\":181},{\"@type\":\"WebPage\",\"@id\":\"https:\/\/franciscanos.org.br\/noticias\/o-brasao-do-novo-bispo.html#webpage\",\"url\":\"https:\/\/franciscanos.org.br\/noticias\/o-brasao-do-novo-bispo.html\",\"name\":\"O bras\u00e3o de Dom Evaristo Spengler - Not\u00edcias - Franciscanos\",\"isPartOf\":{\"@id\":\"https:\/\/franciscanos.org.br\/noticias\/#website\"},\"primaryImageOfPage\":{\"@id\":\"https:\/\/franciscanos.org.br\/noticias\/o-brasao-do-novo-bispo.html#primaryimage\"},\"datePublished\":\"2016-08-05T10:10:54+00:00\",\"dateModified\":\"2019-07-09T13:21:03+00:00\",\"author\":{\"@id\":\"https:\/\/franciscanos.org.br\/noticias\/#\/schema\/person\/b38fbf43118f02820bd932f2e4b14ad3\"},\"breadcrumb\":{\"@id\":\"https:\/\/franciscanos.org.br\/noticias\/o-brasao-do-novo-bispo.html#breadcrumb\"},\"inLanguage\":\"pt-BR\",\"potentialAction\":[{\"@type\":\"ReadAction\",\"target\":[\"https:\/\/franciscanos.org.br\/noticias\/o-brasao-do-novo-bispo.html\"]}]},{\"@type\":\"BreadcrumbList\",\"@id\":\"https:\/\/franciscanos.org.br\/noticias\/o-brasao-do-novo-bispo.html#breadcrumb\",\"itemListElement\":[{\"@type\":\"ListItem\",\"position\":1,\"name\":\"Home\",\"item\":\"https:\/\/franciscanos.org.br\/noticias\"},{\"@type\":\"ListItem\",\"position\":2,\"name\":\"O bras\u00e3o de Dom Evaristo Spengler\"}]},{\"@type\":\"Person\",\"@id\":\"https:\/\/franciscanos.org.br\/noticias\/#\/schema\/person\/b38fbf43118f02820bd932f2e4b14ad3\",\"name\":\"admin\",\"image\":{\"@type\":\"ImageObject\",\"inLanguage\":\"pt-BR\",\"@id\":\"https:\/\/franciscanos.org.br\/noticias\/#\/schema\/person\/image\/\",\"url\":\"https:\/\/secure.gravatar.com\/avatar\/e8495742d34d0ba6448ea1c628263b3e?s=96&d=mm&r=g\",\"contentUrl\":\"https:\/\/secure.gravatar.com\/avatar\/e8495742d34d0ba6448ea1c628263b3e?s=96&d=mm&r=g\",\"caption\":\"admin\"},\"url\":\"https:\/\/franciscanos.org.br\/noticias\/author\/admin\"}]}<\/script>\n<!-- \/ Yoast SEO plugin. -->","yoast_head_json":{"title":"O bras\u00e3o de Dom Evaristo Spengler - Not\u00edcias - Franciscanos","robots":{"index":"index","follow":"follow","max-snippet":"max-snippet:-1","max-image-preview":"max-image-preview:large","max-video-preview":"max-video-preview:-1"},"canonical":"https:\/\/franciscanos.org.br\/noticias\/o-brasao-do-novo-bispo.html","og_locale":"pt_BR","og_type":"article","og_title":"O bras\u00e3o de Dom Evaristo Spengler - Not\u00edcias - Franciscanos","og_description":"Ordena\u00e7\u00e3o Episcopal","og_url":"https:\/\/franciscanos.org.br\/noticias\/o-brasao-do-novo-bispo.html","og_site_name":"Not\u00edcias - Franciscanos","article_published_time":"2016-08-05T10:10:54+00:00","article_modified_time":"2019-07-09T13:21:03+00:00","og_image":[{"width":273,"height":181,"url":"https:\/\/franciscanos.org.br\/noticias\/wp-content\/uploads\/2016\/08\/brasao.jpg","type":"image\/jpeg"}],"author":"admin","twitter_card":"summary_large_image","twitter_misc":{"Escrito por":"admin","Est. tempo de leitura":"2 minutos"},"schema":{"@context":"https:\/\/schema.org","@graph":[{"@type":"WebSite","@id":"https:\/\/franciscanos.org.br\/noticias\/#website","url":"https:\/\/franciscanos.org.br\/noticias\/","name":"Not\u00edcias - Franciscanos","description":"Prov\u00edncia Franciscana da Imaculada Concei\u00e7\u00e3o do Brasil - Ordem dos Frades Menores - OFM","potentialAction":[{"@type":"SearchAction","target":{"@type":"EntryPoint","urlTemplate":"https:\/\/franciscanos.org.br\/noticias\/?s={search_term_string}"},"query-input":"required name=search_term_string"}],"inLanguage":"pt-BR"},{"@type":"ImageObject","inLanguage":"pt-BR","@id":"https:\/\/franciscanos.org.br\/noticias\/o-brasao-do-novo-bispo.html#primaryimage","url":"https:\/\/franciscanos.org.br\/noticias\/wp-content\/uploads\/2016\/08\/brasao.jpg","contentUrl":"https:\/\/franciscanos.org.br\/noticias\/wp-content\/uploads\/2016\/08\/brasao.jpg","width":273,"height":181},{"@type":"WebPage","@id":"https:\/\/franciscanos.org.br\/noticias\/o-brasao-do-novo-bispo.html#webpage","url":"https:\/\/franciscanos.org.br\/noticias\/o-brasao-do-novo-bispo.html","name":"O bras\u00e3o de Dom Evaristo Spengler - Not\u00edcias - Franciscanos","isPartOf":{"@id":"https:\/\/franciscanos.org.br\/noticias\/#website"},"primaryImageOfPage":{"@id":"https:\/\/franciscanos.org.br\/noticias\/o-brasao-do-novo-bispo.html#primaryimage"},"datePublished":"2016-08-05T10:10:54+00:00","dateModified":"2019-07-09T13:21:03+00:00","author":{"@id":"https:\/\/franciscanos.org.br\/noticias\/#\/schema\/person\/b38fbf43118f02820bd932f2e4b14ad3"},"breadcrumb":{"@id":"https:\/\/franciscanos.org.br\/noticias\/o-brasao-do-novo-bispo.html#breadcrumb"},"inLanguage":"pt-BR","potentialAction":[{"@type":"ReadAction","target":["https:\/\/franciscanos.org.br\/noticias\/o-brasao-do-novo-bispo.html"]}]},{"@type":"BreadcrumbList","@id":"https:\/\/franciscanos.org.br\/noticias\/o-brasao-do-novo-bispo.html#breadcrumb","itemListElement":[{"@type":"ListItem","position":1,"name":"Home","item":"https:\/\/franciscanos.org.br\/noticias"},{"@type":"ListItem","position":2,"name":"O bras\u00e3o de Dom Evaristo Spengler"}]},{"@type":"Person","@id":"https:\/\/franciscanos.org.br\/noticias\/#\/schema\/person\/b38fbf43118f02820bd932f2e4b14ad3","name":"admin","image":{"@type":"ImageObject","inLanguage":"pt-BR","@id":"https:\/\/franciscanos.org.br\/noticias\/#\/schema\/person\/image\/","url":"https:\/\/secure.gravatar.com\/avatar\/e8495742d34d0ba6448ea1c628263b3e?s=96&d=mm&r=g","contentUrl":"https:\/\/secure.gravatar.com\/avatar\/e8495742d34d0ba6448ea1c628263b3e?s=96&d=mm&r=g","caption":"admin"},"url":"https:\/\/franciscanos.org.br\/noticias\/author\/admin"}]}},"_links":{"self":[{"href":"https:\/\/franciscanos.org.br\/noticias\/wp-json\/wp\/v2\/posts\/113414"}],"collection":[{"href":"https:\/\/franciscanos.org.br\/noticias\/wp-json\/wp\/v2\/posts"}],"about":[{"href":"https:\/\/franciscanos.org.br\/noticias\/wp-json\/wp\/v2\/types\/post"}],"author":[{"embeddable":true,"href":"https:\/\/franciscanos.org.br\/noticias\/wp-json\/wp\/v2\/users\/1"}],"replies":[{"embeddable":true,"href":"https:\/\/franciscanos.org.br\/noticias\/wp-json\/wp\/v2\/comments?post=113414"}],"version-history":[{"count":0,"href":"https:\/\/franciscanos.org.br\/noticias\/wp-json\/wp\/v2\/posts\/113414\/revisions"}],"wp:featuredmedia":[{"embeddable":true,"href":"https:\/\/franciscanos.org.br\/noticias\/wp-json\/wp\/v2\/media\/207477"}],"wp:attachment":[{"href":"https:\/\/franciscanos.org.br\/noticias\/wp-json\/wp\/v2\/media?parent=113414"}],"wp:term":[{"taxonomy":"category","embeddable":true,"href":"https:\/\/franciscanos.org.br\/noticias\/wp-json\/wp\/v2\/categories?post=113414"},{"taxonomy":"post_tag","embeddable":true,"href":"https:\/\/franciscanos.org.br\/noticias\/wp-json\/wp\/v2\/tags?post=113414"}],"curies":[{"name":"wp","href":"https:\/\/api.w.org\/{rel}","templated":true}]}}