{"id":113413,"date":"2016-08-05T07:10:50","date_gmt":"2016-08-05T10:10:50","guid":{"rendered":"http:\/\/franciscanos.org.br\/?p=113413"},"modified":"2020-03-24T11:05:54","modified_gmt":"2020-03-24T14:05:54","slug":"gaspar-cinco-bispos-franciscanos","status":"publish","type":"post","link":"https:\/\/franciscanos.org.br\/noticias\/gaspar-cinco-bispos-franciscanos.html","title":{"rendered":"Gaspar: cinco bispos franciscanos"},"content":{"rendered":"<p><strong>Moacir Beggo<\/strong><\/p>\n<p>O esp\u00edrito de f\u00e9 e religiosidade do povo gasparense deu \u00e0 Igreja muitas voca\u00e7\u00f5es, entre elas cinco bispos franciscanos: Dom Daniel Hostin, Dom Quirino Adolfo Schmitz, Dom Carlos Schmidt, Dom Jaime Spengler e Frei Evaristo Spengler, que ser\u00e1 ordenado bispo neste dia 6 de agosto. Todos s\u00e3o filhos de S\u00e3o Francisco de Assis e professaram solenemente na Ordem Franciscana pela Prov\u00edncia Franciscana da Imaculada Concei\u00e7\u00e3o. A presen\u00e7a franciscana definitiva em Gaspar aconteceu no dia 17 de setembro de 1900, festa da Impress\u00e3o das Chagas de S\u00e3o Francisco.<\/p>\n<p><strong>DOM DANIEL HOSTIN, OFM<\/strong><\/p>\n<p><img loading=\"lazy\" class=\"alignleft wp-image-9962\" src=\"http:\/\/paroquiagaspar.com.br\/wp-content\/uploads\/2016\/07\/hostin_1.jpg\" alt=\"hostin_1\" width=\"238\" height=\"313\" \/>O primeiro bispo franciscano de Gaspar \u00e9 Dom Daniel Hostin.\u00a0 Nasceu no dia 2 de abril de 1890, em Gaspar (SC) e fez seus primeiros estudos, prim\u00e1rio e ginasial, no Col\u00e9gio Santo Ant\u00f4nio, de Blumenau. Entrou para a Ordem Franciscana, onde recebeu o h\u00e1bito em 18 de janeiro de 1910, no Noviciado de Rodeio, onde tamb\u00e9m em 20 de janeiro de 1911 fez a profiss\u00e3o tempor\u00e1ria dos votos. Ordenou-se sacerdote em Petr\u00f3polis em 30 de novembro de 1917, em solenidade presidida pelo Bispo Diocesano de Niter\u00f3i, Dom Agostinho Benassi. Vindo para Blumenau, foi professor do Col\u00e9gio Santo Ant\u00f4nio, at\u00e9 1920, quando assumiu como Vig\u00e1rio na Par\u00f3quia de S\u00e3o Paulo Ap\u00f3stolo. Foi nomeado bispo aos 40 anos de idade e foi ordenado no dia 29 de setembro de 1929, em Blumenau (SC). Faleceu em Lages (SC) no dia 8 de novembro de 1973, onde serviu a Diocese por 44 anos, marcando profundamente n\u00e3o s\u00f3 nossa hist\u00f3ria religiosa, como tamb\u00e9m social e politicamente. Era conhecido e estimado por todos pela sua bondade, orat\u00f3ria e acolhimento. No testamento que deixou, quando faleceu aos 83 anos, dizia, em sua parte final: \u201cNada possuo de meu, e, como franciscano, nem poderia possuir em virtude do voto solene de pobreza. Se alguma coisa for encontrada em meu nome, pertence \u00e0 Diocese\u201d. Seu corpo est\u00e1 sepultado na Catedral de Nossa Senhora dos Prazeres.<\/p>\n<p><strong>DOM QUIRINO ADOLFO SCHMITZ, OFM<\/strong><\/p>\n<p><img loading=\"lazy\" class=\"alignright wp-image-9964\" src=\"http:\/\/paroquiagaspar.com.br\/wp-content\/uploads\/2016\/07\/quirino_1.jpg\" alt=\"quirino_1\" width=\"270\" height=\"378\" \/>O segundo bispo franciscano nasceu em Gaspar no dia 22 de novembro de 1918, no bairro de Belchior, onde residiam seus pais, Catarina Moser e Jo\u00e3o Jos\u00e9 Schmitz. Ele ingressou no Semin\u00e1rio Franciscano de Rio Negro, onde concluiu o Ensino M\u00e9dio e, em 18 de dezembro de 1937, ingressou na Ordem Frades Menores quando vestiu o h\u00e1bito franciscano em Rodeio. Transferido para Curitiba, l\u00e1 permaneceu at\u00e9 1941, concluindo o curso de Filosofia. Em Petr\u00f3polis, cursou Teologia e foi ordenado sacerdote em 28 de novembro de 1943. L\u00e1 mesmo iniciou a sua atividade pastoral em 1945, quando foi nomeado Diretor do Col\u00e9gio Dom Jesus, rec\u00e9m-instalado pelos franciscanos. Em 7 anos organizou e transformou o Bom Jesus num dos melhores Col\u00e9gios da Capital paranaense, permanecendo na sua dire\u00e7\u00e3o ate 1952. A reg\u00eancia do internato do Col\u00e9gio Diocesano de Lages foi a sua pr\u00f3xima miss\u00e3o. L\u00e1, juntamente com Dom Daniel Hostin, ele desenvolveria mais um not\u00e1vel trabalho junto aos internos daquela regi\u00e3o serrana. Permaneceu em Lages at\u00e9 1954, quando foi nomeado para assumir a Par\u00f3quia de Santo Ant\u00f4nio do Pari, em S\u00e3o Paulo, e a dire\u00e7\u00e3o do Col\u00e9gio Santo Ant\u00f4nio da mesma cidade. A seguir foi premiado com uma miss\u00e3o internacional, sendo nomeado Diretor do Missionskolleg em Ganstock, na B\u00e9lgica, cargo que assumiu em 1958, quando foi nomeado bispo de Te\u00f3filo Otoni, aos 43 anos. Ordenado bispo em 25 de abril de 1961, promoveu na Diocese mineira um brilhante trabalho de evangeliza\u00e7\u00e3o onde fez a op\u00e7\u00e3o pelos pobres por mais de 20 anos. No dia 20 de junho de 2007, a irm\u00e3 morte visitou D. Quirino.<\/p>\n<p>Al\u00e9m do exemplo que deu em vida como um bispo evangelizador e excelente condutor de almas, Dom Quirino deixou como legado as seguintes obras publicadas; \u201cPastor do povo\u201d, \u201cPosso batizar meu filho\u201d, \u201cEu vi Jesus de Nazar\u00e9\u201d, \u201cQue fazer na Igreja\u201d, \u201cCrisma para que?\u201d, \u201cMatrimonio, sacramento formador de comunidades\u201d, \u201cUn\u00e7\u00e3o dos doentes\u201d e \u201cPastor Inquieto\u201d (Mem\u00f3rias). Dom Quirino faleceu aos 88 anos de idade.<\/p>\n<p><strong>DOM CARLOS SCHMIDT, OFM<\/strong><\/p>\n<p><img loading=\"lazy\" class=\"alignleft wp-image-9963 size-full\" src=\"http:\/\/paroquiagaspar.com.br\/wp-content\/uploads\/2016\/07\/carlos_1.jpg\" alt=\"carlos_1\" width=\"342\" height=\"400\" \/>Dom Carlos nasceu em Gaspar no dia 27 de janeiro de 1919 e foi batizado com o nome de Stanislau Hostin Schmitt. Fez os estudos b\u00e1sicos no Col\u00e9gio Cristo Rei e, aos 12 anos, ingressou no Semin\u00e1rio Franciscano de Rio Negro.<\/p>\n<p>Os estudos do Ensino M\u00e9dio concluiu no Col\u00e9gio S\u00e3o Lu\u00eds de Tolosa, em Viodrop, Holanda, para onde foi transferido em 1934. Retornou ao Brasil em julho de 1938, ingressando no Noviciado Franciscano de Rodeio. Ainda em Rodeio iniciou o curso de Filosofia, que concluiu em 1940 em Curitiba. De 1941 a 1944 estudou Teologia em Petr\u00f3polis, onde em 1943 foi ordenado sacerdote, cujo minist\u00e9rio viria a exercer por 62 anos.\u00a0 No dia 29 de agosto de 1960, Dom Carlos era surpreendido com a grata not\u00edcia de que o Papa Jo\u00e3o XXIII o elegera Bispo de Dourados. Foi ordenado em Roma no dia 28 de outubro de 1960. Em Mato Grosso ficou at\u00e9 1970, quando renunciou, voltando ao Sul, onde se tornou capel\u00e3o do Hospital Santo Ant\u00f4nio de Blumenau. \u201cEstive doente e voc\u00ea veio me visitar\u201d, foi a palavra do Evangelho que ele mais assiduamente encarnou. Dom Carlos foi v\u00edtima de um derrame cerebral em setembro de 2002, quando j\u00e1 contava 83 anos de idade. O gosto pela vida e o seu esp\u00edrito de luta permitiram-lhe uma razo\u00e1vel recupera\u00e7\u00e3o. Recuperou em parte a comunica\u00e7\u00e3o verbal, mas teve de submeter-se a uma cadeira de rodas para se locomover. Ainda assim, rezava missa e confessava as muitas pessoas que o procuravam. Seu quadro cl\u00ednico agravou-se em janeiro de 2006, vindo a falecer por volta das 18 horas do dia 16, no Hospital Santa Isabel em consequ\u00eancia de um derrame sofrido dia 13.<\/p>\n<p><strong>DOM JAIME SPENGLER, OFM<\/strong><\/p>\n<p><img loading=\"lazy\" class=\"alignright size-full wp-image-9961\" src=\"http:\/\/paroquiagaspar.com.br\/wp-content\/uploads\/2016\/07\/jaime.jpg\" alt=\"jaime\" width=\"381\" height=\"400\" \/>Frei Jaime Spengler nasceu em Gaspar no dia 6 de setembro de 1960 e seu ingresso na Ordem dos Frades Menores se deu no dia 20 de janeiro de 1982, quando foi admitido no Noviciado de Rodeio (SC) da Prov\u00edncia Franciscana da Imaculada Concei\u00e7\u00e3o do Brasil. Professou solenemente na festa da Imaculada Concei\u00e7\u00e3o, no dia 8 de dezembro de 1985, e foi ordenado presb\u00edtero no dia 17 de dezembro de 1990. De 1991 a 1995 foi mestre dos postulantes e professor no Semin\u00e1rio Frei Galv\u00e3o. Em Roma, fez o doutorado de Filosofia na Pontif\u00edcia Universidade Antonianum. Foi vice-reitor e professor do Instituto Filos\u00f3fico S\u00e3o Boaventura, em Campo Largo (PR).<\/p>\n<p>Dom Jaime foi ordenado bispo no dia 5 de fevereiro de 2011, exatamente nos 150 anos de funda\u00e7\u00e3o da Par\u00f3quia.\u00a0 Durante a 49\u00aa Assembleia Anual do Episcopado Brasileiro em Aparecida do Norte em maio de 2001 foi escolhido entre os bispos do Rio Grande do Sul para ser o Bispo Referencial da Pastoral da Educa\u00e7\u00e3o e Cultura no Regional Sul-3 da CNBB. E no dias 18 de setembro de 2013, o Papa Francisco o elevou a dignidade de arcebispo metropolitano da Arquidiocese de Porto Alegre.<\/p>\n<p>Aos 21 de abril de 2015 foi eleito presidente da Comiss\u00e3o Episcopal Pastoral para os Minist\u00e9rios Ordenados e a Vida Consagrada da CNBB e no dia 23 de abril de 2015 foi eleito presidente do Regional Sul 3 da CNBB, para a gest\u00e3o 2015-2019.<\/p>\n<p><strong>FREI EVARISTO SPENGLER, OFM<\/strong><\/p>\n<p><img loading=\"lazy\" class=\"alignleft wp-image-9965 size-full\" src=\"http:\/\/paroquiagaspar.com.br\/wp-content\/uploads\/2016\/07\/evaristo.jpg\" alt=\"evaristo\" width=\"324\" height=\"400\" \/>Eleito Vig\u00e1rio Provincial no Cap\u00edtulo Provincial de janeiro deste ano, Frei Evaristo foi nomeado pelo Papa Francisco, no 1\u00ba de junho, bispo da Prelazia do Maraj\u00f3, no Par\u00e1.<\/p>\n<p>Natural de Gaspar (SC), onde nasceu no bairro de Pocinho no dia 29 de mar\u00e7o de 1959, Frei Evaristo vestiu o h\u00e1bito franciscano quando ingressou no Noviciado de Rodeio, em Santa Catarina, no dia 20 de janeiro de 1977. No dia 2 de agosto de 1982 fez a profiss\u00e3o solene na Ordem dos Frades Menores e foi ordenado presb\u00edtero no dia 19 de maio de 1984.<\/p>\n<p>Aos 57 anos, Frei Evaristo tem pela frente o maior desafio de sua vida religiosa, embora isso n\u00e3o seja novidade para ele, pois at\u00e9 hoje suas experi\u00eancias pastorais estiveram concentradas em duas regi\u00f5es de fortes desigualdades e fraturas sociais: a Baixada Fluminense e a Miss\u00e3o de Angola (\u00c1frica), durante e no p\u00f3s-guerra.<\/p>\n<p>Frei Evaristo vai suceder a Dom Frei Jos\u00e9 Luiz Azcona, religioso mission\u00e1rio da Ordem dos Agostinianos Recoletos e bispo prelado do Maraj\u00f3 desde 1987, que devido \u00e0 idade (76 anos) teve sua ren\u00fancia ao governo pastoral da Prelazia aceita pelo Papa Francisco, conforme prev\u00ea o Direito Can\u00f4nico.<\/p>\n<p>Frei Evaristo ficou por uma d\u00e9cada em Angola. Essa experi\u00eancia mission\u00e1ria come\u00e7ou no dia 31 de maio de 2001. De 2003 a 2006, Frei Evaristo presidiu a Funda\u00e7\u00e3o Imaculada M\u00e3e de Deus de Angola. Em janeiro de 2010 encerrava essa etapa mission\u00e1ria e retornava para a conhecida Baixada Fluminense, em Duque de Caxias, bairro de Imbari\u00ea, como Vig\u00e1rio Paroquial. Ali continuou at\u00e9 2012 quando o Cap\u00edtulo Provincial o elegeu Definidor e o manteve como coordenador da Fraternidade de Imbari\u00ea. No Cap\u00edtulo Provincial de 2016, ele foi eleito Vig\u00e1rio Provincial e passou a acumular a fun\u00e7\u00e3o de Secret\u00e1rio da Evangeliza\u00e7\u00e3o.<\/p>\n","protected":false},"excerpt":{"rendered":"<p>Ordena\u00e7\u00e3o episcopal<\/p>\n","protected":false},"author":1,"featured_media":222443,"comment_status":"open","ping_status":"open","sticky":false,"template":"","format":"standard","meta":[],"categories":[1],"tags":[],"acf":[],"yoast_head":"<!-- This site is optimized with the Yoast SEO plugin v19.2 - https:\/\/yoast.com\/wordpress\/plugins\/seo\/ -->\n<title>Gaspar: cinco bispos franciscanos - Not\u00edcias - Franciscanos<\/title>\n<meta name=\"robots\" content=\"index, follow, max-snippet:-1, max-image-preview:large, max-video-preview:-1\" \/>\n<link rel=\"canonical\" href=\"https:\/\/franciscanos.org.br\/noticias\/gaspar-cinco-bispos-franciscanos.html\" \/>\n<meta property=\"og:locale\" content=\"pt_BR\" \/>\n<meta property=\"og:type\" content=\"article\" \/>\n<meta property=\"og:title\" content=\"Gaspar: cinco bispos franciscanos - Not\u00edcias - Franciscanos\" \/>\n<meta property=\"og:description\" content=\"Ordena\u00e7\u00e3o episcopal\" \/>\n<meta property=\"og:url\" content=\"https:\/\/franciscanos.org.br\/noticias\/gaspar-cinco-bispos-franciscanos.html\" \/>\n<meta property=\"og:site_name\" content=\"Not\u00edcias - Franciscanos\" \/>\n<meta property=\"article:published_time\" content=\"2016-08-05T10:10:50+00:00\" \/>\n<meta property=\"article:modified_time\" content=\"2020-03-24T14:05:54+00:00\" \/>\n<meta property=\"og:image\" content=\"https:\/\/franciscanos.org.br\/noticias\/wp-content\/uploads\/2016\/08\/quirino_1.jpg\" \/>\n\t<meta property=\"og:image:width\" content=\"273\" \/>\n\t<meta property=\"og:image:height\" content=\"182\" \/>\n\t<meta property=\"og:image:type\" content=\"image\/jpeg\" \/>\n<meta name=\"author\" content=\"admin\" \/>\n<meta name=\"twitter:card\" content=\"summary_large_image\" \/>\n<meta name=\"twitter:label1\" content=\"Escrito por\" \/>\n\t<meta name=\"twitter:data1\" content=\"admin\" \/>\n\t<meta name=\"twitter:label2\" content=\"Est. tempo de leitura\" \/>\n\t<meta name=\"twitter:data2\" content=\"7 minutos\" \/>\n<script type=\"application\/ld+json\" class=\"yoast-schema-graph\">{\"@context\":\"https:\/\/schema.org\",\"@graph\":[{\"@type\":\"WebSite\",\"@id\":\"https:\/\/franciscanos.org.br\/noticias\/#website\",\"url\":\"https:\/\/franciscanos.org.br\/noticias\/\",\"name\":\"Not\u00edcias - Franciscanos\",\"description\":\"Prov\u00edncia Franciscana da Imaculada Concei\u00e7\u00e3o do Brasil - Ordem dos Frades Menores - OFM\",\"potentialAction\":[{\"@type\":\"SearchAction\",\"target\":{\"@type\":\"EntryPoint\",\"urlTemplate\":\"https:\/\/franciscanos.org.br\/noticias\/?s={search_term_string}\"},\"query-input\":\"required name=search_term_string\"}],\"inLanguage\":\"pt-BR\"},{\"@type\":\"ImageObject\",\"inLanguage\":\"pt-BR\",\"@id\":\"https:\/\/franciscanos.org.br\/noticias\/gaspar-cinco-bispos-franciscanos.html#primaryimage\",\"url\":\"https:\/\/franciscanos.org.br\/noticias\/wp-content\/uploads\/2016\/08\/quirino_1.jpg\",\"contentUrl\":\"https:\/\/franciscanos.org.br\/noticias\/wp-content\/uploads\/2016\/08\/quirino_1.jpg\",\"width\":273,\"height\":182},{\"@type\":\"WebPage\",\"@id\":\"https:\/\/franciscanos.org.br\/noticias\/gaspar-cinco-bispos-franciscanos.html#webpage\",\"url\":\"https:\/\/franciscanos.org.br\/noticias\/gaspar-cinco-bispos-franciscanos.html\",\"name\":\"Gaspar: cinco bispos franciscanos - Not\u00edcias - Franciscanos\",\"isPartOf\":{\"@id\":\"https:\/\/franciscanos.org.br\/noticias\/#website\"},\"primaryImageOfPage\":{\"@id\":\"https:\/\/franciscanos.org.br\/noticias\/gaspar-cinco-bispos-franciscanos.html#primaryimage\"},\"datePublished\":\"2016-08-05T10:10:50+00:00\",\"dateModified\":\"2020-03-24T14:05:54+00:00\",\"author\":{\"@id\":\"https:\/\/franciscanos.org.br\/noticias\/#\/schema\/person\/b38fbf43118f02820bd932f2e4b14ad3\"},\"breadcrumb\":{\"@id\":\"https:\/\/franciscanos.org.br\/noticias\/gaspar-cinco-bispos-franciscanos.html#breadcrumb\"},\"inLanguage\":\"pt-BR\",\"potentialAction\":[{\"@type\":\"ReadAction\",\"target\":[\"https:\/\/franciscanos.org.br\/noticias\/gaspar-cinco-bispos-franciscanos.html\"]}]},{\"@type\":\"BreadcrumbList\",\"@id\":\"https:\/\/franciscanos.org.br\/noticias\/gaspar-cinco-bispos-franciscanos.html#breadcrumb\",\"itemListElement\":[{\"@type\":\"ListItem\",\"position\":1,\"name\":\"Home\",\"item\":\"https:\/\/franciscanos.org.br\/noticias\"},{\"@type\":\"ListItem\",\"position\":2,\"name\":\"Gaspar: cinco bispos franciscanos\"}]},{\"@type\":\"Person\",\"@id\":\"https:\/\/franciscanos.org.br\/noticias\/#\/schema\/person\/b38fbf43118f02820bd932f2e4b14ad3\",\"name\":\"admin\",\"image\":{\"@type\":\"ImageObject\",\"inLanguage\":\"pt-BR\",\"@id\":\"https:\/\/franciscanos.org.br\/noticias\/#\/schema\/person\/image\/\",\"url\":\"https:\/\/secure.gravatar.com\/avatar\/e8495742d34d0ba6448ea1c628263b3e?s=96&d=mm&r=g\",\"contentUrl\":\"https:\/\/secure.gravatar.com\/avatar\/e8495742d34d0ba6448ea1c628263b3e?s=96&d=mm&r=g\",\"caption\":\"admin\"},\"url\":\"https:\/\/franciscanos.org.br\/noticias\/author\/admin\"}]}<\/script>\n<!-- \/ Yoast SEO plugin. -->","yoast_head_json":{"title":"Gaspar: cinco bispos franciscanos - Not\u00edcias - Franciscanos","robots":{"index":"index","follow":"follow","max-snippet":"max-snippet:-1","max-image-preview":"max-image-preview:large","max-video-preview":"max-video-preview:-1"},"canonical":"https:\/\/franciscanos.org.br\/noticias\/gaspar-cinco-bispos-franciscanos.html","og_locale":"pt_BR","og_type":"article","og_title":"Gaspar: cinco bispos franciscanos - Not\u00edcias - Franciscanos","og_description":"Ordena\u00e7\u00e3o episcopal","og_url":"https:\/\/franciscanos.org.br\/noticias\/gaspar-cinco-bispos-franciscanos.html","og_site_name":"Not\u00edcias - Franciscanos","article_published_time":"2016-08-05T10:10:50+00:00","article_modified_time":"2020-03-24T14:05:54+00:00","og_image":[{"width":273,"height":182,"url":"https:\/\/franciscanos.org.br\/noticias\/wp-content\/uploads\/2016\/08\/quirino_1.jpg","type":"image\/jpeg"}],"author":"admin","twitter_card":"summary_large_image","twitter_misc":{"Escrito por":"admin","Est. tempo de leitura":"7 minutos"},"schema":{"@context":"https:\/\/schema.org","@graph":[{"@type":"WebSite","@id":"https:\/\/franciscanos.org.br\/noticias\/#website","url":"https:\/\/franciscanos.org.br\/noticias\/","name":"Not\u00edcias - Franciscanos","description":"Prov\u00edncia Franciscana da Imaculada Concei\u00e7\u00e3o do Brasil - Ordem dos Frades Menores - OFM","potentialAction":[{"@type":"SearchAction","target":{"@type":"EntryPoint","urlTemplate":"https:\/\/franciscanos.org.br\/noticias\/?s={search_term_string}"},"query-input":"required name=search_term_string"}],"inLanguage":"pt-BR"},{"@type":"ImageObject","inLanguage":"pt-BR","@id":"https:\/\/franciscanos.org.br\/noticias\/gaspar-cinco-bispos-franciscanos.html#primaryimage","url":"https:\/\/franciscanos.org.br\/noticias\/wp-content\/uploads\/2016\/08\/quirino_1.jpg","contentUrl":"https:\/\/franciscanos.org.br\/noticias\/wp-content\/uploads\/2016\/08\/quirino_1.jpg","width":273,"height":182},{"@type":"WebPage","@id":"https:\/\/franciscanos.org.br\/noticias\/gaspar-cinco-bispos-franciscanos.html#webpage","url":"https:\/\/franciscanos.org.br\/noticias\/gaspar-cinco-bispos-franciscanos.html","name":"Gaspar: cinco bispos franciscanos - Not\u00edcias - Franciscanos","isPartOf":{"@id":"https:\/\/franciscanos.org.br\/noticias\/#website"},"primaryImageOfPage":{"@id":"https:\/\/franciscanos.org.br\/noticias\/gaspar-cinco-bispos-franciscanos.html#primaryimage"},"datePublished":"2016-08-05T10:10:50+00:00","dateModified":"2020-03-24T14:05:54+00:00","author":{"@id":"https:\/\/franciscanos.org.br\/noticias\/#\/schema\/person\/b38fbf43118f02820bd932f2e4b14ad3"},"breadcrumb":{"@id":"https:\/\/franciscanos.org.br\/noticias\/gaspar-cinco-bispos-franciscanos.html#breadcrumb"},"inLanguage":"pt-BR","potentialAction":[{"@type":"ReadAction","target":["https:\/\/franciscanos.org.br\/noticias\/gaspar-cinco-bispos-franciscanos.html"]}]},{"@type":"BreadcrumbList","@id":"https:\/\/franciscanos.org.br\/noticias\/gaspar-cinco-bispos-franciscanos.html#breadcrumb","itemListElement":[{"@type":"ListItem","position":1,"name":"Home","item":"https:\/\/franciscanos.org.br\/noticias"},{"@type":"ListItem","position":2,"name":"Gaspar: cinco bispos franciscanos"}]},{"@type":"Person","@id":"https:\/\/franciscanos.org.br\/noticias\/#\/schema\/person\/b38fbf43118f02820bd932f2e4b14ad3","name":"admin","image":{"@type":"ImageObject","inLanguage":"pt-BR","@id":"https:\/\/franciscanos.org.br\/noticias\/#\/schema\/person\/image\/","url":"https:\/\/secure.gravatar.com\/avatar\/e8495742d34d0ba6448ea1c628263b3e?s=96&d=mm&r=g","contentUrl":"https:\/\/secure.gravatar.com\/avatar\/e8495742d34d0ba6448ea1c628263b3e?s=96&d=mm&r=g","caption":"admin"},"url":"https:\/\/franciscanos.org.br\/noticias\/author\/admin"}]}},"_links":{"self":[{"href":"https:\/\/franciscanos.org.br\/noticias\/wp-json\/wp\/v2\/posts\/113413"}],"collection":[{"href":"https:\/\/franciscanos.org.br\/noticias\/wp-json\/wp\/v2\/posts"}],"about":[{"href":"https:\/\/franciscanos.org.br\/noticias\/wp-json\/wp\/v2\/types\/post"}],"author":[{"embeddable":true,"href":"https:\/\/franciscanos.org.br\/noticias\/wp-json\/wp\/v2\/users\/1"}],"replies":[{"embeddable":true,"href":"https:\/\/franciscanos.org.br\/noticias\/wp-json\/wp\/v2\/comments?post=113413"}],"version-history":[{"count":1,"href":"https:\/\/franciscanos.org.br\/noticias\/wp-json\/wp\/v2\/posts\/113413\/revisions"}],"predecessor-version":[{"id":222444,"href":"https:\/\/franciscanos.org.br\/noticias\/wp-json\/wp\/v2\/posts\/113413\/revisions\/222444"}],"wp:featuredmedia":[{"embeddable":true,"href":"https:\/\/franciscanos.org.br\/noticias\/wp-json\/wp\/v2\/media\/222443"}],"wp:attachment":[{"href":"https:\/\/franciscanos.org.br\/noticias\/wp-json\/wp\/v2\/media?parent=113413"}],"wp:term":[{"taxonomy":"category","embeddable":true,"href":"https:\/\/franciscanos.org.br\/noticias\/wp-json\/wp\/v2\/categories?post=113413"},{"taxonomy":"post_tag","embeddable":true,"href":"https:\/\/franciscanos.org.br\/noticias\/wp-json\/wp\/v2\/tags?post=113413"}],"curies":[{"name":"wp","href":"https:\/\/api.w.org\/{rel}","templated":true}]}}