{"id":113318,"date":"2016-08-02T22:33:16","date_gmt":"2016-08-03T01:33:16","guid":{"rendered":"http:\/\/franciscanos.org.br\/?p=113318"},"modified":"2020-03-24T11:27:32","modified_gmt":"2020-03-24T14:27:32","slug":"a-crise-e-uma-chance-e-nao-uma-ameaca","status":"publish","type":"post","link":"https:\/\/franciscanos.org.br\/noticias\/a-crise-e-uma-chance-e-nao-uma-ameaca.html","title":{"rendered":"Em Rondinha: &#8220;A crise \u00e9 uma chance e n\u00e3o uma amea\u00e7a&#8221;"},"content":{"rendered":"<p><img loading=\"lazy\" src=\"http:\/\/franciscanos.org.br\/wp-content\/uploads\/2016\/08\/rondinha_02_08_2016.jpg\" alt=\"rondinha_02_08_2016\" width=\"820\" height=\"432\" \/><\/p>\n<p><strong>Rondinha (PR)<\/strong> &#8211; A frase de Frei Volney Berkenbrock, diretor da Editora Vozes, no final do primeiro dia do 4\u00ba Encontro da Frente de Comunica\u00e7\u00e3o da Prov\u00edncia da Imaculada Concei\u00e7\u00e3o, em Rondinha (PR), serviu de resumo conclusivo de todas as reflex\u00f5es que abordaram o tema &#8220;Comunicar e evangelizar em tempos de crise&#8221;.<\/p>\n<p>S\u00f3 na parte da manh\u00e3, o tema foi abordado por tr\u00eas diferentes aspectos. Frei Vagner Sassi, professor e doutor em Filosofia, abordou a crise no campo da \u00e9tica; \u00c9lson Faxina, jornalista e professor da Universidade Federal do Paran\u00e1, falou sobre a crise nos aspectos pol\u00edtico, econ\u00f4mico e social; e Mois\u00e9s Sbardelotto, doutor e mestre em Ci\u00eancias da Comunica\u00e7\u00e3o pela Universidade do Vale do Rio dos Sinos (Unisinos), inseriu a crise no grande redemoinho de transforma\u00e7\u00f5es que sofre a sociedade com as novas tecnologias e de como elas mexem com a comunica\u00e7\u00e3o.<\/p>\n<p><strong>\u00c9TICA MAIS HUMANA<\/strong><\/p>\n<p><img loading=\"lazy\" class=\"alignright size-full wp-image-113320\" src=\"http:\/\/franciscanos.org.br\/wp-content\/uploads\/2016\/08\/rondinha_02_08_2016_3.jpg\" alt=\"rondinha_02_08_2016_3\" width=\"351\" height=\"400\" \/>Segundo Frei Vagner, hoje em todas as pautas s\u00e3o tantos os &#8220;usos e abusos&#8221; do termo \u00e9tica. Para ele, \u00e9 importante conhecer bem o seu significado, j\u00e1 que na <em>pr\u00e1xis<\/em> humana ele pode significar &#8220;casa, habita\u00e7\u00e3o&#8221; ou &#8220;usos e costumes&#8221;. &#8220;Essa segunda significa\u00e7\u00e3o \u00e9 mais corrente e traz o nome de &#8216;moral&#8217;. Usos e costumes s\u00e3o sistematizados em c\u00f3digos morais (mandamentos, regras, princ\u00edpios etc), sejam religiosos ou laicos&#8221;, explicou, acrescentando que quando se fala de &#8216;crise no campo da \u00e9tica&#8217;, num primeiro momento, toma-se \u00e9tica por moral.<\/p>\n<p>&#8220;Essa abordagem \u00e9 v\u00e1lida, correta e necess\u00e1ria. Diante de uma economia que desconsidera o humano, h\u00e1 que se fazer alguma coisa. Diante de um procedimento m\u00e9dico que desumaniza, h\u00e1 que se fazer alguma coisa. Diante de um meio de comunica\u00e7\u00e3o de massa que aliena as pessoas, h\u00e1 que se fazer alguma coisa&#8230; Mas h\u00e1 que se atentar para o modo como se h\u00e1 de fazer tudo isso, justamente para n\u00e3o se recair na mesma l\u00f3gica que se combate, para n\u00e3o se entrar no mesmo jogo, &#8216;olho por olho, dente por dente&#8217;&#8230;&#8221;, alertou o frade.<\/p>\n<p>Para ele, \u00e9 ent\u00e3o que surge uma outra situa\u00e7\u00e3o de crise: a aus\u00eancia e o esquecimento do significado origin\u00e1rio do termo \u00e9tica, que diz respeito n\u00e3o a um &#8220;ju\u00edzo\/julgamento da raz\u00e3o&#8221;, mas ao que chamaria de uma &#8220;pr\u00e1tica de inclus\u00e3o&#8221;, onde se acolhe o outro como que &#8220;em casa&#8221; (<em>ethos<\/em>)&#8221;.\u00a0 &#8220;Tenho para mim que, no encontro com Jesus, sua &#8216;pr\u00e1tica de acolhida&#8217; falava mais alto do que seu &#8216;discurso moralizante&#8217;, se \u00e9 que este existia&#8230;&#8221;, emendou.<\/p>\n<p><iframe loading=\"lazy\" title=\"Comunicar e Evangelizar em tempos de crise: 4\u00ba Encontro Provincial da Frente da Comunica\u00e7\u00e3o\" width=\"500\" height=\"281\" src=\"https:\/\/www.youtube.com\/embed\/gwl9uzTQu2Q?feature=oembed\" frameborder=\"0\" allow=\"accelerometer; autoplay; encrypted-media; gyroscope; picture-in-picture\" allowfullscreen><\/iframe><\/p>\n<p>Segundo o frade, parece que essa foi a metodologia \u00e9tica de Jesus e de S\u00e3o Francisco. &#8220;Quando Jesus n\u00e3o joga pedra na pecadora, ele n\u00e3o est\u00e1 compactuando com ela? Eu acredito que n\u00e3o. Ele est\u00e1 sendo humano com ela. Ser\u00e1 que n\u00e3o foi isso que mudou a vida dela?&#8221;, perguntou. Para Frei Vagner, as pessoas se transformavam a partir do encontro com Ele. &#8220;Essa crise \u00e9tica, no fundo, tem uma resposta e essa resposta, certamente, n\u00e3o passa pela moraliza\u00e7\u00e3o. Tem que passar por uma pr\u00e1tica de transformar as nossas pr\u00e1ticas educativas, as nossas atitudes na comunica\u00e7\u00e3o. &#8220;Como \u00e9 que, a partir disso, a gente pode trocar uma atitude de poder, de mando, de for\u00e7a, por uma estrutura mais humana e sens\u00edvel?&#8221;. Para ele, h\u00e1 pistas para uma nova metodologia \u00e9tica mais livre, menos condicionada e menos moralizante.<\/p>\n<p><strong>O COME\u00c7O DA SOLU\u00c7\u00c3O<\/strong><\/p>\n<p><img loading=\"lazy\" class=\"alignleft wp-image-113321 size-full\" src=\"http:\/\/franciscanos.org.br\/wp-content\/uploads\/2016\/08\/rondinha_02_08_2016_4.jpg\" alt=\"rondinha_02_08_2016_4\" width=\"366\" height=\"400\" \/>Neste quarto encontro provincial, o professor Faxina voltou a dar a sua contribui\u00e7\u00e3o na forma\u00e7\u00e3o de profissionais e pessoas ligadas \u00e0 comunica\u00e7\u00e3o da Prov\u00edncia, j\u00e1 que participou do segundo encontro. Ele lembrou logo no in\u00edcio de sua palestra que n\u00e3o \u00e9 economista, pol\u00edtico, fil\u00f3sofo, soci\u00f3logo, mas jornalista e professor da Universidade Federal do Paran\u00e1. Faz parte de um grupo de estudos que tenta fazer essas reflex\u00f5es sobre esse momento que se vive no Brasil. &#8220;Mas quanto mais a gente estuda, mais a gente faz perguntas, porque mais d\u00favidas aparecem&#8221;, ressaltou.<\/p>\n<p>Segundo o professor, sintetizar alguma coisa nas \u00e1reas como pol\u00edtica, social e econ\u00f4mica \u00e9 muito complexo. Mas ele acredita que o Brasil, assim como a Am\u00e9rica Latina, vive um &#8220;momento de p\u00eandulo&#8221;, que por um tempo pendeu mais para a esquerda e est\u00e1 agora voltando para a direita.<\/p>\n<p>&#8220;Como a esquerda na Am\u00e9rica Latina n\u00e3o conseguiu dar respostas a todas demandas hist\u00f3ricas da sociedade &#8211; deu parte, n\u00e3o deu tudo que precisava &#8211; busca agora solu\u00e7\u00f5es em outro lado. Daqui a um tempo, o p\u00eandulo volta. \u00c9 assim que funciona a pol\u00edtica&#8221;, explicou, especialmente porque ela est\u00e1 muito vinculada \u00e0 economia no mundo ocidental. &#8220;E a economia capitalista n\u00e3o vive sem crise. \u00c9 da natureza do capitalismo. Ele precisa da crise&#8221;, enfatizou, citando exemplos de crises produzidas como o <em>boom<\/em> imobili\u00e1rio etc. Esse \u00e9 um momento de refluxo.<\/p>\n<p>Faxina pergunta qual a forma de se tentar entender essa crise, especialmente num momento que tem muito mais gente falando pelas m\u00eddias sociais. &#8220;\u00c9 muito dif\u00edcil, em tempo de crise, ter em quem confiar porque s\u00e3o muitas verbaliza\u00e7\u00f5es. Qualquer babaca (sic) entra na rede social, posta alguma coisa e viraliza&#8221;, disse, citando que no \u00faltimo domingo, em Curitiba, um grupo pequeno pregava a volta ao regime militar com argumentos como: &#8220;N\u00f3s t\u00ednhamos melhor educa\u00e7\u00e3o etc&#8230;&#8221;.<\/p>\n<p><iframe loading=\"lazy\" title=\"Comunicar e Evangelizar em tempos de crise: 4\u00ba Encontro Provincial da Frente da Comunica\u00e7\u00e3o\" width=\"500\" height=\"281\" src=\"https:\/\/www.youtube.com\/embed\/5ozwRpaXL1E?feature=oembed\" frameborder=\"0\" allow=\"accelerometer; autoplay; encrypted-media; gyroscope; picture-in-picture\" allowfullscreen><\/iframe><\/p>\n<p>Para ele, esse \u00e9 o grande problema: Quais s\u00e3o as fontes confi\u00e1veis para se buscar? Nesse momento, mais do que a gente botar fogo &#8211; &#8220;vamos tirar governo, vamos botar governo&#8221; -, \u00e9 hora de tentar devolver para a sociedade as informa\u00e7\u00f5es corretas sobre economia, pol\u00edtica e repensar como n\u00f3s orientamos as massas: como sujeitos de transforma\u00e7\u00f5es ou massas de manobra?<\/p>\n<p>Para o jornalista, toda crise \u00e9 o come\u00e7o da solu\u00e7\u00e3o. &#8220;N\u00e3o \u00e9 o fim dos tempos. Toda crise vem nos alertar: &#8216;olha, algo precisa ser transformado&#8217;. \u00c9 hora de buscar informa\u00e7\u00f5es corretas e confi\u00e1veis e desenhar um novo futuro&#8221;, completou, lembrando que nenhum problema \u00e9 r\u00e1pido de se resolver, mas \u00e9 preciso entender a crise para se construir l\u00e1 na frente.<\/p>\n<p><strong>O DESAFIO DAS M\u00cdDIAS<\/strong><\/p>\n<p><img loading=\"lazy\" class=\"alignright size-full wp-image-113325\" src=\"http:\/\/franciscanos.org.br\/wp-content\/uploads\/2016\/08\/rondinha_02_08_2016_7.jpg\" alt=\"rondinha_02_08_2016_7\" width=\"329\" height=\"400\" \/>O tamb\u00e9m jornalista Mois\u00e9s Sbardelotto fechou a manh\u00e3 abordando outro aspecto de crise. O doutor e mestre na linha de pesquisa da midiatiza\u00e7\u00e3o e processos sociais, e autor do livro &#8220;E o Verbo se fez bit: A comunica\u00e7\u00e3o e a experi\u00eancia religiosas na internet&#8221; (Editora Santu\u00e1rio, 2012), lembrou que as tecnologias invadiram a vida das pessoas e das fam\u00edlias. N\u00e3o tem mais como fugir disso: Mudou-se a forma de aprendermos e de se relacionarmos. &#8220;\u00c9 preciso estar atentos para responder melhor a esses desafios&#8221;, disse o colaborador do Instituto Humanitas Unisinos (IHU).<\/p>\n<p>Mois\u00e9s deu um panorama de como estamos vivendo como sociedade e depois passou a falar especificamente sobre a revolu\u00e7\u00e3o digital, que no Brasil registra os dados de 110 milh\u00f5es de usu\u00e1rios de internet e 96 milh\u00f5es de pessoas utilizando as m\u00eddias sociais, s\u00f3 para citar alguns.<\/p>\n<p>Mois\u00e9s reconhece que essa mudan\u00e7a r\u00e1pida gerou uma crise na sociedade. &#8220;Ela nos tomou e mudou a nossa forma de conex\u00e3o, a nossa forma de entrar em contato com a informa\u00e7\u00e3o, ent\u00e3o muitas coisas est\u00e3o em cheque. Mas n\u00e3o temos muitos horizontes para saber onde vai dar isso, que desdobramentos vai gerar&#8221;, ponderou, frisando que \u00e9 preciso estar sempre atento \u00e0s pequenas mudan\u00e7as que v\u00e3o acontecer em nosso cotidiano e de como isso nos afetar\u00e1, especialmente para as crian\u00e7as: &#8220;A quest\u00e3o \u00e9 mais profunda. A vida delas est\u00e1 mudando tamb\u00e9m. Essas crian\u00e7as aprendem de um modo diferente, se relacionam de modo diferente. Isso afeta tudo. \u00c9 um choque cultural mesmo. Mas isso n\u00e3o significa que \u00e9 uma gera\u00e7\u00e3o pior, mas uma gera\u00e7\u00e3o que desafia a n\u00f3s mesmos&#8221;, explicou.<\/p>\n<p><iframe loading=\"lazy\" title=\"Comunicar e Evangelizar em tempos de crise: 4\u00ba Encontro Provincial da Frente da Comunica\u00e7\u00e3o\" width=\"500\" height=\"281\" src=\"https:\/\/www.youtube.com\/embed\/pwwK35BpmrU?feature=oembed\" frameborder=\"0\" allow=\"accelerometer; autoplay; encrypted-media; gyroscope; picture-in-picture\" allowfullscreen><\/iframe><\/p>\n<p>Mois\u00e9s abordou tamb\u00e9m a quest\u00e3o comunicacional do Papa Francisco e lembrou que ele vem fazer a gente acordar para um mundo mais plural. No final, ele apresentou algumas luzes que o Pont\u00edfice lan\u00e7a:<\/p>\n<ol>\n<li>Dentro da ecologia integral. Pensar a comunica\u00e7\u00e3o a partir dessa perspectiva. N\u00e3o d\u00e1 mais para pensar a TV, o r\u00e1dio nos seus quadrados; se a gente n\u00e3o pensar isso integrado, como disse na <em>Laudato S\u00ed<\/em>, vai ser dif\u00edcil sobreviver na complexidade midi\u00e1tica de hoje; 2. Processos tentativos. Ningu\u00e9m tem a f\u00f3rmula, a receita dourada para dar de como agir no mundo contempor\u00e2neo. Pode haver seus erros e acertos; 3. Um processo de experimenta\u00e7\u00e3o\/inven\u00e7\u00e3o. O Papa vai dizer que dar prioridade ao tempo \u00e9 ocupar-se mais com iniciar processos do que possuir espa\u00e7os (<em>Evangelii Gaudium<\/em>); 4. O jornalista tem o papel de transformar o caos no cosmos. Precisamos harmonizar as diferen\u00e7as por meio de formas de di\u00e1logo que nos permitam crescer na compreens\u00e3o e respeito.<\/li>\n<\/ol>\n<p>Mois\u00e9s voltou na parte da tarde para fazer as considera\u00e7\u00f5es finais antes de viajar para S\u00e3o Leopoldo, onde reside.<\/p>\n<p><img loading=\"lazy\" class=\"alignright size-full wp-image-113323\" src=\"http:\/\/franciscanos.org.br\/wp-content\/uploads\/2016\/08\/rondinha_02_08_2016_2.jpg\" alt=\"rondinha_02_08_2016_2\" width=\"820\" height=\"432\" \/><\/p>\n<p><strong>COMO A CRISE DESAFIA NOSSA EVANGELIZA\u00c7\u00c3O<\/strong><\/p>\n<p>Na segunda parte desta ter\u00e7a-feira, Frei Volney Berkenbrock, professor de Teologia e diretor da Editora Vozes, e Frei Neuri\u00a0 Reinisch, diretor da Funda\u00e7\u00e3o Celinauta, abordaram o tema no contexto da evangeliza\u00e7\u00e3o na Prov\u00edncia.<\/p>\n<p>Falando da experi\u00eancia da Funda\u00e7\u00e3o Celinauta, Frei Neuri lembrou que iniciativas voltadas para o bem tamb\u00e9m d\u00e3o audi\u00eancia e ajudam nas transforma\u00e7\u00f5es sociais. Citando o Papa Francisco, lembrou que podemos e devemos julgar situa\u00e7\u00f5es de pecado &#8211; viol\u00eancia, corrup\u00e7\u00e3o, explora\u00e7\u00e3o -, mas n\u00e3o podemos julgar as pessoas porque s\u00f3 Deus pode ler o cora\u00e7\u00e3o delas.<\/p>\n<p>Frey Volney encerrou o dia fazendo uma avalia\u00e7\u00e3o te\u00f3rica da crise nas institui\u00e7\u00f5es religiosas. Sem fazer cita\u00e7\u00f5es de locais, informou que gostaria de fazer uma leitura da ideia da crise como descompasso entre a realidade e organiza\u00e7\u00e3o e como se poderia pensar essas duas coisas juntas de alguma forma.<\/p>\n<p>&#8220;O mundo \u00e9 uma constru\u00e7\u00e3o social de sentido. Isso n\u00e3o sou eu que digo. \u00c9 o soci\u00f3logo da religi\u00e3o Peter Berger. Eu queria utilizar um pouco a teoria dele para inspirar esse momento&#8221;, prop\u00f4s. &#8220;Da mesma forma, uma institui\u00e7\u00e3o \u00e9 um pequeno mundo, que se mant\u00e9m coeso por ser uma estrutura de sentido socialmente constru\u00edda. Ou seja, \u00e9 uma institui\u00e7\u00e3o que depende totalmente do esp\u00edrito de seus participantes&#8221;, disse, citando alguns livros do autor publicados pela Editora Vozes no Brasil, como &#8220;A constru\u00e7\u00e3o social da realidade&#8221;, &#8220;O dossel sagrado&#8221;, &#8220;Um rumor de anjos&#8221;, &#8220;Os muitos altares da p\u00f3s-modernidade&#8221;, &#8220;O Imperativo her\u00e9tico&#8221;.<\/p>\n<p>O processo dial\u00e9tico da sociedade define-se para Berger em tr\u00eas momentos: exterioriza\u00e7\u00e3o, objetiva\u00e7\u00e3o e interioriza\u00e7\u00e3o. &#8220;Se uma institui\u00e7\u00e3o se constitui atrav\u00e9s destes tr\u00eas momentos, ela se mant\u00e9m somente enquanto esta estrutura for plaus\u00edvel para as pessoas que fazem parte da institui\u00e7\u00e3o&#8221;, disse. O frade disse que exteriorizar n\u00e3o \u00e9 voltar atr\u00e1s, voltar \u00e0s fontes. &#8220;\u00c9 ter novamente a clareza sobre o que inspira a institui\u00e7\u00e3o hoje, ou seja, qual projeto que ela deseja ver realizado&#8221;.<\/p>\n<p>&#8220;O primeiro elemento de an\u00e1lise de uma institui\u00e7\u00e3o em crise, n\u00e3o seria analisar a crise, mas buscar a atualiza\u00e7\u00e3o do projeto inspirador&#8221;, completou, frisando que a crise \u00e9 a chance de se reinventar.<\/p>\n<p>O encontro na Fraternidade S\u00e3o Boaventura, em Rondinha, vai at\u00e9 esta quarta-feira ao meio-dia e reunir\u00e1 profissionais e pessoas ligadas \u00e0 comunica\u00e7\u00e3o em diferentes \u00e1reas da Prov\u00edncia: Pr\u00f3-Voca\u00e7\u00f5es, Servi\u00e7o Franciscano de Solidariedade (Sefras), Funda\u00e7\u00e3o Celinauta de Pato Branco, (TV e R\u00e1dio), Funda\u00e7\u00e3o Frei Rog\u00e9rio (Curitibanos), Editora Vozes, Associa\u00e7\u00e3o Bom Jesus e FAE, Universidade S\u00e3o Francisco, Comunica\u00e7\u00e3o do Instituto Teol\u00f3gico Franciscano (ITF) e \u00a0Comunica\u00e7\u00e3o da Sede Provincial. Al\u00e9m deste encontro provincial, s\u00e3o realizados encontros regionais de comunica\u00e7\u00e3o. \u00a0A Frente de Evangeliza\u00e7\u00e3o da Comunica\u00e7\u00e3o \u00e9 coordenada por Frei Gustavo Medella.<\/p>\n<p><img loading=\"lazy\" src=\"http:\/\/franciscanos.org.br\/wp-content\/uploads\/2016\/08\/rondinha_02_08_2016_6.jpg\" alt=\"rondinha_02_08_2016_6\" width=\"820\" height=\"439\" \/><\/p>\n<p><strong>FESTA FRANCISCANA<\/strong><\/p>\n<p>O Encontro de Comunica\u00e7\u00e3o, na verdade, come\u00e7ou cedo com a celebra\u00e7\u00e3o festiva da Missa de Nossa Senhora dos Anjos, a festa franciscana da Porci\u00fancula, presidida por Frei Gustavo Medella e concelebrada por Frei Rodrigo da Silva Santos e pelo aniversariantes \u00a0Frei Valdir Laurentino, que fez a homilia do dia e explicou que &#8220;aquela pequena por\u00e7\u00e3o&#8221; de Assis foi des\u00edgnio divino, o ber\u00e7o da Ordem Franciscana.<\/p>\n<p>&#8220;Ali o Senhor foi dando para Francisco confrades&#8221;, disse. &#8220;Neste lugar de minoridade, Francisco busca o Sumo Bem. O bem \u00e9 difusivo. E ele \u00e9 um comunicador. S\u00e3o Francisco queria ver comunicado o Reino de Deus para todos. E ali ele clama o perd\u00e3o para todos. E conseguiu atrav\u00e9s da indulg\u00eancia plen\u00e1ria no ano de 1216&#8221;, acrescentou.<\/p>\n<p><strong>Por Moacir Beggo e \u00c9rika Augusto (fotos)<\/strong><\/p>\n<p><strong>Produ\u00e7\u00e3o dos v\u00eddeos: Juscimari dos Santos, Frei Augusto Luiz Gabriel e Frei Roger Strapazzon<\/strong><\/p>\n","protected":false},"excerpt":{"rendered":"<p>Comunica\u00e7\u00e3o<\/p>\n","protected":false},"author":1,"featured_media":222452,"comment_status":"open","ping_status":"open","sticky":false,"template":"","format":"standard","meta":[],"categories":[1],"tags":[],"acf":[],"yoast_head":"<!-- This site is optimized with the Yoast SEO plugin v19.2 - https:\/\/yoast.com\/wordpress\/plugins\/seo\/ -->\n<title>Em Rondinha: &quot;A crise \u00e9 uma chance e n\u00e3o uma amea\u00e7a&quot; - Not\u00edcias - Franciscanos<\/title>\n<meta name=\"robots\" content=\"index, follow, max-snippet:-1, max-image-preview:large, max-video-preview:-1\" \/>\n<link rel=\"canonical\" href=\"https:\/\/franciscanos.org.br\/noticias\/a-crise-e-uma-chance-e-nao-uma-ameaca.html\" \/>\n<meta property=\"og:locale\" content=\"pt_BR\" \/>\n<meta property=\"og:type\" content=\"article\" \/>\n<meta property=\"og:title\" content=\"Em Rondinha: &quot;A crise \u00e9 uma chance e n\u00e3o uma amea\u00e7a&quot; - Not\u00edcias - Franciscanos\" \/>\n<meta property=\"og:description\" content=\"Comunica\u00e7\u00e3o\" \/>\n<meta property=\"og:url\" content=\"https:\/\/franciscanos.org.br\/noticias\/a-crise-e-uma-chance-e-nao-uma-ameaca.html\" \/>\n<meta property=\"og:site_name\" content=\"Not\u00edcias - Franciscanos\" \/>\n<meta property=\"article:published_time\" content=\"2016-08-03T01:33:16+00:00\" \/>\n<meta property=\"article:modified_time\" content=\"2020-03-24T14:27:32+00:00\" \/>\n<meta property=\"og:image\" content=\"https:\/\/franciscanos.org.br\/noticias\/wp-content\/uploads\/2016\/08\/rondinha_02_08_2016.jpg\" \/>\n\t<meta property=\"og:image:width\" content=\"273\" \/>\n\t<meta property=\"og:image:height\" content=\"181\" \/>\n\t<meta property=\"og:image:type\" content=\"image\/jpeg\" \/>\n<meta name=\"author\" content=\"admin\" \/>\n<meta name=\"twitter:card\" content=\"summary_large_image\" \/>\n<meta name=\"twitter:label1\" content=\"Escrito por\" \/>\n\t<meta name=\"twitter:data1\" content=\"admin\" \/>\n\t<meta name=\"twitter:label2\" content=\"Est. tempo de leitura\" \/>\n\t<meta name=\"twitter:data2\" content=\"11 minutos\" \/>\n<script type=\"application\/ld+json\" class=\"yoast-schema-graph\">{\"@context\":\"https:\/\/schema.org\",\"@graph\":[{\"@type\":\"WebSite\",\"@id\":\"https:\/\/franciscanos.org.br\/noticias\/#website\",\"url\":\"https:\/\/franciscanos.org.br\/noticias\/\",\"name\":\"Not\u00edcias - Franciscanos\",\"description\":\"Prov\u00edncia Franciscana da Imaculada Concei\u00e7\u00e3o do Brasil - Ordem dos Frades Menores - OFM\",\"potentialAction\":[{\"@type\":\"SearchAction\",\"target\":{\"@type\":\"EntryPoint\",\"urlTemplate\":\"https:\/\/franciscanos.org.br\/noticias\/?s={search_term_string}\"},\"query-input\":\"required name=search_term_string\"}],\"inLanguage\":\"pt-BR\"},{\"@type\":\"ImageObject\",\"inLanguage\":\"pt-BR\",\"@id\":\"https:\/\/franciscanos.org.br\/noticias\/a-crise-e-uma-chance-e-nao-uma-ameaca.html#primaryimage\",\"url\":\"https:\/\/franciscanos.org.br\/noticias\/wp-content\/uploads\/2016\/08\/rondinha_02_08_2016.jpg\",\"contentUrl\":\"https:\/\/franciscanos.org.br\/noticias\/wp-content\/uploads\/2016\/08\/rondinha_02_08_2016.jpg\",\"width\":273,\"height\":181},{\"@type\":\"WebPage\",\"@id\":\"https:\/\/franciscanos.org.br\/noticias\/a-crise-e-uma-chance-e-nao-uma-ameaca.html#webpage\",\"url\":\"https:\/\/franciscanos.org.br\/noticias\/a-crise-e-uma-chance-e-nao-uma-ameaca.html\",\"name\":\"Em Rondinha: \\\"A crise \u00e9 uma chance e n\u00e3o uma amea\u00e7a\\\" - Not\u00edcias - Franciscanos\",\"isPartOf\":{\"@id\":\"https:\/\/franciscanos.org.br\/noticias\/#website\"},\"primaryImageOfPage\":{\"@id\":\"https:\/\/franciscanos.org.br\/noticias\/a-crise-e-uma-chance-e-nao-uma-ameaca.html#primaryimage\"},\"datePublished\":\"2016-08-03T01:33:16+00:00\",\"dateModified\":\"2020-03-24T14:27:32+00:00\",\"author\":{\"@id\":\"https:\/\/franciscanos.org.br\/noticias\/#\/schema\/person\/b38fbf43118f02820bd932f2e4b14ad3\"},\"breadcrumb\":{\"@id\":\"https:\/\/franciscanos.org.br\/noticias\/a-crise-e-uma-chance-e-nao-uma-ameaca.html#breadcrumb\"},\"inLanguage\":\"pt-BR\",\"potentialAction\":[{\"@type\":\"ReadAction\",\"target\":[\"https:\/\/franciscanos.org.br\/noticias\/a-crise-e-uma-chance-e-nao-uma-ameaca.html\"]}]},{\"@type\":\"BreadcrumbList\",\"@id\":\"https:\/\/franciscanos.org.br\/noticias\/a-crise-e-uma-chance-e-nao-uma-ameaca.html#breadcrumb\",\"itemListElement\":[{\"@type\":\"ListItem\",\"position\":1,\"name\":\"Home\",\"item\":\"https:\/\/franciscanos.org.br\/noticias\"},{\"@type\":\"ListItem\",\"position\":2,\"name\":\"Em Rondinha: &#8220;A crise \u00e9 uma chance e n\u00e3o uma amea\u00e7a&#8221;\"}]},{\"@type\":\"Person\",\"@id\":\"https:\/\/franciscanos.org.br\/noticias\/#\/schema\/person\/b38fbf43118f02820bd932f2e4b14ad3\",\"name\":\"admin\",\"image\":{\"@type\":\"ImageObject\",\"inLanguage\":\"pt-BR\",\"@id\":\"https:\/\/franciscanos.org.br\/noticias\/#\/schema\/person\/image\/\",\"url\":\"https:\/\/secure.gravatar.com\/avatar\/e8495742d34d0ba6448ea1c628263b3e?s=96&d=mm&r=g\",\"contentUrl\":\"https:\/\/secure.gravatar.com\/avatar\/e8495742d34d0ba6448ea1c628263b3e?s=96&d=mm&r=g\",\"caption\":\"admin\"},\"url\":\"https:\/\/franciscanos.org.br\/noticias\/author\/admin\"}]}<\/script>\n<!-- \/ Yoast SEO plugin. -->","yoast_head_json":{"title":"Em Rondinha: \"A crise \u00e9 uma chance e n\u00e3o uma amea\u00e7a\" - Not\u00edcias - Franciscanos","robots":{"index":"index","follow":"follow","max-snippet":"max-snippet:-1","max-image-preview":"max-image-preview:large","max-video-preview":"max-video-preview:-1"},"canonical":"https:\/\/franciscanos.org.br\/noticias\/a-crise-e-uma-chance-e-nao-uma-ameaca.html","og_locale":"pt_BR","og_type":"article","og_title":"Em Rondinha: \"A crise \u00e9 uma chance e n\u00e3o uma amea\u00e7a\" - Not\u00edcias - Franciscanos","og_description":"Comunica\u00e7\u00e3o","og_url":"https:\/\/franciscanos.org.br\/noticias\/a-crise-e-uma-chance-e-nao-uma-ameaca.html","og_site_name":"Not\u00edcias - Franciscanos","article_published_time":"2016-08-03T01:33:16+00:00","article_modified_time":"2020-03-24T14:27:32+00:00","og_image":[{"width":273,"height":181,"url":"https:\/\/franciscanos.org.br\/noticias\/wp-content\/uploads\/2016\/08\/rondinha_02_08_2016.jpg","type":"image\/jpeg"}],"author":"admin","twitter_card":"summary_large_image","twitter_misc":{"Escrito por":"admin","Est. tempo de leitura":"11 minutos"},"schema":{"@context":"https:\/\/schema.org","@graph":[{"@type":"WebSite","@id":"https:\/\/franciscanos.org.br\/noticias\/#website","url":"https:\/\/franciscanos.org.br\/noticias\/","name":"Not\u00edcias - Franciscanos","description":"Prov\u00edncia Franciscana da Imaculada Concei\u00e7\u00e3o do Brasil - Ordem dos Frades Menores - OFM","potentialAction":[{"@type":"SearchAction","target":{"@type":"EntryPoint","urlTemplate":"https:\/\/franciscanos.org.br\/noticias\/?s={search_term_string}"},"query-input":"required name=search_term_string"}],"inLanguage":"pt-BR"},{"@type":"ImageObject","inLanguage":"pt-BR","@id":"https:\/\/franciscanos.org.br\/noticias\/a-crise-e-uma-chance-e-nao-uma-ameaca.html#primaryimage","url":"https:\/\/franciscanos.org.br\/noticias\/wp-content\/uploads\/2016\/08\/rondinha_02_08_2016.jpg","contentUrl":"https:\/\/franciscanos.org.br\/noticias\/wp-content\/uploads\/2016\/08\/rondinha_02_08_2016.jpg","width":273,"height":181},{"@type":"WebPage","@id":"https:\/\/franciscanos.org.br\/noticias\/a-crise-e-uma-chance-e-nao-uma-ameaca.html#webpage","url":"https:\/\/franciscanos.org.br\/noticias\/a-crise-e-uma-chance-e-nao-uma-ameaca.html","name":"Em Rondinha: \"A crise \u00e9 uma chance e n\u00e3o uma amea\u00e7a\" - Not\u00edcias - Franciscanos","isPartOf":{"@id":"https:\/\/franciscanos.org.br\/noticias\/#website"},"primaryImageOfPage":{"@id":"https:\/\/franciscanos.org.br\/noticias\/a-crise-e-uma-chance-e-nao-uma-ameaca.html#primaryimage"},"datePublished":"2016-08-03T01:33:16+00:00","dateModified":"2020-03-24T14:27:32+00:00","author":{"@id":"https:\/\/franciscanos.org.br\/noticias\/#\/schema\/person\/b38fbf43118f02820bd932f2e4b14ad3"},"breadcrumb":{"@id":"https:\/\/franciscanos.org.br\/noticias\/a-crise-e-uma-chance-e-nao-uma-ameaca.html#breadcrumb"},"inLanguage":"pt-BR","potentialAction":[{"@type":"ReadAction","target":["https:\/\/franciscanos.org.br\/noticias\/a-crise-e-uma-chance-e-nao-uma-ameaca.html"]}]},{"@type":"BreadcrumbList","@id":"https:\/\/franciscanos.org.br\/noticias\/a-crise-e-uma-chance-e-nao-uma-ameaca.html#breadcrumb","itemListElement":[{"@type":"ListItem","position":1,"name":"Home","item":"https:\/\/franciscanos.org.br\/noticias"},{"@type":"ListItem","position":2,"name":"Em Rondinha: &#8220;A crise \u00e9 uma chance e n\u00e3o uma amea\u00e7a&#8221;"}]},{"@type":"Person","@id":"https:\/\/franciscanos.org.br\/noticias\/#\/schema\/person\/b38fbf43118f02820bd932f2e4b14ad3","name":"admin","image":{"@type":"ImageObject","inLanguage":"pt-BR","@id":"https:\/\/franciscanos.org.br\/noticias\/#\/schema\/person\/image\/","url":"https:\/\/secure.gravatar.com\/avatar\/e8495742d34d0ba6448ea1c628263b3e?s=96&d=mm&r=g","contentUrl":"https:\/\/secure.gravatar.com\/avatar\/e8495742d34d0ba6448ea1c628263b3e?s=96&d=mm&r=g","caption":"admin"},"url":"https:\/\/franciscanos.org.br\/noticias\/author\/admin"}]}},"_links":{"self":[{"href":"https:\/\/franciscanos.org.br\/noticias\/wp-json\/wp\/v2\/posts\/113318"}],"collection":[{"href":"https:\/\/franciscanos.org.br\/noticias\/wp-json\/wp\/v2\/posts"}],"about":[{"href":"https:\/\/franciscanos.org.br\/noticias\/wp-json\/wp\/v2\/types\/post"}],"author":[{"embeddable":true,"href":"https:\/\/franciscanos.org.br\/noticias\/wp-json\/wp\/v2\/users\/1"}],"replies":[{"embeddable":true,"href":"https:\/\/franciscanos.org.br\/noticias\/wp-json\/wp\/v2\/comments?post=113318"}],"version-history":[{"count":1,"href":"https:\/\/franciscanos.org.br\/noticias\/wp-json\/wp\/v2\/posts\/113318\/revisions"}],"predecessor-version":[{"id":222453,"href":"https:\/\/franciscanos.org.br\/noticias\/wp-json\/wp\/v2\/posts\/113318\/revisions\/222453"}],"wp:featuredmedia":[{"embeddable":true,"href":"https:\/\/franciscanos.org.br\/noticias\/wp-json\/wp\/v2\/media\/222452"}],"wp:attachment":[{"href":"https:\/\/franciscanos.org.br\/noticias\/wp-json\/wp\/v2\/media?parent=113318"}],"wp:term":[{"taxonomy":"category","embeddable":true,"href":"https:\/\/franciscanos.org.br\/noticias\/wp-json\/wp\/v2\/categories?post=113318"},{"taxonomy":"post_tag","embeddable":true,"href":"https:\/\/franciscanos.org.br\/noticias\/wp-json\/wp\/v2\/tags?post=113318"}],"curies":[{"name":"wp","href":"https:\/\/api.w.org\/{rel}","templated":true}]}}