{"id":113306,"date":"2016-08-01T18:44:25","date_gmt":"2016-08-01T21:44:25","guid":{"rendered":"http:\/\/franciscanos.org.br\/?p=113306"},"modified":"2020-03-24T11:30:49","modified_gmt":"2020-03-24T14:30:49","slug":"encontro-da-frente-de-comunicacao-comeca-nesta-terca","status":"publish","type":"post","link":"https:\/\/franciscanos.org.br\/noticias\/encontro-da-frente-de-comunicacao-comeca-nesta-terca.html","title":{"rendered":"Evangeliza\u00e7\u00e3o em tempos de crise \u00e9 tema de encontro"},"content":{"rendered":"<p><img loading=\"lazy\" src=\"http:\/\/franciscanos.org.br\/wp-content\/uploads\/2016\/08\/encontro.jpg\" alt=\"encontro\" width=\"820\" height=\"306\" \/><\/p>\n<p><strong>Rondinha (Paran\u00e1)<\/strong> &#8211; O 4\u00ba Encontro da Frente de Comunica\u00e7\u00e3o come\u00e7a nesta ter\u00e7a-feira ( 2 de agosto), em Rondinha, e ter\u00e1 assessoria de \u00c9lson Faxina, professor da Universidade Federal do Paran\u00e1; de Mois\u00e9s Sbardelotto, doutor e mestre em Ci\u00eancias da Comunica\u00e7\u00e3o pela Universidade do Vale do Rio dos Sinos (Unisinos); e Frei Vagner Sassi, Doutor em Filosofia pela PUC-RS.\u00a0 Neste ano, o tema do encontro \u00e9 &#8220;Comunicar e evangelizar em tempos de crise&#8221;.<\/p>\n<p>&#8220;Queremos enxergar na crise uma interpela\u00e7\u00e3o para nosso servi\u00e7o evangelizador. Para al\u00e9m do que se fala nos grandes meios de comunica\u00e7\u00e3o, nosso desejo \u00e9 refletir este conceito de forma mais profunda e, a partir desta reflex\u00e3o, buscar op\u00e7\u00f5es e a\u00e7\u00f5es que qualifiquem nosso modo de comunicar e evangelizar&#8221;, explica Frei Gustavo Medella, coordenador da Frente de Evangeliza\u00e7\u00e3o.<\/p>\n<p>O encontro na Fraternidade S\u00e3o Boaventura, em Rondinha, vai at\u00e9 quarta-feira ao meio-dia e reunir\u00e1 profissionais e pessoas ligadas \u00e0 comunica\u00e7\u00e3o em diferentes \u00e1reas da Prov\u00edncia: Pr\u00f3-Voca\u00e7\u00f5es, Servi\u00e7o Franciscano de Solidariedade (Sefras), Funda\u00e7\u00e3o Celinauta de Pato Branco, (TV e R\u00e1dio), Funda\u00e7\u00e3o Frei Rog\u00e9rio (Curitibanos), Par\u00f3quias e Santu\u00e1rios, Editora Vozes, Associa\u00e7\u00e3o Bom Jesus e FAE, Universidade S\u00e3o Francisco, Comunica\u00e7\u00e3o do Instituto Teol\u00f3gico Franciscano (ITF), Secretaria e Comunica\u00e7\u00e3o da Sede Provincial. Al\u00e9m deste encontro provincial, s\u00e3o realizados encontros regionais de comunica\u00e7\u00e3o.<\/p>\n<p>Neste quarto encontro provincial, o professor Faxina volta a dar a sua contribui\u00e7\u00e3o na forma\u00e7\u00e3o de profissionais e pessoas ligadas \u00e0 comunica\u00e7\u00e3o, j\u00e1 que dividiu a assessoria do 2\u00ba Encontro Provincial com a professora Joana Puntel. Ele \u00e9 professor da Universidade Federal do Paran\u00e1 e Assessor de Comunica\u00e7\u00e3o da Secretaria de Estado da Justi\u00e7a, Cidadania e Direitos Humanos do Paran\u00e1. \u00c9 tamb\u00e9m doutor em Ci\u00eancias da Comunica\u00e7\u00e3o pela Unisinos (2012), mestre em Ci\u00eancias da Comunica\u00e7\u00e3o, na \u00e1rea de Cinema, R\u00e1dio e Televis\u00e3o, pela ECA\/USP (2001) e se graduou em Comunica\u00e7\u00e3o Social &#8211; Habilita\u00e7\u00e3o Polivalente, pela Pontif\u00edcia Universidade Cat\u00f3lica do Paran\u00e1 (1981).<\/p>\n<p>No segundo encontro, Faxina abordou o tema \u201cA Comunica\u00e7\u00e3o na Perspectiva cidad\u00e3\u201d e foi bem claro: nosso papel de comunicadores crist\u00e3os n\u00e3o \u00e9 o de fazer boletins, produzir e veicular not\u00edcias e reportagens, dar uma boa palestra, produzir belas fotografias, fazer um belo programa de r\u00e1dio ou de TV\u2026 \u201cSomos construtores de imagin\u00e1rios, que resultam numa sociedade. Nosso papel \u00e9 construir sociedade\u201d, enfatizou Faxina, que tem experi\u00eancia em r\u00e1dio, televis\u00e3o, assessoria de comunica\u00e7\u00e3o e mobiliza\u00e7\u00e3o social, atuando principalmente nos seguintes temas: comunica\u00e7\u00e3o &#8211; jornalismo, TV p\u00fablica, telejornais, programas de debates e entrevistas, radiojornalismo, v\u00eddeo-document\u00e1rio, planejamento em comunica\u00e7\u00e3o, cidadania e movimentos sociais.<\/p>\n<p>J\u00e1 Mois\u00e9s Sbardelotto \u00e9 doutor e mestre na linha de pesquisa midiatiza\u00e7\u00e3o e processos sociais, com est\u00e1gio doutoral (PDSE\/Capes) na Universit\u00e0 di Roma &#8220;La Sapienza&#8221;, na It\u00e1lia. \u00c9 autor do livro &#8220;E o Verbo se fez bit: A comunica\u00e7\u00e3o e a experi\u00eancia religiosas na internet&#8221; (Editora Santu\u00e1rio, 2012), colaborador do Instituto Humanitas Unisinos (IHU) e membro da Comiss\u00e3o Especial para o Diret\u00f3rio de Comunica\u00e7\u00e3o para a Igreja no Brasil, da Confer\u00eancia Nacional dos Bispos do Brasil (CNBB). Mois\u00e9s \u00e9 jornalista graduado pela Universidade Federal do Rio Grande do Sul \u2013 UFRGS.<\/p>\n<p>Frei Vagner Sassi possui licenciatura em Filosofia pela Universidade S\u00e3o Francisco e em Pedagogia pela Universidade Tuiuti do Paran\u00e1, mestrado e doutorado em Filosofia pela PUC-RS. Atualmente \u00e9 professor da FAE. Tem experi\u00eancia na \u00e1rea de Filosofia, com \u00eanfase em Fenomenologia e \u00c9tica, atuando principalmente nos seguintes temas: hist\u00f3ria da filosofia, filosofia grega, pensamento contempor\u00e2neo, \u00e9tica e responsabilidade social.<\/p>\n<p>Na segunda parte desta ter\u00e7a-feira, Frei Volney Berkenbrock, professor de Teologia e diretor da Editora Vozes, e Frei Neuri\u00a0 Reinisch, diretor da Funda\u00e7\u00e3o Celinauta, abordam o tema no contexto da evangeliza\u00e7\u00e3o na Prov\u00edncia.<\/p>\n<p>A Frente da Evangeliza\u00e7\u00e3o na Comunica\u00e7\u00e3o foi criada no Cap\u00edtulo Provincial de 2012 e vem promovendo a aproxima\u00e7\u00e3o e o esp\u00edrito de comunh\u00e3o e interajuda entre as diferentes frentes no campo da comunica\u00e7\u00e3o.<\/p>\n<p><em>Imagem no alto: Frei Vagner, Prof. \u00c9lson no centro, e Prof. Mois\u00e9s<\/em><\/p>\n<p>&nbsp;<\/p>\n","protected":false},"excerpt":{"rendered":"<p>Comunica\u00e7\u00e3o<\/p>\n","protected":false},"author":1,"featured_media":222458,"comment_status":"open","ping_status":"open","sticky":false,"template":"","format":"standard","meta":[],"categories":[1],"tags":[550],"acf":[],"yoast_head":"<!-- This site is optimized with the Yoast SEO plugin v19.2 - https:\/\/yoast.com\/wordpress\/plugins\/seo\/ -->\n<title>Evangeliza\u00e7\u00e3o em tempos de crise \u00e9 tema de encontro - Not\u00edcias - Franciscanos<\/title>\n<meta name=\"robots\" content=\"index, follow, max-snippet:-1, max-image-preview:large, max-video-preview:-1\" \/>\n<link rel=\"canonical\" href=\"https:\/\/franciscanos.org.br\/noticias\/encontro-da-frente-de-comunicacao-comeca-nesta-terca.html\" \/>\n<meta property=\"og:locale\" content=\"pt_BR\" \/>\n<meta property=\"og:type\" content=\"article\" \/>\n<meta property=\"og:title\" content=\"Evangeliza\u00e7\u00e3o em tempos de crise \u00e9 tema de encontro - Not\u00edcias - Franciscanos\" \/>\n<meta property=\"og:description\" content=\"Comunica\u00e7\u00e3o\" \/>\n<meta property=\"og:url\" content=\"https:\/\/franciscanos.org.br\/noticias\/encontro-da-frente-de-comunicacao-comeca-nesta-terca.html\" \/>\n<meta property=\"og:site_name\" content=\"Not\u00edcias - Franciscanos\" \/>\n<meta property=\"article:published_time\" content=\"2016-08-01T21:44:25+00:00\" \/>\n<meta property=\"article:modified_time\" content=\"2020-03-24T14:30:49+00:00\" \/>\n<meta property=\"og:image\" content=\"https:\/\/franciscanos.org.br\/noticias\/wp-content\/uploads\/2016\/08\/encontro.jpg\" \/>\n\t<meta property=\"og:image:width\" content=\"273\" \/>\n\t<meta property=\"og:image:height\" content=\"181\" \/>\n\t<meta property=\"og:image:type\" content=\"image\/jpeg\" \/>\n<meta name=\"author\" content=\"admin\" \/>\n<meta name=\"twitter:card\" content=\"summary_large_image\" \/>\n<meta name=\"twitter:label1\" content=\"Escrito por\" \/>\n\t<meta name=\"twitter:data1\" content=\"admin\" \/>\n\t<meta name=\"twitter:label2\" content=\"Est. tempo de leitura\" \/>\n\t<meta name=\"twitter:data2\" content=\"4 minutos\" \/>\n<script type=\"application\/ld+json\" class=\"yoast-schema-graph\">{\"@context\":\"https:\/\/schema.org\",\"@graph\":[{\"@type\":\"WebSite\",\"@id\":\"https:\/\/franciscanos.org.br\/noticias\/#website\",\"url\":\"https:\/\/franciscanos.org.br\/noticias\/\",\"name\":\"Not\u00edcias - Franciscanos\",\"description\":\"Prov\u00edncia Franciscana da Imaculada Concei\u00e7\u00e3o do Brasil - Ordem dos Frades Menores - OFM\",\"potentialAction\":[{\"@type\":\"SearchAction\",\"target\":{\"@type\":\"EntryPoint\",\"urlTemplate\":\"https:\/\/franciscanos.org.br\/noticias\/?s={search_term_string}\"},\"query-input\":\"required name=search_term_string\"}],\"inLanguage\":\"pt-BR\"},{\"@type\":\"ImageObject\",\"inLanguage\":\"pt-BR\",\"@id\":\"https:\/\/franciscanos.org.br\/noticias\/encontro-da-frente-de-comunicacao-comeca-nesta-terca.html#primaryimage\",\"url\":\"https:\/\/franciscanos.org.br\/noticias\/wp-content\/uploads\/2016\/08\/encontro.jpg\",\"contentUrl\":\"https:\/\/franciscanos.org.br\/noticias\/wp-content\/uploads\/2016\/08\/encontro.jpg\",\"width\":273,\"height\":181},{\"@type\":\"WebPage\",\"@id\":\"https:\/\/franciscanos.org.br\/noticias\/encontro-da-frente-de-comunicacao-comeca-nesta-terca.html#webpage\",\"url\":\"https:\/\/franciscanos.org.br\/noticias\/encontro-da-frente-de-comunicacao-comeca-nesta-terca.html\",\"name\":\"Evangeliza\u00e7\u00e3o em tempos de crise \u00e9 tema de encontro - Not\u00edcias - Franciscanos\",\"isPartOf\":{\"@id\":\"https:\/\/franciscanos.org.br\/noticias\/#website\"},\"primaryImageOfPage\":{\"@id\":\"https:\/\/franciscanos.org.br\/noticias\/encontro-da-frente-de-comunicacao-comeca-nesta-terca.html#primaryimage\"},\"datePublished\":\"2016-08-01T21:44:25+00:00\",\"dateModified\":\"2020-03-24T14:30:49+00:00\",\"author\":{\"@id\":\"https:\/\/franciscanos.org.br\/noticias\/#\/schema\/person\/b38fbf43118f02820bd932f2e4b14ad3\"},\"breadcrumb\":{\"@id\":\"https:\/\/franciscanos.org.br\/noticias\/encontro-da-frente-de-comunicacao-comeca-nesta-terca.html#breadcrumb\"},\"inLanguage\":\"pt-BR\",\"potentialAction\":[{\"@type\":\"ReadAction\",\"target\":[\"https:\/\/franciscanos.org.br\/noticias\/encontro-da-frente-de-comunicacao-comeca-nesta-terca.html\"]}]},{\"@type\":\"BreadcrumbList\",\"@id\":\"https:\/\/franciscanos.org.br\/noticias\/encontro-da-frente-de-comunicacao-comeca-nesta-terca.html#breadcrumb\",\"itemListElement\":[{\"@type\":\"ListItem\",\"position\":1,\"name\":\"Home\",\"item\":\"https:\/\/franciscanos.org.br\/noticias\"},{\"@type\":\"ListItem\",\"position\":2,\"name\":\"Evangeliza\u00e7\u00e3o em tempos de crise \u00e9 tema de encontro\"}]},{\"@type\":\"Person\",\"@id\":\"https:\/\/franciscanos.org.br\/noticias\/#\/schema\/person\/b38fbf43118f02820bd932f2e4b14ad3\",\"name\":\"admin\",\"image\":{\"@type\":\"ImageObject\",\"inLanguage\":\"pt-BR\",\"@id\":\"https:\/\/franciscanos.org.br\/noticias\/#\/schema\/person\/image\/\",\"url\":\"https:\/\/secure.gravatar.com\/avatar\/e8495742d34d0ba6448ea1c628263b3e?s=96&d=mm&r=g\",\"contentUrl\":\"https:\/\/secure.gravatar.com\/avatar\/e8495742d34d0ba6448ea1c628263b3e?s=96&d=mm&r=g\",\"caption\":\"admin\"},\"url\":\"https:\/\/franciscanos.org.br\/noticias\/author\/admin\"}]}<\/script>\n<!-- \/ Yoast SEO plugin. -->","yoast_head_json":{"title":"Evangeliza\u00e7\u00e3o em tempos de crise \u00e9 tema de encontro - Not\u00edcias - Franciscanos","robots":{"index":"index","follow":"follow","max-snippet":"max-snippet:-1","max-image-preview":"max-image-preview:large","max-video-preview":"max-video-preview:-1"},"canonical":"https:\/\/franciscanos.org.br\/noticias\/encontro-da-frente-de-comunicacao-comeca-nesta-terca.html","og_locale":"pt_BR","og_type":"article","og_title":"Evangeliza\u00e7\u00e3o em tempos de crise \u00e9 tema de encontro - Not\u00edcias - Franciscanos","og_description":"Comunica\u00e7\u00e3o","og_url":"https:\/\/franciscanos.org.br\/noticias\/encontro-da-frente-de-comunicacao-comeca-nesta-terca.html","og_site_name":"Not\u00edcias - Franciscanos","article_published_time":"2016-08-01T21:44:25+00:00","article_modified_time":"2020-03-24T14:30:49+00:00","og_image":[{"width":273,"height":181,"url":"https:\/\/franciscanos.org.br\/noticias\/wp-content\/uploads\/2016\/08\/encontro.jpg","type":"image\/jpeg"}],"author":"admin","twitter_card":"summary_large_image","twitter_misc":{"Escrito por":"admin","Est. tempo de leitura":"4 minutos"},"schema":{"@context":"https:\/\/schema.org","@graph":[{"@type":"WebSite","@id":"https:\/\/franciscanos.org.br\/noticias\/#website","url":"https:\/\/franciscanos.org.br\/noticias\/","name":"Not\u00edcias - Franciscanos","description":"Prov\u00edncia Franciscana da Imaculada Concei\u00e7\u00e3o do Brasil - Ordem dos Frades Menores - OFM","potentialAction":[{"@type":"SearchAction","target":{"@type":"EntryPoint","urlTemplate":"https:\/\/franciscanos.org.br\/noticias\/?s={search_term_string}"},"query-input":"required name=search_term_string"}],"inLanguage":"pt-BR"},{"@type":"ImageObject","inLanguage":"pt-BR","@id":"https:\/\/franciscanos.org.br\/noticias\/encontro-da-frente-de-comunicacao-comeca-nesta-terca.html#primaryimage","url":"https:\/\/franciscanos.org.br\/noticias\/wp-content\/uploads\/2016\/08\/encontro.jpg","contentUrl":"https:\/\/franciscanos.org.br\/noticias\/wp-content\/uploads\/2016\/08\/encontro.jpg","width":273,"height":181},{"@type":"WebPage","@id":"https:\/\/franciscanos.org.br\/noticias\/encontro-da-frente-de-comunicacao-comeca-nesta-terca.html#webpage","url":"https:\/\/franciscanos.org.br\/noticias\/encontro-da-frente-de-comunicacao-comeca-nesta-terca.html","name":"Evangeliza\u00e7\u00e3o em tempos de crise \u00e9 tema de encontro - Not\u00edcias - Franciscanos","isPartOf":{"@id":"https:\/\/franciscanos.org.br\/noticias\/#website"},"primaryImageOfPage":{"@id":"https:\/\/franciscanos.org.br\/noticias\/encontro-da-frente-de-comunicacao-comeca-nesta-terca.html#primaryimage"},"datePublished":"2016-08-01T21:44:25+00:00","dateModified":"2020-03-24T14:30:49+00:00","author":{"@id":"https:\/\/franciscanos.org.br\/noticias\/#\/schema\/person\/b38fbf43118f02820bd932f2e4b14ad3"},"breadcrumb":{"@id":"https:\/\/franciscanos.org.br\/noticias\/encontro-da-frente-de-comunicacao-comeca-nesta-terca.html#breadcrumb"},"inLanguage":"pt-BR","potentialAction":[{"@type":"ReadAction","target":["https:\/\/franciscanos.org.br\/noticias\/encontro-da-frente-de-comunicacao-comeca-nesta-terca.html"]}]},{"@type":"BreadcrumbList","@id":"https:\/\/franciscanos.org.br\/noticias\/encontro-da-frente-de-comunicacao-comeca-nesta-terca.html#breadcrumb","itemListElement":[{"@type":"ListItem","position":1,"name":"Home","item":"https:\/\/franciscanos.org.br\/noticias"},{"@type":"ListItem","position":2,"name":"Evangeliza\u00e7\u00e3o em tempos de crise \u00e9 tema de encontro"}]},{"@type":"Person","@id":"https:\/\/franciscanos.org.br\/noticias\/#\/schema\/person\/b38fbf43118f02820bd932f2e4b14ad3","name":"admin","image":{"@type":"ImageObject","inLanguage":"pt-BR","@id":"https:\/\/franciscanos.org.br\/noticias\/#\/schema\/person\/image\/","url":"https:\/\/secure.gravatar.com\/avatar\/e8495742d34d0ba6448ea1c628263b3e?s=96&d=mm&r=g","contentUrl":"https:\/\/secure.gravatar.com\/avatar\/e8495742d34d0ba6448ea1c628263b3e?s=96&d=mm&r=g","caption":"admin"},"url":"https:\/\/franciscanos.org.br\/noticias\/author\/admin"}]}},"_links":{"self":[{"href":"https:\/\/franciscanos.org.br\/noticias\/wp-json\/wp\/v2\/posts\/113306"}],"collection":[{"href":"https:\/\/franciscanos.org.br\/noticias\/wp-json\/wp\/v2\/posts"}],"about":[{"href":"https:\/\/franciscanos.org.br\/noticias\/wp-json\/wp\/v2\/types\/post"}],"author":[{"embeddable":true,"href":"https:\/\/franciscanos.org.br\/noticias\/wp-json\/wp\/v2\/users\/1"}],"replies":[{"embeddable":true,"href":"https:\/\/franciscanos.org.br\/noticias\/wp-json\/wp\/v2\/comments?post=113306"}],"version-history":[{"count":1,"href":"https:\/\/franciscanos.org.br\/noticias\/wp-json\/wp\/v2\/posts\/113306\/revisions"}],"predecessor-version":[{"id":222459,"href":"https:\/\/franciscanos.org.br\/noticias\/wp-json\/wp\/v2\/posts\/113306\/revisions\/222459"}],"wp:featuredmedia":[{"embeddable":true,"href":"https:\/\/franciscanos.org.br\/noticias\/wp-json\/wp\/v2\/media\/222458"}],"wp:attachment":[{"href":"https:\/\/franciscanos.org.br\/noticias\/wp-json\/wp\/v2\/media?parent=113306"}],"wp:term":[{"taxonomy":"category","embeddable":true,"href":"https:\/\/franciscanos.org.br\/noticias\/wp-json\/wp\/v2\/categories?post=113306"},{"taxonomy":"post_tag","embeddable":true,"href":"https:\/\/franciscanos.org.br\/noticias\/wp-json\/wp\/v2\/tags?post=113306"}],"curies":[{"name":"wp","href":"https:\/\/api.w.org\/{rel}","templated":true}]}}