{"id":113274,"date":"2016-08-01T11:55:29","date_gmt":"2016-08-01T14:55:29","guid":{"rendered":"http:\/\/franciscanos.org.br\/?p=113274"},"modified":"2019-08-06T10:26:56","modified_gmt":"2019-08-06T13:26:56","slug":"festa-do-senhor-bom-jesus-dos-perdoes-comeca-hoje","status":"publish","type":"post","link":"https:\/\/franciscanos.org.br\/noticias\/festa-do-senhor-bom-jesus-dos-perdoes-comeca-hoje.html","title":{"rendered":"Festa do Senhor Bom Jesus dos Perd\u00f5es vai at\u00e9 domingo"},"content":{"rendered":"<p><img loading=\"lazy\" src=\"http:\/\/franciscanos.org.br\/wp-content\/uploads\/2016\/08\/bomjesus.jpg\" alt=\"bomjesus\" width=\"820\" height=\"594\" \/><\/p>\n<p>A Par\u00f3quia Bom Jesus dos Perd\u00f5es, no centro de Curitiba, celebra nesta segunda-feira (1\u00ba\/7) o in\u00edcio das festividades do seu Padroeiro. O tema da Miseric\u00f3rdia vai prevalecer em todas as prega\u00e7\u00f5es tendo em vista o Ano da Miseric\u00f3rdia, que est\u00e1 sendo celebrado em 2016.<\/p>\n<p>Nesta segunda-feira, 1\u00ba de agosto, a festa come\u00e7a com a Missa \u00e0s 12 horas e \u00e0s 18h30, com o tema &#8220;Miseric\u00f3rdia e Indulg\u00eancias&#8221;, j\u00e1 fazendo uma prepara\u00e7\u00e3o para a festa de Nossa Senhora dos Anjos da Porci\u00fancula e Dia do Perd\u00e3o de Assis, que ser\u00e1 celebrada nesta ter\u00e7a-feira.<\/p>\n<p>&#8220;\u00c0s 12 horas, Missa de abertura solene da Porta Santa da Miseric\u00f3rdia e, \u00e0s 15 horas, celebra\u00e7\u00e3o penitencial comunit\u00e1ria. \u00c0s 18h30, encerrando este dia solene, a Santa Missa com o tema da &#8220;Miseric\u00f3rdia&#8221; , explica o p\u00e1roco Frei Alexandre Magno.<\/p>\n<p><img loading=\"lazy\" src=\"http:\/\/franciscanos.org.br\/wp-content\/uploads\/2016\/08\/bomjesus_3.jpg\" alt=\"bomjesus_3\" width=\"820\" height=\"413\" \/><\/p>\n<p><strong>CONFIRA A PROGRAMA\u00c7\u00c3O AT\u00c9 DOMINGO<\/strong><\/p>\n<p><strong>3 de agosto<\/strong><\/p>\n<p>12h e 18h30 &#8211; Missa com prega\u00e7\u00e3o sobre o tema &#8220;Igreja em Miss\u00e3o&#8221;<\/p>\n<p><strong>4 de agosto<\/strong><\/p>\n<p>12h e 18h30 &#8211; Missa com prega\u00e7\u00e3o sobre a &#8220;Comunidade Bom Jesus dos Perd\u00f5es &#8211; hist\u00f3ria, miss\u00e3o e vida&#8221;<\/p>\n<p><strong>5 de agosto<\/strong><\/p>\n<p>12h e 18h30 &#8211; Missa com prega\u00e7\u00e3o sobre o tema &#8220;O Cristo Misericordioso &#8211; O Bom Jesus dos Perd\u00f5es&#8221;<\/p>\n<p><strong>6 de agosto<\/strong><\/p>\n<p>12h e 17h15 &#8211; Missa festiva<\/p>\n<p><strong>7 de agosto<\/strong><\/p>\n<p>8h, 9h30, 11h, 16h, 18h e 20h &#8211; Missas dominicais &#8211; dia da voca\u00e7\u00e3o sacerdotal<\/p>\n<p><em>De 2 a 7 de agosto pode-se receber a Indulg\u00eancia Plen\u00e1ria<\/em><\/p>\n<p><em>De 1 a 6 haver\u00e1 a costumeira missa \u00e0s 7h da manh\u00e3<\/em><\/p>\n<p><em>De 2 a 5 haver\u00e1 barraquinhas com pastel, bolo e caf\u00e9 ap\u00f3s a missa das 18h30.<\/em><\/p>\n<h3>\u00a0<img loading=\"lazy\" class=\"alignleft size-full wp-image-113278\" src=\"http:\/\/franciscanos.org.br\/wp-content\/uploads\/2016\/08\/bomjesus2.jpg\" alt=\"bomjesus2\" width=\"312\" height=\"500\" \/><strong>A CELEBRA\u00c7\u00c3O NO BRASIL<\/strong><\/h3>\n<p>Conforme uma determina\u00e7\u00e3o da Igreja, todas as festas particulares de Nosso Senhor, que n\u00e3o tem dia pr\u00f3prio assinalado, devem ser celebradas no dia 6 de agosto. Assim se explica a celebra\u00e7\u00e3o, no Brasil, da Festa do Senhor Bom Jesus no dia da Transfigura\u00e7\u00e3o, dia 06 de agosto.<\/p>\n<p>A bondade divina revelada em Jesus, o Senhor, enviado pelo Pai para dar a vida em benef\u00edcio de nossa humanidade pecadora, levou o povo de Deus, em sua s\u00e1bia piedade, a cham\u00e1-lo de SENHOR BOM JESUS.<\/p>\n<p>Surge, ent\u00e3o, a devo\u00e7\u00e3o popular ao Cristo da Paix\u00e3o, Servo Sofredor, com grande resson\u00e2ncia em Portugal, na Espanha, na It\u00e1lia e, mais tarde, a partir do per\u00edodo colonial, na Am\u00e9rica Latina. Da\u00ed decorrem in\u00fameros \u201ct\u00edtulos\u201d acrescidos \u00e0 invoca\u00e7\u00e3o \u201cSenhor Bom Jesus\u201d, recordando os momentos de seu mart\u00edrio: a agonia (Senhor Bom Jesus do horto, das oliveiras); a flagela\u00e7\u00e3o (da coluna, da pedra fria, da paci\u00eancia); a sua apresenta\u00e7\u00e3o por Pilatos ao povo com a express\u00e3o latina \u201cEcce homo\u201d \u2013 \u201cEis o homem!\u201d \u2013 (da cana verde, do livramento, dos aflitos, da boa senten\u00e7a, da pris\u00e3o, Santo Cristo dos milagres); o caminho para o Calv\u00e1rio (dos Passos); a crucifica\u00e7\u00e3o (do Bonfim, da lapa, de matosinhos, da boa morte, do descimento, da pobreza, da agonia, dos rem\u00e9dios, dos montes) e, finalmente, o sepultamento (Senhor Morto). Evidentemente, todas as representa\u00e7\u00f5es iconogr\u00e1ficas (imagens) desses \u201ct\u00edtulos\u201d do Senhor Bom Jesus apresentam suas particularidades e aludem ao epis\u00f3dio b\u00edblico que retratam ou aos atributos e adornos que o Cristo traz ou com os quais \u00e9 revestido (o manto de cor p\u00farpura, a cana e a coroa de espinhos, por exemplo). A invoca\u00e7\u00e3o, ainda, pode conter o nome dos lugares onde a devo\u00e7\u00e3o se desenvolveu: Curitiba, Canga\u00edba, Br\u00e1s, Jd. das Oliveiras, Guarulhos, Pirapora, Iguape, Trememb\u00e9, Perd\u00f5es, Itu, Aruj\u00e1, Mairipor\u00e3, Paranapiacaba, Lapa, Bonfim, Matosinhos, A\u00e7ores, Braga, Buga etc. Fogem a essas caracter\u00edsticas que evocam o drama da Sexta-feira Santa o \u201cSenhor Bom Jesus de Nazar\u00e9\u201d e algumas imagens do \u201cSenhor Bom Jesus dos Navegantes\u201d.<\/p>\n<h3><\/h3>\n<h3><strong><img loading=\"lazy\" class=\"alignright wp-image-113279 size-full\" src=\"http:\/\/franciscanos.org.br\/wp-content\/uploads\/2016\/08\/bomjesus5.jpg\" alt=\"bomjesus5\" width=\"450\" height=\"600\" \/>O BOM JESUS DE CURITIBA<\/strong><\/h3>\n<p>Os frades franciscanos, pertencentes \u00e0 Prov\u00edncia Franciscana da Imaculada Concei\u00e7\u00e3o do Brasil, chegaram a Curitiba em 1899. Em 1901, foram erguidos no Largo da Miseric\u00f3rdia (atual Pra\u00e7a Rui Barbosa) \u2013 local onde \u00e9 a quadra do Senhor Bom Jesus \u2013 uma capelinha e um tosco conventinho em madeira de pinho (9x12m). O superior da fraternidade foi Frei Redento Kullmann, integrada por Frei Inoc\u00eancio e Frei Policarpo Schuhen.<\/p>\n<p>No dia 30 de julho de 1907, procedeu-se ao lan\u00e7amento da pedra fundamental da nova igreja do Bom Jesus. As obras tiveram in\u00edcio no dia 19 de maio de 1908 e se desenvolveram em ritmo t\u00e3o acelerado que, j\u00e1 a 14 de setembro do mesmo ano, colocava-se a cruz no topo da torre de 42 metros de altura. O respons\u00e1vel pelas obras e, ao que parece pelo projeto, era Frei Feliciano Schlag.<\/p>\n<p><strong>\u00a0Resumo hist\u00f3rico da Igreja Senhor Bom Jesus<\/strong><\/p>\n<p>\u2013 O projeto e os planos da Igreja Senhor Bom Jesus de Curitiba foram feitos e executados pelo Frei Feliciano Schlag, ofm<\/p>\n<p>\u2013 A pedra fundamental foi benta por Mons. Alberto Gon\u00e7alves, em 30 de junho de 1907.<\/p>\n<p>\u2013 No dia 14 de setembro de 1908 foi firmada a cruz na ponta da torre da igreja.<\/p>\n<p>\u2013 As janelas foram desenhadas e constru\u00eddas por Frei Columbano, ofm<\/p>\n<p>\u2013 A Igreja Senhor Bom Jesus foi consagrada e inaugurada por Dom Jo\u00e3o Braga, Arcebispo de Curitiba, aos 24 de julho de 1909.<\/p>\n<p>\u2013 As est\u00e1tuas da fachada da Igreja, Senhor Bom Jesus, S\u00e3o Francisco e Santo Ant\u00f4nio, estavam colocadas no dia da inaugura\u00e7\u00e3o da Igreja, 24 de julho de 1909. As est\u00e1tuas foram fabricadas por Pascoali Raspoli, mas n\u00e3o consta de que material s\u00e3o feitas.<\/p>\n<p>\u2013 A pintura da Igreja Senhor Bom Jesus foi iniciada em agosto de 1916, por Frei Vinc\u00eancio, ofm, e Paulo Hauer, e conclu\u00edda em 1917.<\/p>\n<p>\u2013 Os altares laterais, o de Santo Ant\u00f4nio e o de Nossa Senhora Ros\u00e1rio, foram iniciados em 1918 e conclu\u00eddos em 1922.<\/p>\n<p>\u2013 No \u00faltimo dia do m\u00eas de maio de 1922 foi solenemente coroada a Imagem de N. Sra. da Imaculada Concei\u00e7\u00e3o, no altar lateral.<\/p>\n<p>\u2013 A Imagem do Senhor Bom Jesus \u00e9 da primeira igreja do Senhor Bom Jesus, constru\u00edda a partir de 1901, uma constru\u00e7\u00e3o de madeira, que foi removida, ao ser inaugurada a atual constru\u00e7\u00e3o de material, e n\u00e3o encontrei ainda dados hist\u00f3ricos sobre a proced\u00eancia da mesma imagem.<\/p>\n<p>\u2013 O \u00f3rg\u00e3o de tubos foi comprado em Rietberg, na Alemanha, e chegou a Curitiba no dia 12 de maio de 1924 e foi bento por Dom Jo\u00e3o Braga, e inaugurado no dia da Festa de Santo Ant\u00f4nio, no dia 13 de junho de 1924.<\/p>\n<p>\u2013 As esculturas em madeira que compunham o antigo presbit\u00e9rio da igreja Bom Jesus, foram instaladas por Frei Columbano, ofm e Frei Leonardo, ofm, em 1916.<\/p>\n<p>\u2013 O quebravento da entrada da igreja foi instalado em 1922 por Frei Columbano, ofm, e Frei Leonardo, ofm.<\/p>\n<p>\u2013 No dia 8 de dezembro de 1933, Dom Jo\u00e3o Braga, benzeu os sinos, Senhor Bom Jesus, S\u00e3o Francisco e Santo Ant\u00f4nio, fundidos na Fundi\u00e7\u00e3o Irm\u00e3os M\u00fcller, de Curitiba.<\/p>\n<p>\u2013 No dia 23 de dezembro de 1933 tocaram pela primeira vez os sinos instalados na torre da Igreja Bom Jesus. Na mesma ocasi\u00e3o foi ligado aos sinos, e inaugurado o rel\u00f3gio da torre, comprado na Alemanha.<\/p>\n<p>\u2013 Frei Calixto Fruet inaugurou a nova Via Sacra, em relevo de gesso, da \u201cArte Christ\u00e3\u201d, por Gerd Claasen e Kaminski, de Curitiba.<\/p>\n<p>\u2013 As est\u00e1tuas de N. Sra. de Lourdes e de Santa Bernardete, da Gruta de Nossa Senhora de Lourdes, no p\u00e1tio da Igreja Bom Jesus, foram compradas na Alemanha e a gruta foi constru\u00edda pelos membros da Ordem Franciscana Secular, e inaugurada em 21 de setembro de 1921.<\/p>\n<p><em><strong>(Pesquisa feita por Frei Anselmo M\u00fcnchen, ofm)<\/strong><\/em><\/p>\n","protected":false},"excerpt":{"rendered":"<p>Em Curitiba<\/p>\n","protected":false},"author":1,"featured_media":208804,"comment_status":"open","ping_status":"open","sticky":false,"template":"","format":"standard","meta":[],"categories":[1],"tags":[],"acf":[],"yoast_head":"<!-- This site is optimized with the Yoast SEO plugin v19.2 - https:\/\/yoast.com\/wordpress\/plugins\/seo\/ -->\n<title>Festa do Senhor Bom Jesus dos Perd\u00f5es vai at\u00e9 domingo - Not\u00edcias - Franciscanos<\/title>\n<meta name=\"robots\" content=\"index, follow, max-snippet:-1, max-image-preview:large, max-video-preview:-1\" \/>\n<link rel=\"canonical\" href=\"https:\/\/franciscanos.org.br\/noticias\/festa-do-senhor-bom-jesus-dos-perdoes-comeca-hoje.html\" \/>\n<meta property=\"og:locale\" content=\"pt_BR\" \/>\n<meta property=\"og:type\" content=\"article\" \/>\n<meta property=\"og:title\" content=\"Festa do Senhor Bom Jesus dos Perd\u00f5es vai at\u00e9 domingo - Not\u00edcias - Franciscanos\" \/>\n<meta property=\"og:description\" content=\"Em Curitiba\" \/>\n<meta property=\"og:url\" content=\"https:\/\/franciscanos.org.br\/noticias\/festa-do-senhor-bom-jesus-dos-perdoes-comeca-hoje.html\" \/>\n<meta property=\"og:site_name\" content=\"Not\u00edcias - Franciscanos\" \/>\n<meta property=\"article:published_time\" content=\"2016-08-01T14:55:29+00:00\" \/>\n<meta property=\"article:modified_time\" content=\"2019-08-06T13:26:56+00:00\" \/>\n<meta property=\"og:image\" content=\"https:\/\/franciscanos.org.br\/noticias\/wp-content\/uploads\/2016\/08\/bomjesus.jpg\" \/>\n\t<meta property=\"og:image:width\" content=\"273\" \/>\n\t<meta property=\"og:image:height\" content=\"181\" \/>\n\t<meta property=\"og:image:type\" content=\"image\/jpeg\" \/>\n<meta name=\"author\" content=\"admin\" \/>\n<meta name=\"twitter:card\" content=\"summary_large_image\" \/>\n<meta name=\"twitter:label1\" content=\"Escrito por\" \/>\n\t<meta name=\"twitter:data1\" content=\"admin\" \/>\n\t<meta name=\"twitter:label2\" content=\"Est. tempo de leitura\" \/>\n\t<meta name=\"twitter:data2\" content=\"6 minutos\" \/>\n<script type=\"application\/ld+json\" class=\"yoast-schema-graph\">{\"@context\":\"https:\/\/schema.org\",\"@graph\":[{\"@type\":\"WebSite\",\"@id\":\"https:\/\/franciscanos.org.br\/noticias\/#website\",\"url\":\"https:\/\/franciscanos.org.br\/noticias\/\",\"name\":\"Not\u00edcias - Franciscanos\",\"description\":\"Prov\u00edncia Franciscana da Imaculada Concei\u00e7\u00e3o do Brasil - Ordem dos Frades Menores - OFM\",\"potentialAction\":[{\"@type\":\"SearchAction\",\"target\":{\"@type\":\"EntryPoint\",\"urlTemplate\":\"https:\/\/franciscanos.org.br\/noticias\/?s={search_term_string}\"},\"query-input\":\"required name=search_term_string\"}],\"inLanguage\":\"pt-BR\"},{\"@type\":\"ImageObject\",\"inLanguage\":\"pt-BR\",\"@id\":\"https:\/\/franciscanos.org.br\/noticias\/festa-do-senhor-bom-jesus-dos-perdoes-comeca-hoje.html#primaryimage\",\"url\":\"https:\/\/franciscanos.org.br\/noticias\/wp-content\/uploads\/2016\/08\/bomjesus.jpg\",\"contentUrl\":\"https:\/\/franciscanos.org.br\/noticias\/wp-content\/uploads\/2016\/08\/bomjesus.jpg\",\"width\":273,\"height\":181},{\"@type\":\"WebPage\",\"@id\":\"https:\/\/franciscanos.org.br\/noticias\/festa-do-senhor-bom-jesus-dos-perdoes-comeca-hoje.html#webpage\",\"url\":\"https:\/\/franciscanos.org.br\/noticias\/festa-do-senhor-bom-jesus-dos-perdoes-comeca-hoje.html\",\"name\":\"Festa do Senhor Bom Jesus dos Perd\u00f5es vai at\u00e9 domingo - Not\u00edcias - Franciscanos\",\"isPartOf\":{\"@id\":\"https:\/\/franciscanos.org.br\/noticias\/#website\"},\"primaryImageOfPage\":{\"@id\":\"https:\/\/franciscanos.org.br\/noticias\/festa-do-senhor-bom-jesus-dos-perdoes-comeca-hoje.html#primaryimage\"},\"datePublished\":\"2016-08-01T14:55:29+00:00\",\"dateModified\":\"2019-08-06T13:26:56+00:00\",\"author\":{\"@id\":\"https:\/\/franciscanos.org.br\/noticias\/#\/schema\/person\/b38fbf43118f02820bd932f2e4b14ad3\"},\"breadcrumb\":{\"@id\":\"https:\/\/franciscanos.org.br\/noticias\/festa-do-senhor-bom-jesus-dos-perdoes-comeca-hoje.html#breadcrumb\"},\"inLanguage\":\"pt-BR\",\"potentialAction\":[{\"@type\":\"ReadAction\",\"target\":[\"https:\/\/franciscanos.org.br\/noticias\/festa-do-senhor-bom-jesus-dos-perdoes-comeca-hoje.html\"]}]},{\"@type\":\"BreadcrumbList\",\"@id\":\"https:\/\/franciscanos.org.br\/noticias\/festa-do-senhor-bom-jesus-dos-perdoes-comeca-hoje.html#breadcrumb\",\"itemListElement\":[{\"@type\":\"ListItem\",\"position\":1,\"name\":\"Home\",\"item\":\"https:\/\/franciscanos.org.br\/noticias\"},{\"@type\":\"ListItem\",\"position\":2,\"name\":\"Festa do Senhor Bom Jesus dos Perd\u00f5es vai at\u00e9 domingo\"}]},{\"@type\":\"Person\",\"@id\":\"https:\/\/franciscanos.org.br\/noticias\/#\/schema\/person\/b38fbf43118f02820bd932f2e4b14ad3\",\"name\":\"admin\",\"image\":{\"@type\":\"ImageObject\",\"inLanguage\":\"pt-BR\",\"@id\":\"https:\/\/franciscanos.org.br\/noticias\/#\/schema\/person\/image\/\",\"url\":\"https:\/\/secure.gravatar.com\/avatar\/e8495742d34d0ba6448ea1c628263b3e?s=96&d=mm&r=g\",\"contentUrl\":\"https:\/\/secure.gravatar.com\/avatar\/e8495742d34d0ba6448ea1c628263b3e?s=96&d=mm&r=g\",\"caption\":\"admin\"},\"url\":\"https:\/\/franciscanos.org.br\/noticias\/author\/admin\"}]}<\/script>\n<!-- \/ Yoast SEO plugin. -->","yoast_head_json":{"title":"Festa do Senhor Bom Jesus dos Perd\u00f5es vai at\u00e9 domingo - Not\u00edcias - Franciscanos","robots":{"index":"index","follow":"follow","max-snippet":"max-snippet:-1","max-image-preview":"max-image-preview:large","max-video-preview":"max-video-preview:-1"},"canonical":"https:\/\/franciscanos.org.br\/noticias\/festa-do-senhor-bom-jesus-dos-perdoes-comeca-hoje.html","og_locale":"pt_BR","og_type":"article","og_title":"Festa do Senhor Bom Jesus dos Perd\u00f5es vai at\u00e9 domingo - Not\u00edcias - Franciscanos","og_description":"Em Curitiba","og_url":"https:\/\/franciscanos.org.br\/noticias\/festa-do-senhor-bom-jesus-dos-perdoes-comeca-hoje.html","og_site_name":"Not\u00edcias - Franciscanos","article_published_time":"2016-08-01T14:55:29+00:00","article_modified_time":"2019-08-06T13:26:56+00:00","og_image":[{"width":273,"height":181,"url":"https:\/\/franciscanos.org.br\/noticias\/wp-content\/uploads\/2016\/08\/bomjesus.jpg","type":"image\/jpeg"}],"author":"admin","twitter_card":"summary_large_image","twitter_misc":{"Escrito por":"admin","Est. tempo de leitura":"6 minutos"},"schema":{"@context":"https:\/\/schema.org","@graph":[{"@type":"WebSite","@id":"https:\/\/franciscanos.org.br\/noticias\/#website","url":"https:\/\/franciscanos.org.br\/noticias\/","name":"Not\u00edcias - Franciscanos","description":"Prov\u00edncia Franciscana da Imaculada Concei\u00e7\u00e3o do Brasil - Ordem dos Frades Menores - OFM","potentialAction":[{"@type":"SearchAction","target":{"@type":"EntryPoint","urlTemplate":"https:\/\/franciscanos.org.br\/noticias\/?s={search_term_string}"},"query-input":"required name=search_term_string"}],"inLanguage":"pt-BR"},{"@type":"ImageObject","inLanguage":"pt-BR","@id":"https:\/\/franciscanos.org.br\/noticias\/festa-do-senhor-bom-jesus-dos-perdoes-comeca-hoje.html#primaryimage","url":"https:\/\/franciscanos.org.br\/noticias\/wp-content\/uploads\/2016\/08\/bomjesus.jpg","contentUrl":"https:\/\/franciscanos.org.br\/noticias\/wp-content\/uploads\/2016\/08\/bomjesus.jpg","width":273,"height":181},{"@type":"WebPage","@id":"https:\/\/franciscanos.org.br\/noticias\/festa-do-senhor-bom-jesus-dos-perdoes-comeca-hoje.html#webpage","url":"https:\/\/franciscanos.org.br\/noticias\/festa-do-senhor-bom-jesus-dos-perdoes-comeca-hoje.html","name":"Festa do Senhor Bom Jesus dos Perd\u00f5es vai at\u00e9 domingo - Not\u00edcias - Franciscanos","isPartOf":{"@id":"https:\/\/franciscanos.org.br\/noticias\/#website"},"primaryImageOfPage":{"@id":"https:\/\/franciscanos.org.br\/noticias\/festa-do-senhor-bom-jesus-dos-perdoes-comeca-hoje.html#primaryimage"},"datePublished":"2016-08-01T14:55:29+00:00","dateModified":"2019-08-06T13:26:56+00:00","author":{"@id":"https:\/\/franciscanos.org.br\/noticias\/#\/schema\/person\/b38fbf43118f02820bd932f2e4b14ad3"},"breadcrumb":{"@id":"https:\/\/franciscanos.org.br\/noticias\/festa-do-senhor-bom-jesus-dos-perdoes-comeca-hoje.html#breadcrumb"},"inLanguage":"pt-BR","potentialAction":[{"@type":"ReadAction","target":["https:\/\/franciscanos.org.br\/noticias\/festa-do-senhor-bom-jesus-dos-perdoes-comeca-hoje.html"]}]},{"@type":"BreadcrumbList","@id":"https:\/\/franciscanos.org.br\/noticias\/festa-do-senhor-bom-jesus-dos-perdoes-comeca-hoje.html#breadcrumb","itemListElement":[{"@type":"ListItem","position":1,"name":"Home","item":"https:\/\/franciscanos.org.br\/noticias"},{"@type":"ListItem","position":2,"name":"Festa do Senhor Bom Jesus dos Perd\u00f5es vai at\u00e9 domingo"}]},{"@type":"Person","@id":"https:\/\/franciscanos.org.br\/noticias\/#\/schema\/person\/b38fbf43118f02820bd932f2e4b14ad3","name":"admin","image":{"@type":"ImageObject","inLanguage":"pt-BR","@id":"https:\/\/franciscanos.org.br\/noticias\/#\/schema\/person\/image\/","url":"https:\/\/secure.gravatar.com\/avatar\/e8495742d34d0ba6448ea1c628263b3e?s=96&d=mm&r=g","contentUrl":"https:\/\/secure.gravatar.com\/avatar\/e8495742d34d0ba6448ea1c628263b3e?s=96&d=mm&r=g","caption":"admin"},"url":"https:\/\/franciscanos.org.br\/noticias\/author\/admin"}]}},"_links":{"self":[{"href":"https:\/\/franciscanos.org.br\/noticias\/wp-json\/wp\/v2\/posts\/113274"}],"collection":[{"href":"https:\/\/franciscanos.org.br\/noticias\/wp-json\/wp\/v2\/posts"}],"about":[{"href":"https:\/\/franciscanos.org.br\/noticias\/wp-json\/wp\/v2\/types\/post"}],"author":[{"embeddable":true,"href":"https:\/\/franciscanos.org.br\/noticias\/wp-json\/wp\/v2\/users\/1"}],"replies":[{"embeddable":true,"href":"https:\/\/franciscanos.org.br\/noticias\/wp-json\/wp\/v2\/comments?post=113274"}],"version-history":[{"count":0,"href":"https:\/\/franciscanos.org.br\/noticias\/wp-json\/wp\/v2\/posts\/113274\/revisions"}],"wp:featuredmedia":[{"embeddable":true,"href":"https:\/\/franciscanos.org.br\/noticias\/wp-json\/wp\/v2\/media\/208804"}],"wp:attachment":[{"href":"https:\/\/franciscanos.org.br\/noticias\/wp-json\/wp\/v2\/media?parent=113274"}],"wp:term":[{"taxonomy":"category","embeddable":true,"href":"https:\/\/franciscanos.org.br\/noticias\/wp-json\/wp\/v2\/categories?post=113274"},{"taxonomy":"post_tag","embeddable":true,"href":"https:\/\/franciscanos.org.br\/noticias\/wp-json\/wp\/v2\/tags?post=113274"}],"curies":[{"name":"wp","href":"https:\/\/api.w.org\/{rel}","templated":true}]}}