{"id":113150,"date":"2016-07-28T09:43:09","date_gmt":"2016-07-28T12:43:09","guid":{"rendered":"http:\/\/franciscanos.org.br\/?p=113150"},"modified":"2020-03-24T11:48:59","modified_gmt":"2020-03-24T14:48:59","slug":"levanta-te-e-desce","status":"publish","type":"post","link":"https:\/\/franciscanos.org.br\/noticias\/levanta-te-e-desce.html","title":{"rendered":"Levanta-te e desce"},"content":{"rendered":"<p><img loading=\"lazy\" src=\"http:\/\/franciscanos.org.br\/wp-content\/uploads\/2016\/07\/oleiro.jpg\" alt=\"oleiro\" width=\"820\" height=\"413\" \/><\/p>\n<p><strong>Mauro Lopes<\/strong><\/p>\n<p>Crist\u00e3os cat\u00f3licos ouvem hoje na Primeira Leitura (28) das missas um trecho do profeta Jeremias com uma breve hist\u00f3ria sobre o oleiro e Deus (leia no final). Muito j\u00e1 se escreveu sobre essa imagem de Deus como oleiro, que remete sempre ao G\u00eanesis (o ser humano moldado do barro). N\u00e3o foi sobre isso que me detive hoje.<\/p>\n<p>Estou parado at\u00e9 agora sobre os dois verbos que abrem o texto: &#8220;Levanta-te e desce&#8221;. S\u00e3o o resumo, a ess\u00eancia da vida para os crist\u00e3os e para todos aqueles que buscam sentido em sua jornada pessoal.<\/p>\n<p>Levantar e descer. Levantar para descer. O ser humano s\u00f3 levanta-se, isto \u00e9, ergue-se sobre seus p\u00e9s, toma o rumo da vida para si, se est\u00e1 disposto a descer. Fazer o caminho da descida aos vazios e interroga\u00e7\u00f5es de si pr\u00f3prio, ao sofrimento dos outros, \u00e0 miserabilidade que os sistemas econ\u00f4micos e pol\u00edticos espalham como praga desde os primeiros tempos.<\/p>\n<p>O capitalismo tenta nos convencer que o caminho da vida \u00e9 uma subida. Quem acredita nisso faz seu caminho rastejando, servil ao dinheiro e ao desejo de sucesso.<\/p>\n<p>O Papa Francisco decretou este 2016 como Ano da Miseric\u00f3rdia. Em quase todos os domingos rezamos o Evangelho de Lucas nas missas -este ano lit\u00fargico j\u00e1 seria dedicado \u00e0 leituras deste evangelista mas o fato foi muito real\u00e7ado pelo papa, por ser Lucas o Evangelho dos pobres. O centro do texto lucano \u00e9 a descri\u00e7\u00e3o da subida de Jesus da Galileia at\u00e9 Jerusal\u00e9m. Ele caminhou para o alto -Jerusal\u00e9m est\u00e1 num monte. Mas foi um caminho de descida, at\u00e9 a cruz. Jesus indicou a seus amigos e amigas que para chegar ao c\u00e9u, ao cume do autoconhecimento, eles e elas deveriam acompanh\u00e1-lo no constante despojar-se, solidarizar-se, empobrecer-se, descentrar-se.<\/p>\n<p>A vida de Jesus pode ser resumida a este movimento, em dois atos: levantou-se e desceu. Jeremias e os profetas j\u00e1 sabiam.<\/p>\n<p><strong>Jeremias 18,1-6.<\/strong><br \/>\nPalavra que o Senhor dirigiu ao profeta Jeremias:<br \/>\n\u00abLevanta-te e desce \u00e0 casa do oleiro; ali te farei ouvir as minhas palavras\u00bb.<br \/>\nEu desci \u00e0 casa do oleiro e encontrei-o a trabalhar na roda. Quando o vaso que ele estava a moldar n\u00e3o sa\u00eda bem, como acontece com o barro nas m\u00e3os do oleiro, ele come\u00e7ava de novo e fazia outro vaso, como lhe parecia melhor.<br \/>\nEnt\u00e3o o Senhor dirigiu-me a palavra, dizendo: \u00abN\u00e3o poderei Eu tratar-vos como este oleiro, \u00f3 casa de Israel? \u2013 diz o Senhor \u2013. Como o barro nas m\u00e3os do oleiro, assim estais v\u00f3s na minha m\u00e3o, \u00f3 casa de Israel\u00bb.<\/p>\n","protected":false},"excerpt":{"rendered":"<p>Reflex\u00e3o<\/p>\n","protected":false},"author":1,"featured_media":222468,"comment_status":"open","ping_status":"open","sticky":false,"template":"","format":"standard","meta":[],"categories":[1],"tags":[],"acf":[],"yoast_head":"<!-- This site is optimized with the Yoast SEO plugin v19.2 - https:\/\/yoast.com\/wordpress\/plugins\/seo\/ -->\n<title>Levanta-te e desce - Not\u00edcias - Franciscanos<\/title>\n<meta name=\"robots\" content=\"index, follow, max-snippet:-1, max-image-preview:large, max-video-preview:-1\" \/>\n<link rel=\"canonical\" href=\"https:\/\/franciscanos.org.br\/noticias\/levanta-te-e-desce.html\" \/>\n<meta property=\"og:locale\" content=\"pt_BR\" \/>\n<meta property=\"og:type\" content=\"article\" \/>\n<meta property=\"og:title\" content=\"Levanta-te e desce - Not\u00edcias - Franciscanos\" \/>\n<meta property=\"og:description\" content=\"Reflex\u00e3o\" \/>\n<meta property=\"og:url\" content=\"https:\/\/franciscanos.org.br\/noticias\/levanta-te-e-desce.html\" \/>\n<meta property=\"og:site_name\" content=\"Not\u00edcias - Franciscanos\" \/>\n<meta property=\"article:published_time\" content=\"2016-07-28T12:43:09+00:00\" \/>\n<meta property=\"article:modified_time\" content=\"2020-03-24T14:48:59+00:00\" \/>\n<meta property=\"og:image\" content=\"https:\/\/franciscanos.org.br\/noticias\/wp-content\/uploads\/2016\/07\/oleiro.jpg\" \/>\n\t<meta property=\"og:image:width\" content=\"273\" \/>\n\t<meta property=\"og:image:height\" content=\"181\" \/>\n\t<meta property=\"og:image:type\" content=\"image\/jpeg\" \/>\n<meta name=\"author\" content=\"admin\" \/>\n<meta name=\"twitter:card\" content=\"summary_large_image\" \/>\n<meta name=\"twitter:label1\" content=\"Escrito por\" \/>\n\t<meta name=\"twitter:data1\" content=\"admin\" \/>\n\t<meta name=\"twitter:label2\" content=\"Est. tempo de leitura\" \/>\n\t<meta name=\"twitter:data2\" content=\"2 minutos\" \/>\n<script type=\"application\/ld+json\" class=\"yoast-schema-graph\">{\"@context\":\"https:\/\/schema.org\",\"@graph\":[{\"@type\":\"WebSite\",\"@id\":\"https:\/\/franciscanos.org.br\/noticias\/#website\",\"url\":\"https:\/\/franciscanos.org.br\/noticias\/\",\"name\":\"Not\u00edcias - Franciscanos\",\"description\":\"Prov\u00edncia Franciscana da Imaculada Concei\u00e7\u00e3o do Brasil - Ordem dos Frades Menores - OFM\",\"potentialAction\":[{\"@type\":\"SearchAction\",\"target\":{\"@type\":\"EntryPoint\",\"urlTemplate\":\"https:\/\/franciscanos.org.br\/noticias\/?s={search_term_string}\"},\"query-input\":\"required name=search_term_string\"}],\"inLanguage\":\"pt-BR\"},{\"@type\":\"ImageObject\",\"inLanguage\":\"pt-BR\",\"@id\":\"https:\/\/franciscanos.org.br\/noticias\/levanta-te-e-desce.html#primaryimage\",\"url\":\"https:\/\/franciscanos.org.br\/noticias\/wp-content\/uploads\/2016\/07\/oleiro.jpg\",\"contentUrl\":\"https:\/\/franciscanos.org.br\/noticias\/wp-content\/uploads\/2016\/07\/oleiro.jpg\",\"width\":273,\"height\":181},{\"@type\":\"WebPage\",\"@id\":\"https:\/\/franciscanos.org.br\/noticias\/levanta-te-e-desce.html#webpage\",\"url\":\"https:\/\/franciscanos.org.br\/noticias\/levanta-te-e-desce.html\",\"name\":\"Levanta-te e desce - Not\u00edcias - Franciscanos\",\"isPartOf\":{\"@id\":\"https:\/\/franciscanos.org.br\/noticias\/#website\"},\"primaryImageOfPage\":{\"@id\":\"https:\/\/franciscanos.org.br\/noticias\/levanta-te-e-desce.html#primaryimage\"},\"datePublished\":\"2016-07-28T12:43:09+00:00\",\"dateModified\":\"2020-03-24T14:48:59+00:00\",\"author\":{\"@id\":\"https:\/\/franciscanos.org.br\/noticias\/#\/schema\/person\/b38fbf43118f02820bd932f2e4b14ad3\"},\"breadcrumb\":{\"@id\":\"https:\/\/franciscanos.org.br\/noticias\/levanta-te-e-desce.html#breadcrumb\"},\"inLanguage\":\"pt-BR\",\"potentialAction\":[{\"@type\":\"ReadAction\",\"target\":[\"https:\/\/franciscanos.org.br\/noticias\/levanta-te-e-desce.html\"]}]},{\"@type\":\"BreadcrumbList\",\"@id\":\"https:\/\/franciscanos.org.br\/noticias\/levanta-te-e-desce.html#breadcrumb\",\"itemListElement\":[{\"@type\":\"ListItem\",\"position\":1,\"name\":\"Home\",\"item\":\"https:\/\/franciscanos.org.br\/noticias\"},{\"@type\":\"ListItem\",\"position\":2,\"name\":\"Levanta-te e desce\"}]},{\"@type\":\"Person\",\"@id\":\"https:\/\/franciscanos.org.br\/noticias\/#\/schema\/person\/b38fbf43118f02820bd932f2e4b14ad3\",\"name\":\"admin\",\"image\":{\"@type\":\"ImageObject\",\"inLanguage\":\"pt-BR\",\"@id\":\"https:\/\/franciscanos.org.br\/noticias\/#\/schema\/person\/image\/\",\"url\":\"https:\/\/secure.gravatar.com\/avatar\/e8495742d34d0ba6448ea1c628263b3e?s=96&d=mm&r=g\",\"contentUrl\":\"https:\/\/secure.gravatar.com\/avatar\/e8495742d34d0ba6448ea1c628263b3e?s=96&d=mm&r=g\",\"caption\":\"admin\"},\"url\":\"https:\/\/franciscanos.org.br\/noticias\/author\/admin\"}]}<\/script>\n<!-- \/ Yoast SEO plugin. -->","yoast_head_json":{"title":"Levanta-te e desce - Not\u00edcias - Franciscanos","robots":{"index":"index","follow":"follow","max-snippet":"max-snippet:-1","max-image-preview":"max-image-preview:large","max-video-preview":"max-video-preview:-1"},"canonical":"https:\/\/franciscanos.org.br\/noticias\/levanta-te-e-desce.html","og_locale":"pt_BR","og_type":"article","og_title":"Levanta-te e desce - Not\u00edcias - Franciscanos","og_description":"Reflex\u00e3o","og_url":"https:\/\/franciscanos.org.br\/noticias\/levanta-te-e-desce.html","og_site_name":"Not\u00edcias - Franciscanos","article_published_time":"2016-07-28T12:43:09+00:00","article_modified_time":"2020-03-24T14:48:59+00:00","og_image":[{"width":273,"height":181,"url":"https:\/\/franciscanos.org.br\/noticias\/wp-content\/uploads\/2016\/07\/oleiro.jpg","type":"image\/jpeg"}],"author":"admin","twitter_card":"summary_large_image","twitter_misc":{"Escrito por":"admin","Est. tempo de leitura":"2 minutos"},"schema":{"@context":"https:\/\/schema.org","@graph":[{"@type":"WebSite","@id":"https:\/\/franciscanos.org.br\/noticias\/#website","url":"https:\/\/franciscanos.org.br\/noticias\/","name":"Not\u00edcias - Franciscanos","description":"Prov\u00edncia Franciscana da Imaculada Concei\u00e7\u00e3o do Brasil - Ordem dos Frades Menores - OFM","potentialAction":[{"@type":"SearchAction","target":{"@type":"EntryPoint","urlTemplate":"https:\/\/franciscanos.org.br\/noticias\/?s={search_term_string}"},"query-input":"required name=search_term_string"}],"inLanguage":"pt-BR"},{"@type":"ImageObject","inLanguage":"pt-BR","@id":"https:\/\/franciscanos.org.br\/noticias\/levanta-te-e-desce.html#primaryimage","url":"https:\/\/franciscanos.org.br\/noticias\/wp-content\/uploads\/2016\/07\/oleiro.jpg","contentUrl":"https:\/\/franciscanos.org.br\/noticias\/wp-content\/uploads\/2016\/07\/oleiro.jpg","width":273,"height":181},{"@type":"WebPage","@id":"https:\/\/franciscanos.org.br\/noticias\/levanta-te-e-desce.html#webpage","url":"https:\/\/franciscanos.org.br\/noticias\/levanta-te-e-desce.html","name":"Levanta-te e desce - Not\u00edcias - Franciscanos","isPartOf":{"@id":"https:\/\/franciscanos.org.br\/noticias\/#website"},"primaryImageOfPage":{"@id":"https:\/\/franciscanos.org.br\/noticias\/levanta-te-e-desce.html#primaryimage"},"datePublished":"2016-07-28T12:43:09+00:00","dateModified":"2020-03-24T14:48:59+00:00","author":{"@id":"https:\/\/franciscanos.org.br\/noticias\/#\/schema\/person\/b38fbf43118f02820bd932f2e4b14ad3"},"breadcrumb":{"@id":"https:\/\/franciscanos.org.br\/noticias\/levanta-te-e-desce.html#breadcrumb"},"inLanguage":"pt-BR","potentialAction":[{"@type":"ReadAction","target":["https:\/\/franciscanos.org.br\/noticias\/levanta-te-e-desce.html"]}]},{"@type":"BreadcrumbList","@id":"https:\/\/franciscanos.org.br\/noticias\/levanta-te-e-desce.html#breadcrumb","itemListElement":[{"@type":"ListItem","position":1,"name":"Home","item":"https:\/\/franciscanos.org.br\/noticias"},{"@type":"ListItem","position":2,"name":"Levanta-te e desce"}]},{"@type":"Person","@id":"https:\/\/franciscanos.org.br\/noticias\/#\/schema\/person\/b38fbf43118f02820bd932f2e4b14ad3","name":"admin","image":{"@type":"ImageObject","inLanguage":"pt-BR","@id":"https:\/\/franciscanos.org.br\/noticias\/#\/schema\/person\/image\/","url":"https:\/\/secure.gravatar.com\/avatar\/e8495742d34d0ba6448ea1c628263b3e?s=96&d=mm&r=g","contentUrl":"https:\/\/secure.gravatar.com\/avatar\/e8495742d34d0ba6448ea1c628263b3e?s=96&d=mm&r=g","caption":"admin"},"url":"https:\/\/franciscanos.org.br\/noticias\/author\/admin"}]}},"_links":{"self":[{"href":"https:\/\/franciscanos.org.br\/noticias\/wp-json\/wp\/v2\/posts\/113150"}],"collection":[{"href":"https:\/\/franciscanos.org.br\/noticias\/wp-json\/wp\/v2\/posts"}],"about":[{"href":"https:\/\/franciscanos.org.br\/noticias\/wp-json\/wp\/v2\/types\/post"}],"author":[{"embeddable":true,"href":"https:\/\/franciscanos.org.br\/noticias\/wp-json\/wp\/v2\/users\/1"}],"replies":[{"embeddable":true,"href":"https:\/\/franciscanos.org.br\/noticias\/wp-json\/wp\/v2\/comments?post=113150"}],"version-history":[{"count":1,"href":"https:\/\/franciscanos.org.br\/noticias\/wp-json\/wp\/v2\/posts\/113150\/revisions"}],"predecessor-version":[{"id":222469,"href":"https:\/\/franciscanos.org.br\/noticias\/wp-json\/wp\/v2\/posts\/113150\/revisions\/222469"}],"wp:featuredmedia":[{"embeddable":true,"href":"https:\/\/franciscanos.org.br\/noticias\/wp-json\/wp\/v2\/media\/222468"}],"wp:attachment":[{"href":"https:\/\/franciscanos.org.br\/noticias\/wp-json\/wp\/v2\/media?parent=113150"}],"wp:term":[{"taxonomy":"category","embeddable":true,"href":"https:\/\/franciscanos.org.br\/noticias\/wp-json\/wp\/v2\/categories?post=113150"},{"taxonomy":"post_tag","embeddable":true,"href":"https:\/\/franciscanos.org.br\/noticias\/wp-json\/wp\/v2\/tags?post=113150"}],"curies":[{"name":"wp","href":"https:\/\/api.w.org\/{rel}","templated":true}]}}