{"id":112915,"date":"2016-07-25T15:23:30","date_gmt":"2016-07-25T18:23:30","guid":{"rendered":"http:\/\/franciscanos.org.br\/?p=112915"},"modified":"2019-09-03T12:59:10","modified_gmt":"2019-09-03T15:59:10","slug":"frei-estevao-e-nomeado-guardiao-em-roma","status":"publish","type":"post","link":"https:\/\/franciscanos.org.br\/noticias\/frei-estevao-e-nomeado-guardiao-em-roma.html","title":{"rendered":"Frei Est\u00eav\u00e3o \u00e9 nomeado guardi\u00e3o em Roma"},"content":{"rendered":"<p><img loading=\"lazy\" src=\"http:\/\/franciscanos.org.br\/wp-content\/uploads\/2016\/07\/estevao.jpg\" alt=\"estevao\" width=\"820\" height=\"470\" \/><\/p>\n<p><strong>S\u00e3o Paulo (SP)<\/strong> &#8211; A C\u00faria Geral da Ordem dos Frades Menores, com sede em Roma, divulgou hoje (25 de julho) a nomea\u00e7\u00e3o de Frei Est\u00eav\u00e3o Ottenbreit como guardi\u00e3o da Fraternidade Antonianum de Roma, decis\u00e3o que foi tomada na \u00faltima reuni\u00e3o do Governo Geral da Ordem neste in\u00edcio de julho. Esta Fraternidade se comp\u00f5e de duas comunidades: a do Col\u00e9gio Internacional Santo Ant\u00f4nio, que re\u00fane frades permanentes, e a Beato Gabriel Allegra, que re\u00fane os estudantes de todo o mundo.<\/p>\n<p>Segundo o Governo da Ordem, a experi\u00eancia internacional de Frei Est\u00eav\u00e3o, como Vig\u00e1rio da Ordem &#8211; de 1997 a 2003 &#8211; e a fun\u00e7\u00e3o de Gerente Geral da Missionszentrale dos Franciscanos, em Bonn (Alemanha) &#8211; de 2003 a 2009 &#8211; levou a esta escolha, que Frei Est\u00eav\u00e3o aceitou &#8220;em nome da obedi\u00eancia&#8221;, j\u00e1 que estava muito envolvido como guardi\u00e3o no trabalho de recupera\u00e7\u00e3o do Convento Santo Ant\u00f4nio do Rio de Janeiro, fun\u00e7\u00e3o que assumiu neste ano. &#8220;Pretendo viajar a Roma no final de setembro&#8221;, adiantou Frei Est\u00eav\u00e3o, j\u00e1 que o in\u00edcio das atividades na Universidade ser\u00e1 em outubro.<\/p>\n<p>Frei Est\u00eav\u00e3o \u00e9 natural de Grosswallstadt, na Alemanha, onde nasceu no dia 6 de setembro de 1942. Veio para o Brasil ainda jovem como mission\u00e1rio, onde recebeu o h\u00e1bito franciscano no Noviciado de Rodeio em 1963. Desde ent\u00e3o, Frei Est\u00eav\u00e3o vem acumulando sucessivamente fun\u00e7\u00f5es e trabalhos pela Prov\u00edncia da Imaculada e pela Ordem. Em 1982 era eleito Vig\u00e1rio Provincial e, logo em seguida, de 1985 a 1994, tornou-se Ministro Provincial. Nesses dois mandatos, n\u00e3o poupou esfor\u00e7os para ver a Miss\u00e3o de Angola se tornar uma realidade, mesmo em meio \u00e0s enormes dificuldades, especialmente no per\u00edodo da guerra. No ano passado, celebrou com alegria e gratid\u00e3o os frutos desta Miss\u00e3o com o Jubileu de 25 anos de funda\u00e7\u00e3o. Incans\u00e1vel, destemido, Frei Est\u00eav\u00e3o estava \u00e0 frente da Prov\u00edncia da Imaculada no segundo mandato como Ministro Provincial quando iniciou o processo para o envio dos mission\u00e1rios. &#8220;Ver a nossa Funda\u00e7\u00e3o celebrando 25 anos me enche, de certo modo, de alegria. Sem querer dizer agora que somos melhores do que os outros. Eu mesmo n\u00e3o tenho explica\u00e7\u00e3o para isso&#8221;, dizia em entrevista no ano passado. Em 1991, a Prov\u00edncia Franciscana da Imaculada Concei\u00e7\u00e3o do Brasil celebrou o centen\u00e1rio de sua restaura\u00e7\u00e3o gra\u00e7as aos mission\u00e1rios alem\u00e3es.<\/p>\n<p>Depois do trabalho na Miss\u00e3o Central dos Franciscanos, Frei Est\u00eav\u00e3o foi eleito novamente Vig\u00e1rio Provincial para o sex\u00eanio 2010 e 2015 e, neste ano, assumiu como guardi\u00e3o da Fraternidade do Convento Santo Ant\u00f4nio, continuando a ser assistente da Federa\u00e7\u00e3o das Irm\u00e3s Concepcionistas.<\/p>\n<p><strong>Antonianum<\/strong><\/p>\n<p>Na sua atual sede e com as relativas estruturas, o Antonianum teve in\u00edcio em 1887, gra\u00e7as \u00e0 decis\u00e3o e \u00e0 iniciativa do ent\u00e3o Ministro Geral da Ordem dos Frades Menores de fundar em Roma um estudo geral para toda a Ordem.<\/p>\n<p>A 20 de novembro de 1890, com a b\u00ean\u00e7\u00e3o do Papa Le\u00e3o XIII, foram iniciadas a vida e a atividade acad\u00eamica do Collegium Sancti Antonii Patavini in Urbe. A 17 de maio de 1933, a Congrega\u00e7\u00e3o para a Educa\u00e7\u00e3o Cat\u00f3lica declarou canonicamente erigido o Athen\u00e6um Antonianum in Urbe, com as Faculdades de Teologia, de Direito can\u00f4nico e de Filosofia, autorizando-o a conferir tais graus acad\u00eamicos. A 4 de junho de 1938, o Sumo Pont\u00edfice Pio XI concedeu ao Ateneu o t\u00edtulo de Pontif\u00edcio e a 15 de Agosto do mesmo ano foram aprovados os seus estatutos.<\/p>\n<p>A 4 de Setembro de 2001, a Congrega\u00e7\u00e3o para a Educa\u00e7\u00e3o Cat\u00f3lica transformou o Studium Biblicum Franciscanum de Jerusal\u00e9m, at\u00e9 ent\u00e3o se\u00e7\u00e3o da Faculdade de Teologia do Ateneu, erigindo-o como Faculdade de Ci\u00eancias B\u00edblicas e de Arqueologia do mesmo Ateneu, com o poder de conferir os graus acad\u00eamicos de bacharelado em sagrada Teologia, assim como a licen\u00e7a e o doutoramento em Ci\u00eancias B\u00edblicas e Arqueologia.<\/p>\n<p>O Pontif\u00edcio Ateneu Antonianum, constitu\u00eddo por quatro Faculdades, viu-se assim em condi\u00e7\u00f5es para ser distinguido com o t\u00edtulo de universidade. Com um solene ato acad\u00eamico se celebrou a eleva\u00e7\u00e3o do Pontif\u00edcio Ateneu Antonianum \u00e0 categoria de Universidade, feita pelo Santo Padre Jo\u00e3o Paulo II a 11 de Janeiro de 2005.<\/p>\n<p><strong>Moacir Beggo<\/strong><\/p>\n","protected":false},"excerpt":{"rendered":"<p>OFM<\/p>\n","protected":false},"author":1,"featured_media":210058,"comment_status":"open","ping_status":"open","sticky":false,"template":"","format":"standard","meta":[],"categories":[1],"tags":[],"acf":[],"yoast_head":"<!-- This site is optimized with the Yoast SEO plugin v19.2 - https:\/\/yoast.com\/wordpress\/plugins\/seo\/ -->\n<title>Frei Est\u00eav\u00e3o \u00e9 nomeado guardi\u00e3o em Roma - Not\u00edcias - Franciscanos<\/title>\n<meta name=\"robots\" content=\"index, follow, max-snippet:-1, max-image-preview:large, max-video-preview:-1\" \/>\n<link rel=\"canonical\" href=\"https:\/\/franciscanos.org.br\/noticias\/frei-estevao-e-nomeado-guardiao-em-roma.html\" \/>\n<meta property=\"og:locale\" content=\"pt_BR\" \/>\n<meta property=\"og:type\" content=\"article\" \/>\n<meta property=\"og:title\" content=\"Frei Est\u00eav\u00e3o \u00e9 nomeado guardi\u00e3o em Roma - Not\u00edcias - Franciscanos\" \/>\n<meta property=\"og:description\" content=\"OFM\" \/>\n<meta property=\"og:url\" content=\"https:\/\/franciscanos.org.br\/noticias\/frei-estevao-e-nomeado-guardiao-em-roma.html\" \/>\n<meta property=\"og:site_name\" content=\"Not\u00edcias - Franciscanos\" \/>\n<meta property=\"article:published_time\" content=\"2016-07-25T18:23:30+00:00\" \/>\n<meta property=\"article:modified_time\" content=\"2019-09-03T15:59:10+00:00\" \/>\n<meta property=\"og:image\" content=\"https:\/\/franciscanos.org.br\/noticias\/wp-content\/uploads\/2016\/07\/estevao.jpg\" \/>\n\t<meta property=\"og:image:width\" content=\"273\" \/>\n\t<meta property=\"og:image:height\" content=\"181\" \/>\n\t<meta property=\"og:image:type\" content=\"image\/jpeg\" \/>\n<meta name=\"author\" content=\"admin\" \/>\n<meta name=\"twitter:card\" content=\"summary_large_image\" \/>\n<meta name=\"twitter:label1\" content=\"Escrito por\" \/>\n\t<meta name=\"twitter:data1\" content=\"admin\" \/>\n\t<meta name=\"twitter:label2\" content=\"Est. tempo de leitura\" \/>\n\t<meta name=\"twitter:data2\" content=\"4 minutos\" \/>\n<script type=\"application\/ld+json\" class=\"yoast-schema-graph\">{\"@context\":\"https:\/\/schema.org\",\"@graph\":[{\"@type\":\"WebSite\",\"@id\":\"https:\/\/franciscanos.org.br\/noticias\/#website\",\"url\":\"https:\/\/franciscanos.org.br\/noticias\/\",\"name\":\"Not\u00edcias - Franciscanos\",\"description\":\"Prov\u00edncia Franciscana da Imaculada Concei\u00e7\u00e3o do Brasil - Ordem dos Frades Menores - OFM\",\"potentialAction\":[{\"@type\":\"SearchAction\",\"target\":{\"@type\":\"EntryPoint\",\"urlTemplate\":\"https:\/\/franciscanos.org.br\/noticias\/?s={search_term_string}\"},\"query-input\":\"required name=search_term_string\"}],\"inLanguage\":\"pt-BR\"},{\"@type\":\"ImageObject\",\"inLanguage\":\"pt-BR\",\"@id\":\"https:\/\/franciscanos.org.br\/noticias\/frei-estevao-e-nomeado-guardiao-em-roma.html#primaryimage\",\"url\":\"https:\/\/franciscanos.org.br\/noticias\/wp-content\/uploads\/2016\/07\/estevao.jpg\",\"contentUrl\":\"https:\/\/franciscanos.org.br\/noticias\/wp-content\/uploads\/2016\/07\/estevao.jpg\",\"width\":273,\"height\":181},{\"@type\":\"WebPage\",\"@id\":\"https:\/\/franciscanos.org.br\/noticias\/frei-estevao-e-nomeado-guardiao-em-roma.html#webpage\",\"url\":\"https:\/\/franciscanos.org.br\/noticias\/frei-estevao-e-nomeado-guardiao-em-roma.html\",\"name\":\"Frei Est\u00eav\u00e3o \u00e9 nomeado guardi\u00e3o em Roma - Not\u00edcias - Franciscanos\",\"isPartOf\":{\"@id\":\"https:\/\/franciscanos.org.br\/noticias\/#website\"},\"primaryImageOfPage\":{\"@id\":\"https:\/\/franciscanos.org.br\/noticias\/frei-estevao-e-nomeado-guardiao-em-roma.html#primaryimage\"},\"datePublished\":\"2016-07-25T18:23:30+00:00\",\"dateModified\":\"2019-09-03T15:59:10+00:00\",\"author\":{\"@id\":\"https:\/\/franciscanos.org.br\/noticias\/#\/schema\/person\/b38fbf43118f02820bd932f2e4b14ad3\"},\"breadcrumb\":{\"@id\":\"https:\/\/franciscanos.org.br\/noticias\/frei-estevao-e-nomeado-guardiao-em-roma.html#breadcrumb\"},\"inLanguage\":\"pt-BR\",\"potentialAction\":[{\"@type\":\"ReadAction\",\"target\":[\"https:\/\/franciscanos.org.br\/noticias\/frei-estevao-e-nomeado-guardiao-em-roma.html\"]}]},{\"@type\":\"BreadcrumbList\",\"@id\":\"https:\/\/franciscanos.org.br\/noticias\/frei-estevao-e-nomeado-guardiao-em-roma.html#breadcrumb\",\"itemListElement\":[{\"@type\":\"ListItem\",\"position\":1,\"name\":\"Home\",\"item\":\"https:\/\/franciscanos.org.br\/noticias\"},{\"@type\":\"ListItem\",\"position\":2,\"name\":\"Frei Est\u00eav\u00e3o \u00e9 nomeado guardi\u00e3o em Roma\"}]},{\"@type\":\"Person\",\"@id\":\"https:\/\/franciscanos.org.br\/noticias\/#\/schema\/person\/b38fbf43118f02820bd932f2e4b14ad3\",\"name\":\"admin\",\"image\":{\"@type\":\"ImageObject\",\"inLanguage\":\"pt-BR\",\"@id\":\"https:\/\/franciscanos.org.br\/noticias\/#\/schema\/person\/image\/\",\"url\":\"https:\/\/secure.gravatar.com\/avatar\/e8495742d34d0ba6448ea1c628263b3e?s=96&d=mm&r=g\",\"contentUrl\":\"https:\/\/secure.gravatar.com\/avatar\/e8495742d34d0ba6448ea1c628263b3e?s=96&d=mm&r=g\",\"caption\":\"admin\"},\"url\":\"https:\/\/franciscanos.org.br\/noticias\/author\/admin\"}]}<\/script>\n<!-- \/ Yoast SEO plugin. -->","yoast_head_json":{"title":"Frei Est\u00eav\u00e3o \u00e9 nomeado guardi\u00e3o em Roma - Not\u00edcias - Franciscanos","robots":{"index":"index","follow":"follow","max-snippet":"max-snippet:-1","max-image-preview":"max-image-preview:large","max-video-preview":"max-video-preview:-1"},"canonical":"https:\/\/franciscanos.org.br\/noticias\/frei-estevao-e-nomeado-guardiao-em-roma.html","og_locale":"pt_BR","og_type":"article","og_title":"Frei Est\u00eav\u00e3o \u00e9 nomeado guardi\u00e3o em Roma - Not\u00edcias - Franciscanos","og_description":"OFM","og_url":"https:\/\/franciscanos.org.br\/noticias\/frei-estevao-e-nomeado-guardiao-em-roma.html","og_site_name":"Not\u00edcias - Franciscanos","article_published_time":"2016-07-25T18:23:30+00:00","article_modified_time":"2019-09-03T15:59:10+00:00","og_image":[{"width":273,"height":181,"url":"https:\/\/franciscanos.org.br\/noticias\/wp-content\/uploads\/2016\/07\/estevao.jpg","type":"image\/jpeg"}],"author":"admin","twitter_card":"summary_large_image","twitter_misc":{"Escrito por":"admin","Est. tempo de leitura":"4 minutos"},"schema":{"@context":"https:\/\/schema.org","@graph":[{"@type":"WebSite","@id":"https:\/\/franciscanos.org.br\/noticias\/#website","url":"https:\/\/franciscanos.org.br\/noticias\/","name":"Not\u00edcias - Franciscanos","description":"Prov\u00edncia Franciscana da Imaculada Concei\u00e7\u00e3o do Brasil - Ordem dos Frades Menores - OFM","potentialAction":[{"@type":"SearchAction","target":{"@type":"EntryPoint","urlTemplate":"https:\/\/franciscanos.org.br\/noticias\/?s={search_term_string}"},"query-input":"required name=search_term_string"}],"inLanguage":"pt-BR"},{"@type":"ImageObject","inLanguage":"pt-BR","@id":"https:\/\/franciscanos.org.br\/noticias\/frei-estevao-e-nomeado-guardiao-em-roma.html#primaryimage","url":"https:\/\/franciscanos.org.br\/noticias\/wp-content\/uploads\/2016\/07\/estevao.jpg","contentUrl":"https:\/\/franciscanos.org.br\/noticias\/wp-content\/uploads\/2016\/07\/estevao.jpg","width":273,"height":181},{"@type":"WebPage","@id":"https:\/\/franciscanos.org.br\/noticias\/frei-estevao-e-nomeado-guardiao-em-roma.html#webpage","url":"https:\/\/franciscanos.org.br\/noticias\/frei-estevao-e-nomeado-guardiao-em-roma.html","name":"Frei Est\u00eav\u00e3o \u00e9 nomeado guardi\u00e3o em Roma - Not\u00edcias - Franciscanos","isPartOf":{"@id":"https:\/\/franciscanos.org.br\/noticias\/#website"},"primaryImageOfPage":{"@id":"https:\/\/franciscanos.org.br\/noticias\/frei-estevao-e-nomeado-guardiao-em-roma.html#primaryimage"},"datePublished":"2016-07-25T18:23:30+00:00","dateModified":"2019-09-03T15:59:10+00:00","author":{"@id":"https:\/\/franciscanos.org.br\/noticias\/#\/schema\/person\/b38fbf43118f02820bd932f2e4b14ad3"},"breadcrumb":{"@id":"https:\/\/franciscanos.org.br\/noticias\/frei-estevao-e-nomeado-guardiao-em-roma.html#breadcrumb"},"inLanguage":"pt-BR","potentialAction":[{"@type":"ReadAction","target":["https:\/\/franciscanos.org.br\/noticias\/frei-estevao-e-nomeado-guardiao-em-roma.html"]}]},{"@type":"BreadcrumbList","@id":"https:\/\/franciscanos.org.br\/noticias\/frei-estevao-e-nomeado-guardiao-em-roma.html#breadcrumb","itemListElement":[{"@type":"ListItem","position":1,"name":"Home","item":"https:\/\/franciscanos.org.br\/noticias"},{"@type":"ListItem","position":2,"name":"Frei Est\u00eav\u00e3o \u00e9 nomeado guardi\u00e3o em Roma"}]},{"@type":"Person","@id":"https:\/\/franciscanos.org.br\/noticias\/#\/schema\/person\/b38fbf43118f02820bd932f2e4b14ad3","name":"admin","image":{"@type":"ImageObject","inLanguage":"pt-BR","@id":"https:\/\/franciscanos.org.br\/noticias\/#\/schema\/person\/image\/","url":"https:\/\/secure.gravatar.com\/avatar\/e8495742d34d0ba6448ea1c628263b3e?s=96&d=mm&r=g","contentUrl":"https:\/\/secure.gravatar.com\/avatar\/e8495742d34d0ba6448ea1c628263b3e?s=96&d=mm&r=g","caption":"admin"},"url":"https:\/\/franciscanos.org.br\/noticias\/author\/admin"}]}},"_links":{"self":[{"href":"https:\/\/franciscanos.org.br\/noticias\/wp-json\/wp\/v2\/posts\/112915"}],"collection":[{"href":"https:\/\/franciscanos.org.br\/noticias\/wp-json\/wp\/v2\/posts"}],"about":[{"href":"https:\/\/franciscanos.org.br\/noticias\/wp-json\/wp\/v2\/types\/post"}],"author":[{"embeddable":true,"href":"https:\/\/franciscanos.org.br\/noticias\/wp-json\/wp\/v2\/users\/1"}],"replies":[{"embeddable":true,"href":"https:\/\/franciscanos.org.br\/noticias\/wp-json\/wp\/v2\/comments?post=112915"}],"version-history":[{"count":0,"href":"https:\/\/franciscanos.org.br\/noticias\/wp-json\/wp\/v2\/posts\/112915\/revisions"}],"wp:featuredmedia":[{"embeddable":true,"href":"https:\/\/franciscanos.org.br\/noticias\/wp-json\/wp\/v2\/media\/210058"}],"wp:attachment":[{"href":"https:\/\/franciscanos.org.br\/noticias\/wp-json\/wp\/v2\/media?parent=112915"}],"wp:term":[{"taxonomy":"category","embeddable":true,"href":"https:\/\/franciscanos.org.br\/noticias\/wp-json\/wp\/v2\/categories?post=112915"},{"taxonomy":"post_tag","embeddable":true,"href":"https:\/\/franciscanos.org.br\/noticias\/wp-json\/wp\/v2\/tags?post=112915"}],"curies":[{"name":"wp","href":"https:\/\/api.w.org\/{rel}","templated":true}]}}