{"id":112726,"date":"2016-07-19T15:36:12","date_gmt":"2016-07-19T18:36:12","guid":{"rendered":"http:\/\/franciscanos.org.br\/?p=112726"},"modified":"2020-06-09T16:31:24","modified_gmt":"2020-06-09T19:31:24","slug":"missao-de-angola-tem-novo-governo","status":"publish","type":"post","link":"https:\/\/franciscanos.org.br\/noticias\/missao-de-angola-tem-novo-governo.html","title":{"rendered":"Miss\u00e3o de Angola tem novo governo"},"content":{"rendered":"<p>O atual presidente da Funda\u00e7\u00e3o Imaculada M\u00e3e de Deus de Angola, Frei Jos\u00e9 Ant\u00f4nio dos Santos, foi reeleito para continuar comandando esta frente mission\u00e1ria da Prov\u00edncia da Imaculada. Com ele foram eleitos os conselheiros: Frei Ivair Bueno de Carvalho, Frei Valdemiro Wastchuk e Frei Laerte Farias dos Santos. Frei Ivair, como primeiro conselheiro, tamb\u00e9m ter\u00e1 a fun\u00e7\u00e3o de vice-presidente.<\/p>\n<p>O segundo dia (19\/7) da Assembleia Capitular da Funda\u00e7\u00e3o Imaculada M\u00e3e de Deus de Angola come\u00e7ou com a Santa Missa, presidida por Frei Alexandre C. Magno. Na homilia, o celebrante recordou o papel do pastor, daquele que est\u00e1 \u00e0 frente do rebanho. O cajado do pastor tem a extremidade superior recurvada em forma de gancho ou semic\u00edrculo, que serve para conduzir, controlar e ajudar o rebanho. A mesma atitude de misericordia deve ter o frade. O pastor deve ser misericordioso.<\/p>\n<p>Os trabalhos da Assembleia come\u00e7aram \u00e0s 9h30 na Sala Capitular do Convento das Irm\u00e3s Clarissas, cujo moderador foi Frei Ant\u00f4nio Zovo Baza. A primeira tarefa foi a apresenta\u00e7\u00e3o do relat\u00f3rio financeiro feito pelo ec\u00f4nomo da Funda\u00e7\u00e3o, Frei Jefferson P. Broca. A quest\u00e3o de fundo foi o or\u00e7amento das casas, frentes e projetos. A palavra de ordem neste assunto \u00e9 \u201ctranspar\u00eancia\u201d.<\/p>\n<p><img loading=\"lazy\" src=\"http:\/\/franciscanos.org.br\/wp-content\/uploads\/2016\/07\/governo_alto.jpg\" alt=\"governo_alto\" width=\"820\" height=\"330\" \/><\/p>\n<p>Frei Fid\u00eancio recordou: \u201cA nossa presen\u00e7a na Miss\u00e3o \u00e9 uma presen\u00e7a da implantatio ordinis, dentro do esp\u00edrito mission\u00e1rio\u201d. O relat\u00f3rio foi discutido pelos grupos antes da pausa do almo\u00e7o.<\/p>\n<p>O mesmo tema, sobre a economia e a administra\u00e7\u00e3o de bens, voltou na pauta da tarde. Entre as defini\u00e7\u00f5es, solidificar a legaliza\u00e7\u00e3o document\u00e1ria e otimizar as fontes de renda, mirando sempre o futuro da Funda\u00e7\u00e3o. Fez-se, por fim, a apresenta\u00e7\u00e3o sint\u00e9tica dos relat\u00f3rios apresentados pelos secret\u00e1rios dos grupos. S\u00e3o ao todo, seis grupos. Na sequ\u00eancia, foi feita a elei\u00e7\u00e3o do novo Governo da Funda\u00e7\u00e3o Imaculada M\u00e3e de Deus, sempre um momento de expectativa, alegria e, principalmente, abertura de cora\u00e7\u00f5es para que o Esp\u00edrito Santo possa agir por meio de irm\u00e3os dispostos em assumir o minist\u00e9rio de estar \u00e0 frente da Funda\u00e7\u00e3o.<\/p>\n<p>CONHE\u00c7A MAIS O PRESIDENTE <strong><a href=\"http:\/\/franciscanos.org.br\/?p=96178\">FREI JOS\u00c9 ANT\u00d4NIO NESTA ENTREVISTA (CLIQUE NESTE LINK)<\/a><\/strong><\/p>\n<p><strong>Foto no alto da p\u00e1gina<\/strong><\/p>\n<p><strong>Da esquerda para direita:<\/strong> Frei Laerte, Frei Jos\u00e9, Frei Ivair e Frei Valdemiro.<\/p>\n<p><strong>Foto no centro da p\u00e1gina<\/strong><\/p>\n<p><strong>Da esquerda para direita<\/strong>: Frei Jo\u00e3o Francisco da Silva, Frei Valdemiro, Frei Laerte, Frei Jos\u00e9 Ant\u00f4nio, Frei Ivair, Frei Fid\u00eancio e Frei Alexandre Magno.<\/p>\n<p><strong>Equipe de Comunica\u00e7\u00e3o do Cap\u00edtulo<\/strong><\/p>\n<p>&nbsp;<\/p>\n","protected":false},"excerpt":{"rendered":"<p>Atual presidente da FIMDA, Frei Jos\u00e9 Ant\u00f4nio dos Santos, foi reeleito.<\/p>\n","protected":false},"author":1,"featured_media":222489,"comment_status":"open","ping_status":"open","sticky":false,"template":"","format":"standard","meta":[],"categories":[1],"tags":[360],"acf":[],"yoast_head":"<!-- This site is optimized with the Yoast SEO plugin v19.2 - https:\/\/yoast.com\/wordpress\/plugins\/seo\/ -->\n<title>Miss\u00e3o de Angola tem novo governo - Not\u00edcias - Franciscanos<\/title>\n<meta name=\"robots\" content=\"index, follow, max-snippet:-1, max-image-preview:large, max-video-preview:-1\" \/>\n<link rel=\"canonical\" href=\"https:\/\/franciscanos.org.br\/noticias\/missao-de-angola-tem-novo-governo.html\" \/>\n<meta property=\"og:locale\" content=\"pt_BR\" \/>\n<meta property=\"og:type\" content=\"article\" \/>\n<meta property=\"og:title\" content=\"Miss\u00e3o de Angola tem novo governo - Not\u00edcias - Franciscanos\" \/>\n<meta property=\"og:description\" content=\"Atual presidente da FIMDA, Frei Jos\u00e9 Ant\u00f4nio dos Santos, foi reeleito.\" \/>\n<meta property=\"og:url\" content=\"https:\/\/franciscanos.org.br\/noticias\/missao-de-angola-tem-novo-governo.html\" \/>\n<meta property=\"og:site_name\" content=\"Not\u00edcias - Franciscanos\" \/>\n<meta property=\"article:published_time\" content=\"2016-07-19T18:36:12+00:00\" \/>\n<meta property=\"article:modified_time\" content=\"2020-06-09T19:31:24+00:00\" \/>\n<meta property=\"og:image\" content=\"https:\/\/franciscanos.org.br\/noticias\/wp-content\/uploads\/2016\/07\/governo_alto.jpg\" \/>\n\t<meta property=\"og:image:width\" content=\"273\" \/>\n\t<meta property=\"og:image:height\" content=\"181\" \/>\n\t<meta property=\"og:image:type\" content=\"image\/jpeg\" \/>\n<meta name=\"author\" content=\"admin\" \/>\n<meta name=\"twitter:card\" content=\"summary_large_image\" \/>\n<meta name=\"twitter:label1\" content=\"Escrito por\" \/>\n\t<meta name=\"twitter:data1\" content=\"admin\" \/>\n\t<meta name=\"twitter:label2\" content=\"Est. tempo de leitura\" \/>\n\t<meta name=\"twitter:data2\" content=\"2 minutos\" \/>\n<script type=\"application\/ld+json\" class=\"yoast-schema-graph\">{\"@context\":\"https:\/\/schema.org\",\"@graph\":[{\"@type\":\"WebSite\",\"@id\":\"https:\/\/franciscanos.org.br\/noticias\/#website\",\"url\":\"https:\/\/franciscanos.org.br\/noticias\/\",\"name\":\"Not\u00edcias - Franciscanos\",\"description\":\"Prov\u00edncia Franciscana da Imaculada Concei\u00e7\u00e3o do Brasil - Ordem dos Frades Menores - OFM\",\"potentialAction\":[{\"@type\":\"SearchAction\",\"target\":{\"@type\":\"EntryPoint\",\"urlTemplate\":\"https:\/\/franciscanos.org.br\/noticias\/?s={search_term_string}\"},\"query-input\":\"required name=search_term_string\"}],\"inLanguage\":\"pt-BR\"},{\"@type\":\"ImageObject\",\"inLanguage\":\"pt-BR\",\"@id\":\"https:\/\/franciscanos.org.br\/noticias\/missao-de-angola-tem-novo-governo.html#primaryimage\",\"url\":\"https:\/\/franciscanos.org.br\/noticias\/wp-content\/uploads\/2016\/07\/governo_alto.jpg\",\"contentUrl\":\"https:\/\/franciscanos.org.br\/noticias\/wp-content\/uploads\/2016\/07\/governo_alto.jpg\",\"width\":273,\"height\":181},{\"@type\":\"WebPage\",\"@id\":\"https:\/\/franciscanos.org.br\/noticias\/missao-de-angola-tem-novo-governo.html#webpage\",\"url\":\"https:\/\/franciscanos.org.br\/noticias\/missao-de-angola-tem-novo-governo.html\",\"name\":\"Miss\u00e3o de Angola tem novo governo - Not\u00edcias - Franciscanos\",\"isPartOf\":{\"@id\":\"https:\/\/franciscanos.org.br\/noticias\/#website\"},\"primaryImageOfPage\":{\"@id\":\"https:\/\/franciscanos.org.br\/noticias\/missao-de-angola-tem-novo-governo.html#primaryimage\"},\"datePublished\":\"2016-07-19T18:36:12+00:00\",\"dateModified\":\"2020-06-09T19:31:24+00:00\",\"author\":{\"@id\":\"https:\/\/franciscanos.org.br\/noticias\/#\/schema\/person\/b38fbf43118f02820bd932f2e4b14ad3\"},\"breadcrumb\":{\"@id\":\"https:\/\/franciscanos.org.br\/noticias\/missao-de-angola-tem-novo-governo.html#breadcrumb\"},\"inLanguage\":\"pt-BR\",\"potentialAction\":[{\"@type\":\"ReadAction\",\"target\":[\"https:\/\/franciscanos.org.br\/noticias\/missao-de-angola-tem-novo-governo.html\"]}]},{\"@type\":\"BreadcrumbList\",\"@id\":\"https:\/\/franciscanos.org.br\/noticias\/missao-de-angola-tem-novo-governo.html#breadcrumb\",\"itemListElement\":[{\"@type\":\"ListItem\",\"position\":1,\"name\":\"Home\",\"item\":\"https:\/\/franciscanos.org.br\/noticias\"},{\"@type\":\"ListItem\",\"position\":2,\"name\":\"Miss\u00e3o de Angola tem novo governo\"}]},{\"@type\":\"Person\",\"@id\":\"https:\/\/franciscanos.org.br\/noticias\/#\/schema\/person\/b38fbf43118f02820bd932f2e4b14ad3\",\"name\":\"admin\",\"image\":{\"@type\":\"ImageObject\",\"inLanguage\":\"pt-BR\",\"@id\":\"https:\/\/franciscanos.org.br\/noticias\/#\/schema\/person\/image\/\",\"url\":\"https:\/\/secure.gravatar.com\/avatar\/e8495742d34d0ba6448ea1c628263b3e?s=96&d=mm&r=g\",\"contentUrl\":\"https:\/\/secure.gravatar.com\/avatar\/e8495742d34d0ba6448ea1c628263b3e?s=96&d=mm&r=g\",\"caption\":\"admin\"},\"url\":\"https:\/\/franciscanos.org.br\/noticias\/author\/admin\"}]}<\/script>\n<!-- \/ Yoast SEO plugin. -->","yoast_head_json":{"title":"Miss\u00e3o de Angola tem novo governo - Not\u00edcias - Franciscanos","robots":{"index":"index","follow":"follow","max-snippet":"max-snippet:-1","max-image-preview":"max-image-preview:large","max-video-preview":"max-video-preview:-1"},"canonical":"https:\/\/franciscanos.org.br\/noticias\/missao-de-angola-tem-novo-governo.html","og_locale":"pt_BR","og_type":"article","og_title":"Miss\u00e3o de Angola tem novo governo - Not\u00edcias - Franciscanos","og_description":"Atual presidente da FIMDA, Frei Jos\u00e9 Ant\u00f4nio dos Santos, foi reeleito.","og_url":"https:\/\/franciscanos.org.br\/noticias\/missao-de-angola-tem-novo-governo.html","og_site_name":"Not\u00edcias - Franciscanos","article_published_time":"2016-07-19T18:36:12+00:00","article_modified_time":"2020-06-09T19:31:24+00:00","og_image":[{"width":273,"height":181,"url":"https:\/\/franciscanos.org.br\/noticias\/wp-content\/uploads\/2016\/07\/governo_alto.jpg","type":"image\/jpeg"}],"author":"admin","twitter_card":"summary_large_image","twitter_misc":{"Escrito por":"admin","Est. tempo de leitura":"2 minutos"},"schema":{"@context":"https:\/\/schema.org","@graph":[{"@type":"WebSite","@id":"https:\/\/franciscanos.org.br\/noticias\/#website","url":"https:\/\/franciscanos.org.br\/noticias\/","name":"Not\u00edcias - Franciscanos","description":"Prov\u00edncia Franciscana da Imaculada Concei\u00e7\u00e3o do Brasil - Ordem dos Frades Menores - OFM","potentialAction":[{"@type":"SearchAction","target":{"@type":"EntryPoint","urlTemplate":"https:\/\/franciscanos.org.br\/noticias\/?s={search_term_string}"},"query-input":"required name=search_term_string"}],"inLanguage":"pt-BR"},{"@type":"ImageObject","inLanguage":"pt-BR","@id":"https:\/\/franciscanos.org.br\/noticias\/missao-de-angola-tem-novo-governo.html#primaryimage","url":"https:\/\/franciscanos.org.br\/noticias\/wp-content\/uploads\/2016\/07\/governo_alto.jpg","contentUrl":"https:\/\/franciscanos.org.br\/noticias\/wp-content\/uploads\/2016\/07\/governo_alto.jpg","width":273,"height":181},{"@type":"WebPage","@id":"https:\/\/franciscanos.org.br\/noticias\/missao-de-angola-tem-novo-governo.html#webpage","url":"https:\/\/franciscanos.org.br\/noticias\/missao-de-angola-tem-novo-governo.html","name":"Miss\u00e3o de Angola tem novo governo - Not\u00edcias - Franciscanos","isPartOf":{"@id":"https:\/\/franciscanos.org.br\/noticias\/#website"},"primaryImageOfPage":{"@id":"https:\/\/franciscanos.org.br\/noticias\/missao-de-angola-tem-novo-governo.html#primaryimage"},"datePublished":"2016-07-19T18:36:12+00:00","dateModified":"2020-06-09T19:31:24+00:00","author":{"@id":"https:\/\/franciscanos.org.br\/noticias\/#\/schema\/person\/b38fbf43118f02820bd932f2e4b14ad3"},"breadcrumb":{"@id":"https:\/\/franciscanos.org.br\/noticias\/missao-de-angola-tem-novo-governo.html#breadcrumb"},"inLanguage":"pt-BR","potentialAction":[{"@type":"ReadAction","target":["https:\/\/franciscanos.org.br\/noticias\/missao-de-angola-tem-novo-governo.html"]}]},{"@type":"BreadcrumbList","@id":"https:\/\/franciscanos.org.br\/noticias\/missao-de-angola-tem-novo-governo.html#breadcrumb","itemListElement":[{"@type":"ListItem","position":1,"name":"Home","item":"https:\/\/franciscanos.org.br\/noticias"},{"@type":"ListItem","position":2,"name":"Miss\u00e3o de Angola tem novo governo"}]},{"@type":"Person","@id":"https:\/\/franciscanos.org.br\/noticias\/#\/schema\/person\/b38fbf43118f02820bd932f2e4b14ad3","name":"admin","image":{"@type":"ImageObject","inLanguage":"pt-BR","@id":"https:\/\/franciscanos.org.br\/noticias\/#\/schema\/person\/image\/","url":"https:\/\/secure.gravatar.com\/avatar\/e8495742d34d0ba6448ea1c628263b3e?s=96&d=mm&r=g","contentUrl":"https:\/\/secure.gravatar.com\/avatar\/e8495742d34d0ba6448ea1c628263b3e?s=96&d=mm&r=g","caption":"admin"},"url":"https:\/\/franciscanos.org.br\/noticias\/author\/admin"}]}},"_links":{"self":[{"href":"https:\/\/franciscanos.org.br\/noticias\/wp-json\/wp\/v2\/posts\/112726"}],"collection":[{"href":"https:\/\/franciscanos.org.br\/noticias\/wp-json\/wp\/v2\/posts"}],"about":[{"href":"https:\/\/franciscanos.org.br\/noticias\/wp-json\/wp\/v2\/types\/post"}],"author":[{"embeddable":true,"href":"https:\/\/franciscanos.org.br\/noticias\/wp-json\/wp\/v2\/users\/1"}],"replies":[{"embeddable":true,"href":"https:\/\/franciscanos.org.br\/noticias\/wp-json\/wp\/v2\/comments?post=112726"}],"version-history":[{"count":2,"href":"https:\/\/franciscanos.org.br\/noticias\/wp-json\/wp\/v2\/posts\/112726\/revisions"}],"predecessor-version":[{"id":225663,"href":"https:\/\/franciscanos.org.br\/noticias\/wp-json\/wp\/v2\/posts\/112726\/revisions\/225663"}],"wp:featuredmedia":[{"embeddable":true,"href":"https:\/\/franciscanos.org.br\/noticias\/wp-json\/wp\/v2\/media\/222489"}],"wp:attachment":[{"href":"https:\/\/franciscanos.org.br\/noticias\/wp-json\/wp\/v2\/media?parent=112726"}],"wp:term":[{"taxonomy":"category","embeddable":true,"href":"https:\/\/franciscanos.org.br\/noticias\/wp-json\/wp\/v2\/categories?post=112726"},{"taxonomy":"post_tag","embeddable":true,"href":"https:\/\/franciscanos.org.br\/noticias\/wp-json\/wp\/v2\/tags?post=112726"}],"curies":[{"name":"wp","href":"https:\/\/api.w.org\/{rel}","templated":true}]}}