{"id":112710,"date":"2016-07-19T07:17:11","date_gmt":"2016-07-19T10:17:11","guid":{"rendered":"http:\/\/franciscanos.org.br\/?p=112710"},"modified":"2020-03-24T12:22:39","modified_gmt":"2020-03-24T15:22:39","slug":"comeca-o-capitulo-na-missao-de-angola-2","status":"publish","type":"post","link":"https:\/\/franciscanos.org.br\/noticias\/comeca-o-capitulo-na-missao-de-angola-2.html","title":{"rendered":"Come\u00e7a o Cap\u00edtulo na Miss\u00e3o de Angola"},"content":{"rendered":"<p><strong>Frei Alo\u00edsio Paulo dos Santo<\/strong>s<\/p>\n<p><strong>Luanda (Angola)<\/strong> &#8211; Nesta segunda-feira, dia 18 do m\u00eas de julho de 2016, por volta das 8 horas da manh\u00e3 teve in\u00edcio o Cap\u00edtulo da Funda\u00e7\u00e3o Imaculada M\u00e3e de Deus de Angola com a celebra\u00e7\u00e3o da Eucaristia, presidida pelo Ministro Provincial Frei Fid\u00eancio Vanboemmel, juntamente com o Definidor Frei Jo\u00e3o Francisco da Silva e Frei Alexandre Magno, Moderador das Miss\u00f5es.<\/p>\n<p>Ap\u00f3s a celebra\u00e7\u00e3o, nos reunimos no locut\u00f3rio do Mosteiro Sagrado Cora\u00e7\u00e3o de Jesus das Irm\u00e3s Clarissas do Palanca sob a presid\u00eancia de Frei Fid\u00eancio, que exp\u00f4s com clareza e simplicidade o tema da Miseric\u00f3rdia.<\/p>\n<p>Na parte da tarde, o presidente do Cap\u00edtulo instituiu, propriamente dito, os trabalhos do Cap\u00edtulo, passando a palavra ao presidente da Comiss\u00e3o Preparat\u00f3ria, Frei Laurindo Lauro da Silva J\u00fanior, para apresentar a proposta dos hor\u00e1rios, dos grupos de estudos e das listas de trabalhos.<\/p>\n<p><img loading=\"lazy\" class=\"alignleft size-full wp-image-112716\" src=\"http:\/\/franciscanos.org.br\/wp-content\/uploads\/2016\/07\/fimda_1.jpg\" alt=\"fimda_1\" width=\"400\" height=\"259\" \/>Frei Jos\u00e9 Ant\u00f4nio dos Santos, presidente da Funda\u00e7\u00e3o, apresentou o seu relat\u00f3rio. Antes de ler, informou que se tratava de um relat\u00f3rio breve para ser analisado nos grupos, e que, posteriormente, seriam mais detalhados pelos secretariados \u2013 Economia e administra\u00e7\u00e3o de bens, Forma\u00e7\u00e3o e Evangeliza\u00e7\u00e3o. Foi aberto um espa\u00e7o para esclarecimentos.<\/p>\n<p>Ap\u00f3s a an\u00e1lise do relat\u00f3rio do Presidente da Funda\u00e7\u00e3o nos grupos, os capitulares com direito a voto reuniram-se para as pr\u00e9vias das elei\u00e7\u00f5es. Primeiro foram indicados e eleitos os escrutinadores: Frei Alo\u00edsio Paulo Agostinho dos Santos, Frei Ant\u00f4nio Boaventura Zovo Baza e Frei Afonso Katchekele Quessongo.<\/p>\n<p>O Presidente do Cap\u00edtulo distribuiu as c\u00e9dulas para a indica\u00e7\u00e3o de um nome ao of\u00edcio de presidente da Funda\u00e7\u00e3o com os seguintes resultados: Frei Jos\u00e9 Ant\u00f4nio dos Santos, onze votos; Frei \u00c2ngelo Jos\u00e9 Luiz, quatro votos; Frei Alisson Lu\u00eds Zanetti, dois votos; brancos, dois votos. A seguir, distribu\u00edram-se as c\u00e9dulas para indica\u00e7\u00e3o de tr\u00eas nomes para o of\u00edcio de conselheiros: Frei Ivair Bueno de Carvalho, treze votos; Frei \u00c2ngelo Jos\u00e9 Luiz, sete votos; Frei Alisson Lu\u00eds Zanetti, seis votos; Frei Valdemiro Wastchuk, seis votos; Frei Laerte de Farias dos Santos, cinco votos; Frei Jeferson Palandi Broca, cinco votos; Frei Afonso Katchekele Quessongo, quatro votos; Frei Laurindo Lauro da Silva J\u00fanior, dois votos; Frei M\u00e1rcio de Ara\u00fajo Terra, dois votos; Frei Marco Ant\u00f4nio dos Santos, dois votos; Frei Ant\u00f3nio Boaventura Zovo Baza, um voto; Frei Andr\u00e9 Luiz da Rocha Enriques, um voto; brancos, tr\u00eas. Nada mais havendo a tratar, foi encerrada a sess\u00e3o capitular do dia.<\/p>\n<p><strong><img loading=\"lazy\" class=\"alignright size-full wp-image-112718\" src=\"http:\/\/franciscanos.org.br\/wp-content\/uploads\/2016\/07\/fimda_2.jpg\" alt=\"fimda_2\" width=\"400\" height=\"345\" \/>\u201cComo \u00e9 bom estarmos aqui\u201d.<\/strong><br \/>\nOs frades convocados o Capitulo pelo Ministro Provincial come\u00e7aram a chegar esporadicamente na tarde do dia 17 de julho, e foram acolhidos num clima de alegria e entusiasmo pelas fraternidades S\u00e3o Francisco de Assis, no Palanca, e Nossa Senhora dos Anjos, em Viana.<\/p>\n<p>O Cap\u00edtulo \u00e9 para n\u00f3s momento de revitaliza\u00e7\u00e3o, redimencionamento e, acima de tudo, um encontro fraternal entre irm\u00e3os que, unidos num amor eterno e sobrenatural, dizem \u2018sim\u2019 ao mesmo ideal (franciscano) confiantes como Maria no \u201cfiat\u201d.<\/p>\n<p>O Cap\u00edtulo da Funda\u00e7\u00e3o Imaculada M\u00e3e de Deus termina no dia 21 de julho.<\/p>\n","protected":false},"excerpt":{"rendered":"<p>FIMDA<\/p>\n","protected":false},"author":1,"featured_media":222491,"comment_status":"open","ping_status":"open","sticky":false,"template":"","format":"standard","meta":[],"categories":[1],"tags":[],"acf":[],"yoast_head":"<!-- This site is optimized with the Yoast SEO plugin v19.2 - https:\/\/yoast.com\/wordpress\/plugins\/seo\/ -->\n<title>Come\u00e7a o Cap\u00edtulo na Miss\u00e3o de Angola - Not\u00edcias - Franciscanos<\/title>\n<meta name=\"robots\" content=\"index, follow, max-snippet:-1, max-image-preview:large, max-video-preview:-1\" \/>\n<link rel=\"canonical\" href=\"https:\/\/franciscanos.org.br\/noticias\/comeca-o-capitulo-na-missao-de-angola-2.html\" \/>\n<meta property=\"og:locale\" content=\"pt_BR\" \/>\n<meta property=\"og:type\" content=\"article\" \/>\n<meta property=\"og:title\" content=\"Come\u00e7a o Cap\u00edtulo na Miss\u00e3o de Angola - Not\u00edcias - Franciscanos\" \/>\n<meta property=\"og:description\" content=\"FIMDA\" \/>\n<meta property=\"og:url\" content=\"https:\/\/franciscanos.org.br\/noticias\/comeca-o-capitulo-na-missao-de-angola-2.html\" \/>\n<meta property=\"og:site_name\" content=\"Not\u00edcias - Franciscanos\" \/>\n<meta property=\"article:published_time\" content=\"2016-07-19T10:17:11+00:00\" \/>\n<meta property=\"article:modified_time\" content=\"2020-03-24T15:22:39+00:00\" \/>\n<meta property=\"og:image\" content=\"https:\/\/franciscanos.org.br\/noticias\/wp-content\/uploads\/2016\/07\/fimda_1.jpg\" \/>\n\t<meta property=\"og:image:width\" content=\"273\" \/>\n\t<meta property=\"og:image:height\" content=\"181\" \/>\n\t<meta property=\"og:image:type\" content=\"image\/jpeg\" \/>\n<meta name=\"author\" content=\"admin\" \/>\n<meta name=\"twitter:card\" content=\"summary_large_image\" \/>\n<meta name=\"twitter:label1\" content=\"Escrito por\" \/>\n\t<meta name=\"twitter:data1\" content=\"admin\" \/>\n\t<meta name=\"twitter:label2\" content=\"Est. tempo de leitura\" \/>\n\t<meta name=\"twitter:data2\" content=\"3 minutos\" \/>\n<script type=\"application\/ld+json\" class=\"yoast-schema-graph\">{\"@context\":\"https:\/\/schema.org\",\"@graph\":[{\"@type\":\"WebSite\",\"@id\":\"https:\/\/franciscanos.org.br\/noticias\/#website\",\"url\":\"https:\/\/franciscanos.org.br\/noticias\/\",\"name\":\"Not\u00edcias - Franciscanos\",\"description\":\"Prov\u00edncia Franciscana da Imaculada Concei\u00e7\u00e3o do Brasil - Ordem dos Frades Menores - OFM\",\"potentialAction\":[{\"@type\":\"SearchAction\",\"target\":{\"@type\":\"EntryPoint\",\"urlTemplate\":\"https:\/\/franciscanos.org.br\/noticias\/?s={search_term_string}\"},\"query-input\":\"required name=search_term_string\"}],\"inLanguage\":\"pt-BR\"},{\"@type\":\"ImageObject\",\"inLanguage\":\"pt-BR\",\"@id\":\"https:\/\/franciscanos.org.br\/noticias\/comeca-o-capitulo-na-missao-de-angola-2.html#primaryimage\",\"url\":\"https:\/\/franciscanos.org.br\/noticias\/wp-content\/uploads\/2016\/07\/fimda_1.jpg\",\"contentUrl\":\"https:\/\/franciscanos.org.br\/noticias\/wp-content\/uploads\/2016\/07\/fimda_1.jpg\",\"width\":273,\"height\":181},{\"@type\":\"WebPage\",\"@id\":\"https:\/\/franciscanos.org.br\/noticias\/comeca-o-capitulo-na-missao-de-angola-2.html#webpage\",\"url\":\"https:\/\/franciscanos.org.br\/noticias\/comeca-o-capitulo-na-missao-de-angola-2.html\",\"name\":\"Come\u00e7a o Cap\u00edtulo na Miss\u00e3o de Angola - Not\u00edcias - Franciscanos\",\"isPartOf\":{\"@id\":\"https:\/\/franciscanos.org.br\/noticias\/#website\"},\"primaryImageOfPage\":{\"@id\":\"https:\/\/franciscanos.org.br\/noticias\/comeca-o-capitulo-na-missao-de-angola-2.html#primaryimage\"},\"datePublished\":\"2016-07-19T10:17:11+00:00\",\"dateModified\":\"2020-03-24T15:22:39+00:00\",\"author\":{\"@id\":\"https:\/\/franciscanos.org.br\/noticias\/#\/schema\/person\/b38fbf43118f02820bd932f2e4b14ad3\"},\"breadcrumb\":{\"@id\":\"https:\/\/franciscanos.org.br\/noticias\/comeca-o-capitulo-na-missao-de-angola-2.html#breadcrumb\"},\"inLanguage\":\"pt-BR\",\"potentialAction\":[{\"@type\":\"ReadAction\",\"target\":[\"https:\/\/franciscanos.org.br\/noticias\/comeca-o-capitulo-na-missao-de-angola-2.html\"]}]},{\"@type\":\"BreadcrumbList\",\"@id\":\"https:\/\/franciscanos.org.br\/noticias\/comeca-o-capitulo-na-missao-de-angola-2.html#breadcrumb\",\"itemListElement\":[{\"@type\":\"ListItem\",\"position\":1,\"name\":\"Home\",\"item\":\"https:\/\/franciscanos.org.br\/noticias\"},{\"@type\":\"ListItem\",\"position\":2,\"name\":\"Come\u00e7a o Cap\u00edtulo na Miss\u00e3o de Angola\"}]},{\"@type\":\"Person\",\"@id\":\"https:\/\/franciscanos.org.br\/noticias\/#\/schema\/person\/b38fbf43118f02820bd932f2e4b14ad3\",\"name\":\"admin\",\"image\":{\"@type\":\"ImageObject\",\"inLanguage\":\"pt-BR\",\"@id\":\"https:\/\/franciscanos.org.br\/noticias\/#\/schema\/person\/image\/\",\"url\":\"https:\/\/secure.gravatar.com\/avatar\/e8495742d34d0ba6448ea1c628263b3e?s=96&d=mm&r=g\",\"contentUrl\":\"https:\/\/secure.gravatar.com\/avatar\/e8495742d34d0ba6448ea1c628263b3e?s=96&d=mm&r=g\",\"caption\":\"admin\"},\"url\":\"https:\/\/franciscanos.org.br\/noticias\/author\/admin\"}]}<\/script>\n<!-- \/ Yoast SEO plugin. -->","yoast_head_json":{"title":"Come\u00e7a o Cap\u00edtulo na Miss\u00e3o de Angola - Not\u00edcias - Franciscanos","robots":{"index":"index","follow":"follow","max-snippet":"max-snippet:-1","max-image-preview":"max-image-preview:large","max-video-preview":"max-video-preview:-1"},"canonical":"https:\/\/franciscanos.org.br\/noticias\/comeca-o-capitulo-na-missao-de-angola-2.html","og_locale":"pt_BR","og_type":"article","og_title":"Come\u00e7a o Cap\u00edtulo na Miss\u00e3o de Angola - Not\u00edcias - Franciscanos","og_description":"FIMDA","og_url":"https:\/\/franciscanos.org.br\/noticias\/comeca-o-capitulo-na-missao-de-angola-2.html","og_site_name":"Not\u00edcias - Franciscanos","article_published_time":"2016-07-19T10:17:11+00:00","article_modified_time":"2020-03-24T15:22:39+00:00","og_image":[{"width":273,"height":181,"url":"https:\/\/franciscanos.org.br\/noticias\/wp-content\/uploads\/2016\/07\/fimda_1.jpg","type":"image\/jpeg"}],"author":"admin","twitter_card":"summary_large_image","twitter_misc":{"Escrito por":"admin","Est. tempo de leitura":"3 minutos"},"schema":{"@context":"https:\/\/schema.org","@graph":[{"@type":"WebSite","@id":"https:\/\/franciscanos.org.br\/noticias\/#website","url":"https:\/\/franciscanos.org.br\/noticias\/","name":"Not\u00edcias - Franciscanos","description":"Prov\u00edncia Franciscana da Imaculada Concei\u00e7\u00e3o do Brasil - Ordem dos Frades Menores - OFM","potentialAction":[{"@type":"SearchAction","target":{"@type":"EntryPoint","urlTemplate":"https:\/\/franciscanos.org.br\/noticias\/?s={search_term_string}"},"query-input":"required name=search_term_string"}],"inLanguage":"pt-BR"},{"@type":"ImageObject","inLanguage":"pt-BR","@id":"https:\/\/franciscanos.org.br\/noticias\/comeca-o-capitulo-na-missao-de-angola-2.html#primaryimage","url":"https:\/\/franciscanos.org.br\/noticias\/wp-content\/uploads\/2016\/07\/fimda_1.jpg","contentUrl":"https:\/\/franciscanos.org.br\/noticias\/wp-content\/uploads\/2016\/07\/fimda_1.jpg","width":273,"height":181},{"@type":"WebPage","@id":"https:\/\/franciscanos.org.br\/noticias\/comeca-o-capitulo-na-missao-de-angola-2.html#webpage","url":"https:\/\/franciscanos.org.br\/noticias\/comeca-o-capitulo-na-missao-de-angola-2.html","name":"Come\u00e7a o Cap\u00edtulo na Miss\u00e3o de Angola - Not\u00edcias - Franciscanos","isPartOf":{"@id":"https:\/\/franciscanos.org.br\/noticias\/#website"},"primaryImageOfPage":{"@id":"https:\/\/franciscanos.org.br\/noticias\/comeca-o-capitulo-na-missao-de-angola-2.html#primaryimage"},"datePublished":"2016-07-19T10:17:11+00:00","dateModified":"2020-03-24T15:22:39+00:00","author":{"@id":"https:\/\/franciscanos.org.br\/noticias\/#\/schema\/person\/b38fbf43118f02820bd932f2e4b14ad3"},"breadcrumb":{"@id":"https:\/\/franciscanos.org.br\/noticias\/comeca-o-capitulo-na-missao-de-angola-2.html#breadcrumb"},"inLanguage":"pt-BR","potentialAction":[{"@type":"ReadAction","target":["https:\/\/franciscanos.org.br\/noticias\/comeca-o-capitulo-na-missao-de-angola-2.html"]}]},{"@type":"BreadcrumbList","@id":"https:\/\/franciscanos.org.br\/noticias\/comeca-o-capitulo-na-missao-de-angola-2.html#breadcrumb","itemListElement":[{"@type":"ListItem","position":1,"name":"Home","item":"https:\/\/franciscanos.org.br\/noticias"},{"@type":"ListItem","position":2,"name":"Come\u00e7a o Cap\u00edtulo na Miss\u00e3o de Angola"}]},{"@type":"Person","@id":"https:\/\/franciscanos.org.br\/noticias\/#\/schema\/person\/b38fbf43118f02820bd932f2e4b14ad3","name":"admin","image":{"@type":"ImageObject","inLanguage":"pt-BR","@id":"https:\/\/franciscanos.org.br\/noticias\/#\/schema\/person\/image\/","url":"https:\/\/secure.gravatar.com\/avatar\/e8495742d34d0ba6448ea1c628263b3e?s=96&d=mm&r=g","contentUrl":"https:\/\/secure.gravatar.com\/avatar\/e8495742d34d0ba6448ea1c628263b3e?s=96&d=mm&r=g","caption":"admin"},"url":"https:\/\/franciscanos.org.br\/noticias\/author\/admin"}]}},"_links":{"self":[{"href":"https:\/\/franciscanos.org.br\/noticias\/wp-json\/wp\/v2\/posts\/112710"}],"collection":[{"href":"https:\/\/franciscanos.org.br\/noticias\/wp-json\/wp\/v2\/posts"}],"about":[{"href":"https:\/\/franciscanos.org.br\/noticias\/wp-json\/wp\/v2\/types\/post"}],"author":[{"embeddable":true,"href":"https:\/\/franciscanos.org.br\/noticias\/wp-json\/wp\/v2\/users\/1"}],"replies":[{"embeddable":true,"href":"https:\/\/franciscanos.org.br\/noticias\/wp-json\/wp\/v2\/comments?post=112710"}],"version-history":[{"count":1,"href":"https:\/\/franciscanos.org.br\/noticias\/wp-json\/wp\/v2\/posts\/112710\/revisions"}],"predecessor-version":[{"id":222492,"href":"https:\/\/franciscanos.org.br\/noticias\/wp-json\/wp\/v2\/posts\/112710\/revisions\/222492"}],"wp:featuredmedia":[{"embeddable":true,"href":"https:\/\/franciscanos.org.br\/noticias\/wp-json\/wp\/v2\/media\/222491"}],"wp:attachment":[{"href":"https:\/\/franciscanos.org.br\/noticias\/wp-json\/wp\/v2\/media?parent=112710"}],"wp:term":[{"taxonomy":"category","embeddable":true,"href":"https:\/\/franciscanos.org.br\/noticias\/wp-json\/wp\/v2\/categories?post=112710"},{"taxonomy":"post_tag","embeddable":true,"href":"https:\/\/franciscanos.org.br\/noticias\/wp-json\/wp\/v2\/tags?post=112710"}],"curies":[{"name":"wp","href":"https:\/\/api.w.org\/{rel}","templated":true}]}}