{"id":112542,"date":"2016-07-14T15:42:51","date_gmt":"2016-07-14T18:42:51","guid":{"rendered":"http:\/\/franciscanos.org.br\/?p=112542"},"modified":"2020-03-24T12:27:20","modified_gmt":"2020-03-24T15:27:20","slug":"floresta-que-cresce-um-mapa-da-solidariedade-em-todo-o-pais","status":"publish","type":"post","link":"https:\/\/franciscanos.org.br\/noticias\/floresta-que-cresce-um-mapa-da-solidariedade-em-todo-o-pais.html","title":{"rendered":"Floresta que cresce: um mapa da solidariedade em todo o pa\u00eds"},"content":{"rendered":"<p><img loading=\"lazy\" src=\"http:\/\/franciscanos.org.br\/wp-content\/uploads\/2016\/07\/floresta_mapa_830.jpg\" alt=\"floresta_mapa_830\" width=\"830\" height=\"400\" \/><\/p>\n<p><strong>S\u00e3o Paulo (SP)<\/strong> &#8211; A Pastoral Juvenil da CNBB, o\u00a0Setor Juventude da Arquidiocese de S\u00e3o Paulo e o <a href=\"http:\/\/arsenalesperanca.blogspot.com.br\/\" target=\"_blank\" rel=\"noopener noreferrer\">Arsenal da Esperan\u00e7a<\/a> promovem neste ano o projeto <a href=\"http:\/\/www.florestaquecresce.org.br\/\" target=\"_blank\" rel=\"noopener noreferrer\"><strong>FLORESTA QUE CRESCE, A\u00e7\u00e3o Solid\u00e1ria da Juventude no Ano da Miseric\u00f3rdia.<\/strong><\/a><\/p>\n<p>De 15 de maio a 20 de novembro de 2016 o projeto reunir\u00e1 diversas a\u00e7\u00f5es de solidariedade e miseric\u00f3rdia em todo o pa\u00eds. Ao ser cadastrada, a atividade aparecer\u00e1 no mapa das a\u00e7\u00f5es do site. A ideia \u00e9 visualizar os gestos de solidariedade em todo o pa\u00eds e incentiv\u00e1-las.<img loading=\"lazy\" class=\"alignright wp-image-112544\" src=\"http:\/\/franciscanos.org.br\/wp-content\/uploads\/2016\/07\/floresta.jpg\" alt=\"floresta\" width=\"430\" height=\"407\" \/><\/p>\n<p><em>\u201cA Humanidade, hoje est\u00e1 vivendo uma situa\u00e7\u00e3o de apocalipse, entendendo a palavra apocalipse como revela\u00e7\u00e3o. H\u00e1 algo desmoronando, e h\u00e1 tamb\u00e9m algo que est\u00e1 nascendo. N\u00f3s escutamos o barulho do carvalho que cai, mas n\u00e3o escutamos o barulho da floresta que brota. Ouvimos o ru\u00eddo das torres desmoronando, mas n\u00e3o escutamos a consci\u00eancia que desperta. No mundo de hoje, h\u00e1 muitas coisas que desmoronam, e em geral falamos das coisas que fazem ru\u00eddo, mas n\u00e3o falamos das sementes de consci\u00eancia e de luz que est\u00e3o germinando.\u201d<\/em><\/p>\n<p>O pensamento acima, de Jean-Yves Leloup, traduz muito o sentimento da a\u00e7\u00e3o Floresta que cresce. Que os grupos, crist\u00e3os ou n\u00e3o, de crian\u00e7as, jovens e adultos, possam olhar para o mapa e se sentirem instigados a fazer, em sua regi\u00e3o, algo significativo. Vemos todos os dias as not\u00edcias ruins, mas quando acontece algo bom, dificilmente ficamos sabendo.<\/p>\n<p>Qualquer a\u00e7\u00e3o \u00e9 v\u00e1lida: visita aos enfermos, campanhas de arrecada\u00e7\u00e3o de alimento, roupas, servi\u00e7os de voluntariado, campanha para doa\u00e7\u00e3o de sangue, at\u00e9 mesmo uma a\u00e7\u00e3o comunit\u00e1ria no bairro, cuidando de um canteiro, pintando um muro, organizando uma biblioteca.<\/p>\n<p>Se voc\u00ea participa de algum grupo e gostaria de ver sua a\u00e7\u00e3o divulgada no site basta cadastr\u00e1-la em: <strong><a href=\"http:\/\/www.florestaquecresce.org.br\">http:\/\/www.florestaquecresce.org.br<\/a><\/strong>.<\/p>\n<p>Todas as a\u00e7\u00f5es cadastradas ser\u00e3o registradas\u00a0e far\u00e3o parte de um relat\u00f3rio, que ser\u00e1 entregue ao\u00a0<strong>Papa Francisco<\/strong> em 2017. Participe!<\/p>\n","protected":false},"excerpt":{"rendered":"<p>Juventude<\/p>\n","protected":false},"author":1,"featured_media":222497,"comment_status":"open","ping_status":"open","sticky":false,"template":"","format":"standard","meta":[],"categories":[1],"tags":[],"acf":[],"yoast_head":"<!-- This site is optimized with the Yoast SEO plugin v19.2 - https:\/\/yoast.com\/wordpress\/plugins\/seo\/ -->\n<title>Floresta que cresce: um mapa da solidariedade em todo o pa\u00eds - Not\u00edcias - Franciscanos<\/title>\n<meta name=\"robots\" content=\"index, follow, max-snippet:-1, max-image-preview:large, max-video-preview:-1\" \/>\n<link rel=\"canonical\" href=\"https:\/\/franciscanos.org.br\/noticias\/floresta-que-cresce-um-mapa-da-solidariedade-em-todo-o-pais.html\" \/>\n<meta property=\"og:locale\" content=\"pt_BR\" \/>\n<meta property=\"og:type\" content=\"article\" \/>\n<meta property=\"og:title\" content=\"Floresta que cresce: um mapa da solidariedade em todo o pa\u00eds - Not\u00edcias - Franciscanos\" \/>\n<meta property=\"og:description\" content=\"Juventude\" \/>\n<meta property=\"og:url\" content=\"https:\/\/franciscanos.org.br\/noticias\/floresta-que-cresce-um-mapa-da-solidariedade-em-todo-o-pais.html\" \/>\n<meta property=\"og:site_name\" content=\"Not\u00edcias - Franciscanos\" \/>\n<meta property=\"article:published_time\" content=\"2016-07-14T18:42:51+00:00\" \/>\n<meta property=\"article:modified_time\" content=\"2020-03-24T15:27:20+00:00\" \/>\n<meta property=\"og:image\" content=\"https:\/\/franciscanos.org.br\/noticias\/wp-content\/uploads\/2016\/07\/floresta.jpg\" \/>\n\t<meta property=\"og:image:width\" content=\"273\" \/>\n\t<meta property=\"og:image:height\" content=\"181\" \/>\n\t<meta property=\"og:image:type\" content=\"image\/jpeg\" \/>\n<meta name=\"author\" content=\"admin\" \/>\n<meta name=\"twitter:card\" content=\"summary_large_image\" \/>\n<meta name=\"twitter:label1\" content=\"Escrito por\" \/>\n\t<meta name=\"twitter:data1\" content=\"admin\" \/>\n\t<meta name=\"twitter:label2\" content=\"Est. tempo de leitura\" \/>\n\t<meta name=\"twitter:data2\" content=\"2 minutos\" \/>\n<script type=\"application\/ld+json\" class=\"yoast-schema-graph\">{\"@context\":\"https:\/\/schema.org\",\"@graph\":[{\"@type\":\"WebSite\",\"@id\":\"https:\/\/franciscanos.org.br\/noticias\/#website\",\"url\":\"https:\/\/franciscanos.org.br\/noticias\/\",\"name\":\"Not\u00edcias - Franciscanos\",\"description\":\"Prov\u00edncia Franciscana da Imaculada Concei\u00e7\u00e3o do Brasil - Ordem dos Frades Menores - OFM\",\"potentialAction\":[{\"@type\":\"SearchAction\",\"target\":{\"@type\":\"EntryPoint\",\"urlTemplate\":\"https:\/\/franciscanos.org.br\/noticias\/?s={search_term_string}\"},\"query-input\":\"required name=search_term_string\"}],\"inLanguage\":\"pt-BR\"},{\"@type\":\"ImageObject\",\"inLanguage\":\"pt-BR\",\"@id\":\"https:\/\/franciscanos.org.br\/noticias\/floresta-que-cresce-um-mapa-da-solidariedade-em-todo-o-pais.html#primaryimage\",\"url\":\"https:\/\/franciscanos.org.br\/noticias\/wp-content\/uploads\/2016\/07\/floresta.jpg\",\"contentUrl\":\"https:\/\/franciscanos.org.br\/noticias\/wp-content\/uploads\/2016\/07\/floresta.jpg\",\"width\":273,\"height\":181},{\"@type\":\"WebPage\",\"@id\":\"https:\/\/franciscanos.org.br\/noticias\/floresta-que-cresce-um-mapa-da-solidariedade-em-todo-o-pais.html#webpage\",\"url\":\"https:\/\/franciscanos.org.br\/noticias\/floresta-que-cresce-um-mapa-da-solidariedade-em-todo-o-pais.html\",\"name\":\"Floresta que cresce: um mapa da solidariedade em todo o pa\u00eds - Not\u00edcias - Franciscanos\",\"isPartOf\":{\"@id\":\"https:\/\/franciscanos.org.br\/noticias\/#website\"},\"primaryImageOfPage\":{\"@id\":\"https:\/\/franciscanos.org.br\/noticias\/floresta-que-cresce-um-mapa-da-solidariedade-em-todo-o-pais.html#primaryimage\"},\"datePublished\":\"2016-07-14T18:42:51+00:00\",\"dateModified\":\"2020-03-24T15:27:20+00:00\",\"author\":{\"@id\":\"https:\/\/franciscanos.org.br\/noticias\/#\/schema\/person\/b38fbf43118f02820bd932f2e4b14ad3\"},\"breadcrumb\":{\"@id\":\"https:\/\/franciscanos.org.br\/noticias\/floresta-que-cresce-um-mapa-da-solidariedade-em-todo-o-pais.html#breadcrumb\"},\"inLanguage\":\"pt-BR\",\"potentialAction\":[{\"@type\":\"ReadAction\",\"target\":[\"https:\/\/franciscanos.org.br\/noticias\/floresta-que-cresce-um-mapa-da-solidariedade-em-todo-o-pais.html\"]}]},{\"@type\":\"BreadcrumbList\",\"@id\":\"https:\/\/franciscanos.org.br\/noticias\/floresta-que-cresce-um-mapa-da-solidariedade-em-todo-o-pais.html#breadcrumb\",\"itemListElement\":[{\"@type\":\"ListItem\",\"position\":1,\"name\":\"Home\",\"item\":\"https:\/\/franciscanos.org.br\/noticias\"},{\"@type\":\"ListItem\",\"position\":2,\"name\":\"Floresta que cresce: um mapa da solidariedade em todo o pa\u00eds\"}]},{\"@type\":\"Person\",\"@id\":\"https:\/\/franciscanos.org.br\/noticias\/#\/schema\/person\/b38fbf43118f02820bd932f2e4b14ad3\",\"name\":\"admin\",\"image\":{\"@type\":\"ImageObject\",\"inLanguage\":\"pt-BR\",\"@id\":\"https:\/\/franciscanos.org.br\/noticias\/#\/schema\/person\/image\/\",\"url\":\"https:\/\/secure.gravatar.com\/avatar\/e8495742d34d0ba6448ea1c628263b3e?s=96&d=mm&r=g\",\"contentUrl\":\"https:\/\/secure.gravatar.com\/avatar\/e8495742d34d0ba6448ea1c628263b3e?s=96&d=mm&r=g\",\"caption\":\"admin\"},\"url\":\"https:\/\/franciscanos.org.br\/noticias\/author\/admin\"}]}<\/script>\n<!-- \/ Yoast SEO plugin. -->","yoast_head_json":{"title":"Floresta que cresce: um mapa da solidariedade em todo o pa\u00eds - Not\u00edcias - Franciscanos","robots":{"index":"index","follow":"follow","max-snippet":"max-snippet:-1","max-image-preview":"max-image-preview:large","max-video-preview":"max-video-preview:-1"},"canonical":"https:\/\/franciscanos.org.br\/noticias\/floresta-que-cresce-um-mapa-da-solidariedade-em-todo-o-pais.html","og_locale":"pt_BR","og_type":"article","og_title":"Floresta que cresce: um mapa da solidariedade em todo o pa\u00eds - Not\u00edcias - Franciscanos","og_description":"Juventude","og_url":"https:\/\/franciscanos.org.br\/noticias\/floresta-que-cresce-um-mapa-da-solidariedade-em-todo-o-pais.html","og_site_name":"Not\u00edcias - Franciscanos","article_published_time":"2016-07-14T18:42:51+00:00","article_modified_time":"2020-03-24T15:27:20+00:00","og_image":[{"width":273,"height":181,"url":"https:\/\/franciscanos.org.br\/noticias\/wp-content\/uploads\/2016\/07\/floresta.jpg","type":"image\/jpeg"}],"author":"admin","twitter_card":"summary_large_image","twitter_misc":{"Escrito por":"admin","Est. tempo de leitura":"2 minutos"},"schema":{"@context":"https:\/\/schema.org","@graph":[{"@type":"WebSite","@id":"https:\/\/franciscanos.org.br\/noticias\/#website","url":"https:\/\/franciscanos.org.br\/noticias\/","name":"Not\u00edcias - Franciscanos","description":"Prov\u00edncia Franciscana da Imaculada Concei\u00e7\u00e3o do Brasil - Ordem dos Frades Menores - OFM","potentialAction":[{"@type":"SearchAction","target":{"@type":"EntryPoint","urlTemplate":"https:\/\/franciscanos.org.br\/noticias\/?s={search_term_string}"},"query-input":"required name=search_term_string"}],"inLanguage":"pt-BR"},{"@type":"ImageObject","inLanguage":"pt-BR","@id":"https:\/\/franciscanos.org.br\/noticias\/floresta-que-cresce-um-mapa-da-solidariedade-em-todo-o-pais.html#primaryimage","url":"https:\/\/franciscanos.org.br\/noticias\/wp-content\/uploads\/2016\/07\/floresta.jpg","contentUrl":"https:\/\/franciscanos.org.br\/noticias\/wp-content\/uploads\/2016\/07\/floresta.jpg","width":273,"height":181},{"@type":"WebPage","@id":"https:\/\/franciscanos.org.br\/noticias\/floresta-que-cresce-um-mapa-da-solidariedade-em-todo-o-pais.html#webpage","url":"https:\/\/franciscanos.org.br\/noticias\/floresta-que-cresce-um-mapa-da-solidariedade-em-todo-o-pais.html","name":"Floresta que cresce: um mapa da solidariedade em todo o pa\u00eds - Not\u00edcias - Franciscanos","isPartOf":{"@id":"https:\/\/franciscanos.org.br\/noticias\/#website"},"primaryImageOfPage":{"@id":"https:\/\/franciscanos.org.br\/noticias\/floresta-que-cresce-um-mapa-da-solidariedade-em-todo-o-pais.html#primaryimage"},"datePublished":"2016-07-14T18:42:51+00:00","dateModified":"2020-03-24T15:27:20+00:00","author":{"@id":"https:\/\/franciscanos.org.br\/noticias\/#\/schema\/person\/b38fbf43118f02820bd932f2e4b14ad3"},"breadcrumb":{"@id":"https:\/\/franciscanos.org.br\/noticias\/floresta-que-cresce-um-mapa-da-solidariedade-em-todo-o-pais.html#breadcrumb"},"inLanguage":"pt-BR","potentialAction":[{"@type":"ReadAction","target":["https:\/\/franciscanos.org.br\/noticias\/floresta-que-cresce-um-mapa-da-solidariedade-em-todo-o-pais.html"]}]},{"@type":"BreadcrumbList","@id":"https:\/\/franciscanos.org.br\/noticias\/floresta-que-cresce-um-mapa-da-solidariedade-em-todo-o-pais.html#breadcrumb","itemListElement":[{"@type":"ListItem","position":1,"name":"Home","item":"https:\/\/franciscanos.org.br\/noticias"},{"@type":"ListItem","position":2,"name":"Floresta que cresce: um mapa da solidariedade em todo o pa\u00eds"}]},{"@type":"Person","@id":"https:\/\/franciscanos.org.br\/noticias\/#\/schema\/person\/b38fbf43118f02820bd932f2e4b14ad3","name":"admin","image":{"@type":"ImageObject","inLanguage":"pt-BR","@id":"https:\/\/franciscanos.org.br\/noticias\/#\/schema\/person\/image\/","url":"https:\/\/secure.gravatar.com\/avatar\/e8495742d34d0ba6448ea1c628263b3e?s=96&d=mm&r=g","contentUrl":"https:\/\/secure.gravatar.com\/avatar\/e8495742d34d0ba6448ea1c628263b3e?s=96&d=mm&r=g","caption":"admin"},"url":"https:\/\/franciscanos.org.br\/noticias\/author\/admin"}]}},"_links":{"self":[{"href":"https:\/\/franciscanos.org.br\/noticias\/wp-json\/wp\/v2\/posts\/112542"}],"collection":[{"href":"https:\/\/franciscanos.org.br\/noticias\/wp-json\/wp\/v2\/posts"}],"about":[{"href":"https:\/\/franciscanos.org.br\/noticias\/wp-json\/wp\/v2\/types\/post"}],"author":[{"embeddable":true,"href":"https:\/\/franciscanos.org.br\/noticias\/wp-json\/wp\/v2\/users\/1"}],"replies":[{"embeddable":true,"href":"https:\/\/franciscanos.org.br\/noticias\/wp-json\/wp\/v2\/comments?post=112542"}],"version-history":[{"count":1,"href":"https:\/\/franciscanos.org.br\/noticias\/wp-json\/wp\/v2\/posts\/112542\/revisions"}],"predecessor-version":[{"id":222498,"href":"https:\/\/franciscanos.org.br\/noticias\/wp-json\/wp\/v2\/posts\/112542\/revisions\/222498"}],"wp:featuredmedia":[{"embeddable":true,"href":"https:\/\/franciscanos.org.br\/noticias\/wp-json\/wp\/v2\/media\/222497"}],"wp:attachment":[{"href":"https:\/\/franciscanos.org.br\/noticias\/wp-json\/wp\/v2\/media?parent=112542"}],"wp:term":[{"taxonomy":"category","embeddable":true,"href":"https:\/\/franciscanos.org.br\/noticias\/wp-json\/wp\/v2\/categories?post=112542"},{"taxonomy":"post_tag","embeddable":true,"href":"https:\/\/franciscanos.org.br\/noticias\/wp-json\/wp\/v2\/tags?post=112542"}],"curies":[{"name":"wp","href":"https:\/\/api.w.org\/{rel}","templated":true}]}}