{"id":112447,"date":"2016-07-12T09:07:09","date_gmt":"2016-07-12T12:07:09","guid":{"rendered":"http:\/\/franciscanos.org.br\/?p=112447"},"modified":"2020-03-24T12:35:35","modified_gmt":"2020-03-24T15:35:35","slug":"congresso-marca-os-70-anos-da-presenca-dos-franciscanos-conventuais-na-america-latina-e-caribe","status":"publish","type":"post","link":"https:\/\/franciscanos.org.br\/noticias\/congresso-marca-os-70-anos-da-presenca-dos-franciscanos-conventuais-na-america-latina-e-caribe.html","title":{"rendered":"Congresso marca 70 anos  na Am\u00e9rica Latina e Caribe"},"content":{"rendered":"<p><img loading=\"lazy\" src=\"http:\/\/franciscanos.org.br\/wp-content\/uploads\/2016\/07\/conventual.jpg\" alt=\"conventual\" width=\"820\" height=\"376\" \/><\/p>\n<p>Como parte das comemora\u00e7\u00f5es pelos <a href=\"https:\/\/www.facebook.com\/70anosofmconventuaisnaamericalatinaecaribe\/\" target=\"_blank\" rel=\"noopener noreferrer\"><strong>70 anos de presen\u00e7a franciscana no Continente Latino-americano e Caribe<\/strong><\/a>, a Ordem dos Frades Menores Conventuais promove um Congresso teol\u00f3gico, a partir de amanh\u00e3 (13) at\u00e9 17 de julho, no Rio de Janeiro. O encontro tem como objetivo aprofundar a reflex\u00e3o sobre os cen\u00e1rios e a pr\u00e1tica mission\u00e1ria e evangelizadora dos Irm\u00e3os Menores Conventuais na Am\u00e9rica Latina e Caribe para responder aos desafios da nova evangeliza\u00e7\u00e3o.<\/p>\n<p>O evento re\u00fane na Cidade Maravilhosa o Governo Geral da Ordem, Ministros Provinciais e Cust\u00f3dios, delegados provinciais, uma Irm\u00e3 Clarissa, o presidente da Fam\u00edlia Franciscana do Brasil, o Ministro nacional da Ordem Franciscana Secular e leigos. \u00a0Entre eles, Frei G\u00edlson Nunes, Ministro Provincial da Prov\u00edncia de S\u00e3o Francisco de Assis, com sede em Santo Andr\u00e9. \u201cA Ordem dos Frades Menores Conventuais, Franciscanos Conventuais, com gratid\u00e3o celebra os setenta anos de chegada da nossa Ordem na Am\u00e9rica Latina. O primeiro grupo de frades americanos chegou em 1946 no Rio Comprido, no Rio de Janeiro. Esta foi a nossa primeira miss\u00e3o oficial na Am\u00e9rica Latina. Ainda que haja relatos de outros frades que estiveram no s\u00e9culo passado na Am\u00e9rica Latina, esta \u00e9 considerada a nossa presen\u00e7a oficial\u201d, explicou o Ministro Provincial, que est\u00e1 reunido com esses representantes da Ordem, na Casa Regina Coeli, na Tijuca, para a elei\u00e7\u00e3o do novo presidente da Federa\u00e7\u00e3o dos Frades Menores Conventuais da Am\u00e9rica Latina e Caribe.<\/p>\n<div id=\"attachment_112463\" style=\"width: 410px\" class=\"wp-caption alignright\"><img aria-describedby=\"caption-attachment-112463\" loading=\"lazy\" class=\"wp-image-112463 size-full\" src=\"http:\/\/franciscanos.org.br\/wp-content\/uploads\/2016\/07\/gilson_2.jpg\" alt=\"gilson_2\" width=\"400\" height=\"308\" \/><p id=\"caption-attachment-112463\" class=\"wp-caption-text\">Frei G\u00edlson Nunes, Ministro Provincial<\/p><\/div>\n<p>Frei G\u00edlson se refere \u00e0 Cust\u00f3dia Imaculada Concei\u00e7\u00e3o do Brasil, fundada no dia 28 de mar\u00e7o de 1946, a primeira presen\u00e7a franciscana no Brasil e Am\u00e9rica Latina. Esta primeira miss\u00e3o teve como ponto de partida a cidade do Rio de Janeiro, cujo Convento S\u00e3o Francisco de Assis, no bairro Rio Comprido, \u00e9 o mais antigo convento Franciscano Conventual da Am\u00e9rica Latina.<\/p>\n<p>Para Frei G\u00edlson, \u00a0celebrar 70 anos de presen\u00e7a significa \u201crender gra\u00e7as a Deus pela coragem, pela aud\u00e1cia, pelo ardor mission\u00e1rio dos oper\u00e1rios da primeira hora, aqueles irm\u00e3os menores que, movidos pela paix\u00e3o do Evangelho, e pelo carisma franciscano aqui aportaram para a implanta\u00e7\u00e3o da Ordem\u201d, observa o frade.<\/p>\n<p>\u201cSignifica tamb\u00e9m pedir perd\u00e3o pelas falhas humanas, pelos limites nesse processo de evangeliza\u00e7\u00e3o, de incultura\u00e7\u00e3o. Sem d\u00favida houve, como em toda hist\u00f3ria humana, momentos de sombras, infidelidades e limita\u00e7\u00f5es\u201d, pondera Frei G\u00edlson. \u201cMas significa um momento de compromisso com o hoje da hist\u00f3ria. N\u00f3s queremos ser tamb\u00e9m uma Ordem em sa\u00edda. Queremos abrir-nos aos impulsos e aos apelos do Esp\u00edrito. Queremos ser capazes de ler os sinais dos tempos, onde Deus nos envia, onde n\u00f3s, como Irm\u00e3os Menores, devemos estar hoje e as quais periferias existenciais \u00a0o Senhor nos envia\u201d, refletiu o Ministro Provincial.<\/p>\n<p>Frei G\u00edlson convida a toda a Fam\u00edlia Franciscana, a Igreja no Brasil, a render gra\u00e7as pelos frutos destes setenta anos de miss\u00e3o e evangeliza\u00e7\u00e3o na Am\u00e9rica Latina: \u201cTamb\u00e9m conosco a suplicar a miseric\u00f3rdia do Senhor pelas nossas fragilidades humanas e a assumir esse tempo que se chama hoje a novidade do Esp\u00edrito que nos envia, que novamente nos faz conhecer e discernir os sinais do Esp\u00edrito em n\u00f3s, na sociedade, no mundo e na Igreja\u201d, completou o Provincial da \u00a0Prov\u00edncia S\u00e3o Francisco de Assis, com sede em Santo Andr\u00e9. A hist\u00f3ria da presen\u00e7a na regi\u00e3o metropolitana de S\u00e3o Paulo come\u00e7a com a vinda de dois frades da Prov\u00edncia de Santo Ant\u00f4nio de P\u00e1dua, no dia 2 de janeiro de 1949. \u00a0Hoje, a Prov\u00edncia S\u00e3o Francisco de Assis do Brasil marca presen\u00e7a nos estados de S\u00e3o Paulo, Paran\u00e1 e Bahia.<\/p>\n<p>No evento estar\u00e3o presentes os cinco bispos conventuais brasileiros: Dom Fernando Mason, de Piracicaba (SP); Dom Jo\u00e3o Mamede, de Umuarama (PR); Dom Jo\u00e3o Wilk, de An\u00e1polis (GO); \u00a0Dom Janusz Danecki, auxiliar de Campo Grande (MS) e Dom Elias Manning, bispo em\u00e9rito de Valen\u00e7a (RJ). \u201cA gente espera que o encontro seja uma inje\u00e7\u00e3o no bra\u00e7o da Ordem na Am\u00e9rica Latina para continuar essa miss\u00e3o e, quem sabe, chegar a outros pa\u00edses tamb\u00e9m\u201d, afirmou<\/p>\n<p>Dom Elias. Segundo ele, a Ordem dos Frades Menores Conventuais est\u00e1 presente no pa\u00eds em quatro jurisdi\u00e7\u00f5es, onde se expandiu e floresceu. S\u00e3o elas: Rio de Janeiro e Minas Gerais, S\u00e3o Paulo e Regi\u00e3o Sul, Goi\u00e1s, Distrito Federal e a regi\u00e3o Nordeste\u201d, diz.<\/p>\n<p>A arte do \u00a0evento (no alto da p\u00e1gina) destaca o s\u00edmbolo do TAU, tendo no centro o mapa da Am\u00e9rica Latina e Caribe, indicando a presen\u00e7a da Ordem. O mapa lembra o dinamismo da a\u00e7\u00e3o do Esp\u00edrito Santo nesse ch\u00e3o, marcado pela viol\u00eancia, mart\u00edrios e amor \u00e0 terra. O frade menor encarna em sua vida o Cristo Crucificado, ele \u00e9 a atualiza\u00e7\u00e3o de seu modo de ser e de encarar a exist\u00eancia, sempre convocado a ser um com o Senhor Crucificado.<\/p>\n<hr \/>\n<p><strong>PROGRAMA\u00c7\u00c3O DO CONGRESSO NO RIO DE JANEIRO<\/strong><\/p>\n<p><strong>13 de julho (quarta-feira)<\/strong><\/p>\n<p>Celebra\u00e7\u00e3o de Abertura<\/p>\n<p><strong>Palestra inaugural:<\/strong> &#8220;Os Grandes Momentos Hist\u00f3ricos da Igreja Latino-americana&#8221; (1946-2016), com Eduardo Hoornaert (Brasil)<\/p>\n<p><strong>14 de julho (quinta-feira)<\/strong><\/p>\n<p><strong>Palestra:<\/strong> &#8220;Aproxima\u00e7\u00e3o Cr\u00edtica a alguns Fragmentos da Mem\u00f3ria Hist\u00f3rica da Evangeliza\u00e7\u00e3o realizada pelos Franciscanos Conventuais na AL e Caribe&#8221;, com os palestrantes Roberto Tomich\u00e1 Ch. Roberto, OFMConv Bol\u00edvia (1946-1967:Conc\u00edlio Vaticano II); Miguel \u00c1ngel L\u00f3pez, OFMConv Argentina.<\/p>\n<p>Experi\u00eancias das diversas realidades evangelizadoras<\/p>\n<p>\u00c0 tarde: trabalho em grupos e Plen\u00e1rio<\/p>\n<p><strong>\u00a0<\/strong><strong>15 de julho (sexta-feira)<\/strong><\/p>\n<p><strong>Palestra 1<\/strong>: &#8221; Cen\u00e1rios de Evangeliza\u00e7\u00e3o com presen\u00e7a dos Franciscanos Conventuais na AL&#8221;, com o palestrante Christian Borghesi, OFMConv Chile<\/p>\n<p>Vis\u00e3o sociol\u00f3gica; Vis\u00e3o teol\u00f3gica.<\/p>\n<table border=\"0\" width=\"450\" cellspacing=\"3\" cellpadding=\"3\" align=\"right\">\n<tbody>\n<tr>\n<td bgcolor=\"#CCCCCC\">\n<h4>OS TR\u00caS RAMOS DA ORDEM FRANCISCANA<\/h4>\n<p>A Ordem Franciscana foi criada como uma Ordem de Irm\u00e3os, que assumiam a miss\u00e3o de viver e pregar o Evangelho. N\u00e3o era uma Ordem Clerical (Ordem composta por sacerdotes), como outras que j\u00e1 existiam. O pr\u00f3prio Francisco n\u00e3o quis ser sacerdote e os primeiros frades tamb\u00e9m n\u00e3o tinham esse objetivo. Mais tarde, devido principalmente \u00e0s necessidades da Igreja, a maioria dos frades passou a se ordenar. Mas at\u00e9 hoje, dentro da ordem Franciscana, convivem como irm\u00e3os, em igualdade de condi\u00e7\u00f5es, frades sacerdotes e n\u00e3o sacerdotes (estes chamados de irm\u00e3os leigos por n\u00e3o serem sacerdotes), cada um exercendo a sua fun\u00e7\u00e3o.<br \/>\nMais tarde, a Ordem se dividiu em tr\u00eas ramos: Ordem dos Frades Menores (OFM), Frades Menores Capuchinhos (OFMCap) e Frades Menores Conventuais (OFMConv).<\/td>\n<\/tr>\n<\/tbody>\n<\/table>\n<p><strong>16 de julho (s\u00e1bado)<\/strong><\/p>\n<p>Trabalho em grupos: novos cen\u00e1rios para a OFMConv.;<\/p>\n<p><strong>Palestra 2:<\/strong> &#8221; O Mundo Virtual, as Novas Gera\u00e7\u00f5es e os Desafios da P\u00f3s-modernidade diante da Evangeliza\u00e7\u00e3o&#8221;, com os palestrantes Rog\u00e9rio P. Xavier, OFMConv Brasil, SP (vis\u00e3o filos\u00f3fica) Victor M.M. Mora ( vis\u00e3o b\u00edblico-teol\u00f3gica)<\/p>\n<p>Cine F\u00f3rum.<\/p>\n<p><strong>Mesa redonda:<\/strong> Da Mem\u00f3ria \u00e0 Atualidade: Para onde e como deve-se orientar a abordagem evangelizadora franciscana hoje? Fundamentos, estilos, perspectivas&#8221;, com os palestrantes Carlos A. Trovarelli, OFMConv Argentina, assistente FALC (moderador); Marco Uma\u00f1a, OFMConv Costa Rica;<\/p>\n<p>Interven\u00e7\u00f5es do p\u00fablico<\/p>\n<p>Trabalho em grupos para elaborar conclus\u00f5es e s\u00ednteses.<\/p>\n<p><strong>17 de julho (domingo)<\/strong><\/p>\n<p><strong>Celebra\u00e7\u00e3o do 70\u00ba anivers\u00e1rio da chegada da Ordem \u00e0 AL<\/strong><\/p>\n<p>Celebra\u00e7\u00e3o Eucar\u00edstica \u00e0s 10h00.<\/p>\n<p><strong>Por\u00a0Moacir Beggo<\/strong><\/p>\n","protected":false},"excerpt":{"rendered":"<p>OFM Conventuais<\/p>\n","protected":false},"author":1,"featured_media":203398,"comment_status":"open","ping_status":"open","sticky":false,"template":"","format":"standard","meta":[],"categories":[1],"tags":[1120,1443,128],"acf":[],"yoast_head":"<!-- This site is optimized with the Yoast SEO plugin v19.2 - https:\/\/yoast.com\/wordpress\/plugins\/seo\/ -->\n<title>Congresso marca 70 anos na Am\u00e9rica Latina e Caribe - Not\u00edcias - Franciscanos<\/title>\n<meta name=\"robots\" content=\"index, follow, max-snippet:-1, max-image-preview:large, max-video-preview:-1\" \/>\n<link rel=\"canonical\" href=\"https:\/\/franciscanos.org.br\/noticias\/congresso-marca-os-70-anos-da-presenca-dos-franciscanos-conventuais-na-america-latina-e-caribe.html\" \/>\n<meta property=\"og:locale\" content=\"pt_BR\" \/>\n<meta property=\"og:type\" content=\"article\" \/>\n<meta property=\"og:title\" content=\"Congresso marca 70 anos na Am\u00e9rica Latina e Caribe - Not\u00edcias - Franciscanos\" \/>\n<meta property=\"og:description\" content=\"OFM Conventuais\" \/>\n<meta property=\"og:url\" content=\"https:\/\/franciscanos.org.br\/noticias\/congresso-marca-os-70-anos-da-presenca-dos-franciscanos-conventuais-na-america-latina-e-caribe.html\" \/>\n<meta property=\"og:site_name\" content=\"Not\u00edcias - Franciscanos\" \/>\n<meta property=\"article:published_time\" content=\"2016-07-12T12:07:09+00:00\" \/>\n<meta property=\"article:modified_time\" content=\"2020-03-24T15:35:35+00:00\" \/>\n<meta property=\"og:image\" content=\"https:\/\/franciscanos.org.br\/noticias\/wp-content\/uploads\/2016\/07\/conventual.jpg\" \/>\n\t<meta property=\"og:image:width\" content=\"273\" \/>\n\t<meta property=\"og:image:height\" content=\"181\" \/>\n\t<meta property=\"og:image:type\" content=\"image\/jpeg\" \/>\n<meta name=\"author\" content=\"admin\" \/>\n<meta name=\"twitter:card\" content=\"summary_large_image\" \/>\n<meta name=\"twitter:label1\" content=\"Escrito por\" \/>\n\t<meta name=\"twitter:data1\" content=\"admin\" \/>\n\t<meta name=\"twitter:label2\" content=\"Est. tempo de leitura\" \/>\n\t<meta name=\"twitter:data2\" content=\"6 minutos\" \/>\n<script type=\"application\/ld+json\" class=\"yoast-schema-graph\">{\"@context\":\"https:\/\/schema.org\",\"@graph\":[{\"@type\":\"WebSite\",\"@id\":\"https:\/\/franciscanos.org.br\/noticias\/#website\",\"url\":\"https:\/\/franciscanos.org.br\/noticias\/\",\"name\":\"Not\u00edcias - Franciscanos\",\"description\":\"Prov\u00edncia Franciscana da Imaculada Concei\u00e7\u00e3o do Brasil - Ordem dos Frades Menores - OFM\",\"potentialAction\":[{\"@type\":\"SearchAction\",\"target\":{\"@type\":\"EntryPoint\",\"urlTemplate\":\"https:\/\/franciscanos.org.br\/noticias\/?s={search_term_string}\"},\"query-input\":\"required name=search_term_string\"}],\"inLanguage\":\"pt-BR\"},{\"@type\":\"ImageObject\",\"inLanguage\":\"pt-BR\",\"@id\":\"https:\/\/franciscanos.org.br\/noticias\/congresso-marca-os-70-anos-da-presenca-dos-franciscanos-conventuais-na-america-latina-e-caribe.html#primaryimage\",\"url\":\"https:\/\/franciscanos.org.br\/noticias\/wp-content\/uploads\/2016\/07\/conventual.jpg\",\"contentUrl\":\"https:\/\/franciscanos.org.br\/noticias\/wp-content\/uploads\/2016\/07\/conventual.jpg\",\"width\":273,\"height\":181},{\"@type\":\"WebPage\",\"@id\":\"https:\/\/franciscanos.org.br\/noticias\/congresso-marca-os-70-anos-da-presenca-dos-franciscanos-conventuais-na-america-latina-e-caribe.html#webpage\",\"url\":\"https:\/\/franciscanos.org.br\/noticias\/congresso-marca-os-70-anos-da-presenca-dos-franciscanos-conventuais-na-america-latina-e-caribe.html\",\"name\":\"Congresso marca 70 anos na Am\u00e9rica Latina e Caribe - Not\u00edcias - Franciscanos\",\"isPartOf\":{\"@id\":\"https:\/\/franciscanos.org.br\/noticias\/#website\"},\"primaryImageOfPage\":{\"@id\":\"https:\/\/franciscanos.org.br\/noticias\/congresso-marca-os-70-anos-da-presenca-dos-franciscanos-conventuais-na-america-latina-e-caribe.html#primaryimage\"},\"datePublished\":\"2016-07-12T12:07:09+00:00\",\"dateModified\":\"2020-03-24T15:35:35+00:00\",\"author\":{\"@id\":\"https:\/\/franciscanos.org.br\/noticias\/#\/schema\/person\/b38fbf43118f02820bd932f2e4b14ad3\"},\"breadcrumb\":{\"@id\":\"https:\/\/franciscanos.org.br\/noticias\/congresso-marca-os-70-anos-da-presenca-dos-franciscanos-conventuais-na-america-latina-e-caribe.html#breadcrumb\"},\"inLanguage\":\"pt-BR\",\"potentialAction\":[{\"@type\":\"ReadAction\",\"target\":[\"https:\/\/franciscanos.org.br\/noticias\/congresso-marca-os-70-anos-da-presenca-dos-franciscanos-conventuais-na-america-latina-e-caribe.html\"]}]},{\"@type\":\"BreadcrumbList\",\"@id\":\"https:\/\/franciscanos.org.br\/noticias\/congresso-marca-os-70-anos-da-presenca-dos-franciscanos-conventuais-na-america-latina-e-caribe.html#breadcrumb\",\"itemListElement\":[{\"@type\":\"ListItem\",\"position\":1,\"name\":\"Home\",\"item\":\"https:\/\/franciscanos.org.br\/noticias\"},{\"@type\":\"ListItem\",\"position\":2,\"name\":\"Congresso marca 70 anos na Am\u00e9rica Latina e Caribe\"}]},{\"@type\":\"Person\",\"@id\":\"https:\/\/franciscanos.org.br\/noticias\/#\/schema\/person\/b38fbf43118f02820bd932f2e4b14ad3\",\"name\":\"admin\",\"image\":{\"@type\":\"ImageObject\",\"inLanguage\":\"pt-BR\",\"@id\":\"https:\/\/franciscanos.org.br\/noticias\/#\/schema\/person\/image\/\",\"url\":\"https:\/\/secure.gravatar.com\/avatar\/e8495742d34d0ba6448ea1c628263b3e?s=96&d=mm&r=g\",\"contentUrl\":\"https:\/\/secure.gravatar.com\/avatar\/e8495742d34d0ba6448ea1c628263b3e?s=96&d=mm&r=g\",\"caption\":\"admin\"},\"url\":\"https:\/\/franciscanos.org.br\/noticias\/author\/admin\"}]}<\/script>\n<!-- \/ Yoast SEO plugin. -->","yoast_head_json":{"title":"Congresso marca 70 anos na Am\u00e9rica Latina e Caribe - Not\u00edcias - Franciscanos","robots":{"index":"index","follow":"follow","max-snippet":"max-snippet:-1","max-image-preview":"max-image-preview:large","max-video-preview":"max-video-preview:-1"},"canonical":"https:\/\/franciscanos.org.br\/noticias\/congresso-marca-os-70-anos-da-presenca-dos-franciscanos-conventuais-na-america-latina-e-caribe.html","og_locale":"pt_BR","og_type":"article","og_title":"Congresso marca 70 anos na Am\u00e9rica Latina e Caribe - Not\u00edcias - Franciscanos","og_description":"OFM Conventuais","og_url":"https:\/\/franciscanos.org.br\/noticias\/congresso-marca-os-70-anos-da-presenca-dos-franciscanos-conventuais-na-america-latina-e-caribe.html","og_site_name":"Not\u00edcias - Franciscanos","article_published_time":"2016-07-12T12:07:09+00:00","article_modified_time":"2020-03-24T15:35:35+00:00","og_image":[{"width":273,"height":181,"url":"https:\/\/franciscanos.org.br\/noticias\/wp-content\/uploads\/2016\/07\/conventual.jpg","type":"image\/jpeg"}],"author":"admin","twitter_card":"summary_large_image","twitter_misc":{"Escrito por":"admin","Est. tempo de leitura":"6 minutos"},"schema":{"@context":"https:\/\/schema.org","@graph":[{"@type":"WebSite","@id":"https:\/\/franciscanos.org.br\/noticias\/#website","url":"https:\/\/franciscanos.org.br\/noticias\/","name":"Not\u00edcias - Franciscanos","description":"Prov\u00edncia Franciscana da Imaculada Concei\u00e7\u00e3o do Brasil - Ordem dos Frades Menores - OFM","potentialAction":[{"@type":"SearchAction","target":{"@type":"EntryPoint","urlTemplate":"https:\/\/franciscanos.org.br\/noticias\/?s={search_term_string}"},"query-input":"required name=search_term_string"}],"inLanguage":"pt-BR"},{"@type":"ImageObject","inLanguage":"pt-BR","@id":"https:\/\/franciscanos.org.br\/noticias\/congresso-marca-os-70-anos-da-presenca-dos-franciscanos-conventuais-na-america-latina-e-caribe.html#primaryimage","url":"https:\/\/franciscanos.org.br\/noticias\/wp-content\/uploads\/2016\/07\/conventual.jpg","contentUrl":"https:\/\/franciscanos.org.br\/noticias\/wp-content\/uploads\/2016\/07\/conventual.jpg","width":273,"height":181},{"@type":"WebPage","@id":"https:\/\/franciscanos.org.br\/noticias\/congresso-marca-os-70-anos-da-presenca-dos-franciscanos-conventuais-na-america-latina-e-caribe.html#webpage","url":"https:\/\/franciscanos.org.br\/noticias\/congresso-marca-os-70-anos-da-presenca-dos-franciscanos-conventuais-na-america-latina-e-caribe.html","name":"Congresso marca 70 anos na Am\u00e9rica Latina e Caribe - Not\u00edcias - Franciscanos","isPartOf":{"@id":"https:\/\/franciscanos.org.br\/noticias\/#website"},"primaryImageOfPage":{"@id":"https:\/\/franciscanos.org.br\/noticias\/congresso-marca-os-70-anos-da-presenca-dos-franciscanos-conventuais-na-america-latina-e-caribe.html#primaryimage"},"datePublished":"2016-07-12T12:07:09+00:00","dateModified":"2020-03-24T15:35:35+00:00","author":{"@id":"https:\/\/franciscanos.org.br\/noticias\/#\/schema\/person\/b38fbf43118f02820bd932f2e4b14ad3"},"breadcrumb":{"@id":"https:\/\/franciscanos.org.br\/noticias\/congresso-marca-os-70-anos-da-presenca-dos-franciscanos-conventuais-na-america-latina-e-caribe.html#breadcrumb"},"inLanguage":"pt-BR","potentialAction":[{"@type":"ReadAction","target":["https:\/\/franciscanos.org.br\/noticias\/congresso-marca-os-70-anos-da-presenca-dos-franciscanos-conventuais-na-america-latina-e-caribe.html"]}]},{"@type":"BreadcrumbList","@id":"https:\/\/franciscanos.org.br\/noticias\/congresso-marca-os-70-anos-da-presenca-dos-franciscanos-conventuais-na-america-latina-e-caribe.html#breadcrumb","itemListElement":[{"@type":"ListItem","position":1,"name":"Home","item":"https:\/\/franciscanos.org.br\/noticias"},{"@type":"ListItem","position":2,"name":"Congresso marca 70 anos na Am\u00e9rica Latina e Caribe"}]},{"@type":"Person","@id":"https:\/\/franciscanos.org.br\/noticias\/#\/schema\/person\/b38fbf43118f02820bd932f2e4b14ad3","name":"admin","image":{"@type":"ImageObject","inLanguage":"pt-BR","@id":"https:\/\/franciscanos.org.br\/noticias\/#\/schema\/person\/image\/","url":"https:\/\/secure.gravatar.com\/avatar\/e8495742d34d0ba6448ea1c628263b3e?s=96&d=mm&r=g","contentUrl":"https:\/\/secure.gravatar.com\/avatar\/e8495742d34d0ba6448ea1c628263b3e?s=96&d=mm&r=g","caption":"admin"},"url":"https:\/\/franciscanos.org.br\/noticias\/author\/admin"}]}},"_links":{"self":[{"href":"https:\/\/franciscanos.org.br\/noticias\/wp-json\/wp\/v2\/posts\/112447"}],"collection":[{"href":"https:\/\/franciscanos.org.br\/noticias\/wp-json\/wp\/v2\/posts"}],"about":[{"href":"https:\/\/franciscanos.org.br\/noticias\/wp-json\/wp\/v2\/types\/post"}],"author":[{"embeddable":true,"href":"https:\/\/franciscanos.org.br\/noticias\/wp-json\/wp\/v2\/users\/1"}],"replies":[{"embeddable":true,"href":"https:\/\/franciscanos.org.br\/noticias\/wp-json\/wp\/v2\/comments?post=112447"}],"version-history":[{"count":1,"href":"https:\/\/franciscanos.org.br\/noticias\/wp-json\/wp\/v2\/posts\/112447\/revisions"}],"predecessor-version":[{"id":222500,"href":"https:\/\/franciscanos.org.br\/noticias\/wp-json\/wp\/v2\/posts\/112447\/revisions\/222500"}],"wp:featuredmedia":[{"embeddable":true,"href":"https:\/\/franciscanos.org.br\/noticias\/wp-json\/wp\/v2\/media\/203398"}],"wp:attachment":[{"href":"https:\/\/franciscanos.org.br\/noticias\/wp-json\/wp\/v2\/media?parent=112447"}],"wp:term":[{"taxonomy":"category","embeddable":true,"href":"https:\/\/franciscanos.org.br\/noticias\/wp-json\/wp\/v2\/categories?post=112447"},{"taxonomy":"post_tag","embeddable":true,"href":"https:\/\/franciscanos.org.br\/noticias\/wp-json\/wp\/v2\/tags?post=112447"}],"curies":[{"name":"wp","href":"https:\/\/api.w.org\/{rel}","templated":true}]}}