{"id":112312,"date":"2016-07-07T14:27:39","date_gmt":"2016-07-07T17:27:39","guid":{"rendered":"http:\/\/franciscanos.org.br\/?p=112312"},"modified":"2021-07-05T20:04:49","modified_gmt":"2021-07-05T23:04:49","slug":"canarinhos-participam-da-abertura-do-festival-de-inverno-da-dellarte","status":"publish","type":"post","link":"https:\/\/franciscanos.org.br\/noticias\/canarinhos-participam-da-abertura-do-festival-de-inverno-da-dellarte.html","title":{"rendered":"Canarinhos participam da abertura do Festival de Inverno da Dell\u2019Arte"},"content":{"rendered":"<p><img loading=\"lazy\" src=\"http:\/\/franciscanos.org.br\/wp-content\/uploads\/2013\/05\/canarinhos.jpg\" alt=\"canarinhos\" width=\"830\" height=\"288\" \/><\/p>\n<p><strong>Petr\u00f3polis (RJ) &#8211;<\/strong> O frio j\u00e1 chegou na serra e, com ele, come\u00e7am tamb\u00e9m os tradicionais eventos que atraem visitantes de todo o Brasil para Petr\u00f3polis. Reconhecido como um dos mais importantes do pa\u00eds, o Festival de Inverno da Dell\u2019Arte tem in\u00edcio na <strong>pr\u00f3xima sexta-feira (8)<\/strong>, com um memor\u00e1vel concerto na Catedral S\u00e3o Pedro de Alc\u00e2ntara. A abertura da programa\u00e7\u00e3o ter\u00e1 participa\u00e7\u00e3o especial do Coral dos Canarinhos e come\u00e7a \u00e0s 20h. A entrada \u00e9 gratuita.<\/p>\n<p>O concerto, que acontece em um dos maiores s\u00edmbolos petropolitanos, ser\u00e1 protagonizado pela Orquestra Sinf\u00f4nica Cesgranrio, sob dire\u00e7\u00e3o do maestro Eder Paolozzi, em parceria com o grupo vocal, regido pelo maestro Marco Aur\u00e9lio Lischt. O repert\u00f3rio inclui obras cl\u00e1ssicas de grandes compositores, como Verdi e Rossini. O coro canta junto com a orquestra pe\u00e7as como \u201cHallelujah\u201d, de Handel, e \u201cMoteto de Sancta Maria KV. 273\u201d, de Mozart.<\/p>\n<p>\u201cEstamos muito felizes em nos apresentar pela primeira vez com a Orquestra Sinf\u00f4nica Cesgranrio, ainda mais na abertura do Festival de Inverno da Dell\u2019Arte, que sempre traz \u00e0 Petr\u00f3polis atra\u00e7\u00f5es de alt\u00edssimo n\u00edvel musical. Com certeza ser\u00e1 muito enriquecedor e esperamos que o p\u00fablico goste desta parceria in\u00e9dita\u201d, declarou Lischt.<\/p>\n<p>Os eventos acontecem at\u00e9 o dia 17 de julho, com mais de 40 atra\u00e7\u00f5es, incluindo concertos, ballet, \u00f3pera, m\u00fasica popular, oficinas e pe\u00e7as teatrais. Com uma programa\u00e7\u00e3o inteiramente gratuita, o Festival de Inverno da Dell\u2019Arte promete atrair milhares de moradores e turistas para grandes espet\u00e1culos.<\/p>\n<p>\u201c\u00c9 com muita alegria que a Orquestra Sinf\u00f4nica Cesgranrio participa de mais um Festival de Inverno de Petr\u00f3polis, apresenta\u00e7\u00e3o que, dessa vez, ser\u00e1 abrilhantada pelos Canarinhos, um coral que dispensa apresenta\u00e7\u00f5es, querido e admirado por todos. Esperamos que seja a primeira de muitas. Uma das caracter\u00edsticas dos nossos concertos \u00e9 a informalidade, onde buscamos falar sobre as obras com o p\u00fablico, que certamente apreciar\u00e1 escutar pe\u00e7as t\u00e3o conhecidas, em um ambiente acolhedor\u201d, declarou o maestro Eder Paolozzi.<\/p>\n","protected":false},"excerpt":{"rendered":"<p>Petr\u00f3polis<\/p>\n","protected":false},"author":1,"featured_media":199495,"comment_status":"open","ping_status":"open","sticky":false,"template":"","format":"standard","meta":[],"categories":[1],"tags":[1378],"acf":[],"yoast_head":"<!-- This site is optimized with the Yoast SEO plugin v19.2 - https:\/\/yoast.com\/wordpress\/plugins\/seo\/ -->\n<title>Canarinhos participam da abertura do Festival de Inverno da Dell\u2019Arte - Not\u00edcias - Franciscanos<\/title>\n<meta name=\"robots\" content=\"index, follow, max-snippet:-1, max-image-preview:large, max-video-preview:-1\" \/>\n<link rel=\"canonical\" href=\"https:\/\/franciscanos.org.br\/noticias\/canarinhos-participam-da-abertura-do-festival-de-inverno-da-dellarte.html\" \/>\n<meta property=\"og:locale\" content=\"pt_BR\" \/>\n<meta property=\"og:type\" content=\"article\" \/>\n<meta property=\"og:title\" content=\"Canarinhos participam da abertura do Festival de Inverno da Dell\u2019Arte - Not\u00edcias - Franciscanos\" \/>\n<meta property=\"og:description\" content=\"Petr\u00f3polis\" \/>\n<meta property=\"og:url\" content=\"https:\/\/franciscanos.org.br\/noticias\/canarinhos-participam-da-abertura-do-festival-de-inverno-da-dellarte.html\" \/>\n<meta property=\"og:site_name\" content=\"Not\u00edcias - Franciscanos\" \/>\n<meta property=\"article:published_time\" content=\"2016-07-07T17:27:39+00:00\" \/>\n<meta property=\"article:modified_time\" content=\"2021-07-05T23:04:49+00:00\" \/>\n<meta property=\"og:image\" content=\"https:\/\/franciscanos.org.br\/noticias\/wp-content\/uploads\/2016\/07\/canarinhos.jpg\" \/>\n\t<meta property=\"og:image:width\" content=\"273\" \/>\n\t<meta property=\"og:image:height\" content=\"181\" \/>\n\t<meta property=\"og:image:type\" content=\"image\/jpeg\" \/>\n<meta name=\"author\" content=\"admin\" \/>\n<meta name=\"twitter:card\" content=\"summary_large_image\" \/>\n<meta name=\"twitter:label1\" content=\"Escrito por\" \/>\n\t<meta name=\"twitter:data1\" content=\"admin\" \/>\n\t<meta name=\"twitter:label2\" content=\"Est. tempo de leitura\" \/>\n\t<meta name=\"twitter:data2\" content=\"2 minutos\" \/>\n<script type=\"application\/ld+json\" class=\"yoast-schema-graph\">{\"@context\":\"https:\/\/schema.org\",\"@graph\":[{\"@type\":\"WebSite\",\"@id\":\"https:\/\/franciscanos.org.br\/noticias\/#website\",\"url\":\"https:\/\/franciscanos.org.br\/noticias\/\",\"name\":\"Not\u00edcias - Franciscanos\",\"description\":\"Prov\u00edncia Franciscana da Imaculada Concei\u00e7\u00e3o do Brasil - Ordem dos Frades Menores - OFM\",\"potentialAction\":[{\"@type\":\"SearchAction\",\"target\":{\"@type\":\"EntryPoint\",\"urlTemplate\":\"https:\/\/franciscanos.org.br\/noticias\/?s={search_term_string}\"},\"query-input\":\"required name=search_term_string\"}],\"inLanguage\":\"pt-BR\"},{\"@type\":\"ImageObject\",\"inLanguage\":\"pt-BR\",\"@id\":\"https:\/\/franciscanos.org.br\/noticias\/canarinhos-participam-da-abertura-do-festival-de-inverno-da-dellarte.html#primaryimage\",\"url\":\"https:\/\/franciscanos.org.br\/noticias\/wp-content\/uploads\/2016\/07\/canarinhos.jpg\",\"contentUrl\":\"https:\/\/franciscanos.org.br\/noticias\/wp-content\/uploads\/2016\/07\/canarinhos.jpg\",\"width\":273,\"height\":181},{\"@type\":\"WebPage\",\"@id\":\"https:\/\/franciscanos.org.br\/noticias\/canarinhos-participam-da-abertura-do-festival-de-inverno-da-dellarte.html#webpage\",\"url\":\"https:\/\/franciscanos.org.br\/noticias\/canarinhos-participam-da-abertura-do-festival-de-inverno-da-dellarte.html\",\"name\":\"Canarinhos participam da abertura do Festival de Inverno da Dell\u2019Arte - Not\u00edcias - Franciscanos\",\"isPartOf\":{\"@id\":\"https:\/\/franciscanos.org.br\/noticias\/#website\"},\"primaryImageOfPage\":{\"@id\":\"https:\/\/franciscanos.org.br\/noticias\/canarinhos-participam-da-abertura-do-festival-de-inverno-da-dellarte.html#primaryimage\"},\"datePublished\":\"2016-07-07T17:27:39+00:00\",\"dateModified\":\"2021-07-05T23:04:49+00:00\",\"author\":{\"@id\":\"https:\/\/franciscanos.org.br\/noticias\/#\/schema\/person\/b38fbf43118f02820bd932f2e4b14ad3\"},\"breadcrumb\":{\"@id\":\"https:\/\/franciscanos.org.br\/noticias\/canarinhos-participam-da-abertura-do-festival-de-inverno-da-dellarte.html#breadcrumb\"},\"inLanguage\":\"pt-BR\",\"potentialAction\":[{\"@type\":\"ReadAction\",\"target\":[\"https:\/\/franciscanos.org.br\/noticias\/canarinhos-participam-da-abertura-do-festival-de-inverno-da-dellarte.html\"]}]},{\"@type\":\"BreadcrumbList\",\"@id\":\"https:\/\/franciscanos.org.br\/noticias\/canarinhos-participam-da-abertura-do-festival-de-inverno-da-dellarte.html#breadcrumb\",\"itemListElement\":[{\"@type\":\"ListItem\",\"position\":1,\"name\":\"Home\",\"item\":\"https:\/\/franciscanos.org.br\/noticias\"},{\"@type\":\"ListItem\",\"position\":2,\"name\":\"Canarinhos participam da abertura do Festival de Inverno da Dell\u2019Arte\"}]},{\"@type\":\"Person\",\"@id\":\"https:\/\/franciscanos.org.br\/noticias\/#\/schema\/person\/b38fbf43118f02820bd932f2e4b14ad3\",\"name\":\"admin\",\"image\":{\"@type\":\"ImageObject\",\"inLanguage\":\"pt-BR\",\"@id\":\"https:\/\/franciscanos.org.br\/noticias\/#\/schema\/person\/image\/\",\"url\":\"https:\/\/secure.gravatar.com\/avatar\/e8495742d34d0ba6448ea1c628263b3e?s=96&d=mm&r=g\",\"contentUrl\":\"https:\/\/secure.gravatar.com\/avatar\/e8495742d34d0ba6448ea1c628263b3e?s=96&d=mm&r=g\",\"caption\":\"admin\"},\"url\":\"https:\/\/franciscanos.org.br\/noticias\/author\/admin\"}]}<\/script>\n<!-- \/ Yoast SEO plugin. -->","yoast_head_json":{"title":"Canarinhos participam da abertura do Festival de Inverno da Dell\u2019Arte - Not\u00edcias - Franciscanos","robots":{"index":"index","follow":"follow","max-snippet":"max-snippet:-1","max-image-preview":"max-image-preview:large","max-video-preview":"max-video-preview:-1"},"canonical":"https:\/\/franciscanos.org.br\/noticias\/canarinhos-participam-da-abertura-do-festival-de-inverno-da-dellarte.html","og_locale":"pt_BR","og_type":"article","og_title":"Canarinhos participam da abertura do Festival de Inverno da Dell\u2019Arte - Not\u00edcias - Franciscanos","og_description":"Petr\u00f3polis","og_url":"https:\/\/franciscanos.org.br\/noticias\/canarinhos-participam-da-abertura-do-festival-de-inverno-da-dellarte.html","og_site_name":"Not\u00edcias - Franciscanos","article_published_time":"2016-07-07T17:27:39+00:00","article_modified_time":"2021-07-05T23:04:49+00:00","og_image":[{"width":273,"height":181,"url":"https:\/\/franciscanos.org.br\/noticias\/wp-content\/uploads\/2016\/07\/canarinhos.jpg","type":"image\/jpeg"}],"author":"admin","twitter_card":"summary_large_image","twitter_misc":{"Escrito por":"admin","Est. tempo de leitura":"2 minutos"},"schema":{"@context":"https:\/\/schema.org","@graph":[{"@type":"WebSite","@id":"https:\/\/franciscanos.org.br\/noticias\/#website","url":"https:\/\/franciscanos.org.br\/noticias\/","name":"Not\u00edcias - Franciscanos","description":"Prov\u00edncia Franciscana da Imaculada Concei\u00e7\u00e3o do Brasil - Ordem dos Frades Menores - OFM","potentialAction":[{"@type":"SearchAction","target":{"@type":"EntryPoint","urlTemplate":"https:\/\/franciscanos.org.br\/noticias\/?s={search_term_string}"},"query-input":"required name=search_term_string"}],"inLanguage":"pt-BR"},{"@type":"ImageObject","inLanguage":"pt-BR","@id":"https:\/\/franciscanos.org.br\/noticias\/canarinhos-participam-da-abertura-do-festival-de-inverno-da-dellarte.html#primaryimage","url":"https:\/\/franciscanos.org.br\/noticias\/wp-content\/uploads\/2016\/07\/canarinhos.jpg","contentUrl":"https:\/\/franciscanos.org.br\/noticias\/wp-content\/uploads\/2016\/07\/canarinhos.jpg","width":273,"height":181},{"@type":"WebPage","@id":"https:\/\/franciscanos.org.br\/noticias\/canarinhos-participam-da-abertura-do-festival-de-inverno-da-dellarte.html#webpage","url":"https:\/\/franciscanos.org.br\/noticias\/canarinhos-participam-da-abertura-do-festival-de-inverno-da-dellarte.html","name":"Canarinhos participam da abertura do Festival de Inverno da Dell\u2019Arte - Not\u00edcias - Franciscanos","isPartOf":{"@id":"https:\/\/franciscanos.org.br\/noticias\/#website"},"primaryImageOfPage":{"@id":"https:\/\/franciscanos.org.br\/noticias\/canarinhos-participam-da-abertura-do-festival-de-inverno-da-dellarte.html#primaryimage"},"datePublished":"2016-07-07T17:27:39+00:00","dateModified":"2021-07-05T23:04:49+00:00","author":{"@id":"https:\/\/franciscanos.org.br\/noticias\/#\/schema\/person\/b38fbf43118f02820bd932f2e4b14ad3"},"breadcrumb":{"@id":"https:\/\/franciscanos.org.br\/noticias\/canarinhos-participam-da-abertura-do-festival-de-inverno-da-dellarte.html#breadcrumb"},"inLanguage":"pt-BR","potentialAction":[{"@type":"ReadAction","target":["https:\/\/franciscanos.org.br\/noticias\/canarinhos-participam-da-abertura-do-festival-de-inverno-da-dellarte.html"]}]},{"@type":"BreadcrumbList","@id":"https:\/\/franciscanos.org.br\/noticias\/canarinhos-participam-da-abertura-do-festival-de-inverno-da-dellarte.html#breadcrumb","itemListElement":[{"@type":"ListItem","position":1,"name":"Home","item":"https:\/\/franciscanos.org.br\/noticias"},{"@type":"ListItem","position":2,"name":"Canarinhos participam da abertura do Festival de Inverno da Dell\u2019Arte"}]},{"@type":"Person","@id":"https:\/\/franciscanos.org.br\/noticias\/#\/schema\/person\/b38fbf43118f02820bd932f2e4b14ad3","name":"admin","image":{"@type":"ImageObject","inLanguage":"pt-BR","@id":"https:\/\/franciscanos.org.br\/noticias\/#\/schema\/person\/image\/","url":"https:\/\/secure.gravatar.com\/avatar\/e8495742d34d0ba6448ea1c628263b3e?s=96&d=mm&r=g","contentUrl":"https:\/\/secure.gravatar.com\/avatar\/e8495742d34d0ba6448ea1c628263b3e?s=96&d=mm&r=g","caption":"admin"},"url":"https:\/\/franciscanos.org.br\/noticias\/author\/admin"}]}},"_links":{"self":[{"href":"https:\/\/franciscanos.org.br\/noticias\/wp-json\/wp\/v2\/posts\/112312"}],"collection":[{"href":"https:\/\/franciscanos.org.br\/noticias\/wp-json\/wp\/v2\/posts"}],"about":[{"href":"https:\/\/franciscanos.org.br\/noticias\/wp-json\/wp\/v2\/types\/post"}],"author":[{"embeddable":true,"href":"https:\/\/franciscanos.org.br\/noticias\/wp-json\/wp\/v2\/users\/1"}],"replies":[{"embeddable":true,"href":"https:\/\/franciscanos.org.br\/noticias\/wp-json\/wp\/v2\/comments?post=112312"}],"version-history":[{"count":1,"href":"https:\/\/franciscanos.org.br\/noticias\/wp-json\/wp\/v2\/posts\/112312\/revisions"}],"predecessor-version":[{"id":222508,"href":"https:\/\/franciscanos.org.br\/noticias\/wp-json\/wp\/v2\/posts\/112312\/revisions\/222508"}],"wp:featuredmedia":[{"embeddable":true,"href":"https:\/\/franciscanos.org.br\/noticias\/wp-json\/wp\/v2\/media\/199495"}],"wp:attachment":[{"href":"https:\/\/franciscanos.org.br\/noticias\/wp-json\/wp\/v2\/media?parent=112312"}],"wp:term":[{"taxonomy":"category","embeddable":true,"href":"https:\/\/franciscanos.org.br\/noticias\/wp-json\/wp\/v2\/categories?post=112312"},{"taxonomy":"post_tag","embeddable":true,"href":"https:\/\/franciscanos.org.br\/noticias\/wp-json\/wp\/v2\/tags?post=112312"}],"curies":[{"name":"wp","href":"https:\/\/api.w.org\/{rel}","templated":true}]}}