{"id":11226,"date":"2012-01-31T14:20:44","date_gmt":"2012-01-31T16:20:44","guid":{"rendered":"http:\/\/new.franciscanos.org.br\/?p=11226"},"modified":"2020-03-19T11:30:53","modified_gmt":"2020-03-19T14:30:53","slug":"fraternidade-santo-antonio-comemora-60-anos-de-vida-fraterna","status":"publish","type":"post","link":"https:\/\/franciscanos.org.br\/noticias\/fraternidade-santo-antonio-comemora-60-anos-de-vida-fraterna.html","title":{"rendered":"Fraternidade Santo Ant\u00f4nio: 60 anos de vida fraterna"},"content":{"rendered":"<p><img loading=\"lazy\" class=\"alignright size-full wp-image-11227\" title=\"1683_310112\" src=\"http:\/\/franciscanos.org.br\/wp-content\/uploads\/2012\/01\/1683_310112.jpg\" alt=\"\" width=\"350\" height=\"263\" \/>O domingo foi de a\u00e7\u00e3o de gra\u00e7as e de muita festa para a Fraternidade Franciscana Secular Santo Ant\u00f4nio de Nova Igua\u00e7u, na Baixada Fluminense (RJ), que celebrou seus 60 anos de vida fraterna na Catedral Santo Ant\u00f4nio. A festa foi abrilhantada pela presen\u00e7a marcante da comunidade igua\u00e7uana e das fraternidades do Regional Sudeste II que prestigiaram o evento com alegria.<\/p>\n<p>Em sua homilia, o p\u00e1roco da Catedral Santo Ant\u00f4nio, padre Marcos Barbosa, lembrou de todos os irm\u00e3os franciscanos vivos e falecidos, em especial pela mem\u00f3ria do frei Frederico, ofm, que vindo de Petr\u00f3polis, reuniu o primeiro grupo de irm\u00e3os que fundou a Fraternidade Santo Ant\u00f4nio.<\/p>\n<p>Padre Marcos ressaltou que Francisco de Assis \u00e9 um dos maiores santos da hist\u00f3ria da Igreja em todos os tempos. Ele \u00e9 uma refer\u00eancia n\u00e3o s\u00f3 para o mundo cat\u00f3lico ou crist\u00e3o, mas para os homens de diversas religi\u00f5es e pessoas de boa vontade que encontram no pobrezinho de Assis um modelo de vida.<\/p>\n<p>Come\u00e7ando a partir de sua pr\u00f3pria vida, Francisco abandona tudo que poderia prend\u00ea-lo a este mundo e vive a mais radical pobreza e a vive entre os pobres. O amor que tinha aos pobres brotava do seu encontro com Jesus Crucificado e se torna um homem perfeitamente evang\u00e9lico e descobre a fraternidade universal como valor a ser cultivado.<br \/>\nFrancisco \u00e9 o grande arauto da paz. Abandonou as armas do mundo e pregou e promoveu a paz entre os homens e destes com Deus e com todas as criaturas. A paz brotava do seu cora\u00e7\u00e3o sempre alegre e transbordante de amor. Nem um santo da Igreja Cat\u00f3lica, nenhum outro homem que n\u00e3o o pr\u00f3prio Cristo deixou tantos seguidores e admiradores como Francisco de Assis.<\/p>\n<p>Seu grande ideal de vida foi seguir o Santo Evangelho e se fazer irm\u00e3o menor, o mais pequenino entre os homens e Deus o fez grande. Na linda ora\u00e7\u00e3o composta em honra a S\u00e3o Francisco, o Papa Jo\u00e3o Paulo II nos deixou uma grande verdade: \u201c\u00d3 S\u00e3o Francisco, estigmatizado do Monte Alverne, o mundo tem saudades de ti, qual imagem de Jesus Crucificado\u201d.<\/p>\n<p>Durante a A\u00e7\u00e3o de Gra\u00e7as, a ministra local No\u00e9lia Souza rendeu gra\u00e7as ao Senhor pela gra\u00e7a da voca\u00e7\u00e3o franciscana e agradeceu a todos pela presen\u00e7a e manifestou sua gratid\u00e3o pelo incentivo que a fraternidade est\u00e1 recebendo do padre Marcos Barbosa e ao final convidou os admiradores de S\u00e3o Francisco para conhecerem a Fraternidade Santo Ant\u00f4nio e a vivenciarem o carisma franciscano. A celebra\u00e7\u00e3o foi encerrada com a b\u00ean\u00e7\u00e3o de S\u00e3o Francisco e o entusiasmo dos presentes que bradaram com f\u00e9 a Cristo e a S\u00e3o Francisco.<\/p>\n<p>Ap\u00f3s a celebra\u00e7\u00e3o, a fraternidade brindou os convidados com uma grande festa que contou ainda com a bela encena\u00e7\u00e3o da pe\u00e7a teatral \u201cVai, Francisco e reconstr\u00f3i minha igreja\u201d, encenada pelo Projeto Fazendo Arte que emocionou a todos, revelando o frescor e do carisma franciscano que h\u00e1 800 anos mant\u00eam o seu vigor entre n\u00f3s.<br \/>\nLouvemos e bendizemos o Senhor que entre n\u00f3s faz maravilhas!<\/p>\n<p><em><strong>Ordem Franciscana Secular<\/strong><\/em><\/p>\n","protected":false},"excerpt":{"rendered":"<p>OFS<\/p>\n","protected":false},"author":1,"featured_media":203357,"comment_status":"closed","ping_status":"open","sticky":false,"template":"","format":"standard","meta":[],"categories":[1],"tags":[60],"acf":[],"yoast_head":"<!-- This site is optimized with the Yoast SEO plugin v19.2 - https:\/\/yoast.com\/wordpress\/plugins\/seo\/ -->\n<title>Fraternidade Santo Ant\u00f4nio: 60 anos de vida fraterna - Not\u00edcias - Franciscanos<\/title>\n<meta name=\"robots\" content=\"index, follow, max-snippet:-1, max-image-preview:large, max-video-preview:-1\" \/>\n<link rel=\"canonical\" href=\"https:\/\/franciscanos.org.br\/noticias\/fraternidade-santo-antonio-comemora-60-anos-de-vida-fraterna.html\" \/>\n<meta property=\"og:locale\" content=\"pt_BR\" \/>\n<meta property=\"og:type\" content=\"article\" \/>\n<meta property=\"og:title\" content=\"Fraternidade Santo Ant\u00f4nio: 60 anos de vida fraterna - Not\u00edcias - Franciscanos\" \/>\n<meta property=\"og:description\" content=\"OFS\" \/>\n<meta property=\"og:url\" content=\"https:\/\/franciscanos.org.br\/noticias\/fraternidade-santo-antonio-comemora-60-anos-de-vida-fraterna.html\" \/>\n<meta property=\"og:site_name\" content=\"Not\u00edcias - Franciscanos\" \/>\n<meta property=\"article:published_time\" content=\"2012-01-31T16:20:44+00:00\" \/>\n<meta property=\"article:modified_time\" content=\"2020-03-19T14:30:53+00:00\" \/>\n<meta property=\"og:image\" content=\"https:\/\/franciscanos.org.br\/noticias\/wp-content\/uploads\/2012\/01\/1683_310112.jpg\" \/>\n\t<meta property=\"og:image:width\" content=\"273\" \/>\n\t<meta property=\"og:image:height\" content=\"182\" \/>\n\t<meta property=\"og:image:type\" content=\"image\/jpeg\" \/>\n<meta name=\"author\" content=\"admin\" \/>\n<meta name=\"twitter:card\" content=\"summary_large_image\" \/>\n<meta name=\"twitter:label1\" content=\"Escrito por\" \/>\n\t<meta name=\"twitter:data1\" content=\"admin\" \/>\n\t<meta name=\"twitter:label2\" content=\"Est. tempo de leitura\" \/>\n\t<meta name=\"twitter:data2\" content=\"3 minutos\" \/>\n<script type=\"application\/ld+json\" class=\"yoast-schema-graph\">{\"@context\":\"https:\/\/schema.org\",\"@graph\":[{\"@type\":\"WebSite\",\"@id\":\"https:\/\/franciscanos.org.br\/noticias\/#website\",\"url\":\"https:\/\/franciscanos.org.br\/noticias\/\",\"name\":\"Not\u00edcias - Franciscanos\",\"description\":\"Prov\u00edncia Franciscana da Imaculada Concei\u00e7\u00e3o do Brasil - Ordem dos Frades Menores - OFM\",\"potentialAction\":[{\"@type\":\"SearchAction\",\"target\":{\"@type\":\"EntryPoint\",\"urlTemplate\":\"https:\/\/franciscanos.org.br\/noticias\/?s={search_term_string}\"},\"query-input\":\"required name=search_term_string\"}],\"inLanguage\":\"pt-BR\"},{\"@type\":\"ImageObject\",\"inLanguage\":\"pt-BR\",\"@id\":\"https:\/\/franciscanos.org.br\/noticias\/fraternidade-santo-antonio-comemora-60-anos-de-vida-fraterna.html#primaryimage\",\"url\":\"https:\/\/franciscanos.org.br\/noticias\/wp-content\/uploads\/2012\/01\/1683_310112.jpg\",\"contentUrl\":\"https:\/\/franciscanos.org.br\/noticias\/wp-content\/uploads\/2012\/01\/1683_310112.jpg\",\"width\":273,\"height\":182},{\"@type\":\"WebPage\",\"@id\":\"https:\/\/franciscanos.org.br\/noticias\/fraternidade-santo-antonio-comemora-60-anos-de-vida-fraterna.html#webpage\",\"url\":\"https:\/\/franciscanos.org.br\/noticias\/fraternidade-santo-antonio-comemora-60-anos-de-vida-fraterna.html\",\"name\":\"Fraternidade Santo Ant\u00f4nio: 60 anos de vida fraterna - Not\u00edcias - Franciscanos\",\"isPartOf\":{\"@id\":\"https:\/\/franciscanos.org.br\/noticias\/#website\"},\"primaryImageOfPage\":{\"@id\":\"https:\/\/franciscanos.org.br\/noticias\/fraternidade-santo-antonio-comemora-60-anos-de-vida-fraterna.html#primaryimage\"},\"datePublished\":\"2012-01-31T16:20:44+00:00\",\"dateModified\":\"2020-03-19T14:30:53+00:00\",\"author\":{\"@id\":\"https:\/\/franciscanos.org.br\/noticias\/#\/schema\/person\/b38fbf43118f02820bd932f2e4b14ad3\"},\"breadcrumb\":{\"@id\":\"https:\/\/franciscanos.org.br\/noticias\/fraternidade-santo-antonio-comemora-60-anos-de-vida-fraterna.html#breadcrumb\"},\"inLanguage\":\"pt-BR\",\"potentialAction\":[{\"@type\":\"ReadAction\",\"target\":[\"https:\/\/franciscanos.org.br\/noticias\/fraternidade-santo-antonio-comemora-60-anos-de-vida-fraterna.html\"]}]},{\"@type\":\"BreadcrumbList\",\"@id\":\"https:\/\/franciscanos.org.br\/noticias\/fraternidade-santo-antonio-comemora-60-anos-de-vida-fraterna.html#breadcrumb\",\"itemListElement\":[{\"@type\":\"ListItem\",\"position\":1,\"name\":\"Home\",\"item\":\"https:\/\/franciscanos.org.br\/noticias\"},{\"@type\":\"ListItem\",\"position\":2,\"name\":\"Fraternidade Santo Ant\u00f4nio: 60 anos de vida fraterna\"}]},{\"@type\":\"Person\",\"@id\":\"https:\/\/franciscanos.org.br\/noticias\/#\/schema\/person\/b38fbf43118f02820bd932f2e4b14ad3\",\"name\":\"admin\",\"image\":{\"@type\":\"ImageObject\",\"inLanguage\":\"pt-BR\",\"@id\":\"https:\/\/franciscanos.org.br\/noticias\/#\/schema\/person\/image\/\",\"url\":\"https:\/\/secure.gravatar.com\/avatar\/e8495742d34d0ba6448ea1c628263b3e?s=96&d=mm&r=g\",\"contentUrl\":\"https:\/\/secure.gravatar.com\/avatar\/e8495742d34d0ba6448ea1c628263b3e?s=96&d=mm&r=g\",\"caption\":\"admin\"},\"url\":\"https:\/\/franciscanos.org.br\/noticias\/author\/admin\"}]}<\/script>\n<!-- \/ Yoast SEO plugin. -->","yoast_head_json":{"title":"Fraternidade Santo Ant\u00f4nio: 60 anos de vida fraterna - Not\u00edcias - Franciscanos","robots":{"index":"index","follow":"follow","max-snippet":"max-snippet:-1","max-image-preview":"max-image-preview:large","max-video-preview":"max-video-preview:-1"},"canonical":"https:\/\/franciscanos.org.br\/noticias\/fraternidade-santo-antonio-comemora-60-anos-de-vida-fraterna.html","og_locale":"pt_BR","og_type":"article","og_title":"Fraternidade Santo Ant\u00f4nio: 60 anos de vida fraterna - Not\u00edcias - Franciscanos","og_description":"OFS","og_url":"https:\/\/franciscanos.org.br\/noticias\/fraternidade-santo-antonio-comemora-60-anos-de-vida-fraterna.html","og_site_name":"Not\u00edcias - Franciscanos","article_published_time":"2012-01-31T16:20:44+00:00","article_modified_time":"2020-03-19T14:30:53+00:00","og_image":[{"width":273,"height":182,"url":"https:\/\/franciscanos.org.br\/noticias\/wp-content\/uploads\/2012\/01\/1683_310112.jpg","type":"image\/jpeg"}],"author":"admin","twitter_card":"summary_large_image","twitter_misc":{"Escrito por":"admin","Est. tempo de leitura":"3 minutos"},"schema":{"@context":"https:\/\/schema.org","@graph":[{"@type":"WebSite","@id":"https:\/\/franciscanos.org.br\/noticias\/#website","url":"https:\/\/franciscanos.org.br\/noticias\/","name":"Not\u00edcias - Franciscanos","description":"Prov\u00edncia Franciscana da Imaculada Concei\u00e7\u00e3o do Brasil - Ordem dos Frades Menores - OFM","potentialAction":[{"@type":"SearchAction","target":{"@type":"EntryPoint","urlTemplate":"https:\/\/franciscanos.org.br\/noticias\/?s={search_term_string}"},"query-input":"required name=search_term_string"}],"inLanguage":"pt-BR"},{"@type":"ImageObject","inLanguage":"pt-BR","@id":"https:\/\/franciscanos.org.br\/noticias\/fraternidade-santo-antonio-comemora-60-anos-de-vida-fraterna.html#primaryimage","url":"https:\/\/franciscanos.org.br\/noticias\/wp-content\/uploads\/2012\/01\/1683_310112.jpg","contentUrl":"https:\/\/franciscanos.org.br\/noticias\/wp-content\/uploads\/2012\/01\/1683_310112.jpg","width":273,"height":182},{"@type":"WebPage","@id":"https:\/\/franciscanos.org.br\/noticias\/fraternidade-santo-antonio-comemora-60-anos-de-vida-fraterna.html#webpage","url":"https:\/\/franciscanos.org.br\/noticias\/fraternidade-santo-antonio-comemora-60-anos-de-vida-fraterna.html","name":"Fraternidade Santo Ant\u00f4nio: 60 anos de vida fraterna - Not\u00edcias - Franciscanos","isPartOf":{"@id":"https:\/\/franciscanos.org.br\/noticias\/#website"},"primaryImageOfPage":{"@id":"https:\/\/franciscanos.org.br\/noticias\/fraternidade-santo-antonio-comemora-60-anos-de-vida-fraterna.html#primaryimage"},"datePublished":"2012-01-31T16:20:44+00:00","dateModified":"2020-03-19T14:30:53+00:00","author":{"@id":"https:\/\/franciscanos.org.br\/noticias\/#\/schema\/person\/b38fbf43118f02820bd932f2e4b14ad3"},"breadcrumb":{"@id":"https:\/\/franciscanos.org.br\/noticias\/fraternidade-santo-antonio-comemora-60-anos-de-vida-fraterna.html#breadcrumb"},"inLanguage":"pt-BR","potentialAction":[{"@type":"ReadAction","target":["https:\/\/franciscanos.org.br\/noticias\/fraternidade-santo-antonio-comemora-60-anos-de-vida-fraterna.html"]}]},{"@type":"BreadcrumbList","@id":"https:\/\/franciscanos.org.br\/noticias\/fraternidade-santo-antonio-comemora-60-anos-de-vida-fraterna.html#breadcrumb","itemListElement":[{"@type":"ListItem","position":1,"name":"Home","item":"https:\/\/franciscanos.org.br\/noticias"},{"@type":"ListItem","position":2,"name":"Fraternidade Santo Ant\u00f4nio: 60 anos de vida fraterna"}]},{"@type":"Person","@id":"https:\/\/franciscanos.org.br\/noticias\/#\/schema\/person\/b38fbf43118f02820bd932f2e4b14ad3","name":"admin","image":{"@type":"ImageObject","inLanguage":"pt-BR","@id":"https:\/\/franciscanos.org.br\/noticias\/#\/schema\/person\/image\/","url":"https:\/\/secure.gravatar.com\/avatar\/e8495742d34d0ba6448ea1c628263b3e?s=96&d=mm&r=g","contentUrl":"https:\/\/secure.gravatar.com\/avatar\/e8495742d34d0ba6448ea1c628263b3e?s=96&d=mm&r=g","caption":"admin"},"url":"https:\/\/franciscanos.org.br\/noticias\/author\/admin"}]}},"_links":{"self":[{"href":"https:\/\/franciscanos.org.br\/noticias\/wp-json\/wp\/v2\/posts\/11226"}],"collection":[{"href":"https:\/\/franciscanos.org.br\/noticias\/wp-json\/wp\/v2\/posts"}],"about":[{"href":"https:\/\/franciscanos.org.br\/noticias\/wp-json\/wp\/v2\/types\/post"}],"author":[{"embeddable":true,"href":"https:\/\/franciscanos.org.br\/noticias\/wp-json\/wp\/v2\/users\/1"}],"replies":[{"embeddable":true,"href":"https:\/\/franciscanos.org.br\/noticias\/wp-json\/wp\/v2\/comments?post=11226"}],"version-history":[{"count":2,"href":"https:\/\/franciscanos.org.br\/noticias\/wp-json\/wp\/v2\/posts\/11226\/revisions"}],"predecessor-version":[{"id":221958,"href":"https:\/\/franciscanos.org.br\/noticias\/wp-json\/wp\/v2\/posts\/11226\/revisions\/221958"}],"wp:featuredmedia":[{"embeddable":true,"href":"https:\/\/franciscanos.org.br\/noticias\/wp-json\/wp\/v2\/media\/203357"}],"wp:attachment":[{"href":"https:\/\/franciscanos.org.br\/noticias\/wp-json\/wp\/v2\/media?parent=11226"}],"wp:term":[{"taxonomy":"category","embeddable":true,"href":"https:\/\/franciscanos.org.br\/noticias\/wp-json\/wp\/v2\/categories?post=11226"},{"taxonomy":"post_tag","embeddable":true,"href":"https:\/\/franciscanos.org.br\/noticias\/wp-json\/wp\/v2\/tags?post=11226"}],"curies":[{"name":"wp","href":"https:\/\/api.w.org\/{rel}","templated":true}]}}