{"id":112212,"date":"2016-07-05T08:23:17","date_gmt":"2016-07-05T11:23:17","guid":{"rendered":"http:\/\/franciscanos.org.br\/?p=112212"},"modified":"2020-03-24T12:52:10","modified_gmt":"2020-03-24T15:52:10","slug":"encontro-vocacional-reune-25-jovens-em-ituporanga","status":"publish","type":"post","link":"https:\/\/franciscanos.org.br\/noticias\/encontro-vocacional-reune-25-jovens-em-ituporanga.html","title":{"rendered":"Encontro vocacional re\u00fane 25 jovens em Ituporanga"},"content":{"rendered":"<p><img loading=\"lazy\" src=\"http:\/\/franciscanos.org.br\/wp-content\/uploads\/2016\/07\/SAV_830.jpg\" alt=\"SAV_830\" width=\"830\" height=\"400\" \/><\/p>\n<p><strong>Ituporanga (SC)<\/strong> &#8211; O Semin\u00e1rio S\u00e3o Francisco de Assis, em Ituporanga (SC), recebeu nesse \u00faltimo final de semana 25 jovens vocacionados para o encontro vocacional regional. O expressivo n\u00famero de vocacionados foi, sem d\u00favida, a certeza da atualidade e da for\u00e7a atrativa do carisma franciscano nos dias de hoje.<\/p>\n<p>Provenientes das cidades catarinenses de Gaspar, Blumenau, Conc\u00f3rdia, Curitibanos e Ituporanga, os jovens traziam consigo um grande anseio de vivenciar a fraternidade franciscana, fazer novas amizades, conhecer a proposta de Francisco de Assis e aprofundar o chamado de Deus em suas vidas. Durante os dias de encontro n\u00e3o faltou alegria, descontra\u00e7\u00e3o, questionamentos, ora\u00e7\u00e3o e muita fraternidade.<\/p>\n<p>Logo no primeiro dia do encontro, na sexta-feira, os vocacionados puderam integrar-se ao grupo dos seminaristas e aspirantes, participando da festa julina do Semin\u00e1rio, momento esse regado de alegria e descontra\u00e7\u00e3o.<\/p>\n<p>No s\u00e1bado pela manh\u00e3, ap\u00f3s a din\u00e2mica oracional e o caf\u00e9 da manh\u00e3, os vocacionados tiveram um tempo oportuno para uma forma\u00e7\u00e3o sobre os aspectos b\u00edblicos da voca\u00e7\u00e3o, conduzida por Frei Edvaldo Batista Soares, al\u00e9m de ouvirem e refletirem sobre as etapas do discernimento vocacional e da pr\u00f3pria forma\u00e7\u00e3o religiosa na Prov\u00edncia.<\/p>\n<p><img loading=\"lazy\" class=\"alignright wp-image-112219\" src=\"http:\/\/franciscanos.org.br\/wp-content\/uploads\/2016\/07\/IMG_20160703_121052347_HDR.jpg\" alt=\"IMG_20160703_121052347_HDR\" width=\"400\" height=\"225\" \/>Aproveitando o tempo bom na terra da cebola, a tarde de s\u00e1bado foi reservada para um momento de esporte e lazer, o que agradou a todos. J\u00e1 encerrando o dia, houve a reflex\u00e3o e prepara\u00e7\u00e3o para a missa do domingo e um filme sobre a vida de S\u00e3o Francisco.<\/p>\n<p>Por fim, na missa Solene de S\u00e3o Pedro e S\u00e3o Paulo, presidida por Frei Diego Melo e concelebrada por Frei Miguel da Cruz, a comunidade de Ituporanga fez-se presente e pode tamb\u00e9m rezar pelas novas voca\u00e7\u00f5es que o Senhor tem nos confiado, al\u00e9m de dar a b\u00ean\u00e7\u00e3o de envio para os aspirantes que naquele domingo terminavam o seu primeiro semestre e se dirigiam para um tempo de f\u00e9rias e conviv\u00eancia com a fam\u00edlia.<\/p>\n<p>Ap\u00f3s o almo\u00e7o todos se dirigiram para as suas cidades, onde poder\u00e3o dar continuidade ao seu discernimento vocacional.<\/p>\n<p>Assim, nesse \u00faltimo final de semana encerrou-se o ciclo de tr\u00eas encontros vocacionais regionais da Prov\u00edncia, que sempre acontecem no final do primeiro semestre. Nesse ano, tivemos a alegria de acolher mais de 60 vocacionados, distribu\u00eddos nos encontros de S\u00e3o Paulo, Petr\u00f3polis e Ituporanga. Agora a pr\u00f3xima etapa \u00e9 aguard\u00e1-los para o Est\u00e1gio Vocacional que acontecer\u00e1 no final de setembro e em novembro e que encaminhar\u00e1 definitivamente aqueles que no pr\u00f3ximo ano ingressar\u00e3o em nossos semin\u00e1rios.<\/p>\n<p>Que o bom Deus possa continuar confirmando esses jovens na sua voca\u00e7\u00e3o e que eles sejam sempre muito bem acolhidos em nossas fraternidades.<\/p>\n<p><em>Rodrigo Junges \u2013 Vocacionado de Gaspar (SC), especial para este site<\/em><\/p>\n","protected":false},"excerpt":{"rendered":"<p>SAV<\/p>\n","protected":false},"author":1,"featured_media":199294,"comment_status":"open","ping_status":"open","sticky":false,"template":"","format":"standard","meta":[],"categories":[1],"tags":[552,1203],"acf":[],"yoast_head":"<!-- This site is optimized with the Yoast SEO plugin v19.2 - https:\/\/yoast.com\/wordpress\/plugins\/seo\/ -->\n<title>Encontro vocacional re\u00fane 25 jovens em Ituporanga - Not\u00edcias - Franciscanos<\/title>\n<meta name=\"robots\" content=\"index, follow, max-snippet:-1, max-image-preview:large, max-video-preview:-1\" \/>\n<link rel=\"canonical\" href=\"https:\/\/franciscanos.org.br\/noticias\/encontro-vocacional-reune-25-jovens-em-ituporanga.html\" \/>\n<meta property=\"og:locale\" content=\"pt_BR\" \/>\n<meta property=\"og:type\" content=\"article\" \/>\n<meta property=\"og:title\" content=\"Encontro vocacional re\u00fane 25 jovens em Ituporanga - Not\u00edcias - Franciscanos\" \/>\n<meta property=\"og:description\" content=\"SAV\" \/>\n<meta property=\"og:url\" content=\"https:\/\/franciscanos.org.br\/noticias\/encontro-vocacional-reune-25-jovens-em-ituporanga.html\" \/>\n<meta property=\"og:site_name\" content=\"Not\u00edcias - Franciscanos\" \/>\n<meta property=\"article:published_time\" content=\"2016-07-05T11:23:17+00:00\" \/>\n<meta property=\"article:modified_time\" content=\"2020-03-24T15:52:10+00:00\" \/>\n<meta property=\"og:image\" content=\"https:\/\/franciscanos.org.br\/noticias\/wp-content\/uploads\/2016\/07\/vocacional.jpg\" \/>\n\t<meta property=\"og:image:width\" content=\"273\" \/>\n\t<meta property=\"og:image:height\" content=\"181\" \/>\n\t<meta property=\"og:image:type\" content=\"image\/jpeg\" \/>\n<meta name=\"author\" content=\"admin\" \/>\n<meta name=\"twitter:card\" content=\"summary_large_image\" \/>\n<meta name=\"twitter:label1\" content=\"Escrito por\" \/>\n\t<meta name=\"twitter:data1\" content=\"admin\" \/>\n\t<meta name=\"twitter:label2\" content=\"Est. tempo de leitura\" \/>\n\t<meta name=\"twitter:data2\" content=\"2 minutos\" \/>\n<script type=\"application\/ld+json\" class=\"yoast-schema-graph\">{\"@context\":\"https:\/\/schema.org\",\"@graph\":[{\"@type\":\"WebSite\",\"@id\":\"https:\/\/franciscanos.org.br\/noticias\/#website\",\"url\":\"https:\/\/franciscanos.org.br\/noticias\/\",\"name\":\"Not\u00edcias - Franciscanos\",\"description\":\"Prov\u00edncia Franciscana da Imaculada Concei\u00e7\u00e3o do Brasil - Ordem dos Frades Menores - OFM\",\"potentialAction\":[{\"@type\":\"SearchAction\",\"target\":{\"@type\":\"EntryPoint\",\"urlTemplate\":\"https:\/\/franciscanos.org.br\/noticias\/?s={search_term_string}\"},\"query-input\":\"required name=search_term_string\"}],\"inLanguage\":\"pt-BR\"},{\"@type\":\"ImageObject\",\"inLanguage\":\"pt-BR\",\"@id\":\"https:\/\/franciscanos.org.br\/noticias\/encontro-vocacional-reune-25-jovens-em-ituporanga.html#primaryimage\",\"url\":\"https:\/\/franciscanos.org.br\/noticias\/wp-content\/uploads\/2016\/07\/vocacional.jpg\",\"contentUrl\":\"https:\/\/franciscanos.org.br\/noticias\/wp-content\/uploads\/2016\/07\/vocacional.jpg\",\"width\":273,\"height\":181},{\"@type\":\"WebPage\",\"@id\":\"https:\/\/franciscanos.org.br\/noticias\/encontro-vocacional-reune-25-jovens-em-ituporanga.html#webpage\",\"url\":\"https:\/\/franciscanos.org.br\/noticias\/encontro-vocacional-reune-25-jovens-em-ituporanga.html\",\"name\":\"Encontro vocacional re\u00fane 25 jovens em Ituporanga - Not\u00edcias - Franciscanos\",\"isPartOf\":{\"@id\":\"https:\/\/franciscanos.org.br\/noticias\/#website\"},\"primaryImageOfPage\":{\"@id\":\"https:\/\/franciscanos.org.br\/noticias\/encontro-vocacional-reune-25-jovens-em-ituporanga.html#primaryimage\"},\"datePublished\":\"2016-07-05T11:23:17+00:00\",\"dateModified\":\"2020-03-24T15:52:10+00:00\",\"author\":{\"@id\":\"https:\/\/franciscanos.org.br\/noticias\/#\/schema\/person\/b38fbf43118f02820bd932f2e4b14ad3\"},\"breadcrumb\":{\"@id\":\"https:\/\/franciscanos.org.br\/noticias\/encontro-vocacional-reune-25-jovens-em-ituporanga.html#breadcrumb\"},\"inLanguage\":\"pt-BR\",\"potentialAction\":[{\"@type\":\"ReadAction\",\"target\":[\"https:\/\/franciscanos.org.br\/noticias\/encontro-vocacional-reune-25-jovens-em-ituporanga.html\"]}]},{\"@type\":\"BreadcrumbList\",\"@id\":\"https:\/\/franciscanos.org.br\/noticias\/encontro-vocacional-reune-25-jovens-em-ituporanga.html#breadcrumb\",\"itemListElement\":[{\"@type\":\"ListItem\",\"position\":1,\"name\":\"Home\",\"item\":\"https:\/\/franciscanos.org.br\/noticias\"},{\"@type\":\"ListItem\",\"position\":2,\"name\":\"Encontro vocacional re\u00fane 25 jovens em Ituporanga\"}]},{\"@type\":\"Person\",\"@id\":\"https:\/\/franciscanos.org.br\/noticias\/#\/schema\/person\/b38fbf43118f02820bd932f2e4b14ad3\",\"name\":\"admin\",\"image\":{\"@type\":\"ImageObject\",\"inLanguage\":\"pt-BR\",\"@id\":\"https:\/\/franciscanos.org.br\/noticias\/#\/schema\/person\/image\/\",\"url\":\"https:\/\/secure.gravatar.com\/avatar\/e8495742d34d0ba6448ea1c628263b3e?s=96&d=mm&r=g\",\"contentUrl\":\"https:\/\/secure.gravatar.com\/avatar\/e8495742d34d0ba6448ea1c628263b3e?s=96&d=mm&r=g\",\"caption\":\"admin\"},\"url\":\"https:\/\/franciscanos.org.br\/noticias\/author\/admin\"}]}<\/script>\n<!-- \/ Yoast SEO plugin. -->","yoast_head_json":{"title":"Encontro vocacional re\u00fane 25 jovens em Ituporanga - Not\u00edcias - Franciscanos","robots":{"index":"index","follow":"follow","max-snippet":"max-snippet:-1","max-image-preview":"max-image-preview:large","max-video-preview":"max-video-preview:-1"},"canonical":"https:\/\/franciscanos.org.br\/noticias\/encontro-vocacional-reune-25-jovens-em-ituporanga.html","og_locale":"pt_BR","og_type":"article","og_title":"Encontro vocacional re\u00fane 25 jovens em Ituporanga - Not\u00edcias - Franciscanos","og_description":"SAV","og_url":"https:\/\/franciscanos.org.br\/noticias\/encontro-vocacional-reune-25-jovens-em-ituporanga.html","og_site_name":"Not\u00edcias - Franciscanos","article_published_time":"2016-07-05T11:23:17+00:00","article_modified_time":"2020-03-24T15:52:10+00:00","og_image":[{"width":273,"height":181,"url":"https:\/\/franciscanos.org.br\/noticias\/wp-content\/uploads\/2016\/07\/vocacional.jpg","type":"image\/jpeg"}],"author":"admin","twitter_card":"summary_large_image","twitter_misc":{"Escrito por":"admin","Est. tempo de leitura":"2 minutos"},"schema":{"@context":"https:\/\/schema.org","@graph":[{"@type":"WebSite","@id":"https:\/\/franciscanos.org.br\/noticias\/#website","url":"https:\/\/franciscanos.org.br\/noticias\/","name":"Not\u00edcias - Franciscanos","description":"Prov\u00edncia Franciscana da Imaculada Concei\u00e7\u00e3o do Brasil - Ordem dos Frades Menores - OFM","potentialAction":[{"@type":"SearchAction","target":{"@type":"EntryPoint","urlTemplate":"https:\/\/franciscanos.org.br\/noticias\/?s={search_term_string}"},"query-input":"required name=search_term_string"}],"inLanguage":"pt-BR"},{"@type":"ImageObject","inLanguage":"pt-BR","@id":"https:\/\/franciscanos.org.br\/noticias\/encontro-vocacional-reune-25-jovens-em-ituporanga.html#primaryimage","url":"https:\/\/franciscanos.org.br\/noticias\/wp-content\/uploads\/2016\/07\/vocacional.jpg","contentUrl":"https:\/\/franciscanos.org.br\/noticias\/wp-content\/uploads\/2016\/07\/vocacional.jpg","width":273,"height":181},{"@type":"WebPage","@id":"https:\/\/franciscanos.org.br\/noticias\/encontro-vocacional-reune-25-jovens-em-ituporanga.html#webpage","url":"https:\/\/franciscanos.org.br\/noticias\/encontro-vocacional-reune-25-jovens-em-ituporanga.html","name":"Encontro vocacional re\u00fane 25 jovens em Ituporanga - Not\u00edcias - Franciscanos","isPartOf":{"@id":"https:\/\/franciscanos.org.br\/noticias\/#website"},"primaryImageOfPage":{"@id":"https:\/\/franciscanos.org.br\/noticias\/encontro-vocacional-reune-25-jovens-em-ituporanga.html#primaryimage"},"datePublished":"2016-07-05T11:23:17+00:00","dateModified":"2020-03-24T15:52:10+00:00","author":{"@id":"https:\/\/franciscanos.org.br\/noticias\/#\/schema\/person\/b38fbf43118f02820bd932f2e4b14ad3"},"breadcrumb":{"@id":"https:\/\/franciscanos.org.br\/noticias\/encontro-vocacional-reune-25-jovens-em-ituporanga.html#breadcrumb"},"inLanguage":"pt-BR","potentialAction":[{"@type":"ReadAction","target":["https:\/\/franciscanos.org.br\/noticias\/encontro-vocacional-reune-25-jovens-em-ituporanga.html"]}]},{"@type":"BreadcrumbList","@id":"https:\/\/franciscanos.org.br\/noticias\/encontro-vocacional-reune-25-jovens-em-ituporanga.html#breadcrumb","itemListElement":[{"@type":"ListItem","position":1,"name":"Home","item":"https:\/\/franciscanos.org.br\/noticias"},{"@type":"ListItem","position":2,"name":"Encontro vocacional re\u00fane 25 jovens em Ituporanga"}]},{"@type":"Person","@id":"https:\/\/franciscanos.org.br\/noticias\/#\/schema\/person\/b38fbf43118f02820bd932f2e4b14ad3","name":"admin","image":{"@type":"ImageObject","inLanguage":"pt-BR","@id":"https:\/\/franciscanos.org.br\/noticias\/#\/schema\/person\/image\/","url":"https:\/\/secure.gravatar.com\/avatar\/e8495742d34d0ba6448ea1c628263b3e?s=96&d=mm&r=g","contentUrl":"https:\/\/secure.gravatar.com\/avatar\/e8495742d34d0ba6448ea1c628263b3e?s=96&d=mm&r=g","caption":"admin"},"url":"https:\/\/franciscanos.org.br\/noticias\/author\/admin"}]}},"_links":{"self":[{"href":"https:\/\/franciscanos.org.br\/noticias\/wp-json\/wp\/v2\/posts\/112212"}],"collection":[{"href":"https:\/\/franciscanos.org.br\/noticias\/wp-json\/wp\/v2\/posts"}],"about":[{"href":"https:\/\/franciscanos.org.br\/noticias\/wp-json\/wp\/v2\/types\/post"}],"author":[{"embeddable":true,"href":"https:\/\/franciscanos.org.br\/noticias\/wp-json\/wp\/v2\/users\/1"}],"replies":[{"embeddable":true,"href":"https:\/\/franciscanos.org.br\/noticias\/wp-json\/wp\/v2\/comments?post=112212"}],"version-history":[{"count":1,"href":"https:\/\/franciscanos.org.br\/noticias\/wp-json\/wp\/v2\/posts\/112212\/revisions"}],"predecessor-version":[{"id":222513,"href":"https:\/\/franciscanos.org.br\/noticias\/wp-json\/wp\/v2\/posts\/112212\/revisions\/222513"}],"wp:featuredmedia":[{"embeddable":true,"href":"https:\/\/franciscanos.org.br\/noticias\/wp-json\/wp\/v2\/media\/199294"}],"wp:attachment":[{"href":"https:\/\/franciscanos.org.br\/noticias\/wp-json\/wp\/v2\/media?parent=112212"}],"wp:term":[{"taxonomy":"category","embeddable":true,"href":"https:\/\/franciscanos.org.br\/noticias\/wp-json\/wp\/v2\/categories?post=112212"},{"taxonomy":"post_tag","embeddable":true,"href":"https:\/\/franciscanos.org.br\/noticias\/wp-json\/wp\/v2\/tags?post=112212"}],"curies":[{"name":"wp","href":"https:\/\/api.w.org\/{rel}","templated":true}]}}