{"id":112205,"date":"2016-07-03T14:00:04","date_gmt":"2016-07-03T17:00:04","guid":{"rendered":"http:\/\/franciscanos.org.br\/?p=112205"},"modified":"2020-06-09T16:43:21","modified_gmt":"2020-06-09T19:43:21","slug":"angelus-livrar-se-da-fama-de-poder-para-anunciar-cristo-com-coragem","status":"publish","type":"post","link":"https:\/\/franciscanos.org.br\/noticias\/angelus-livrar-se-da-fama-de-poder-para-anunciar-cristo-com-coragem.html","title":{"rendered":"Angelus: livrar-se da fama de poder para anunciar Cristo com coragem"},"content":{"rendered":"<p><img loading=\"lazy\" src=\"http:\/\/franciscanos.org.br\/wp-content\/uploads\/2013\/03\/angelus.jpg\" alt=\"angelus\" width=\"830\" height=\"288\" \/><br \/>\n<strong>Cidade do Vaticano<\/strong> \u2013 Milhares de fi\u00e9is se reuniram sob o forte sol romano na Pra\u00e7a S\u00e3o Pedro para rezar com o Papa Francisco a ora\u00e7\u00e3o mariana do Angelus. Em sua alocu\u00e7\u00e3o, o Pont\u00edfice comentou o Evangelho deste domingo, extra\u00eddo do d\u00e9cimo cap\u00edtulo de Lucas, que narra a necessidade de pedir a Deus oper\u00e1rios para a sua colheita.<\/p>\n<p>Os \u201coper\u00e1rios\u201d de que fala Jesus s\u00e3o os mission\u00e1rios do Reino de Deus, explicou o Papa. E sua tarefa \u00e9 anunciar uma mensagem de salva\u00e7\u00e3o dirigida a todos, dizendo: \u201cO Reino de Deus est\u00e1 pr\u00f3ximo. De fato, acrescentou, Jesus \u201caproximou\u201d Deus de n\u00f3s; em Jesus, Deus reina em meio a n\u00f3s, o seu amor misericordioso vence o pecado e a mis\u00e9ria humana.<\/p>\n<p><strong>A miss\u00e3o dos oper\u00e1rios: construir e n\u00e3o destruir<\/strong><br \/>\nEsta \u00e9 a Boa Nova que os \u201coper\u00e1rios\u201d devem levar a todos: uma mensagem de esperan\u00e7a e consola\u00e7\u00e3o, de paz e de caridade. O Reino de Deus, prosseguiu o Papa, se constr\u00f3i dia ap\u00f3s dia, e oferece j\u00e1 sobre esta terra os seus frutos de convers\u00e3o, de purifica\u00e7\u00e3o, de amor e de consola\u00e7\u00e3o entre os homens. \u201c\u00c9 belo! Construir dia ap\u00f3s dia este Reino de Deus. N\u00e3o destruir, construir\u201d, improvisou Francisco.<\/p>\n<p>O Pont\u00edfice falou ainda com qual esp\u00edrito o disc\u00edpulo de Jesus deve desempenhar esta miss\u00e3o. Antes de tudo, consciente da realidade dif\u00edcil e, \u00e0s vezes, hostil que o aguarda. Com efeito, Jesus diz: \u201cEu os envio como cordeiros entre lobos\u201d. \u201cJesus foi muito claro\u201d, disse o Papa. \u201cA hostilidade est\u00e1 na base das persegui\u00e7\u00f5es contra os crist\u00e3os.\u201d Por isso, acrescentou, o oper\u00e1rio do Evangelho se esfor\u00e7ar\u00e1 em ser livre de condicionamentos humanos de todo g\u00eanero, confiando somente na pot\u00eancia da Cruz de Cristo. \u201cIsso significa abandonar qualquer motivo de vangl\u00f3ria pessoal, carreirismo ou fama de poder e fazer-se humildemente instrumentos da salva\u00e7\u00e3o.\u201d<\/p>\n<p><strong>Alegria e coragem<\/strong><br \/>\n\u201cA miss\u00e3o do crist\u00e3o no mundo \u00e9 maravilhosa e destinada a todos, \u00e9 uma miss\u00e3o de servi\u00e7o, ningu\u00e9m est\u00e1 exclu\u00eddo; essa requer muita generosidade e, sobretudo, o olhar e o cora\u00e7\u00e3o dirigidos ao alto, para invocar a ajuda do Senhor.\u201d<\/p>\n<p>Para o Pont\u00edfice, h\u00e1 tanta necessidade de crist\u00e3os que testemunhem com alegria o Evangelho na vida de todos os dias. Pois assim regressaram os disc\u00edpulos: repletos de alegria. E o Papa fez seu agradecimento aos in\u00fameros homens e mulheres que cotidianamente anunciam o Evangelho: sacerdotes, &#8220;p\u00e1rocos bons que todos n\u00f3s conhecemos&#8221;, mission\u00e1rios e mission\u00e1rias. Francisco ent\u00e3o se dirigiu \u00e0 multid\u00e3o e perguntou: \u201cQuantos de voc\u00eas, jovens que est\u00e3o nesta Pra\u00e7a, sentem o chamado do Senhor a segui-Lo? N\u00e3o tenham medo! Sejam corajosos e levem aos outros esta chama do zelo apost\u00f3lico que nos foi dada por esses disc\u00edpulos exemplares\u201d.<\/p>\n<p>O Papa concluiu pedindo ao Senhor, por intercess\u00e3o de Nossa Senhora, que jamais falte \u00e0 Igreja cora\u00e7\u00f5es generosos, que trabalhem para levar a todos o amor e a ternura do Pai celeste.<\/p>\n<hr \/>\n<p><em>Fonte: R\u00e1dio Vaticano<\/em><\/p>\n","protected":false},"excerpt":{"rendered":"<p>Angelus<\/p>\n","protected":false},"author":1,"featured_media":221624,"comment_status":"open","ping_status":"open","sticky":false,"template":"","format":"standard","meta":[],"categories":[1428],"tags":[403],"acf":[],"yoast_head":"<!-- This site is optimized with the Yoast SEO plugin v19.2 - https:\/\/yoast.com\/wordpress\/plugins\/seo\/ -->\n<title>Angelus: livrar-se da fama de poder para anunciar Cristo com coragem - Not\u00edcias - Franciscanos<\/title>\n<meta name=\"robots\" content=\"index, follow, max-snippet:-1, max-image-preview:large, max-video-preview:-1\" \/>\n<link rel=\"canonical\" href=\"https:\/\/franciscanos.org.br\/noticias\/angelus-livrar-se-da-fama-de-poder-para-anunciar-cristo-com-coragem.html\" \/>\n<meta property=\"og:locale\" content=\"pt_BR\" \/>\n<meta property=\"og:type\" content=\"article\" \/>\n<meta property=\"og:title\" content=\"Angelus: livrar-se da fama de poder para anunciar Cristo com coragem - Not\u00edcias - Franciscanos\" \/>\n<meta property=\"og:description\" content=\"Angelus\" \/>\n<meta property=\"og:url\" content=\"https:\/\/franciscanos.org.br\/noticias\/angelus-livrar-se-da-fama-de-poder-para-anunciar-cristo-com-coragem.html\" \/>\n<meta property=\"og:site_name\" content=\"Not\u00edcias - Franciscanos\" \/>\n<meta property=\"article:published_time\" content=\"2016-07-03T17:00:04+00:00\" \/>\n<meta property=\"article:modified_time\" content=\"2020-06-09T19:43:21+00:00\" \/>\n<meta property=\"og:image\" content=\"https:\/\/franciscanos.org.br\/noticias\/wp-content\/uploads\/2016\/07\/angelus.jpg\" \/>\n\t<meta property=\"og:image:width\" content=\"273\" \/>\n\t<meta property=\"og:image:height\" content=\"181\" \/>\n\t<meta property=\"og:image:type\" content=\"image\/jpeg\" \/>\n<meta name=\"author\" content=\"admin\" \/>\n<meta name=\"twitter:card\" content=\"summary_large_image\" \/>\n<meta name=\"twitter:label1\" content=\"Escrito por\" \/>\n\t<meta name=\"twitter:data1\" content=\"admin\" \/>\n\t<meta name=\"twitter:label2\" content=\"Est. tempo de leitura\" \/>\n\t<meta name=\"twitter:data2\" content=\"3 minutos\" \/>\n<script type=\"application\/ld+json\" class=\"yoast-schema-graph\">{\"@context\":\"https:\/\/schema.org\",\"@graph\":[{\"@type\":\"WebSite\",\"@id\":\"https:\/\/franciscanos.org.br\/noticias\/#website\",\"url\":\"https:\/\/franciscanos.org.br\/noticias\/\",\"name\":\"Not\u00edcias - Franciscanos\",\"description\":\"Prov\u00edncia Franciscana da Imaculada Concei\u00e7\u00e3o do Brasil - Ordem dos Frades Menores - OFM\",\"potentialAction\":[{\"@type\":\"SearchAction\",\"target\":{\"@type\":\"EntryPoint\",\"urlTemplate\":\"https:\/\/franciscanos.org.br\/noticias\/?s={search_term_string}\"},\"query-input\":\"required name=search_term_string\"}],\"inLanguage\":\"pt-BR\"},{\"@type\":\"ImageObject\",\"inLanguage\":\"pt-BR\",\"@id\":\"https:\/\/franciscanos.org.br\/noticias\/angelus-livrar-se-da-fama-de-poder-para-anunciar-cristo-com-coragem.html#primaryimage\",\"url\":\"https:\/\/franciscanos.org.br\/noticias\/wp-content\/uploads\/2016\/07\/angelus.jpg\",\"contentUrl\":\"https:\/\/franciscanos.org.br\/noticias\/wp-content\/uploads\/2016\/07\/angelus.jpg\",\"width\":273,\"height\":181},{\"@type\":\"WebPage\",\"@id\":\"https:\/\/franciscanos.org.br\/noticias\/angelus-livrar-se-da-fama-de-poder-para-anunciar-cristo-com-coragem.html#webpage\",\"url\":\"https:\/\/franciscanos.org.br\/noticias\/angelus-livrar-se-da-fama-de-poder-para-anunciar-cristo-com-coragem.html\",\"name\":\"Angelus: livrar-se da fama de poder para anunciar Cristo com coragem - Not\u00edcias - Franciscanos\",\"isPartOf\":{\"@id\":\"https:\/\/franciscanos.org.br\/noticias\/#website\"},\"primaryImageOfPage\":{\"@id\":\"https:\/\/franciscanos.org.br\/noticias\/angelus-livrar-se-da-fama-de-poder-para-anunciar-cristo-com-coragem.html#primaryimage\"},\"datePublished\":\"2016-07-03T17:00:04+00:00\",\"dateModified\":\"2020-06-09T19:43:21+00:00\",\"author\":{\"@id\":\"https:\/\/franciscanos.org.br\/noticias\/#\/schema\/person\/b38fbf43118f02820bd932f2e4b14ad3\"},\"breadcrumb\":{\"@id\":\"https:\/\/franciscanos.org.br\/noticias\/angelus-livrar-se-da-fama-de-poder-para-anunciar-cristo-com-coragem.html#breadcrumb\"},\"inLanguage\":\"pt-BR\",\"potentialAction\":[{\"@type\":\"ReadAction\",\"target\":[\"https:\/\/franciscanos.org.br\/noticias\/angelus-livrar-se-da-fama-de-poder-para-anunciar-cristo-com-coragem.html\"]}]},{\"@type\":\"BreadcrumbList\",\"@id\":\"https:\/\/franciscanos.org.br\/noticias\/angelus-livrar-se-da-fama-de-poder-para-anunciar-cristo-com-coragem.html#breadcrumb\",\"itemListElement\":[{\"@type\":\"ListItem\",\"position\":1,\"name\":\"Home\",\"item\":\"https:\/\/franciscanos.org.br\/noticias\"},{\"@type\":\"ListItem\",\"position\":2,\"name\":\"Angelus: livrar-se da fama de poder para anunciar Cristo com coragem\"}]},{\"@type\":\"Person\",\"@id\":\"https:\/\/franciscanos.org.br\/noticias\/#\/schema\/person\/b38fbf43118f02820bd932f2e4b14ad3\",\"name\":\"admin\",\"image\":{\"@type\":\"ImageObject\",\"inLanguage\":\"pt-BR\",\"@id\":\"https:\/\/franciscanos.org.br\/noticias\/#\/schema\/person\/image\/\",\"url\":\"https:\/\/secure.gravatar.com\/avatar\/e8495742d34d0ba6448ea1c628263b3e?s=96&d=mm&r=g\",\"contentUrl\":\"https:\/\/secure.gravatar.com\/avatar\/e8495742d34d0ba6448ea1c628263b3e?s=96&d=mm&r=g\",\"caption\":\"admin\"},\"url\":\"https:\/\/franciscanos.org.br\/noticias\/author\/admin\"}]}<\/script>\n<!-- \/ Yoast SEO plugin. -->","yoast_head_json":{"title":"Angelus: livrar-se da fama de poder para anunciar Cristo com coragem - Not\u00edcias - Franciscanos","robots":{"index":"index","follow":"follow","max-snippet":"max-snippet:-1","max-image-preview":"max-image-preview:large","max-video-preview":"max-video-preview:-1"},"canonical":"https:\/\/franciscanos.org.br\/noticias\/angelus-livrar-se-da-fama-de-poder-para-anunciar-cristo-com-coragem.html","og_locale":"pt_BR","og_type":"article","og_title":"Angelus: livrar-se da fama de poder para anunciar Cristo com coragem - Not\u00edcias - Franciscanos","og_description":"Angelus","og_url":"https:\/\/franciscanos.org.br\/noticias\/angelus-livrar-se-da-fama-de-poder-para-anunciar-cristo-com-coragem.html","og_site_name":"Not\u00edcias - Franciscanos","article_published_time":"2016-07-03T17:00:04+00:00","article_modified_time":"2020-06-09T19:43:21+00:00","og_image":[{"width":273,"height":181,"url":"https:\/\/franciscanos.org.br\/noticias\/wp-content\/uploads\/2016\/07\/angelus.jpg","type":"image\/jpeg"}],"author":"admin","twitter_card":"summary_large_image","twitter_misc":{"Escrito por":"admin","Est. tempo de leitura":"3 minutos"},"schema":{"@context":"https:\/\/schema.org","@graph":[{"@type":"WebSite","@id":"https:\/\/franciscanos.org.br\/noticias\/#website","url":"https:\/\/franciscanos.org.br\/noticias\/","name":"Not\u00edcias - Franciscanos","description":"Prov\u00edncia Franciscana da Imaculada Concei\u00e7\u00e3o do Brasil - Ordem dos Frades Menores - OFM","potentialAction":[{"@type":"SearchAction","target":{"@type":"EntryPoint","urlTemplate":"https:\/\/franciscanos.org.br\/noticias\/?s={search_term_string}"},"query-input":"required name=search_term_string"}],"inLanguage":"pt-BR"},{"@type":"ImageObject","inLanguage":"pt-BR","@id":"https:\/\/franciscanos.org.br\/noticias\/angelus-livrar-se-da-fama-de-poder-para-anunciar-cristo-com-coragem.html#primaryimage","url":"https:\/\/franciscanos.org.br\/noticias\/wp-content\/uploads\/2016\/07\/angelus.jpg","contentUrl":"https:\/\/franciscanos.org.br\/noticias\/wp-content\/uploads\/2016\/07\/angelus.jpg","width":273,"height":181},{"@type":"WebPage","@id":"https:\/\/franciscanos.org.br\/noticias\/angelus-livrar-se-da-fama-de-poder-para-anunciar-cristo-com-coragem.html#webpage","url":"https:\/\/franciscanos.org.br\/noticias\/angelus-livrar-se-da-fama-de-poder-para-anunciar-cristo-com-coragem.html","name":"Angelus: livrar-se da fama de poder para anunciar Cristo com coragem - Not\u00edcias - Franciscanos","isPartOf":{"@id":"https:\/\/franciscanos.org.br\/noticias\/#website"},"primaryImageOfPage":{"@id":"https:\/\/franciscanos.org.br\/noticias\/angelus-livrar-se-da-fama-de-poder-para-anunciar-cristo-com-coragem.html#primaryimage"},"datePublished":"2016-07-03T17:00:04+00:00","dateModified":"2020-06-09T19:43:21+00:00","author":{"@id":"https:\/\/franciscanos.org.br\/noticias\/#\/schema\/person\/b38fbf43118f02820bd932f2e4b14ad3"},"breadcrumb":{"@id":"https:\/\/franciscanos.org.br\/noticias\/angelus-livrar-se-da-fama-de-poder-para-anunciar-cristo-com-coragem.html#breadcrumb"},"inLanguage":"pt-BR","potentialAction":[{"@type":"ReadAction","target":["https:\/\/franciscanos.org.br\/noticias\/angelus-livrar-se-da-fama-de-poder-para-anunciar-cristo-com-coragem.html"]}]},{"@type":"BreadcrumbList","@id":"https:\/\/franciscanos.org.br\/noticias\/angelus-livrar-se-da-fama-de-poder-para-anunciar-cristo-com-coragem.html#breadcrumb","itemListElement":[{"@type":"ListItem","position":1,"name":"Home","item":"https:\/\/franciscanos.org.br\/noticias"},{"@type":"ListItem","position":2,"name":"Angelus: livrar-se da fama de poder para anunciar Cristo com coragem"}]},{"@type":"Person","@id":"https:\/\/franciscanos.org.br\/noticias\/#\/schema\/person\/b38fbf43118f02820bd932f2e4b14ad3","name":"admin","image":{"@type":"ImageObject","inLanguage":"pt-BR","@id":"https:\/\/franciscanos.org.br\/noticias\/#\/schema\/person\/image\/","url":"https:\/\/secure.gravatar.com\/avatar\/e8495742d34d0ba6448ea1c628263b3e?s=96&d=mm&r=g","contentUrl":"https:\/\/secure.gravatar.com\/avatar\/e8495742d34d0ba6448ea1c628263b3e?s=96&d=mm&r=g","caption":"admin"},"url":"https:\/\/franciscanos.org.br\/noticias\/author\/admin"}]}},"_links":{"self":[{"href":"https:\/\/franciscanos.org.br\/noticias\/wp-json\/wp\/v2\/posts\/112205"}],"collection":[{"href":"https:\/\/franciscanos.org.br\/noticias\/wp-json\/wp\/v2\/posts"}],"about":[{"href":"https:\/\/franciscanos.org.br\/noticias\/wp-json\/wp\/v2\/types\/post"}],"author":[{"embeddable":true,"href":"https:\/\/franciscanos.org.br\/noticias\/wp-json\/wp\/v2\/users\/1"}],"replies":[{"embeddable":true,"href":"https:\/\/franciscanos.org.br\/noticias\/wp-json\/wp\/v2\/comments?post=112205"}],"version-history":[{"count":1,"href":"https:\/\/franciscanos.org.br\/noticias\/wp-json\/wp\/v2\/posts\/112205\/revisions"}],"predecessor-version":[{"id":225668,"href":"https:\/\/franciscanos.org.br\/noticias\/wp-json\/wp\/v2\/posts\/112205\/revisions\/225668"}],"wp:featuredmedia":[{"embeddable":true,"href":"https:\/\/franciscanos.org.br\/noticias\/wp-json\/wp\/v2\/media\/221624"}],"wp:attachment":[{"href":"https:\/\/franciscanos.org.br\/noticias\/wp-json\/wp\/v2\/media?parent=112205"}],"wp:term":[{"taxonomy":"category","embeddable":true,"href":"https:\/\/franciscanos.org.br\/noticias\/wp-json\/wp\/v2\/categories?post=112205"},{"taxonomy":"post_tag","embeddable":true,"href":"https:\/\/franciscanos.org.br\/noticias\/wp-json\/wp\/v2\/tags?post=112205"}],"curies":[{"name":"wp","href":"https:\/\/api.w.org\/{rel}","templated":true}]}}