{"id":112026,"date":"2016-07-03T00:00:45","date_gmt":"2016-07-03T03:00:45","guid":{"rendered":"http:\/\/franciscanos.org.br\/?p=112026"},"modified":"2020-10-04T13:34:17","modified_gmt":"2020-10-04T16:34:17","slug":"frei-policarpo-abencoa-a-tocha-olimpica-rio-2016","status":"publish","type":"post","link":"https:\/\/franciscanos.org.br\/noticias\/frei-policarpo-abencoa-a-tocha-olimpica-rio-2016.html","title":{"rendered":"Frei Policarpo aben\u00e7oa a Tocha Ol\u00edmpica Rio 2016"},"content":{"rendered":"<p><img loading=\"lazy\" src=\"http:\/\/franciscanos.org.br\/wp-content\/uploads\/2016\/07\/tocha.jpg\" alt=\"tocha\" width=\"820\" height=\"545\" \/><\/p>\n<p><strong>Frei Augusto Luiz Gabriel<\/strong><\/p>\n<p><strong>Pato Branco (PR) \u2013 <\/strong>H\u00e1 muito tempo os pato-branquenses se preparavam para um dia de festa, pois a t\u00e3o esperada Tocha Ol\u00edmpica iria passar pelo munic\u00edpio. E foi com muita emo\u00e7\u00e3o, \u00a0alegria e gratid\u00e3o que, na tarde deste dia 02 de julho, Pato Branco parou para receber a Tocha Ol\u00edmpica das Ol\u00edmpiadas do Rio de 2016. Mas n\u00e3o foi s\u00f3 isso n\u00e3o, Frei Policarpo Berri, que h\u00e1 60 anos mora na cidade, e que \u00e9 conhecido por todos, foi homenageado e, em sinal de seus trabalhos, recebeu do munic\u00edpio uma placa que marca essa data t\u00e3o importante.<\/p>\n<p>Pato Branco foi uma das seis cidades do Paran\u00e1 e uma das 300 do Brasil a realizar a celebra\u00e7\u00e3o com o percurso da Tocha Ol\u00edmpica. Um comboio de 20 ve\u00edculos foi utilizado para atravessar toda a cidade, passando pela Pra\u00e7a Presidente Vargas, endere\u00e7o da Igreja Matriz S\u00e3o Pedro Ap\u00f3stolo e de um memorial que conta a hist\u00f3ria da cidade. A tocha tamb\u00e9m foi conduzida de carrinhos de rolim\u00e3s, uma refer\u00eancia \u00e0s brincadeiras de rua, e de uma m\u00e1quina conhecida como empilhadeira, em homenagem aos trabalhadores da \u00e1rea industrial do munic\u00edpio.<\/p>\n<p>Inelci Matiello\u00a0\u00e9 jornalista esportivo h\u00e1 60 anos e foi um dos condutores da Tocha Ol\u00edmpica de carrinho de rolim\u00e3. Come\u00e7ou fazendo sonoplastias em programas, e atuou como rep\u00f3rter, atualmente comanda o programa Bate Bola, na TV Sudoeste do Paran\u00e1, Rede Celinauta de Comunica\u00e7\u00e3o. Foi o primeiro radialista da regi\u00e3o sudoeste do Paran\u00e1 a transmitir uma partida de futebol no Maracan\u00e3, no jogo Brasil e Alemanha, em 1977.<\/p>\n<p>Segundo o site oficial das Olimp\u00edadas Rio 2016, \u201ca Chama Ol\u00edmpica \u00e9 um importante s\u00edmbolo dos Jogos. Representa a paz, a uni\u00e3o e a amizade. A tocha, por sua vez,\u00a0\u00e9 usada para passar a chama de um condutor para o outro durante o revezamento at\u00e9 o acendimento da pira na cerim\u00f4nia de abertura. Entre os principais atributos de inova\u00e7\u00e3o da Tocha Rio 2016 est\u00e3o os segmentos que se abrem, revelando elementos da brasilidade: diversidade harm\u00f4nica, energia contagiante e natureza exuberante\u201d.<\/p>\n<p>No palco ao lado da matriz, no centro da cidade, o sil\u00eancio ganhou lugar entre as fanfarreias bandas, e Frei Policarpo, j\u00e1 conhecido pelos seus numerosos feitos, invocou a b\u00ean\u00e7\u00e3o de S\u00e3o Francisco sobre todos os presentes, pedindo por \u201ctodos os povos do mundo, todas as pessoas que participam deste evento extraordin\u00e1rio que s\u00e3o os Jogos Ol\u00edmpicos\u201d, como tamb\u00e9m a cidade e, especialmente, a Tocha Ol\u00edmpica.<\/p>\n","protected":false},"excerpt":{"rendered":"<p>Cultura e esporte<\/p>\n","protected":false},"author":5,"featured_media":222521,"comment_status":"open","ping_status":"open","sticky":false,"template":"","format":"standard","meta":[],"categories":[1],"tags":[1751],"acf":[],"yoast_head":"<!-- This site is optimized with the Yoast SEO plugin v19.2 - https:\/\/yoast.com\/wordpress\/plugins\/seo\/ -->\n<title>Frei Policarpo aben\u00e7oa a Tocha Ol\u00edmpica Rio 2016 - Not\u00edcias - Franciscanos<\/title>\n<meta name=\"robots\" content=\"index, follow, max-snippet:-1, max-image-preview:large, max-video-preview:-1\" \/>\n<link rel=\"canonical\" href=\"https:\/\/franciscanos.org.br\/noticias\/frei-policarpo-abencoa-a-tocha-olimpica-rio-2016.html\" \/>\n<meta property=\"og:locale\" content=\"pt_BR\" \/>\n<meta property=\"og:type\" content=\"article\" \/>\n<meta property=\"og:title\" content=\"Frei Policarpo aben\u00e7oa a Tocha Ol\u00edmpica Rio 2016 - Not\u00edcias - Franciscanos\" \/>\n<meta property=\"og:description\" content=\"Cultura e esporte\" \/>\n<meta property=\"og:url\" content=\"https:\/\/franciscanos.org.br\/noticias\/frei-policarpo-abencoa-a-tocha-olimpica-rio-2016.html\" \/>\n<meta property=\"og:site_name\" content=\"Not\u00edcias - Franciscanos\" \/>\n<meta property=\"article:published_time\" content=\"2016-07-03T03:00:45+00:00\" \/>\n<meta property=\"article:modified_time\" content=\"2020-10-04T16:34:17+00:00\" \/>\n<meta property=\"og:image\" content=\"https:\/\/franciscanos.org.br\/noticias\/wp-content\/uploads\/2016\/07\/tocha.jpg\" \/>\n\t<meta property=\"og:image:width\" content=\"273\" \/>\n\t<meta property=\"og:image:height\" content=\"181\" \/>\n\t<meta property=\"og:image:type\" content=\"image\/jpeg\" \/>\n<meta name=\"author\" content=\"freiaugusto\" \/>\n<meta name=\"twitter:card\" content=\"summary_large_image\" \/>\n<meta name=\"twitter:label1\" content=\"Escrito por\" \/>\n\t<meta name=\"twitter:data1\" content=\"freiaugusto\" \/>\n\t<meta name=\"twitter:label2\" content=\"Est. tempo de leitura\" \/>\n\t<meta name=\"twitter:data2\" content=\"2 minutos\" \/>\n<script type=\"application\/ld+json\" class=\"yoast-schema-graph\">{\"@context\":\"https:\/\/schema.org\",\"@graph\":[{\"@type\":\"WebSite\",\"@id\":\"https:\/\/franciscanos.org.br\/noticias\/#website\",\"url\":\"https:\/\/franciscanos.org.br\/noticias\/\",\"name\":\"Not\u00edcias - Franciscanos\",\"description\":\"Prov\u00edncia Franciscana da Imaculada Concei\u00e7\u00e3o do Brasil - Ordem dos Frades Menores - OFM\",\"potentialAction\":[{\"@type\":\"SearchAction\",\"target\":{\"@type\":\"EntryPoint\",\"urlTemplate\":\"https:\/\/franciscanos.org.br\/noticias\/?s={search_term_string}\"},\"query-input\":\"required name=search_term_string\"}],\"inLanguage\":\"pt-BR\"},{\"@type\":\"ImageObject\",\"inLanguage\":\"pt-BR\",\"@id\":\"https:\/\/franciscanos.org.br\/noticias\/frei-policarpo-abencoa-a-tocha-olimpica-rio-2016.html#primaryimage\",\"url\":\"https:\/\/franciscanos.org.br\/noticias\/wp-content\/uploads\/2016\/07\/tocha.jpg\",\"contentUrl\":\"https:\/\/franciscanos.org.br\/noticias\/wp-content\/uploads\/2016\/07\/tocha.jpg\",\"width\":273,\"height\":181},{\"@type\":\"WebPage\",\"@id\":\"https:\/\/franciscanos.org.br\/noticias\/frei-policarpo-abencoa-a-tocha-olimpica-rio-2016.html#webpage\",\"url\":\"https:\/\/franciscanos.org.br\/noticias\/frei-policarpo-abencoa-a-tocha-olimpica-rio-2016.html\",\"name\":\"Frei Policarpo aben\u00e7oa a Tocha Ol\u00edmpica Rio 2016 - Not\u00edcias - Franciscanos\",\"isPartOf\":{\"@id\":\"https:\/\/franciscanos.org.br\/noticias\/#website\"},\"primaryImageOfPage\":{\"@id\":\"https:\/\/franciscanos.org.br\/noticias\/frei-policarpo-abencoa-a-tocha-olimpica-rio-2016.html#primaryimage\"},\"datePublished\":\"2016-07-03T03:00:45+00:00\",\"dateModified\":\"2020-10-04T16:34:17+00:00\",\"author\":{\"@id\":\"https:\/\/franciscanos.org.br\/noticias\/#\/schema\/person\/37f88f0d111cd5358b12a6556a99eb91\"},\"breadcrumb\":{\"@id\":\"https:\/\/franciscanos.org.br\/noticias\/frei-policarpo-abencoa-a-tocha-olimpica-rio-2016.html#breadcrumb\"},\"inLanguage\":\"pt-BR\",\"potentialAction\":[{\"@type\":\"ReadAction\",\"target\":[\"https:\/\/franciscanos.org.br\/noticias\/frei-policarpo-abencoa-a-tocha-olimpica-rio-2016.html\"]}]},{\"@type\":\"BreadcrumbList\",\"@id\":\"https:\/\/franciscanos.org.br\/noticias\/frei-policarpo-abencoa-a-tocha-olimpica-rio-2016.html#breadcrumb\",\"itemListElement\":[{\"@type\":\"ListItem\",\"position\":1,\"name\":\"Home\",\"item\":\"https:\/\/franciscanos.org.br\/noticias\"},{\"@type\":\"ListItem\",\"position\":2,\"name\":\"Frei Policarpo aben\u00e7oa a Tocha Ol\u00edmpica Rio 2016\"}]},{\"@type\":\"Person\",\"@id\":\"https:\/\/franciscanos.org.br\/noticias\/#\/schema\/person\/37f88f0d111cd5358b12a6556a99eb91\",\"name\":\"freiaugusto\",\"image\":{\"@type\":\"ImageObject\",\"inLanguage\":\"pt-BR\",\"@id\":\"https:\/\/franciscanos.org.br\/noticias\/#\/schema\/person\/image\/\",\"url\":\"https:\/\/secure.gravatar.com\/avatar\/9840b940e621801b24f3e6b059efb4b7?s=96&d=mm&r=g\",\"contentUrl\":\"https:\/\/secure.gravatar.com\/avatar\/9840b940e621801b24f3e6b059efb4b7?s=96&d=mm&r=g\",\"caption\":\"freiaugusto\"},\"url\":\"https:\/\/franciscanos.org.br\/noticias\/author\/freiaugusto\"}]}<\/script>\n<!-- \/ Yoast SEO plugin. -->","yoast_head_json":{"title":"Frei Policarpo aben\u00e7oa a Tocha Ol\u00edmpica Rio 2016 - Not\u00edcias - Franciscanos","robots":{"index":"index","follow":"follow","max-snippet":"max-snippet:-1","max-image-preview":"max-image-preview:large","max-video-preview":"max-video-preview:-1"},"canonical":"https:\/\/franciscanos.org.br\/noticias\/frei-policarpo-abencoa-a-tocha-olimpica-rio-2016.html","og_locale":"pt_BR","og_type":"article","og_title":"Frei Policarpo aben\u00e7oa a Tocha Ol\u00edmpica Rio 2016 - Not\u00edcias - Franciscanos","og_description":"Cultura e esporte","og_url":"https:\/\/franciscanos.org.br\/noticias\/frei-policarpo-abencoa-a-tocha-olimpica-rio-2016.html","og_site_name":"Not\u00edcias - Franciscanos","article_published_time":"2016-07-03T03:00:45+00:00","article_modified_time":"2020-10-04T16:34:17+00:00","og_image":[{"width":273,"height":181,"url":"https:\/\/franciscanos.org.br\/noticias\/wp-content\/uploads\/2016\/07\/tocha.jpg","type":"image\/jpeg"}],"author":"freiaugusto","twitter_card":"summary_large_image","twitter_misc":{"Escrito por":"freiaugusto","Est. tempo de leitura":"2 minutos"},"schema":{"@context":"https:\/\/schema.org","@graph":[{"@type":"WebSite","@id":"https:\/\/franciscanos.org.br\/noticias\/#website","url":"https:\/\/franciscanos.org.br\/noticias\/","name":"Not\u00edcias - Franciscanos","description":"Prov\u00edncia Franciscana da Imaculada Concei\u00e7\u00e3o do Brasil - Ordem dos Frades Menores - OFM","potentialAction":[{"@type":"SearchAction","target":{"@type":"EntryPoint","urlTemplate":"https:\/\/franciscanos.org.br\/noticias\/?s={search_term_string}"},"query-input":"required name=search_term_string"}],"inLanguage":"pt-BR"},{"@type":"ImageObject","inLanguage":"pt-BR","@id":"https:\/\/franciscanos.org.br\/noticias\/frei-policarpo-abencoa-a-tocha-olimpica-rio-2016.html#primaryimage","url":"https:\/\/franciscanos.org.br\/noticias\/wp-content\/uploads\/2016\/07\/tocha.jpg","contentUrl":"https:\/\/franciscanos.org.br\/noticias\/wp-content\/uploads\/2016\/07\/tocha.jpg","width":273,"height":181},{"@type":"WebPage","@id":"https:\/\/franciscanos.org.br\/noticias\/frei-policarpo-abencoa-a-tocha-olimpica-rio-2016.html#webpage","url":"https:\/\/franciscanos.org.br\/noticias\/frei-policarpo-abencoa-a-tocha-olimpica-rio-2016.html","name":"Frei Policarpo aben\u00e7oa a Tocha Ol\u00edmpica Rio 2016 - Not\u00edcias - Franciscanos","isPartOf":{"@id":"https:\/\/franciscanos.org.br\/noticias\/#website"},"primaryImageOfPage":{"@id":"https:\/\/franciscanos.org.br\/noticias\/frei-policarpo-abencoa-a-tocha-olimpica-rio-2016.html#primaryimage"},"datePublished":"2016-07-03T03:00:45+00:00","dateModified":"2020-10-04T16:34:17+00:00","author":{"@id":"https:\/\/franciscanos.org.br\/noticias\/#\/schema\/person\/37f88f0d111cd5358b12a6556a99eb91"},"breadcrumb":{"@id":"https:\/\/franciscanos.org.br\/noticias\/frei-policarpo-abencoa-a-tocha-olimpica-rio-2016.html#breadcrumb"},"inLanguage":"pt-BR","potentialAction":[{"@type":"ReadAction","target":["https:\/\/franciscanos.org.br\/noticias\/frei-policarpo-abencoa-a-tocha-olimpica-rio-2016.html"]}]},{"@type":"BreadcrumbList","@id":"https:\/\/franciscanos.org.br\/noticias\/frei-policarpo-abencoa-a-tocha-olimpica-rio-2016.html#breadcrumb","itemListElement":[{"@type":"ListItem","position":1,"name":"Home","item":"https:\/\/franciscanos.org.br\/noticias"},{"@type":"ListItem","position":2,"name":"Frei Policarpo aben\u00e7oa a Tocha Ol\u00edmpica Rio 2016"}]},{"@type":"Person","@id":"https:\/\/franciscanos.org.br\/noticias\/#\/schema\/person\/37f88f0d111cd5358b12a6556a99eb91","name":"freiaugusto","image":{"@type":"ImageObject","inLanguage":"pt-BR","@id":"https:\/\/franciscanos.org.br\/noticias\/#\/schema\/person\/image\/","url":"https:\/\/secure.gravatar.com\/avatar\/9840b940e621801b24f3e6b059efb4b7?s=96&d=mm&r=g","contentUrl":"https:\/\/secure.gravatar.com\/avatar\/9840b940e621801b24f3e6b059efb4b7?s=96&d=mm&r=g","caption":"freiaugusto"},"url":"https:\/\/franciscanos.org.br\/noticias\/author\/freiaugusto"}]}},"_links":{"self":[{"href":"https:\/\/franciscanos.org.br\/noticias\/wp-json\/wp\/v2\/posts\/112026"}],"collection":[{"href":"https:\/\/franciscanos.org.br\/noticias\/wp-json\/wp\/v2\/posts"}],"about":[{"href":"https:\/\/franciscanos.org.br\/noticias\/wp-json\/wp\/v2\/types\/post"}],"author":[{"embeddable":true,"href":"https:\/\/franciscanos.org.br\/noticias\/wp-json\/wp\/v2\/users\/5"}],"replies":[{"embeddable":true,"href":"https:\/\/franciscanos.org.br\/noticias\/wp-json\/wp\/v2\/comments?post=112026"}],"version-history":[{"count":1,"href":"https:\/\/franciscanos.org.br\/noticias\/wp-json\/wp\/v2\/posts\/112026\/revisions"}],"predecessor-version":[{"id":222522,"href":"https:\/\/franciscanos.org.br\/noticias\/wp-json\/wp\/v2\/posts\/112026\/revisions\/222522"}],"wp:featuredmedia":[{"embeddable":true,"href":"https:\/\/franciscanos.org.br\/noticias\/wp-json\/wp\/v2\/media\/222521"}],"wp:attachment":[{"href":"https:\/\/franciscanos.org.br\/noticias\/wp-json\/wp\/v2\/media?parent=112026"}],"wp:term":[{"taxonomy":"category","embeddable":true,"href":"https:\/\/franciscanos.org.br\/noticias\/wp-json\/wp\/v2\/categories?post=112026"},{"taxonomy":"post_tag","embeddable":true,"href":"https:\/\/franciscanos.org.br\/noticias\/wp-json\/wp\/v2\/tags?post=112026"}],"curies":[{"name":"wp","href":"https:\/\/api.w.org\/{rel}","templated":true}]}}