{"id":112001,"date":"2016-07-01T15:31:57","date_gmt":"2016-07-01T18:31:57","guid":{"rendered":"http:\/\/franciscanos.org.br\/?p=112001"},"modified":"2021-07-05T20:19:55","modified_gmt":"2021-07-05T23:19:55","slug":"escola-de-musica-do-imcp-realiza-tradicionais-recitais","status":"publish","type":"post","link":"https:\/\/franciscanos.org.br\/noticias\/escola-de-musica-do-imcp-realiza-tradicionais-recitais.html","title":{"rendered":"Escola de M\u00fasica do IMCP realiza tradicionais recitais"},"content":{"rendered":"<p><img loading=\"lazy\" src=\"http:\/\/franciscanos.org.br\/wp-content\/uploads\/2013\/07\/25-canarinhos-820.jpg\" alt=\"25-canarinhos-820\" width=\"820\" height=\"431\" \/><\/p>\n<p><strong>Petr\u00f3polis (RJ) &#8211;<\/strong> Ap\u00f3s um semestre intenso de aprendizado, os alunos da Escola de M\u00fasica do Instituto dos Meninos Cantores de Petr\u00f3polis (IMCP) v\u00e3o mostrar ao p\u00fablico o que aprenderam ao longo dos \u00faltimos meses, em recitais realizados nesta quinta (30) e sexta-feira (01), na sede da institui\u00e7\u00e3o. Os eventos come\u00e7am \u00e0s 19h e t\u00eam entrada gratuita.<\/p>\n<p>As apresenta\u00e7\u00f5es j\u00e1 s\u00e3o tradicionais no IMCP e ser\u00e3o realizadas individualmente ou em grupo. Na ocasi\u00e3o, os alunos dos cursos de piano, violino, viol\u00e3o, guitarra e baixo ir\u00e3o se apresentar. \u201cEste \u00e9 um momento de integra\u00e7\u00e3o entre os jovens e seus familiares, al\u00e9m disso, eles colocam em pr\u00e1tica tudo o que viram durante as aulas, sentindo na pele a sensa\u00e7\u00e3o de estar se apresentando para um p\u00fablico de verdade\u201d, comentou o maestro Marco Aur\u00e9lio Lischt, diretor art\u00edstico do Instituto.<\/p>\n<p>A Escola de M\u00fasica do IMCP \u00e9 aberta para pessoas de todas as idades. S\u00e3o oferecidos cursos de reg\u00eancia, \u00f3rg\u00e3o, piano, violino, viol\u00e3o, guitarra e baixo. As aulas s\u00e3o individuais e podem ser de 30 minutos ou 1 hora, de acordo com a disponibilidade do aluno.<\/p>\n<p>Mais informa\u00e7\u00f5es sobre as atividades do Instituto podem ser consultadas pelo site <a href=\"http:\/\/canarinhos.com.br\" target=\"_blank\" rel=\"noopener noreferrer\">http:\/\/canarinhos.com.br<\/a>, pelo Facebook <a href=\"http:\/\/fb.com\/canarinhosdepetropolis\" target=\"_blank\" rel=\"noopener noreferrer\">http:\/\/fb.com\/canarinhosdepetropolis<\/a> ou pelo telefone (24) 2104-4141.<\/p>\n<p>O Instituto dos Corais dos Canarinhos de Petr\u00f3polis fica Rua Santos Dumont, 355, no Centro Hist\u00f3rico.<\/p>\n","protected":false},"excerpt":{"rendered":"<p>Canarinhos<\/p>\n","protected":false},"author":1,"featured_media":222523,"comment_status":"open","ping_status":"open","sticky":false,"template":"","format":"standard","meta":[],"categories":[1],"tags":[1788],"acf":[],"yoast_head":"<!-- This site is optimized with the Yoast SEO plugin v19.2 - https:\/\/yoast.com\/wordpress\/plugins\/seo\/ -->\n<title>Escola de M\u00fasica do IMCP realiza tradicionais recitais - Not\u00edcias - Franciscanos<\/title>\n<meta name=\"robots\" content=\"index, follow, max-snippet:-1, max-image-preview:large, max-video-preview:-1\" \/>\n<link rel=\"canonical\" href=\"https:\/\/franciscanos.org.br\/noticias\/escola-de-musica-do-imcp-realiza-tradicionais-recitais.html\" \/>\n<meta property=\"og:locale\" content=\"pt_BR\" \/>\n<meta property=\"og:type\" content=\"article\" \/>\n<meta property=\"og:title\" content=\"Escola de M\u00fasica do IMCP realiza tradicionais recitais - Not\u00edcias - Franciscanos\" \/>\n<meta property=\"og:description\" content=\"Canarinhos\" \/>\n<meta property=\"og:url\" content=\"https:\/\/franciscanos.org.br\/noticias\/escola-de-musica-do-imcp-realiza-tradicionais-recitais.html\" \/>\n<meta property=\"og:site_name\" content=\"Not\u00edcias - Franciscanos\" \/>\n<meta property=\"article:published_time\" content=\"2016-07-01T18:31:57+00:00\" \/>\n<meta property=\"article:modified_time\" content=\"2021-07-05T23:19:55+00:00\" \/>\n<meta property=\"og:image\" content=\"https:\/\/franciscanos.org.br\/noticias\/wp-content\/uploads\/2016\/07\/25-canarinhos-820.jpg\" \/>\n\t<meta property=\"og:image:width\" content=\"273\" \/>\n\t<meta property=\"og:image:height\" content=\"181\" \/>\n\t<meta property=\"og:image:type\" content=\"image\/jpeg\" \/>\n<meta name=\"author\" content=\"admin\" \/>\n<meta name=\"twitter:card\" content=\"summary_large_image\" \/>\n<meta name=\"twitter:label1\" content=\"Escrito por\" \/>\n\t<meta name=\"twitter:data1\" content=\"admin\" \/>\n\t<meta name=\"twitter:label2\" content=\"Est. tempo de leitura\" \/>\n\t<meta name=\"twitter:data2\" content=\"1 minuto\" \/>\n<script type=\"application\/ld+json\" class=\"yoast-schema-graph\">{\"@context\":\"https:\/\/schema.org\",\"@graph\":[{\"@type\":\"WebSite\",\"@id\":\"https:\/\/franciscanos.org.br\/noticias\/#website\",\"url\":\"https:\/\/franciscanos.org.br\/noticias\/\",\"name\":\"Not\u00edcias - Franciscanos\",\"description\":\"Prov\u00edncia Franciscana da Imaculada Concei\u00e7\u00e3o do Brasil - Ordem dos Frades Menores - OFM\",\"potentialAction\":[{\"@type\":\"SearchAction\",\"target\":{\"@type\":\"EntryPoint\",\"urlTemplate\":\"https:\/\/franciscanos.org.br\/noticias\/?s={search_term_string}\"},\"query-input\":\"required name=search_term_string\"}],\"inLanguage\":\"pt-BR\"},{\"@type\":\"ImageObject\",\"inLanguage\":\"pt-BR\",\"@id\":\"https:\/\/franciscanos.org.br\/noticias\/escola-de-musica-do-imcp-realiza-tradicionais-recitais.html#primaryimage\",\"url\":\"https:\/\/franciscanos.org.br\/noticias\/wp-content\/uploads\/2016\/07\/25-canarinhos-820.jpg\",\"contentUrl\":\"https:\/\/franciscanos.org.br\/noticias\/wp-content\/uploads\/2016\/07\/25-canarinhos-820.jpg\",\"width\":273,\"height\":181},{\"@type\":\"WebPage\",\"@id\":\"https:\/\/franciscanos.org.br\/noticias\/escola-de-musica-do-imcp-realiza-tradicionais-recitais.html#webpage\",\"url\":\"https:\/\/franciscanos.org.br\/noticias\/escola-de-musica-do-imcp-realiza-tradicionais-recitais.html\",\"name\":\"Escola de M\u00fasica do IMCP realiza tradicionais recitais - Not\u00edcias - Franciscanos\",\"isPartOf\":{\"@id\":\"https:\/\/franciscanos.org.br\/noticias\/#website\"},\"primaryImageOfPage\":{\"@id\":\"https:\/\/franciscanos.org.br\/noticias\/escola-de-musica-do-imcp-realiza-tradicionais-recitais.html#primaryimage\"},\"datePublished\":\"2016-07-01T18:31:57+00:00\",\"dateModified\":\"2021-07-05T23:19:55+00:00\",\"author\":{\"@id\":\"https:\/\/franciscanos.org.br\/noticias\/#\/schema\/person\/b38fbf43118f02820bd932f2e4b14ad3\"},\"breadcrumb\":{\"@id\":\"https:\/\/franciscanos.org.br\/noticias\/escola-de-musica-do-imcp-realiza-tradicionais-recitais.html#breadcrumb\"},\"inLanguage\":\"pt-BR\",\"potentialAction\":[{\"@type\":\"ReadAction\",\"target\":[\"https:\/\/franciscanos.org.br\/noticias\/escola-de-musica-do-imcp-realiza-tradicionais-recitais.html\"]}]},{\"@type\":\"BreadcrumbList\",\"@id\":\"https:\/\/franciscanos.org.br\/noticias\/escola-de-musica-do-imcp-realiza-tradicionais-recitais.html#breadcrumb\",\"itemListElement\":[{\"@type\":\"ListItem\",\"position\":1,\"name\":\"Home\",\"item\":\"https:\/\/franciscanos.org.br\/noticias\"},{\"@type\":\"ListItem\",\"position\":2,\"name\":\"Escola de M\u00fasica do IMCP realiza tradicionais recitais\"}]},{\"@type\":\"Person\",\"@id\":\"https:\/\/franciscanos.org.br\/noticias\/#\/schema\/person\/b38fbf43118f02820bd932f2e4b14ad3\",\"name\":\"admin\",\"image\":{\"@type\":\"ImageObject\",\"inLanguage\":\"pt-BR\",\"@id\":\"https:\/\/franciscanos.org.br\/noticias\/#\/schema\/person\/image\/\",\"url\":\"https:\/\/secure.gravatar.com\/avatar\/e8495742d34d0ba6448ea1c628263b3e?s=96&d=mm&r=g\",\"contentUrl\":\"https:\/\/secure.gravatar.com\/avatar\/e8495742d34d0ba6448ea1c628263b3e?s=96&d=mm&r=g\",\"caption\":\"admin\"},\"url\":\"https:\/\/franciscanos.org.br\/noticias\/author\/admin\"}]}<\/script>\n<!-- \/ Yoast SEO plugin. -->","yoast_head_json":{"title":"Escola de M\u00fasica do IMCP realiza tradicionais recitais - Not\u00edcias - Franciscanos","robots":{"index":"index","follow":"follow","max-snippet":"max-snippet:-1","max-image-preview":"max-image-preview:large","max-video-preview":"max-video-preview:-1"},"canonical":"https:\/\/franciscanos.org.br\/noticias\/escola-de-musica-do-imcp-realiza-tradicionais-recitais.html","og_locale":"pt_BR","og_type":"article","og_title":"Escola de M\u00fasica do IMCP realiza tradicionais recitais - Not\u00edcias - Franciscanos","og_description":"Canarinhos","og_url":"https:\/\/franciscanos.org.br\/noticias\/escola-de-musica-do-imcp-realiza-tradicionais-recitais.html","og_site_name":"Not\u00edcias - Franciscanos","article_published_time":"2016-07-01T18:31:57+00:00","article_modified_time":"2021-07-05T23:19:55+00:00","og_image":[{"width":273,"height":181,"url":"https:\/\/franciscanos.org.br\/noticias\/wp-content\/uploads\/2016\/07\/25-canarinhos-820.jpg","type":"image\/jpeg"}],"author":"admin","twitter_card":"summary_large_image","twitter_misc":{"Escrito por":"admin","Est. tempo de leitura":"1 minuto"},"schema":{"@context":"https:\/\/schema.org","@graph":[{"@type":"WebSite","@id":"https:\/\/franciscanos.org.br\/noticias\/#website","url":"https:\/\/franciscanos.org.br\/noticias\/","name":"Not\u00edcias - Franciscanos","description":"Prov\u00edncia Franciscana da Imaculada Concei\u00e7\u00e3o do Brasil - Ordem dos Frades Menores - OFM","potentialAction":[{"@type":"SearchAction","target":{"@type":"EntryPoint","urlTemplate":"https:\/\/franciscanos.org.br\/noticias\/?s={search_term_string}"},"query-input":"required name=search_term_string"}],"inLanguage":"pt-BR"},{"@type":"ImageObject","inLanguage":"pt-BR","@id":"https:\/\/franciscanos.org.br\/noticias\/escola-de-musica-do-imcp-realiza-tradicionais-recitais.html#primaryimage","url":"https:\/\/franciscanos.org.br\/noticias\/wp-content\/uploads\/2016\/07\/25-canarinhos-820.jpg","contentUrl":"https:\/\/franciscanos.org.br\/noticias\/wp-content\/uploads\/2016\/07\/25-canarinhos-820.jpg","width":273,"height":181},{"@type":"WebPage","@id":"https:\/\/franciscanos.org.br\/noticias\/escola-de-musica-do-imcp-realiza-tradicionais-recitais.html#webpage","url":"https:\/\/franciscanos.org.br\/noticias\/escola-de-musica-do-imcp-realiza-tradicionais-recitais.html","name":"Escola de M\u00fasica do IMCP realiza tradicionais recitais - Not\u00edcias - Franciscanos","isPartOf":{"@id":"https:\/\/franciscanos.org.br\/noticias\/#website"},"primaryImageOfPage":{"@id":"https:\/\/franciscanos.org.br\/noticias\/escola-de-musica-do-imcp-realiza-tradicionais-recitais.html#primaryimage"},"datePublished":"2016-07-01T18:31:57+00:00","dateModified":"2021-07-05T23:19:55+00:00","author":{"@id":"https:\/\/franciscanos.org.br\/noticias\/#\/schema\/person\/b38fbf43118f02820bd932f2e4b14ad3"},"breadcrumb":{"@id":"https:\/\/franciscanos.org.br\/noticias\/escola-de-musica-do-imcp-realiza-tradicionais-recitais.html#breadcrumb"},"inLanguage":"pt-BR","potentialAction":[{"@type":"ReadAction","target":["https:\/\/franciscanos.org.br\/noticias\/escola-de-musica-do-imcp-realiza-tradicionais-recitais.html"]}]},{"@type":"BreadcrumbList","@id":"https:\/\/franciscanos.org.br\/noticias\/escola-de-musica-do-imcp-realiza-tradicionais-recitais.html#breadcrumb","itemListElement":[{"@type":"ListItem","position":1,"name":"Home","item":"https:\/\/franciscanos.org.br\/noticias"},{"@type":"ListItem","position":2,"name":"Escola de M\u00fasica do IMCP realiza tradicionais recitais"}]},{"@type":"Person","@id":"https:\/\/franciscanos.org.br\/noticias\/#\/schema\/person\/b38fbf43118f02820bd932f2e4b14ad3","name":"admin","image":{"@type":"ImageObject","inLanguage":"pt-BR","@id":"https:\/\/franciscanos.org.br\/noticias\/#\/schema\/person\/image\/","url":"https:\/\/secure.gravatar.com\/avatar\/e8495742d34d0ba6448ea1c628263b3e?s=96&d=mm&r=g","contentUrl":"https:\/\/secure.gravatar.com\/avatar\/e8495742d34d0ba6448ea1c628263b3e?s=96&d=mm&r=g","caption":"admin"},"url":"https:\/\/franciscanos.org.br\/noticias\/author\/admin"}]}},"_links":{"self":[{"href":"https:\/\/franciscanos.org.br\/noticias\/wp-json\/wp\/v2\/posts\/112001"}],"collection":[{"href":"https:\/\/franciscanos.org.br\/noticias\/wp-json\/wp\/v2\/posts"}],"about":[{"href":"https:\/\/franciscanos.org.br\/noticias\/wp-json\/wp\/v2\/types\/post"}],"author":[{"embeddable":true,"href":"https:\/\/franciscanos.org.br\/noticias\/wp-json\/wp\/v2\/users\/1"}],"replies":[{"embeddable":true,"href":"https:\/\/franciscanos.org.br\/noticias\/wp-json\/wp\/v2\/comments?post=112001"}],"version-history":[{"count":1,"href":"https:\/\/franciscanos.org.br\/noticias\/wp-json\/wp\/v2\/posts\/112001\/revisions"}],"predecessor-version":[{"id":222524,"href":"https:\/\/franciscanos.org.br\/noticias\/wp-json\/wp\/v2\/posts\/112001\/revisions\/222524"}],"wp:featuredmedia":[{"embeddable":true,"href":"https:\/\/franciscanos.org.br\/noticias\/wp-json\/wp\/v2\/media\/222523"}],"wp:attachment":[{"href":"https:\/\/franciscanos.org.br\/noticias\/wp-json\/wp\/v2\/media?parent=112001"}],"wp:term":[{"taxonomy":"category","embeddable":true,"href":"https:\/\/franciscanos.org.br\/noticias\/wp-json\/wp\/v2\/categories?post=112001"},{"taxonomy":"post_tag","embeddable":true,"href":"https:\/\/franciscanos.org.br\/noticias\/wp-json\/wp\/v2\/tags?post=112001"}],"curies":[{"name":"wp","href":"https:\/\/api.w.org\/{rel}","templated":true}]}}