{"id":111751,"date":"2016-06-29T08:55:19","date_gmt":"2016-06-29T11:55:19","guid":{"rendered":"http:\/\/franciscanos.org.br\/?p=111751"},"modified":"2020-06-09T16:45:49","modified_gmt":"2020-06-09T19:45:49","slug":"papa-francisco-oracao-e-via-de-saida-para-fechamentos","status":"publish","type":"post","link":"https:\/\/franciscanos.org.br\/noticias\/papa-francisco-oracao-e-via-de-saida-para-fechamentos.html","title":{"rendered":"Papa Francisco: ora\u00e7\u00e3o \u00e9 o caminho dos crist\u00e3os"},"content":{"rendered":"<p><img loading=\"lazy\" src=\"http:\/\/franciscanos.org.br\/wp-content\/uploads\/2016\/06\/papa_830.jpg\" alt=\"papa_830\" width=\"830\" height=\"400\" \/><\/p>\n<p><strong>Cidade do Vaticano<\/strong> \u2013 O Papa presidiu na manh\u00e3 desta quarta-feira (29\/06), \u00e0 Missa da Solenidade dos Ap\u00f3stolos Pedro e Paulo \u2013 padroeiros de Roma.<\/p>\n<p>Como \u00e9 tradi\u00e7\u00e3o nesta celebra\u00e7\u00e3o, o Pont\u00edfice aben\u00e7oou os p\u00e1lios dos novos arcebispos metropolitanos \u2013 dentre eles, quatro brasileiros \u2013 que ser\u00e3o impostos pelos N\u00fancios Apost\u00f3licos nas respectivas arquidioceses.<\/p>\n<p>Na homilia o Papa Francisco destacou a import\u00e2ncia da ora\u00e7\u00e3o na vida do disc\u00edpulo, o modo como a ora\u00e7\u00e3o encorajou o testemunho de S\u00e3o Pedro e S\u00e3o Paulo. O Papa ressaltou que a ora\u00e7\u00e3o desinstala o crist\u00e3o e rompe as barreiras do medo e promove a unidade.<\/p>\n<p><strong>Confira na \u00edntegra a homilia do Papa Francisco:<\/strong><\/p>\n<p>Nesta liturgia, a Palavra de Deus cont\u00e9m um bin\u00f4mio central: fechamento\/abertura. E, relacionado com esta imagem, est\u00e1 tamb\u00e9m o s\u00edmbolo das chaves, que Jesus promete a Sim\u00e3o Pedro para que ele possa, sem d\u00favida, abrir \u00e0s pessoas a entrada no Reino dos C\u00e9us, e n\u00e3o fech\u00e1-la como faziam alguns escribas e fariseus hip\u00f3critas que Jesus censura (cf. Mt 23, 13).<\/p>\n<p>A leitura dos Atos dos Ap\u00f3stolos (12, 1-11) apresenta-nos tr\u00eas fechamentos: o de Pedro na pris\u00e3o; o da comunidade reunida em ora\u00e7\u00e3o; e \u2013 no contexto pr\u00f3ximo da nossa per\u00edcope \u2013 o da casa de Maria, m\u00e3e de Jo\u00e3o chamado Marcos, a cuja porta foi bater Pedro depois de ter sido libertado.<\/p>\n<p>E vemos que a principal via de sa\u00edda dos fechamentos \u00e9 a ora\u00e7\u00e3o: via de sa\u00edda para a comunidade, que corre o risco de se fechar em si mesma por causa da persegui\u00e7\u00e3o e do medo; via de sa\u00edda para Pedro que, j\u00e1 no in\u00edcio da miss\u00e3o que o Senhor lhe confiara, \u00e9 lan\u00e7ado na pris\u00e3o por Herodes e corre o risco de ser condenado \u00e0 morte. E enquanto Pedro estava na pris\u00e3o, \u00aba Igreja orava a Deus, instantemente, por ele\u00bb (At 12, 5). E o Senhor responde \u00e0 ora\u00e7\u00e3o com o envio do seu anjo para o libertar, \u00abarrancando-o das m\u00e3os de Herodes\u00bb (cf. v. 11). A ora\u00e7\u00e3o, como humilde entrega a Deus e \u00e0 sua santa vontade, \u00e9 sempre a via de sa\u00edda dos nossos fechamentos pessoais e comunit\u00e1rios. \u00c9 a grande via de sa\u00edda dos fechamentos.<\/p>\n<p>O pr\u00f3prio Paulo, ao escrever a Tim\u00f3teo, fala da sua experi\u00eancia de liberta\u00e7\u00e3o, de sa\u00edda do perigo de ser ele tamb\u00e9m condenado \u00e0 morte; mas o Senhor esteve ao seu lado e deu-lhe for\u00e7a para poder levar a bom termo a sua obra de evangeliza\u00e7\u00e3o dos gentios (cf. 2 Tm 4, 17). Entretanto Paulo fala duma \u00ababertura\u00bb muito maior, para um horizonte infinitamente mais amplo: o da vida eterna, que o espera depois de ter conclu\u00eddo a \u00abcorrida\u00bb terrena. Assim \u00e9 belo ver a vida do Ap\u00f3stolo toda \u00abem sa\u00edda\u00bb por causa do Evangelho: toda projetada para a frente, primeiro, para levar Cristo \u00e0queles que n\u00e3o O conhecem e, depois, para se lan\u00e7ar, por assim dizer, nos seus bra\u00e7os e ser levado por Ele \u00aba salvo para o seu Reino celeste\u00bb (v. 18).<\/p>\n<p><img loading=\"lazy\" class=\"alignright wp-image-111754\" src=\"http:\/\/franciscanos.org.br\/wp-content\/uploads\/2016\/06\/papa_pedro.jpeg\" alt=\"papa_pedro\" width=\"246\" height=\"370\" \/>Mas voltemos a Pedro&#8230; A narra\u00e7\u00e3o evang\u00e9lica (Mt 16, 13-19) da sua confiss\u00e3o de f\u00e9 e consequente miss\u00e3o a ele confiada por Jesus mostra-nos que a vida do pescador galileu Sim\u00e3o \u2013 como a vida de cada um de n\u00f3s \u2013 se abre, desabrocha plenamente quando acolhe, de Deus Pai, a gra\u00e7a da f\u00e9. E Sim\u00e3o p\u00f5e-se a caminhar \u2013 um caminho longo e duro \u2013 que o levar\u00e1 a sair de si mesmo, das suas seguran\u00e7as humanas, sobretudo do seu orgulho misturado com uma certa coragem e altru\u00edsmo generoso. Decisiva neste seu percurso de liberta\u00e7\u00e3o \u00e9 a ora\u00e7\u00e3o de Jesus: \u00abEu roguei por ti [Sim\u00e3o], para que a tua f\u00e9 n\u00e3o desapare\u00e7a\u00bb (Lc 22, 32). E igualmente decisivo \u00e9 o olhar cheio de compaix\u00e3o do Senhor depois que Pedro O negou tr\u00eas vezes: um olhar que toca o cora\u00e7\u00e3o e liberta as l\u00e1grimas do arrependimento (cf. Lc 22, 61-62). Ent\u00e3o Sim\u00e3o Pedro foi liberto da pris\u00e3o do seu eu orgulhoso, do seu eu medroso, e superou a tenta\u00e7\u00e3o de se fechar \u00e0 chamada de Jesus para O seguir no caminho da cruz.<\/p>\n<p>Como j\u00e1 aludi, no contexto pr\u00f3ximo da passagem lida dos Atos dos Ap\u00f3stolos, h\u00e1 um detalhe que pode fazer-nos bem considerar (cf. 12, 12-17). Quando Pedro, miraculosamente liberto, se v\u00ea fora da pris\u00e3o de Herodes, vai ter \u00e0 casa da m\u00e3e de Jo\u00e3o chamado Marcos. Bate \u00e0 porta e, de dentro, vem atender uma empregada chamada Rode, que, tendo reconhecido a voz de Pedro, em vez de abrir a porta, incr\u00e9dula e conjuntamente cheia de alegria corre a informar a patroa. A narra\u00e7\u00e3o, que pode parecer c\u00f4mica \u2013 e pode ter dado in\u00edcio ao chamado \u00abcomplexo de Rode\u00bb \u2013, deixa intuir o clima de medo em que estava a comunidade crist\u00e3, fechada em casa e fechada tamb\u00e9m \u00e0s surpresas de Deus. Pedro bate \u00e0 porta. \u2013 \u00abVai ver quem \u00e9!\u00bb H\u00e1 alegria, h\u00e1 medo\u2026 \u00abAbrimos ou n\u00e3o?\u00bb Entretanto ele corre perigo, porque a pol\u00edcia pode prend\u00ea-lo. Mas o medo paralisa-nos, sempre nos paralisa; fecha-nos, fecha-nos \u00e0s surpresas de Deus. Este detalhe fala-nos duma tenta\u00e7\u00e3o que sempre existe na Igreja: a tenta\u00e7\u00e3o de fechar-se em si mesma, \u00e0 vista dos perigos. Mas mesmo aqui h\u00e1 uma brecha por onde pode passar a a\u00e7\u00e3o de Deus: Lucas diz que, naquela casa, \u00abnumerosos fi\u00e9is estavam reunidos a orar\u00bb (v. 12). A ora\u00e7\u00e3o permite que a gra\u00e7a abra uma via de sa\u00edda: do fechamento \u00e0 abertura, do medo \u00e0 coragem, da tristeza \u00e0 alegria. E podemos acrescentar: da divis\u00e3o \u00e0 unidade. Sim, digamo-lo hoje com confian\u00e7a, juntamente com os nossos irm\u00e3os da Delega\u00e7\u00e3o enviada pelo amado Patriarca Ecum\u00eanico Bartolomeu para participar na festa dos Santos Padroeiros de Roma. Uma festa de comunh\u00e3o para toda a Igreja, como p\u00f5e em evid\u00eancia tamb\u00e9m a presen\u00e7a dos Arcebispos Metropolitas que vieram para a b\u00ean\u00e7\u00e3o dos P\u00e1lios, que lhes ser\u00e3o impostos pelos meus Representantes nas respetivas Sedes.<\/p>\n<p>Os Santos Pedro e Paulo intercedam por n\u00f3s para podermos realizar com alegria este caminho, experimentar a a\u00e7\u00e3o libertadora de Deus e a todos dar testemunho dela.<\/p>\n<hr \/>\n<p><em>Fonte: R\u00e1dio Vaticano<\/em><\/p>\n<p><em>Fotos: L&#8217;Osservatore Romano<\/em><\/p>\n","protected":false},"excerpt":{"rendered":"<p>S\u00e3o Pedro e S\u00e3o Paulo<\/p>\n","protected":false},"author":1,"featured_media":222537,"comment_status":"open","ping_status":"open","sticky":false,"template":"","format":"standard","meta":[],"categories":[1428],"tags":[1688],"acf":[],"yoast_head":"<!-- This site is optimized with the Yoast SEO plugin v19.2 - https:\/\/yoast.com\/wordpress\/plugins\/seo\/ -->\n<title>Papa Francisco: ora\u00e7\u00e3o \u00e9 o caminho dos crist\u00e3os - Not\u00edcias - Franciscanos<\/title>\n<meta name=\"robots\" content=\"index, follow, max-snippet:-1, max-image-preview:large, max-video-preview:-1\" \/>\n<link rel=\"canonical\" href=\"https:\/\/franciscanos.org.br\/noticias\/papa-francisco-oracao-e-via-de-saida-para-fechamentos.html\" \/>\n<meta property=\"og:locale\" content=\"pt_BR\" \/>\n<meta property=\"og:type\" content=\"article\" \/>\n<meta property=\"og:title\" content=\"Papa Francisco: ora\u00e7\u00e3o \u00e9 o caminho dos crist\u00e3os - Not\u00edcias - Franciscanos\" \/>\n<meta property=\"og:description\" content=\"S\u00e3o Pedro e S\u00e3o Paulo\" \/>\n<meta property=\"og:url\" content=\"https:\/\/franciscanos.org.br\/noticias\/papa-francisco-oracao-e-via-de-saida-para-fechamentos.html\" \/>\n<meta property=\"og:site_name\" content=\"Not\u00edcias - Franciscanos\" \/>\n<meta property=\"article:published_time\" content=\"2016-06-29T11:55:19+00:00\" \/>\n<meta property=\"article:modified_time\" content=\"2020-06-09T19:45:49+00:00\" \/>\n<meta property=\"og:image\" content=\"https:\/\/franciscanos.org.br\/noticias\/wp-content\/uploads\/2016\/06\/papa_830.jpg\" \/>\n\t<meta property=\"og:image:width\" content=\"273\" \/>\n\t<meta property=\"og:image:height\" content=\"181\" \/>\n\t<meta property=\"og:image:type\" content=\"image\/jpeg\" \/>\n<meta name=\"author\" content=\"admin\" \/>\n<meta name=\"twitter:card\" content=\"summary_large_image\" \/>\n<meta name=\"twitter:label1\" content=\"Escrito por\" \/>\n\t<meta name=\"twitter:data1\" content=\"admin\" \/>\n\t<meta name=\"twitter:label2\" content=\"Est. tempo de leitura\" \/>\n\t<meta name=\"twitter:data2\" content=\"5 minutos\" \/>\n<script type=\"application\/ld+json\" class=\"yoast-schema-graph\">{\"@context\":\"https:\/\/schema.org\",\"@graph\":[{\"@type\":\"WebSite\",\"@id\":\"https:\/\/franciscanos.org.br\/noticias\/#website\",\"url\":\"https:\/\/franciscanos.org.br\/noticias\/\",\"name\":\"Not\u00edcias - Franciscanos\",\"description\":\"Prov\u00edncia Franciscana da Imaculada Concei\u00e7\u00e3o do Brasil - Ordem dos Frades Menores - OFM\",\"potentialAction\":[{\"@type\":\"SearchAction\",\"target\":{\"@type\":\"EntryPoint\",\"urlTemplate\":\"https:\/\/franciscanos.org.br\/noticias\/?s={search_term_string}\"},\"query-input\":\"required name=search_term_string\"}],\"inLanguage\":\"pt-BR\"},{\"@type\":\"ImageObject\",\"inLanguage\":\"pt-BR\",\"@id\":\"https:\/\/franciscanos.org.br\/noticias\/papa-francisco-oracao-e-via-de-saida-para-fechamentos.html#primaryimage\",\"url\":\"https:\/\/franciscanos.org.br\/noticias\/wp-content\/uploads\/2016\/06\/papa_830.jpg\",\"contentUrl\":\"https:\/\/franciscanos.org.br\/noticias\/wp-content\/uploads\/2016\/06\/papa_830.jpg\",\"width\":273,\"height\":181},{\"@type\":\"WebPage\",\"@id\":\"https:\/\/franciscanos.org.br\/noticias\/papa-francisco-oracao-e-via-de-saida-para-fechamentos.html#webpage\",\"url\":\"https:\/\/franciscanos.org.br\/noticias\/papa-francisco-oracao-e-via-de-saida-para-fechamentos.html\",\"name\":\"Papa Francisco: ora\u00e7\u00e3o \u00e9 o caminho dos crist\u00e3os - Not\u00edcias - Franciscanos\",\"isPartOf\":{\"@id\":\"https:\/\/franciscanos.org.br\/noticias\/#website\"},\"primaryImageOfPage\":{\"@id\":\"https:\/\/franciscanos.org.br\/noticias\/papa-francisco-oracao-e-via-de-saida-para-fechamentos.html#primaryimage\"},\"datePublished\":\"2016-06-29T11:55:19+00:00\",\"dateModified\":\"2020-06-09T19:45:49+00:00\",\"author\":{\"@id\":\"https:\/\/franciscanos.org.br\/noticias\/#\/schema\/person\/b38fbf43118f02820bd932f2e4b14ad3\"},\"breadcrumb\":{\"@id\":\"https:\/\/franciscanos.org.br\/noticias\/papa-francisco-oracao-e-via-de-saida-para-fechamentos.html#breadcrumb\"},\"inLanguage\":\"pt-BR\",\"potentialAction\":[{\"@type\":\"ReadAction\",\"target\":[\"https:\/\/franciscanos.org.br\/noticias\/papa-francisco-oracao-e-via-de-saida-para-fechamentos.html\"]}]},{\"@type\":\"BreadcrumbList\",\"@id\":\"https:\/\/franciscanos.org.br\/noticias\/papa-francisco-oracao-e-via-de-saida-para-fechamentos.html#breadcrumb\",\"itemListElement\":[{\"@type\":\"ListItem\",\"position\":1,\"name\":\"Home\",\"item\":\"https:\/\/franciscanos.org.br\/noticias\"},{\"@type\":\"ListItem\",\"position\":2,\"name\":\"Papa Francisco: ora\u00e7\u00e3o \u00e9 o caminho dos crist\u00e3os\"}]},{\"@type\":\"Person\",\"@id\":\"https:\/\/franciscanos.org.br\/noticias\/#\/schema\/person\/b38fbf43118f02820bd932f2e4b14ad3\",\"name\":\"admin\",\"image\":{\"@type\":\"ImageObject\",\"inLanguage\":\"pt-BR\",\"@id\":\"https:\/\/franciscanos.org.br\/noticias\/#\/schema\/person\/image\/\",\"url\":\"https:\/\/secure.gravatar.com\/avatar\/e8495742d34d0ba6448ea1c628263b3e?s=96&d=mm&r=g\",\"contentUrl\":\"https:\/\/secure.gravatar.com\/avatar\/e8495742d34d0ba6448ea1c628263b3e?s=96&d=mm&r=g\",\"caption\":\"admin\"},\"url\":\"https:\/\/franciscanos.org.br\/noticias\/author\/admin\"}]}<\/script>\n<!-- \/ Yoast SEO plugin. -->","yoast_head_json":{"title":"Papa Francisco: ora\u00e7\u00e3o \u00e9 o caminho dos crist\u00e3os - Not\u00edcias - Franciscanos","robots":{"index":"index","follow":"follow","max-snippet":"max-snippet:-1","max-image-preview":"max-image-preview:large","max-video-preview":"max-video-preview:-1"},"canonical":"https:\/\/franciscanos.org.br\/noticias\/papa-francisco-oracao-e-via-de-saida-para-fechamentos.html","og_locale":"pt_BR","og_type":"article","og_title":"Papa Francisco: ora\u00e7\u00e3o \u00e9 o caminho dos crist\u00e3os - Not\u00edcias - Franciscanos","og_description":"S\u00e3o Pedro e S\u00e3o Paulo","og_url":"https:\/\/franciscanos.org.br\/noticias\/papa-francisco-oracao-e-via-de-saida-para-fechamentos.html","og_site_name":"Not\u00edcias - Franciscanos","article_published_time":"2016-06-29T11:55:19+00:00","article_modified_time":"2020-06-09T19:45:49+00:00","og_image":[{"width":273,"height":181,"url":"https:\/\/franciscanos.org.br\/noticias\/wp-content\/uploads\/2016\/06\/papa_830.jpg","type":"image\/jpeg"}],"author":"admin","twitter_card":"summary_large_image","twitter_misc":{"Escrito por":"admin","Est. tempo de leitura":"5 minutos"},"schema":{"@context":"https:\/\/schema.org","@graph":[{"@type":"WebSite","@id":"https:\/\/franciscanos.org.br\/noticias\/#website","url":"https:\/\/franciscanos.org.br\/noticias\/","name":"Not\u00edcias - Franciscanos","description":"Prov\u00edncia Franciscana da Imaculada Concei\u00e7\u00e3o do Brasil - Ordem dos Frades Menores - OFM","potentialAction":[{"@type":"SearchAction","target":{"@type":"EntryPoint","urlTemplate":"https:\/\/franciscanos.org.br\/noticias\/?s={search_term_string}"},"query-input":"required name=search_term_string"}],"inLanguage":"pt-BR"},{"@type":"ImageObject","inLanguage":"pt-BR","@id":"https:\/\/franciscanos.org.br\/noticias\/papa-francisco-oracao-e-via-de-saida-para-fechamentos.html#primaryimage","url":"https:\/\/franciscanos.org.br\/noticias\/wp-content\/uploads\/2016\/06\/papa_830.jpg","contentUrl":"https:\/\/franciscanos.org.br\/noticias\/wp-content\/uploads\/2016\/06\/papa_830.jpg","width":273,"height":181},{"@type":"WebPage","@id":"https:\/\/franciscanos.org.br\/noticias\/papa-francisco-oracao-e-via-de-saida-para-fechamentos.html#webpage","url":"https:\/\/franciscanos.org.br\/noticias\/papa-francisco-oracao-e-via-de-saida-para-fechamentos.html","name":"Papa Francisco: ora\u00e7\u00e3o \u00e9 o caminho dos crist\u00e3os - Not\u00edcias - Franciscanos","isPartOf":{"@id":"https:\/\/franciscanos.org.br\/noticias\/#website"},"primaryImageOfPage":{"@id":"https:\/\/franciscanos.org.br\/noticias\/papa-francisco-oracao-e-via-de-saida-para-fechamentos.html#primaryimage"},"datePublished":"2016-06-29T11:55:19+00:00","dateModified":"2020-06-09T19:45:49+00:00","author":{"@id":"https:\/\/franciscanos.org.br\/noticias\/#\/schema\/person\/b38fbf43118f02820bd932f2e4b14ad3"},"breadcrumb":{"@id":"https:\/\/franciscanos.org.br\/noticias\/papa-francisco-oracao-e-via-de-saida-para-fechamentos.html#breadcrumb"},"inLanguage":"pt-BR","potentialAction":[{"@type":"ReadAction","target":["https:\/\/franciscanos.org.br\/noticias\/papa-francisco-oracao-e-via-de-saida-para-fechamentos.html"]}]},{"@type":"BreadcrumbList","@id":"https:\/\/franciscanos.org.br\/noticias\/papa-francisco-oracao-e-via-de-saida-para-fechamentos.html#breadcrumb","itemListElement":[{"@type":"ListItem","position":1,"name":"Home","item":"https:\/\/franciscanos.org.br\/noticias"},{"@type":"ListItem","position":2,"name":"Papa Francisco: ora\u00e7\u00e3o \u00e9 o caminho dos crist\u00e3os"}]},{"@type":"Person","@id":"https:\/\/franciscanos.org.br\/noticias\/#\/schema\/person\/b38fbf43118f02820bd932f2e4b14ad3","name":"admin","image":{"@type":"ImageObject","inLanguage":"pt-BR","@id":"https:\/\/franciscanos.org.br\/noticias\/#\/schema\/person\/image\/","url":"https:\/\/secure.gravatar.com\/avatar\/e8495742d34d0ba6448ea1c628263b3e?s=96&d=mm&r=g","contentUrl":"https:\/\/secure.gravatar.com\/avatar\/e8495742d34d0ba6448ea1c628263b3e?s=96&d=mm&r=g","caption":"admin"},"url":"https:\/\/franciscanos.org.br\/noticias\/author\/admin"}]}},"_links":{"self":[{"href":"https:\/\/franciscanos.org.br\/noticias\/wp-json\/wp\/v2\/posts\/111751"}],"collection":[{"href":"https:\/\/franciscanos.org.br\/noticias\/wp-json\/wp\/v2\/posts"}],"about":[{"href":"https:\/\/franciscanos.org.br\/noticias\/wp-json\/wp\/v2\/types\/post"}],"author":[{"embeddable":true,"href":"https:\/\/franciscanos.org.br\/noticias\/wp-json\/wp\/v2\/users\/1"}],"replies":[{"embeddable":true,"href":"https:\/\/franciscanos.org.br\/noticias\/wp-json\/wp\/v2\/comments?post=111751"}],"version-history":[{"count":3,"href":"https:\/\/franciscanos.org.br\/noticias\/wp-json\/wp\/v2\/posts\/111751\/revisions"}],"predecessor-version":[{"id":225670,"href":"https:\/\/franciscanos.org.br\/noticias\/wp-json\/wp\/v2\/posts\/111751\/revisions\/225670"}],"wp:featuredmedia":[{"embeddable":true,"href":"https:\/\/franciscanos.org.br\/noticias\/wp-json\/wp\/v2\/media\/222537"}],"wp:attachment":[{"href":"https:\/\/franciscanos.org.br\/noticias\/wp-json\/wp\/v2\/media?parent=111751"}],"wp:term":[{"taxonomy":"category","embeddable":true,"href":"https:\/\/franciscanos.org.br\/noticias\/wp-json\/wp\/v2\/categories?post=111751"},{"taxonomy":"post_tag","embeddable":true,"href":"https:\/\/franciscanos.org.br\/noticias\/wp-json\/wp\/v2\/tags?post=111751"}],"curies":[{"name":"wp","href":"https:\/\/api.w.org\/{rel}","templated":true}]}}