{"id":111727,"date":"2016-06-28T09:49:08","date_gmt":"2016-06-28T12:49:08","guid":{"rendered":"http:\/\/franciscanos.org.br\/?p=111727"},"modified":"2022-12-31T12:41:41","modified_gmt":"2022-12-31T15:41:41","slug":"celebracao-marca-os-65-anos-da-ordenacao-sacerdotal-de-bento-xvi","status":"publish","type":"post","link":"https:\/\/franciscanos.org.br\/noticias\/celebracao-marca-os-65-anos-da-ordenacao-sacerdotal-de-bento-xvi.html","title":{"rendered":"Bento XVI celebra 65 anos de ordena\u00e7\u00e3o sacerdotal"},"content":{"rendered":"<p><img loading=\"lazy\" src=\"http:\/\/franciscanos.org.br\/wp-content\/uploads\/2016\/06\/destaque_bento_830.jpg\" alt=\"destaque_bento_830\" width=\"830\" height=\"460\" \/><\/p>\n<p><strong>Cidade do Vaticano<\/strong> &#8211; O Papa Francisco conduziu nesta ter\u00e7a-feira (28\/06), na Sala Clementina do Vaticano, a celebra\u00e7\u00e3o solene de comemora\u00e7\u00e3o dos 65 anos de Ordena\u00e7\u00e3o sacerdotal do Papa em\u00e9rito Bento XVI.<\/p>\n<p>\u201cHoje, festejamos a hist\u00f3ria de um chamado iniciado h\u00e1 65 anos com a sua ordena\u00e7\u00e3o sacerdotal ocorrida na Catedral de Frisinga em 29 de junho de 1951\u201d, disse Francisco a Bento XVI.<\/p>\n<p>\u201cEm uma das mais belas p\u00e1ginas que o senhor dedica ao sacerd\u00f3cio, sublinha como, na hora do chamado definitivo de Sim\u00e3o, Jesus, olhando para ele, no fundo pergunta-lhe somente uma coisa: \u2018Me amas?\u2019. Como \u00e9 bonito e verdadeiro isto! Porque \u00e9 aqui, o senhor nos diz, \u00e9 neste &#8220;me amas&#8221; que o Senhor funda o apascentar, porque somente se existe amor pelo Senhor Ele pode apascentar por meio de n\u00f3s\u201d, frisou ainda o Pont\u00edfice.<\/p>\n<p>\u201c\u00c9 esta a nota que domina uma vida inteira dedicada ao servi\u00e7o sacerdotal e \u00e0 teologia que o senhor n\u00e3o por acaso definiu como a \u2018busca do amado\u2019; \u00e9 isto que o senhor sempre testemunhou e testemunha ainda hoje: que a coisa decisiva nos nossos dias &#8211; de sol ou de chuva &#8211; a \u00fanica com a qual vem tamb\u00e9m todo o resto, \u00e9 que o Senhor esteja realmente presente, que o desejemos, que interiormente sejamos pr\u00f3ximos a ele, que o amemos, que realmente acreditemos profundamente nele e acreditando o amemos verdadeiramente. \u00c9 este amar que realmente nos preenche o cora\u00e7\u00e3o, este acreditar \u00e9 aquilo que nos faz caminhar seguros e tranquilos sobre as \u00e1guas, mesmo em meio \u00e0 tempestade, precisamente como acontece a Pedro; este amar e este acreditar \u00e9 o que nos permite de olhar ao futuro n\u00e3o com medo ou nostalgia, mas com alegria, tamb\u00e9m nos anos j\u00e1 avan\u00e7ados de nossa vida.\u201d<\/p>\n<p><strong>Testemunho<\/strong><\/p>\n<p>\u201cE assim, precisamente vivendo e testemunhando hoje em modo t\u00e3o intenso e luminoso esta \u00fanica coisa realmente decisiva &#8211; tendo o olhar e o cora\u00e7\u00e3o voltado a Deus &#8211; o senhor, Santidade, continua servindo a Igreja, n\u00e3o deixa de contribuir realmente com o vigor e a sabedoria para o crescimento dela\u201d, disse Francisco que acrescentou:<\/p>\n<p>\u201cE o faz daquele pequeno Mosteiro Mater Ecclesiae no Vaticano, que se revela desta forma ser bem outra coisa do que um daqueles cantinhos esquecidos nos quais a cultura do descarte de hoje tende a relegar as pessoas quando, com a idade, as suas for\u00e7as come\u00e7am a faltar. \u00c9 bem ao contr\u00e1rio; e isto permite que o diga com for\u00e7a o seu Sucessor que escolheu chamar-se Francisco!&#8221;.<\/p>\n<p>&#8220;Porque o caminho espiritual de S\u00e3o Francisco iniciou em S\u00e3o Dami\u00e3o, mas o verdadeiro lugar amado, o cora\u00e7\u00e3o pulsante da ordem, l\u00e1 onde o fundou e onde no final rendeu sua vida a Deus foi a Porci\u00fancula, a &#8216;pequena por\u00e7\u00e3o&#8217;, o cantinho junto \u00e0 M\u00e3e da Igreja; junto a Maria que, pela sua f\u00e9 t\u00e3o firme e pelo seu viver t\u00e3o inteiramente do amor e no amor com o Senhor, todas as gera\u00e7\u00f5es chamar\u00e3o bem-aventurada. Assim, a Provid\u00eancia quis que o senhor, caro irm\u00e3o, chegasse a um lugar por assim dizer propriamente &#8216;franciscano&#8217; do qual emana uma tranquilidade, uma paz, uma for\u00e7a, uma confian\u00e7a, uma maturidade, uma f\u00e9, uma dedica\u00e7\u00e3o e uma fidelidade que me fazem t\u00e3o bem e d\u00e3o for\u00e7a para mim e para toda a Igreja&#8221;.<\/p>\n<p><strong>Palavras de Bento XVI<\/strong><\/p>\n<p>E o Papa Francisco concluiu: \u201cQue o senhor, Santidade, possa continuar sentido a m\u00e3o do Deus misericordioso que o sustenta, que possa experimentar e nos testemunhar o amor de Deus; que, com Pedro e Paulo, possa continuar exultando de alegria enquanto caminha rumo \u00e0 meta da f\u00e9.\u201d<\/p>\n<p>A seguir, o Papa em\u00e9rito Bento XVI, em um breve discurso improvisado de agradecimento, recordou que sua vida sacerdotal foi marcada desde o in\u00edcio pela palavra grega &#8220;Eucharistomen&#8221; e suas tantas dimens\u00f5es.<\/p>\n<p>\u201cAo final, queremos nos incluir neste obrigado do Senhor e, assim, receber realmente a novidade da vida e ajudar a transubstancia\u00e7\u00e3o do mundo, que seja um mundo n\u00e3o de morte, mas de vida \u2013 um mundo no qual o amor venceu a morte.\u201d<\/p>\n<hr \/>\n<p><em>Fonte: R\u00e1dio Vaticano<\/em><\/p>\n","protected":false},"excerpt":{"rendered":"<p>Celebra\u00e7\u00e3o no Vaticano<\/p>\n","protected":false},"author":1,"featured_media":222540,"comment_status":"open","ping_status":"open","sticky":false,"template":"","format":"standard","meta":[],"categories":[1428],"tags":[340],"acf":[],"yoast_head":"<!-- This site is optimized with the Yoast SEO plugin v19.2 - https:\/\/yoast.com\/wordpress\/plugins\/seo\/ -->\n<title>Bento XVI celebra 65 anos de ordena\u00e7\u00e3o sacerdotal - Not\u00edcias - Franciscanos<\/title>\n<meta name=\"robots\" content=\"index, follow, max-snippet:-1, max-image-preview:large, max-video-preview:-1\" \/>\n<link rel=\"canonical\" href=\"https:\/\/franciscanos.org.br\/noticias\/celebracao-marca-os-65-anos-da-ordenacao-sacerdotal-de-bento-xvi.html\" \/>\n<meta property=\"og:locale\" content=\"pt_BR\" \/>\n<meta property=\"og:type\" content=\"article\" \/>\n<meta property=\"og:title\" content=\"Bento XVI celebra 65 anos de ordena\u00e7\u00e3o sacerdotal - Not\u00edcias - Franciscanos\" \/>\n<meta property=\"og:description\" content=\"Celebra\u00e7\u00e3o no Vaticano\" \/>\n<meta property=\"og:url\" content=\"https:\/\/franciscanos.org.br\/noticias\/celebracao-marca-os-65-anos-da-ordenacao-sacerdotal-de-bento-xvi.html\" \/>\n<meta property=\"og:site_name\" content=\"Not\u00edcias - Franciscanos\" \/>\n<meta property=\"article:published_time\" content=\"2016-06-28T12:49:08+00:00\" \/>\n<meta property=\"article:modified_time\" content=\"2022-12-31T15:41:41+00:00\" \/>\n<meta property=\"og:image\" content=\"https:\/\/franciscanos.org.br\/noticias\/wp-content\/uploads\/2016\/06\/destaque_bento_830.jpg\" \/>\n\t<meta property=\"og:image:width\" content=\"273\" \/>\n\t<meta property=\"og:image:height\" content=\"181\" \/>\n\t<meta property=\"og:image:type\" content=\"image\/jpeg\" \/>\n<meta name=\"author\" content=\"admin\" \/>\n<meta name=\"twitter:card\" content=\"summary_large_image\" \/>\n<meta name=\"twitter:label1\" content=\"Escrito por\" \/>\n\t<meta name=\"twitter:data1\" content=\"admin\" \/>\n\t<meta name=\"twitter:label2\" content=\"Est. tempo de leitura\" \/>\n\t<meta name=\"twitter:data2\" content=\"4 minutos\" \/>\n<script type=\"application\/ld+json\" class=\"yoast-schema-graph\">{\"@context\":\"https:\/\/schema.org\",\"@graph\":[{\"@type\":\"WebSite\",\"@id\":\"https:\/\/franciscanos.org.br\/noticias\/#website\",\"url\":\"https:\/\/franciscanos.org.br\/noticias\/\",\"name\":\"Not\u00edcias - Franciscanos\",\"description\":\"Prov\u00edncia Franciscana da Imaculada Concei\u00e7\u00e3o do Brasil - Ordem dos Frades Menores - OFM\",\"potentialAction\":[{\"@type\":\"SearchAction\",\"target\":{\"@type\":\"EntryPoint\",\"urlTemplate\":\"https:\/\/franciscanos.org.br\/noticias\/?s={search_term_string}\"},\"query-input\":\"required name=search_term_string\"}],\"inLanguage\":\"pt-BR\"},{\"@type\":\"ImageObject\",\"inLanguage\":\"pt-BR\",\"@id\":\"https:\/\/franciscanos.org.br\/noticias\/celebracao-marca-os-65-anos-da-ordenacao-sacerdotal-de-bento-xvi.html#primaryimage\",\"url\":\"https:\/\/franciscanos.org.br\/noticias\/wp-content\/uploads\/2016\/06\/destaque_bento_830.jpg\",\"contentUrl\":\"https:\/\/franciscanos.org.br\/noticias\/wp-content\/uploads\/2016\/06\/destaque_bento_830.jpg\",\"width\":273,\"height\":181},{\"@type\":\"WebPage\",\"@id\":\"https:\/\/franciscanos.org.br\/noticias\/celebracao-marca-os-65-anos-da-ordenacao-sacerdotal-de-bento-xvi.html#webpage\",\"url\":\"https:\/\/franciscanos.org.br\/noticias\/celebracao-marca-os-65-anos-da-ordenacao-sacerdotal-de-bento-xvi.html\",\"name\":\"Bento XVI celebra 65 anos de ordena\u00e7\u00e3o sacerdotal - Not\u00edcias - Franciscanos\",\"isPartOf\":{\"@id\":\"https:\/\/franciscanos.org.br\/noticias\/#website\"},\"primaryImageOfPage\":{\"@id\":\"https:\/\/franciscanos.org.br\/noticias\/celebracao-marca-os-65-anos-da-ordenacao-sacerdotal-de-bento-xvi.html#primaryimage\"},\"datePublished\":\"2016-06-28T12:49:08+00:00\",\"dateModified\":\"2022-12-31T15:41:41+00:00\",\"author\":{\"@id\":\"https:\/\/franciscanos.org.br\/noticias\/#\/schema\/person\/b38fbf43118f02820bd932f2e4b14ad3\"},\"breadcrumb\":{\"@id\":\"https:\/\/franciscanos.org.br\/noticias\/celebracao-marca-os-65-anos-da-ordenacao-sacerdotal-de-bento-xvi.html#breadcrumb\"},\"inLanguage\":\"pt-BR\",\"potentialAction\":[{\"@type\":\"ReadAction\",\"target\":[\"https:\/\/franciscanos.org.br\/noticias\/celebracao-marca-os-65-anos-da-ordenacao-sacerdotal-de-bento-xvi.html\"]}]},{\"@type\":\"BreadcrumbList\",\"@id\":\"https:\/\/franciscanos.org.br\/noticias\/celebracao-marca-os-65-anos-da-ordenacao-sacerdotal-de-bento-xvi.html#breadcrumb\",\"itemListElement\":[{\"@type\":\"ListItem\",\"position\":1,\"name\":\"Home\",\"item\":\"https:\/\/franciscanos.org.br\/noticias\"},{\"@type\":\"ListItem\",\"position\":2,\"name\":\"Bento XVI celebra 65 anos de ordena\u00e7\u00e3o sacerdotal\"}]},{\"@type\":\"Person\",\"@id\":\"https:\/\/franciscanos.org.br\/noticias\/#\/schema\/person\/b38fbf43118f02820bd932f2e4b14ad3\",\"name\":\"admin\",\"image\":{\"@type\":\"ImageObject\",\"inLanguage\":\"pt-BR\",\"@id\":\"https:\/\/franciscanos.org.br\/noticias\/#\/schema\/person\/image\/\",\"url\":\"https:\/\/secure.gravatar.com\/avatar\/e8495742d34d0ba6448ea1c628263b3e?s=96&d=mm&r=g\",\"contentUrl\":\"https:\/\/secure.gravatar.com\/avatar\/e8495742d34d0ba6448ea1c628263b3e?s=96&d=mm&r=g\",\"caption\":\"admin\"},\"url\":\"https:\/\/franciscanos.org.br\/noticias\/author\/admin\"}]}<\/script>\n<!-- \/ Yoast SEO plugin. -->","yoast_head_json":{"title":"Bento XVI celebra 65 anos de ordena\u00e7\u00e3o sacerdotal - Not\u00edcias - Franciscanos","robots":{"index":"index","follow":"follow","max-snippet":"max-snippet:-1","max-image-preview":"max-image-preview:large","max-video-preview":"max-video-preview:-1"},"canonical":"https:\/\/franciscanos.org.br\/noticias\/celebracao-marca-os-65-anos-da-ordenacao-sacerdotal-de-bento-xvi.html","og_locale":"pt_BR","og_type":"article","og_title":"Bento XVI celebra 65 anos de ordena\u00e7\u00e3o sacerdotal - Not\u00edcias - Franciscanos","og_description":"Celebra\u00e7\u00e3o no Vaticano","og_url":"https:\/\/franciscanos.org.br\/noticias\/celebracao-marca-os-65-anos-da-ordenacao-sacerdotal-de-bento-xvi.html","og_site_name":"Not\u00edcias - Franciscanos","article_published_time":"2016-06-28T12:49:08+00:00","article_modified_time":"2022-12-31T15:41:41+00:00","og_image":[{"width":273,"height":181,"url":"https:\/\/franciscanos.org.br\/noticias\/wp-content\/uploads\/2016\/06\/destaque_bento_830.jpg","type":"image\/jpeg"}],"author":"admin","twitter_card":"summary_large_image","twitter_misc":{"Escrito por":"admin","Est. tempo de leitura":"4 minutos"},"schema":{"@context":"https:\/\/schema.org","@graph":[{"@type":"WebSite","@id":"https:\/\/franciscanos.org.br\/noticias\/#website","url":"https:\/\/franciscanos.org.br\/noticias\/","name":"Not\u00edcias - Franciscanos","description":"Prov\u00edncia Franciscana da Imaculada Concei\u00e7\u00e3o do Brasil - Ordem dos Frades Menores - OFM","potentialAction":[{"@type":"SearchAction","target":{"@type":"EntryPoint","urlTemplate":"https:\/\/franciscanos.org.br\/noticias\/?s={search_term_string}"},"query-input":"required name=search_term_string"}],"inLanguage":"pt-BR"},{"@type":"ImageObject","inLanguage":"pt-BR","@id":"https:\/\/franciscanos.org.br\/noticias\/celebracao-marca-os-65-anos-da-ordenacao-sacerdotal-de-bento-xvi.html#primaryimage","url":"https:\/\/franciscanos.org.br\/noticias\/wp-content\/uploads\/2016\/06\/destaque_bento_830.jpg","contentUrl":"https:\/\/franciscanos.org.br\/noticias\/wp-content\/uploads\/2016\/06\/destaque_bento_830.jpg","width":273,"height":181},{"@type":"WebPage","@id":"https:\/\/franciscanos.org.br\/noticias\/celebracao-marca-os-65-anos-da-ordenacao-sacerdotal-de-bento-xvi.html#webpage","url":"https:\/\/franciscanos.org.br\/noticias\/celebracao-marca-os-65-anos-da-ordenacao-sacerdotal-de-bento-xvi.html","name":"Bento XVI celebra 65 anos de ordena\u00e7\u00e3o sacerdotal - Not\u00edcias - Franciscanos","isPartOf":{"@id":"https:\/\/franciscanos.org.br\/noticias\/#website"},"primaryImageOfPage":{"@id":"https:\/\/franciscanos.org.br\/noticias\/celebracao-marca-os-65-anos-da-ordenacao-sacerdotal-de-bento-xvi.html#primaryimage"},"datePublished":"2016-06-28T12:49:08+00:00","dateModified":"2022-12-31T15:41:41+00:00","author":{"@id":"https:\/\/franciscanos.org.br\/noticias\/#\/schema\/person\/b38fbf43118f02820bd932f2e4b14ad3"},"breadcrumb":{"@id":"https:\/\/franciscanos.org.br\/noticias\/celebracao-marca-os-65-anos-da-ordenacao-sacerdotal-de-bento-xvi.html#breadcrumb"},"inLanguage":"pt-BR","potentialAction":[{"@type":"ReadAction","target":["https:\/\/franciscanos.org.br\/noticias\/celebracao-marca-os-65-anos-da-ordenacao-sacerdotal-de-bento-xvi.html"]}]},{"@type":"BreadcrumbList","@id":"https:\/\/franciscanos.org.br\/noticias\/celebracao-marca-os-65-anos-da-ordenacao-sacerdotal-de-bento-xvi.html#breadcrumb","itemListElement":[{"@type":"ListItem","position":1,"name":"Home","item":"https:\/\/franciscanos.org.br\/noticias"},{"@type":"ListItem","position":2,"name":"Bento XVI celebra 65 anos de ordena\u00e7\u00e3o sacerdotal"}]},{"@type":"Person","@id":"https:\/\/franciscanos.org.br\/noticias\/#\/schema\/person\/b38fbf43118f02820bd932f2e4b14ad3","name":"admin","image":{"@type":"ImageObject","inLanguage":"pt-BR","@id":"https:\/\/franciscanos.org.br\/noticias\/#\/schema\/person\/image\/","url":"https:\/\/secure.gravatar.com\/avatar\/e8495742d34d0ba6448ea1c628263b3e?s=96&d=mm&r=g","contentUrl":"https:\/\/secure.gravatar.com\/avatar\/e8495742d34d0ba6448ea1c628263b3e?s=96&d=mm&r=g","caption":"admin"},"url":"https:\/\/franciscanos.org.br\/noticias\/author\/admin"}]}},"_links":{"self":[{"href":"https:\/\/franciscanos.org.br\/noticias\/wp-json\/wp\/v2\/posts\/111727"}],"collection":[{"href":"https:\/\/franciscanos.org.br\/noticias\/wp-json\/wp\/v2\/posts"}],"about":[{"href":"https:\/\/franciscanos.org.br\/noticias\/wp-json\/wp\/v2\/types\/post"}],"author":[{"embeddable":true,"href":"https:\/\/franciscanos.org.br\/noticias\/wp-json\/wp\/v2\/users\/1"}],"replies":[{"embeddable":true,"href":"https:\/\/franciscanos.org.br\/noticias\/wp-json\/wp\/v2\/comments?post=111727"}],"version-history":[{"count":3,"href":"https:\/\/franciscanos.org.br\/noticias\/wp-json\/wp\/v2\/posts\/111727\/revisions"}],"predecessor-version":[{"id":225671,"href":"https:\/\/franciscanos.org.br\/noticias\/wp-json\/wp\/v2\/posts\/111727\/revisions\/225671"}],"wp:featuredmedia":[{"embeddable":true,"href":"https:\/\/franciscanos.org.br\/noticias\/wp-json\/wp\/v2\/media\/222540"}],"wp:attachment":[{"href":"https:\/\/franciscanos.org.br\/noticias\/wp-json\/wp\/v2\/media?parent=111727"}],"wp:term":[{"taxonomy":"category","embeddable":true,"href":"https:\/\/franciscanos.org.br\/noticias\/wp-json\/wp\/v2\/categories?post=111727"},{"taxonomy":"post_tag","embeddable":true,"href":"https:\/\/franciscanos.org.br\/noticias\/wp-json\/wp\/v2\/tags?post=111727"}],"curies":[{"name":"wp","href":"https:\/\/api.w.org\/{rel}","templated":true}]}}