{"id":111613,"date":"2016-06-23T14:13:51","date_gmt":"2016-06-23T17:13:51","guid":{"rendered":"http:\/\/franciscanos.org.br\/?p=111613"},"modified":"2020-03-24T13:28:01","modified_gmt":"2020-03-24T16:28:01","slug":"encontro-reune-igreja-catolica-e-povos-indigenas-de-tres-paises","status":"publish","type":"post","link":"https:\/\/franciscanos.org.br\/noticias\/encontro-reune-igreja-catolica-e-povos-indigenas-de-tres-paises.html","title":{"rendered":"Encontro re\u00fane Igreja Cat\u00f3lica e povos ind\u00edgenas de tr\u00eas pa\u00edses"},"content":{"rendered":"<p><img loading=\"lazy\" src=\"http:\/\/franciscanos.org.br\/wp-content\/uploads\/2016\/06\/indigenas.jpg\" alt=\"indigenas\" width=\"820\" height=\"326\" \/><\/p>\n<p>De 7 a 10 de junho tivemos a oportunidade de participar de um Encontro de Di\u00e1logo entre a Igreja Cat\u00f3lica e Povos Ind\u00edgenas da regi\u00e3o da tr\u00edplice fronteira (Brasil, Col\u00f4mbia e Peru). O encontro foi promovido pela REPAM (Rede Eclesial Panamaz\u00f4nica) e pelo CIMI.<\/p>\n<p>Quero apenas comentar que ficou bem vis\u00edvel a fragilidade do Peru, onde os ind\u00edgenas est\u00e3o menos organizados, t\u00eam menos consci\u00eancia de perten\u00e7a, est\u00e3o mais vulner\u00e1veis em suas culturas, est\u00e3o mais esquecidos pelo governo, mais abandonados pela Igreja e mais carentes de mission\u00e1rios. Percebi que estamos no lugar que mais precisa, que \u00e9 lugar certo pra miss\u00e3o.<\/p>\n<p><em><strong>Fraternalmente,<\/strong><\/em><br \/>\n<em><strong>Frei Atilio Battistuz<\/strong><\/em><\/p>\n<h3>\u00cdNTEGRA CARTA COMPROMISSO<\/h3>\n<p><strong>ENCONTRO DOS POVOS IND\u00cdGENAS \u2013 FRONTEIRA BRASIL, COLOMBIA E PER\u00da<\/strong><\/p>\n<p><strong>Rede Eclesial Panamazonica (REPAM)<\/strong><\/p>\n<p>Reuniram-se em Tabatinga\/AM\/Brasil, nos dias 7 a 10 de junho de 2016, num encontro de di\u00e1logo para definir uma agenda comum em defesa da Amaz\u00f4nia e de seus povos, 91 pessoas, entre lideran\u00e7as ind\u00edgenas e lideran\u00e7as religiosas da tr\u00edplice fronteira Col\u00f4mbia, Peru e Brasil. Contamos com a presen\u00e7a de participantes dos povos Kambeba, Kaixana, Kokama, Ticuna, Matis, Mayoruna, Kulina, Miranha, Kanamari, Marubo, Yagua, Uitoto, Bora e Quichua e dos delegados do Vicariato de San Jos\u00e9\/Peru, do Vicariato de Let\u00edcia\/Col\u00f4mbia, da Diocese do Alto Solim\u00f5es, Amazonas\/Brasil, do Cimi, Equipe Itinerante, projeto mission\u00e1rio da CRB, das Congrega\u00e7\u00f5es religiosas (Maristas, Franciscanas, Ursulinas, Lauritas, Capuchinhos, OFM, C\u00f4negas e Jesu\u00edtas), das Caritas (Brasil, regional Norte I, Col\u00f4mbia, Equador e Espanha) e da Rede Eclesial Pan Amaz\u00f4nica, REPAM (eixo povos ind\u00edgenas, eixo de Igrejas fronteiri\u00e7as, eixo forma\u00e7\u00e3o e m\u00e9todos pastorais, eixo de comunica\u00e7\u00f5es, eixo de Redes Internacionais, REPAM nacionais do Col\u00f4mbia, Brasil e do Equador, e do comit\u00ea executivo e seu secretariado). Foi positiva a presen\u00e7a pr\u00f3xima e ativa dos Bispos de Leticia e Alto Solim\u00f5es durante o encontro. Estiveram tamb\u00e9m presentes lideran\u00e7as ind\u00edgenas do Rio Negro\/Brasil dos povos Baniwa e Arapa\u00e7o representando o Foreeia e a Umiab e professores da Universidade Federal do Amazonas e Universidade Estadual do Amazonas.<\/p>\n<p>Durante o encontro organizado na forma de mesas de di\u00e1logo entre os lideres ind\u00edgenas e lideres da igreja cat\u00f3lica em torno dos temas territ\u00f3rio (tema central), cultura, educa\u00e7\u00e3o escolar ind\u00edgena, desafios da fronteira e alian\u00e7as e para partilhar as diversas espiritualidades e viv\u00eancias religiosas presentes, foi feita uma an\u00e1lise conjunta da realidade da regi\u00e3o fronteiri\u00e7a e da Pan Amaz\u00f4nia destacando os principais desafios socioambientais, orienta\u00e7\u00f5es para a rela\u00e7\u00e3o da Igreja com os povos ind\u00edgenas e estrat\u00e9gias de a\u00e7\u00e3o conjunta para responder a estes desafios.<\/p>\n<p><strong>Principais Desafios<\/strong><\/p>\n<p>&#8211; Defesa do territ\u00f3rio diante das leis que amea\u00e7am os direitos dos povos, dos megaprojetos de infraestrutura e explora\u00e7\u00e3o econ\u00f4mica como as hidrel\u00e9tricas, hidrovias, estradas, minera\u00e7\u00e3o, explora\u00e7\u00e3o de g\u00e1s, petr\u00f3leo e madeira e o desmatamento para os monocultivos agr\u00edcolas e a cria\u00e7\u00e3o de gado, bem como frente \u00e0s invas\u00f5es e os problemas sociais provocados atividades ilegais como o tr\u00e1fico humano e o narcotr\u00e1fico.<\/p>\n<p>&#8211; O desafio do fortalecimento cultural considerando a reprodu\u00e7\u00e3o de formas de domina\u00e7\u00e3o, a migra\u00e7\u00e3o dos jovens, as pr\u00e1ticas produtivas inadequadas, as dificuldades econ\u00f4micas, a perda da l\u00edngua de cada povo, e outras express\u00f5es culturais, as mudan\u00e7as nos h\u00e1bitos cotidianos, uso inadequado das tecnologias, alcoolismo, a discrimina\u00e7\u00e3o, a presen\u00e7a negativa de algumas express\u00f5es de igrejas\/seitas, impactos negativos pelos modelos de aten\u00e7\u00e3o em sa\u00fade e educa\u00e7\u00e3o, que n\u00e3o respeitam a identidade cultural.<\/p>\n<p>&#8211; O Desafio de fortalecer os planos de vida alternativos aos grandes interesses econ\u00f4micos e pol\u00edticos e a autonomia dos povos ind\u00edgenas, mediante processos de forma\u00e7\u00e3o social e pol\u00edtica.<\/p>\n<p><strong>Orienta\u00e7\u00f5es para a rela\u00e7\u00e3o da Igreja\/REPAM com os povos ind\u00edgenas. <\/strong><\/p>\n<p>Uma Igreja que tem uma presen\u00e7a pr\u00f3xima, que conhece a realidade, que compreende os povos ind\u00edgenas, que caminha junto com as comunidades, que contribui com a preserva\u00e7\u00e3o e a valoriza\u00e7\u00e3o da cultura, que apoia a forma\u00e7\u00e3o social e pol\u00edtica, seja espa\u00e7o de intera\u00e7\u00e3o e participa\u00e7\u00e3o, companheira, aliada e solid\u00e1ria, cultural e espiritualmente enraizada e n\u00e3o fincada e de costas para o povo, transgressora da ordem opressora, com coragem e compromisso, uma Igreja do nosso jeito e com nosso rosto.<\/p>\n<p><strong>ESTRAT\u00c9GIAS DE A\u00c7\u00c3O CONJUNTA<\/strong><\/p>\n<p><strong>Propostas Gerais<\/strong><\/p>\n<ul>\n<li>Criar uma Comiss\u00e3o conjunta de povos ind\u00edgenas e Igreja na tr\u00edplice fronteira Col\u00f4mbia\/Peru\/Brasil para articular e responder aos principais desafios do territ\u00f3rio;<\/li>\n<li>Garantir a presen\u00e7a de jovens nas comiss\u00f5es;<\/li>\n<li>Enviar os materiais e s\u00ednteses deste encontro a todos os participantes;<\/li>\n<li>Confirmar a estrutura da comiss\u00e3o animadora.<strong>\u00a0<\/strong><\/li>\n<\/ul>\n<p><strong>Territ\u00f3rio<\/strong><\/p>\n<ul>\n<li>Fortalecer ou criar processos de forma\u00e7\u00e3o referentes a pol\u00edticas p\u00fablicas, conhecimento das legisla\u00e7\u00f5es respectivas que afetam em n\u00edvel local, nacional, regional e internacional; prote\u00e7\u00e3o dos direitos dos povos ind\u00edgenas (principalmente direito a consulta Conven\u00e7\u00e3o 169 da OIT), e defesa do territ\u00f3rio frente a megaprojetos e outras invas\u00f5es. Conhecer, acompanhar e exigir as recomenda\u00e7\u00f5es que as organiza\u00e7\u00f5es internacionais fizeram aos nossos pa\u00edses em rela\u00e7\u00e3o ao territ\u00f3rio e os povos ind\u00edgenas.<\/li>\n<li>Elaborar uma recopila\u00e7\u00e3o das legisla\u00e7\u00f5es nacionais e internacionais para a garantia dos direitos dos povos ind\u00edgenas;<\/li>\n<li>Favorecer e acompanhar as estrat\u00e9gias de mobiliza\u00e7\u00e3o para a defesa dos direitos ind\u00edgenas na perspectiva da tr\u00edplice fronteira;<\/li>\n<li>Promover um encontro para dialogar sobre a prote\u00e7\u00e3o dos povos ind\u00edgenas isolados;<\/li>\n<li>Realizar um encontro de povos divididos pelas fronteiras (Ticuna, Kokama, Mats\u00e9s e Yagua)<\/li>\n<li>Criar uma rede regional de comunicadores, aproveitando as par\u00f3quias, dioceses, catequistas e organiza\u00e7\u00f5es ind\u00edgenas;<\/li>\n<li>Multiplicar na base a experi\u00eancia de encontro de di\u00e1logo entre povos ind\u00edgenas e Igreja.<strong>\u00a0<\/strong><\/li>\n<\/ul>\n<p><strong>Cultural<\/strong><\/p>\n<ul>\n<li>Promover a\u00e7\u00f5es junto ao sistema de educa\u00e7\u00e3o escolar ind\u00edgena para que se caminhe para um sistema de educa\u00e7\u00e3o pr\u00f3prio, que incorpore os elementos da identidade cultural e se volte \u00e1 garantia dos direitos dos povos ind\u00edgenas. Fortalecer o que j\u00e1 est\u00e1 dando certo na tr\u00edplice fronteira. Exemplo: calend\u00e1rio escolar.<\/li>\n<li>Encontro de jovens ind\u00edgenas da tr\u00edplice fronteira para discutir os impactos culturais e as mudan\u00e7as culturais e de identidade que est\u00e3o afetando a vida das comunidades (migra\u00e7\u00e3o, tecnologia, m\u00fasica, pr\u00e1ticas produtivas, &#8230;)<\/li>\n<li>Desenvolver estrat\u00e9gias concretas para fortalecer os conhecimentos tradicionais na \u00e1rea de sa\u00fade (medicina tradicional).<\/li>\n<li>Promover um encontro que foque o tema das espiritualidades ind\u00edgenas.<strong>\u00a0<\/strong><\/li>\n<\/ul>\n<p><strong>Fortalecimento dos planos de vida pr\u00f3prios<\/strong><\/p>\n<ul>\n<li>Promover a autonomia econ\u00f4mica dos povos, a partir do fortalecimento das tradi\u00e7\u00f5es e as pr\u00e1ticas produtivas e conhecimentos pr\u00f3prios das comunidades.<\/li>\n<\/ul>\n<ul>\n<li>Incentivar, ampliar, e visibilizar a proposta de trabalho da FUCAI, atrav\u00e9s das Aulas Vivas (alimenta\u00e7\u00e3o, projetos de vida, sa\u00fade, alimenta\u00e7\u00e3o, espiritualidade, &#8230;).<\/li>\n<\/ul>\n<p><em>Tabatinga, 10 de junho de 2016.<\/em><\/p>\n","protected":false},"excerpt":{"rendered":"<p>Amaz\u00f4nia Franciscana<\/p>\n","protected":false},"author":1,"featured_media":222547,"comment_status":"open","ping_status":"open","sticky":false,"template":"","format":"standard","meta":[],"categories":[1],"tags":[],"acf":[],"yoast_head":"<!-- This site is optimized with the Yoast SEO plugin v19.2 - https:\/\/yoast.com\/wordpress\/plugins\/seo\/ -->\n<title>Encontro re\u00fane Igreja Cat\u00f3lica e povos ind\u00edgenas de tr\u00eas pa\u00edses - Not\u00edcias - Franciscanos<\/title>\n<meta name=\"robots\" content=\"index, follow, max-snippet:-1, max-image-preview:large, max-video-preview:-1\" \/>\n<link rel=\"canonical\" href=\"https:\/\/franciscanos.org.br\/noticias\/encontro-reune-igreja-catolica-e-povos-indigenas-de-tres-paises.html\" \/>\n<meta property=\"og:locale\" content=\"pt_BR\" \/>\n<meta property=\"og:type\" content=\"article\" \/>\n<meta property=\"og:title\" content=\"Encontro re\u00fane Igreja Cat\u00f3lica e povos ind\u00edgenas de tr\u00eas pa\u00edses - Not\u00edcias - Franciscanos\" \/>\n<meta property=\"og:description\" content=\"Amaz\u00f4nia Franciscana\" \/>\n<meta property=\"og:url\" content=\"https:\/\/franciscanos.org.br\/noticias\/encontro-reune-igreja-catolica-e-povos-indigenas-de-tres-paises.html\" \/>\n<meta property=\"og:site_name\" content=\"Not\u00edcias - Franciscanos\" \/>\n<meta property=\"article:published_time\" content=\"2016-06-23T17:13:51+00:00\" \/>\n<meta property=\"article:modified_time\" content=\"2020-03-24T16:28:01+00:00\" \/>\n<meta property=\"og:image\" content=\"https:\/\/franciscanos.org.br\/noticias\/wp-content\/uploads\/2016\/06\/indigenas.jpg\" \/>\n\t<meta property=\"og:image:width\" content=\"273\" \/>\n\t<meta property=\"og:image:height\" content=\"181\" \/>\n\t<meta property=\"og:image:type\" content=\"image\/jpeg\" \/>\n<meta name=\"author\" content=\"admin\" \/>\n<meta name=\"twitter:card\" content=\"summary_large_image\" \/>\n<meta name=\"twitter:label1\" content=\"Escrito por\" \/>\n\t<meta name=\"twitter:data1\" content=\"admin\" \/>\n\t<meta name=\"twitter:label2\" content=\"Est. tempo de leitura\" \/>\n\t<meta name=\"twitter:data2\" content=\"6 minutos\" \/>\n<script type=\"application\/ld+json\" class=\"yoast-schema-graph\">{\"@context\":\"https:\/\/schema.org\",\"@graph\":[{\"@type\":\"WebSite\",\"@id\":\"https:\/\/franciscanos.org.br\/noticias\/#website\",\"url\":\"https:\/\/franciscanos.org.br\/noticias\/\",\"name\":\"Not\u00edcias - Franciscanos\",\"description\":\"Prov\u00edncia Franciscana da Imaculada Concei\u00e7\u00e3o do Brasil - Ordem dos Frades Menores - OFM\",\"potentialAction\":[{\"@type\":\"SearchAction\",\"target\":{\"@type\":\"EntryPoint\",\"urlTemplate\":\"https:\/\/franciscanos.org.br\/noticias\/?s={search_term_string}\"},\"query-input\":\"required name=search_term_string\"}],\"inLanguage\":\"pt-BR\"},{\"@type\":\"ImageObject\",\"inLanguage\":\"pt-BR\",\"@id\":\"https:\/\/franciscanos.org.br\/noticias\/encontro-reune-igreja-catolica-e-povos-indigenas-de-tres-paises.html#primaryimage\",\"url\":\"https:\/\/franciscanos.org.br\/noticias\/wp-content\/uploads\/2016\/06\/indigenas.jpg\",\"contentUrl\":\"https:\/\/franciscanos.org.br\/noticias\/wp-content\/uploads\/2016\/06\/indigenas.jpg\",\"width\":273,\"height\":181},{\"@type\":\"WebPage\",\"@id\":\"https:\/\/franciscanos.org.br\/noticias\/encontro-reune-igreja-catolica-e-povos-indigenas-de-tres-paises.html#webpage\",\"url\":\"https:\/\/franciscanos.org.br\/noticias\/encontro-reune-igreja-catolica-e-povos-indigenas-de-tres-paises.html\",\"name\":\"Encontro re\u00fane Igreja Cat\u00f3lica e povos ind\u00edgenas de tr\u00eas pa\u00edses - Not\u00edcias - Franciscanos\",\"isPartOf\":{\"@id\":\"https:\/\/franciscanos.org.br\/noticias\/#website\"},\"primaryImageOfPage\":{\"@id\":\"https:\/\/franciscanos.org.br\/noticias\/encontro-reune-igreja-catolica-e-povos-indigenas-de-tres-paises.html#primaryimage\"},\"datePublished\":\"2016-06-23T17:13:51+00:00\",\"dateModified\":\"2020-03-24T16:28:01+00:00\",\"author\":{\"@id\":\"https:\/\/franciscanos.org.br\/noticias\/#\/schema\/person\/b38fbf43118f02820bd932f2e4b14ad3\"},\"breadcrumb\":{\"@id\":\"https:\/\/franciscanos.org.br\/noticias\/encontro-reune-igreja-catolica-e-povos-indigenas-de-tres-paises.html#breadcrumb\"},\"inLanguage\":\"pt-BR\",\"potentialAction\":[{\"@type\":\"ReadAction\",\"target\":[\"https:\/\/franciscanos.org.br\/noticias\/encontro-reune-igreja-catolica-e-povos-indigenas-de-tres-paises.html\"]}]},{\"@type\":\"BreadcrumbList\",\"@id\":\"https:\/\/franciscanos.org.br\/noticias\/encontro-reune-igreja-catolica-e-povos-indigenas-de-tres-paises.html#breadcrumb\",\"itemListElement\":[{\"@type\":\"ListItem\",\"position\":1,\"name\":\"Home\",\"item\":\"https:\/\/franciscanos.org.br\/noticias\"},{\"@type\":\"ListItem\",\"position\":2,\"name\":\"Encontro re\u00fane Igreja Cat\u00f3lica e povos ind\u00edgenas de tr\u00eas pa\u00edses\"}]},{\"@type\":\"Person\",\"@id\":\"https:\/\/franciscanos.org.br\/noticias\/#\/schema\/person\/b38fbf43118f02820bd932f2e4b14ad3\",\"name\":\"admin\",\"image\":{\"@type\":\"ImageObject\",\"inLanguage\":\"pt-BR\",\"@id\":\"https:\/\/franciscanos.org.br\/noticias\/#\/schema\/person\/image\/\",\"url\":\"https:\/\/secure.gravatar.com\/avatar\/e8495742d34d0ba6448ea1c628263b3e?s=96&d=mm&r=g\",\"contentUrl\":\"https:\/\/secure.gravatar.com\/avatar\/e8495742d34d0ba6448ea1c628263b3e?s=96&d=mm&r=g\",\"caption\":\"admin\"},\"url\":\"https:\/\/franciscanos.org.br\/noticias\/author\/admin\"}]}<\/script>\n<!-- \/ Yoast SEO plugin. -->","yoast_head_json":{"title":"Encontro re\u00fane Igreja Cat\u00f3lica e povos ind\u00edgenas de tr\u00eas pa\u00edses - Not\u00edcias - Franciscanos","robots":{"index":"index","follow":"follow","max-snippet":"max-snippet:-1","max-image-preview":"max-image-preview:large","max-video-preview":"max-video-preview:-1"},"canonical":"https:\/\/franciscanos.org.br\/noticias\/encontro-reune-igreja-catolica-e-povos-indigenas-de-tres-paises.html","og_locale":"pt_BR","og_type":"article","og_title":"Encontro re\u00fane Igreja Cat\u00f3lica e povos ind\u00edgenas de tr\u00eas pa\u00edses - Not\u00edcias - Franciscanos","og_description":"Amaz\u00f4nia Franciscana","og_url":"https:\/\/franciscanos.org.br\/noticias\/encontro-reune-igreja-catolica-e-povos-indigenas-de-tres-paises.html","og_site_name":"Not\u00edcias - Franciscanos","article_published_time":"2016-06-23T17:13:51+00:00","article_modified_time":"2020-03-24T16:28:01+00:00","og_image":[{"width":273,"height":181,"url":"https:\/\/franciscanos.org.br\/noticias\/wp-content\/uploads\/2016\/06\/indigenas.jpg","type":"image\/jpeg"}],"author":"admin","twitter_card":"summary_large_image","twitter_misc":{"Escrito por":"admin","Est. tempo de leitura":"6 minutos"},"schema":{"@context":"https:\/\/schema.org","@graph":[{"@type":"WebSite","@id":"https:\/\/franciscanos.org.br\/noticias\/#website","url":"https:\/\/franciscanos.org.br\/noticias\/","name":"Not\u00edcias - Franciscanos","description":"Prov\u00edncia Franciscana da Imaculada Concei\u00e7\u00e3o do Brasil - Ordem dos Frades Menores - OFM","potentialAction":[{"@type":"SearchAction","target":{"@type":"EntryPoint","urlTemplate":"https:\/\/franciscanos.org.br\/noticias\/?s={search_term_string}"},"query-input":"required name=search_term_string"}],"inLanguage":"pt-BR"},{"@type":"ImageObject","inLanguage":"pt-BR","@id":"https:\/\/franciscanos.org.br\/noticias\/encontro-reune-igreja-catolica-e-povos-indigenas-de-tres-paises.html#primaryimage","url":"https:\/\/franciscanos.org.br\/noticias\/wp-content\/uploads\/2016\/06\/indigenas.jpg","contentUrl":"https:\/\/franciscanos.org.br\/noticias\/wp-content\/uploads\/2016\/06\/indigenas.jpg","width":273,"height":181},{"@type":"WebPage","@id":"https:\/\/franciscanos.org.br\/noticias\/encontro-reune-igreja-catolica-e-povos-indigenas-de-tres-paises.html#webpage","url":"https:\/\/franciscanos.org.br\/noticias\/encontro-reune-igreja-catolica-e-povos-indigenas-de-tres-paises.html","name":"Encontro re\u00fane Igreja Cat\u00f3lica e povos ind\u00edgenas de tr\u00eas pa\u00edses - Not\u00edcias - Franciscanos","isPartOf":{"@id":"https:\/\/franciscanos.org.br\/noticias\/#website"},"primaryImageOfPage":{"@id":"https:\/\/franciscanos.org.br\/noticias\/encontro-reune-igreja-catolica-e-povos-indigenas-de-tres-paises.html#primaryimage"},"datePublished":"2016-06-23T17:13:51+00:00","dateModified":"2020-03-24T16:28:01+00:00","author":{"@id":"https:\/\/franciscanos.org.br\/noticias\/#\/schema\/person\/b38fbf43118f02820bd932f2e4b14ad3"},"breadcrumb":{"@id":"https:\/\/franciscanos.org.br\/noticias\/encontro-reune-igreja-catolica-e-povos-indigenas-de-tres-paises.html#breadcrumb"},"inLanguage":"pt-BR","potentialAction":[{"@type":"ReadAction","target":["https:\/\/franciscanos.org.br\/noticias\/encontro-reune-igreja-catolica-e-povos-indigenas-de-tres-paises.html"]}]},{"@type":"BreadcrumbList","@id":"https:\/\/franciscanos.org.br\/noticias\/encontro-reune-igreja-catolica-e-povos-indigenas-de-tres-paises.html#breadcrumb","itemListElement":[{"@type":"ListItem","position":1,"name":"Home","item":"https:\/\/franciscanos.org.br\/noticias"},{"@type":"ListItem","position":2,"name":"Encontro re\u00fane Igreja Cat\u00f3lica e povos ind\u00edgenas de tr\u00eas pa\u00edses"}]},{"@type":"Person","@id":"https:\/\/franciscanos.org.br\/noticias\/#\/schema\/person\/b38fbf43118f02820bd932f2e4b14ad3","name":"admin","image":{"@type":"ImageObject","inLanguage":"pt-BR","@id":"https:\/\/franciscanos.org.br\/noticias\/#\/schema\/person\/image\/","url":"https:\/\/secure.gravatar.com\/avatar\/e8495742d34d0ba6448ea1c628263b3e?s=96&d=mm&r=g","contentUrl":"https:\/\/secure.gravatar.com\/avatar\/e8495742d34d0ba6448ea1c628263b3e?s=96&d=mm&r=g","caption":"admin"},"url":"https:\/\/franciscanos.org.br\/noticias\/author\/admin"}]}},"_links":{"self":[{"href":"https:\/\/franciscanos.org.br\/noticias\/wp-json\/wp\/v2\/posts\/111613"}],"collection":[{"href":"https:\/\/franciscanos.org.br\/noticias\/wp-json\/wp\/v2\/posts"}],"about":[{"href":"https:\/\/franciscanos.org.br\/noticias\/wp-json\/wp\/v2\/types\/post"}],"author":[{"embeddable":true,"href":"https:\/\/franciscanos.org.br\/noticias\/wp-json\/wp\/v2\/users\/1"}],"replies":[{"embeddable":true,"href":"https:\/\/franciscanos.org.br\/noticias\/wp-json\/wp\/v2\/comments?post=111613"}],"version-history":[{"count":1,"href":"https:\/\/franciscanos.org.br\/noticias\/wp-json\/wp\/v2\/posts\/111613\/revisions"}],"predecessor-version":[{"id":222548,"href":"https:\/\/franciscanos.org.br\/noticias\/wp-json\/wp\/v2\/posts\/111613\/revisions\/222548"}],"wp:featuredmedia":[{"embeddable":true,"href":"https:\/\/franciscanos.org.br\/noticias\/wp-json\/wp\/v2\/media\/222547"}],"wp:attachment":[{"href":"https:\/\/franciscanos.org.br\/noticias\/wp-json\/wp\/v2\/media?parent=111613"}],"wp:term":[{"taxonomy":"category","embeddable":true,"href":"https:\/\/franciscanos.org.br\/noticias\/wp-json\/wp\/v2\/categories?post=111613"},{"taxonomy":"post_tag","embeddable":true,"href":"https:\/\/franciscanos.org.br\/noticias\/wp-json\/wp\/v2\/tags?post=111613"}],"curies":[{"name":"wp","href":"https:\/\/api.w.org\/{rel}","templated":true}]}}