{"id":111605,"date":"2016-06-23T09:34:00","date_gmt":"2016-06-23T12:34:00","guid":{"rendered":"http:\/\/franciscanos.org.br\/?p=111605"},"modified":"2021-07-05T20:20:08","modified_gmt":"2021-07-05T23:20:08","slug":"coral-participa-da-27a-bauernfest-em-petropolis","status":"publish","type":"post","link":"https:\/\/franciscanos.org.br\/noticias\/coral-participa-da-27a-bauernfest-em-petropolis.html","title":{"rendered":"Coral participa da 27\u00aa Bauernfest em Petr\u00f3polis"},"content":{"rendered":"<p><strong><img loading=\"lazy\" src=\"http:\/\/franciscanos.org.br\/wp-content\/uploads\/2016\/06\/canarinhos_8301.jpg\" alt=\"canarinhos_830\" width=\"830\" height=\"236\" \/><\/strong><\/p>\n<p><strong>Petr\u00f3polis (RJ) &#8211;<\/strong> A decora\u00e7\u00e3o preta, vermelha e amarela j\u00e1 come\u00e7ou a tomar conta da cidade. Nesta sexta-feira (24), tem in\u00edcio a maior festa do colono alem\u00e3o do Estado do Rio de Janeiro, atraindo pessoas dos quatro cantos do Brasil. Neste ano, a cerim\u00f4nia de abertura da 27\u00aa Bauernfest, realizada a partir das 19h, ter\u00e1 uma participa\u00e7\u00e3o especial do Coral dos Canarinhos, o coro de meninos mais antigo do pa\u00eds.<\/p>\n<p>A apresenta\u00e7\u00e3o acontecer\u00e1 no Pal\u00e1cio de Cristal. Durante a solenidade, que contar\u00e1 com a presen\u00e7a de autoridades, o grupo vocal ir\u00e1 cantar os hinos da Alemanha e de Petr\u00f3polis, al\u00e9m de entoar can\u00e7\u00f5es folcl\u00f3ricas germ\u00e2nicas. Os Canarinhos tamb\u00e9m participam do Culto Ecum\u00eanico, realizado no mesmo local no dia 29 pela manh\u00e3.<\/p>\n<p>A rela\u00e7\u00e3o entre o coral e a festa do colono \u00e9 grande. O coro compartilha com a Bauernfest as tradi\u00e7\u00f5es alem\u00e3s, j\u00e1 que foi fundado pelo alem\u00e3o Frei Leto, em 1942, inspirado em grandes grupos vocais do pa\u00eds europeu. Os Canarinhos chegaram a fazer turn\u00eas pela Alemanha e tamb\u00e9m lan\u00e7aram \u00e1lbuns voltados para o p\u00fablico germ\u00e2nico.<\/p>\n<p>\u201cEstamos muito felizes em participar desta grande festa mais uma vez. N\u00e3o s\u00f3 pela import\u00e2ncia que ela tem em nossa cidade, mas tamb\u00e9m por resgatar uma parte fundamental da origem do Coral dos Canarinhos. Esperamos que o p\u00fablico possa se divertir na abertura desta 27\u00aa edi\u00e7\u00e3o da Bauernfest\u201d, comentou o maestro e diretor art\u00edstico do Instituto dos Meninos Cantores de Petr\u00f3polis (IMCP), Marco Aur\u00e9lio Lischt.<\/p>\n","protected":false},"excerpt":{"rendered":"<p>Canarinhos<\/p>\n","protected":false},"author":1,"featured_media":222523,"comment_status":"open","ping_status":"open","sticky":false,"template":"","format":"standard","meta":[],"categories":[1],"tags":[1378],"acf":[],"yoast_head":"<!-- This site is optimized with the Yoast SEO plugin v19.2 - https:\/\/yoast.com\/wordpress\/plugins\/seo\/ -->\n<title>Coral participa da 27\u00aa Bauernfest em Petr\u00f3polis - Not\u00edcias - Franciscanos<\/title>\n<meta name=\"robots\" content=\"index, follow, max-snippet:-1, max-image-preview:large, max-video-preview:-1\" \/>\n<link rel=\"canonical\" href=\"https:\/\/franciscanos.org.br\/noticias\/coral-participa-da-27a-bauernfest-em-petropolis.html\" \/>\n<meta property=\"og:locale\" content=\"pt_BR\" \/>\n<meta property=\"og:type\" content=\"article\" \/>\n<meta property=\"og:title\" content=\"Coral participa da 27\u00aa Bauernfest em Petr\u00f3polis - Not\u00edcias - Franciscanos\" \/>\n<meta property=\"og:description\" content=\"Canarinhos\" \/>\n<meta property=\"og:url\" content=\"https:\/\/franciscanos.org.br\/noticias\/coral-participa-da-27a-bauernfest-em-petropolis.html\" \/>\n<meta property=\"og:site_name\" content=\"Not\u00edcias - Franciscanos\" \/>\n<meta property=\"article:published_time\" content=\"2016-06-23T12:34:00+00:00\" \/>\n<meta property=\"article:modified_time\" content=\"2021-07-05T23:20:08+00:00\" \/>\n<meta property=\"og:image\" content=\"https:\/\/franciscanos.org.br\/noticias\/wp-content\/uploads\/2016\/07\/25-canarinhos-820.jpg\" \/>\n\t<meta property=\"og:image:width\" content=\"273\" \/>\n\t<meta property=\"og:image:height\" content=\"181\" \/>\n\t<meta property=\"og:image:type\" content=\"image\/jpeg\" \/>\n<meta name=\"author\" content=\"admin\" \/>\n<meta name=\"twitter:card\" content=\"summary_large_image\" \/>\n<meta name=\"twitter:label1\" content=\"Escrito por\" \/>\n\t<meta name=\"twitter:data1\" content=\"admin\" \/>\n\t<meta name=\"twitter:label2\" content=\"Est. tempo de leitura\" \/>\n\t<meta name=\"twitter:data2\" content=\"1 minuto\" \/>\n<script type=\"application\/ld+json\" class=\"yoast-schema-graph\">{\"@context\":\"https:\/\/schema.org\",\"@graph\":[{\"@type\":\"WebSite\",\"@id\":\"https:\/\/franciscanos.org.br\/noticias\/#website\",\"url\":\"https:\/\/franciscanos.org.br\/noticias\/\",\"name\":\"Not\u00edcias - Franciscanos\",\"description\":\"Prov\u00edncia Franciscana da Imaculada Concei\u00e7\u00e3o do Brasil - Ordem dos Frades Menores - OFM\",\"potentialAction\":[{\"@type\":\"SearchAction\",\"target\":{\"@type\":\"EntryPoint\",\"urlTemplate\":\"https:\/\/franciscanos.org.br\/noticias\/?s={search_term_string}\"},\"query-input\":\"required name=search_term_string\"}],\"inLanguage\":\"pt-BR\"},{\"@type\":\"ImageObject\",\"inLanguage\":\"pt-BR\",\"@id\":\"https:\/\/franciscanos.org.br\/noticias\/coral-participa-da-27a-bauernfest-em-petropolis.html#primaryimage\",\"url\":\"https:\/\/franciscanos.org.br\/noticias\/wp-content\/uploads\/2016\/07\/25-canarinhos-820.jpg\",\"contentUrl\":\"https:\/\/franciscanos.org.br\/noticias\/wp-content\/uploads\/2016\/07\/25-canarinhos-820.jpg\",\"width\":273,\"height\":181},{\"@type\":\"WebPage\",\"@id\":\"https:\/\/franciscanos.org.br\/noticias\/coral-participa-da-27a-bauernfest-em-petropolis.html#webpage\",\"url\":\"https:\/\/franciscanos.org.br\/noticias\/coral-participa-da-27a-bauernfest-em-petropolis.html\",\"name\":\"Coral participa da 27\u00aa Bauernfest em Petr\u00f3polis - Not\u00edcias - Franciscanos\",\"isPartOf\":{\"@id\":\"https:\/\/franciscanos.org.br\/noticias\/#website\"},\"primaryImageOfPage\":{\"@id\":\"https:\/\/franciscanos.org.br\/noticias\/coral-participa-da-27a-bauernfest-em-petropolis.html#primaryimage\"},\"datePublished\":\"2016-06-23T12:34:00+00:00\",\"dateModified\":\"2021-07-05T23:20:08+00:00\",\"author\":{\"@id\":\"https:\/\/franciscanos.org.br\/noticias\/#\/schema\/person\/b38fbf43118f02820bd932f2e4b14ad3\"},\"breadcrumb\":{\"@id\":\"https:\/\/franciscanos.org.br\/noticias\/coral-participa-da-27a-bauernfest-em-petropolis.html#breadcrumb\"},\"inLanguage\":\"pt-BR\",\"potentialAction\":[{\"@type\":\"ReadAction\",\"target\":[\"https:\/\/franciscanos.org.br\/noticias\/coral-participa-da-27a-bauernfest-em-petropolis.html\"]}]},{\"@type\":\"BreadcrumbList\",\"@id\":\"https:\/\/franciscanos.org.br\/noticias\/coral-participa-da-27a-bauernfest-em-petropolis.html#breadcrumb\",\"itemListElement\":[{\"@type\":\"ListItem\",\"position\":1,\"name\":\"Home\",\"item\":\"https:\/\/franciscanos.org.br\/noticias\"},{\"@type\":\"ListItem\",\"position\":2,\"name\":\"Coral participa da 27\u00aa Bauernfest em Petr\u00f3polis\"}]},{\"@type\":\"Person\",\"@id\":\"https:\/\/franciscanos.org.br\/noticias\/#\/schema\/person\/b38fbf43118f02820bd932f2e4b14ad3\",\"name\":\"admin\",\"image\":{\"@type\":\"ImageObject\",\"inLanguage\":\"pt-BR\",\"@id\":\"https:\/\/franciscanos.org.br\/noticias\/#\/schema\/person\/image\/\",\"url\":\"https:\/\/secure.gravatar.com\/avatar\/e8495742d34d0ba6448ea1c628263b3e?s=96&d=mm&r=g\",\"contentUrl\":\"https:\/\/secure.gravatar.com\/avatar\/e8495742d34d0ba6448ea1c628263b3e?s=96&d=mm&r=g\",\"caption\":\"admin\"},\"url\":\"https:\/\/franciscanos.org.br\/noticias\/author\/admin\"}]}<\/script>\n<!-- \/ Yoast SEO plugin. -->","yoast_head_json":{"title":"Coral participa da 27\u00aa Bauernfest em Petr\u00f3polis - Not\u00edcias - Franciscanos","robots":{"index":"index","follow":"follow","max-snippet":"max-snippet:-1","max-image-preview":"max-image-preview:large","max-video-preview":"max-video-preview:-1"},"canonical":"https:\/\/franciscanos.org.br\/noticias\/coral-participa-da-27a-bauernfest-em-petropolis.html","og_locale":"pt_BR","og_type":"article","og_title":"Coral participa da 27\u00aa Bauernfest em Petr\u00f3polis - Not\u00edcias - Franciscanos","og_description":"Canarinhos","og_url":"https:\/\/franciscanos.org.br\/noticias\/coral-participa-da-27a-bauernfest-em-petropolis.html","og_site_name":"Not\u00edcias - Franciscanos","article_published_time":"2016-06-23T12:34:00+00:00","article_modified_time":"2021-07-05T23:20:08+00:00","og_image":[{"width":273,"height":181,"url":"https:\/\/franciscanos.org.br\/noticias\/wp-content\/uploads\/2016\/07\/25-canarinhos-820.jpg","type":"image\/jpeg"}],"author":"admin","twitter_card":"summary_large_image","twitter_misc":{"Escrito por":"admin","Est. tempo de leitura":"1 minuto"},"schema":{"@context":"https:\/\/schema.org","@graph":[{"@type":"WebSite","@id":"https:\/\/franciscanos.org.br\/noticias\/#website","url":"https:\/\/franciscanos.org.br\/noticias\/","name":"Not\u00edcias - Franciscanos","description":"Prov\u00edncia Franciscana da Imaculada Concei\u00e7\u00e3o do Brasil - Ordem dos Frades Menores - OFM","potentialAction":[{"@type":"SearchAction","target":{"@type":"EntryPoint","urlTemplate":"https:\/\/franciscanos.org.br\/noticias\/?s={search_term_string}"},"query-input":"required name=search_term_string"}],"inLanguage":"pt-BR"},{"@type":"ImageObject","inLanguage":"pt-BR","@id":"https:\/\/franciscanos.org.br\/noticias\/coral-participa-da-27a-bauernfest-em-petropolis.html#primaryimage","url":"https:\/\/franciscanos.org.br\/noticias\/wp-content\/uploads\/2016\/07\/25-canarinhos-820.jpg","contentUrl":"https:\/\/franciscanos.org.br\/noticias\/wp-content\/uploads\/2016\/07\/25-canarinhos-820.jpg","width":273,"height":181},{"@type":"WebPage","@id":"https:\/\/franciscanos.org.br\/noticias\/coral-participa-da-27a-bauernfest-em-petropolis.html#webpage","url":"https:\/\/franciscanos.org.br\/noticias\/coral-participa-da-27a-bauernfest-em-petropolis.html","name":"Coral participa da 27\u00aa Bauernfest em Petr\u00f3polis - Not\u00edcias - Franciscanos","isPartOf":{"@id":"https:\/\/franciscanos.org.br\/noticias\/#website"},"primaryImageOfPage":{"@id":"https:\/\/franciscanos.org.br\/noticias\/coral-participa-da-27a-bauernfest-em-petropolis.html#primaryimage"},"datePublished":"2016-06-23T12:34:00+00:00","dateModified":"2021-07-05T23:20:08+00:00","author":{"@id":"https:\/\/franciscanos.org.br\/noticias\/#\/schema\/person\/b38fbf43118f02820bd932f2e4b14ad3"},"breadcrumb":{"@id":"https:\/\/franciscanos.org.br\/noticias\/coral-participa-da-27a-bauernfest-em-petropolis.html#breadcrumb"},"inLanguage":"pt-BR","potentialAction":[{"@type":"ReadAction","target":["https:\/\/franciscanos.org.br\/noticias\/coral-participa-da-27a-bauernfest-em-petropolis.html"]}]},{"@type":"BreadcrumbList","@id":"https:\/\/franciscanos.org.br\/noticias\/coral-participa-da-27a-bauernfest-em-petropolis.html#breadcrumb","itemListElement":[{"@type":"ListItem","position":1,"name":"Home","item":"https:\/\/franciscanos.org.br\/noticias"},{"@type":"ListItem","position":2,"name":"Coral participa da 27\u00aa Bauernfest em Petr\u00f3polis"}]},{"@type":"Person","@id":"https:\/\/franciscanos.org.br\/noticias\/#\/schema\/person\/b38fbf43118f02820bd932f2e4b14ad3","name":"admin","image":{"@type":"ImageObject","inLanguage":"pt-BR","@id":"https:\/\/franciscanos.org.br\/noticias\/#\/schema\/person\/image\/","url":"https:\/\/secure.gravatar.com\/avatar\/e8495742d34d0ba6448ea1c628263b3e?s=96&d=mm&r=g","contentUrl":"https:\/\/secure.gravatar.com\/avatar\/e8495742d34d0ba6448ea1c628263b3e?s=96&d=mm&r=g","caption":"admin"},"url":"https:\/\/franciscanos.org.br\/noticias\/author\/admin"}]}},"_links":{"self":[{"href":"https:\/\/franciscanos.org.br\/noticias\/wp-json\/wp\/v2\/posts\/111605"}],"collection":[{"href":"https:\/\/franciscanos.org.br\/noticias\/wp-json\/wp\/v2\/posts"}],"about":[{"href":"https:\/\/franciscanos.org.br\/noticias\/wp-json\/wp\/v2\/types\/post"}],"author":[{"embeddable":true,"href":"https:\/\/franciscanos.org.br\/noticias\/wp-json\/wp\/v2\/users\/1"}],"replies":[{"embeddable":true,"href":"https:\/\/franciscanos.org.br\/noticias\/wp-json\/wp\/v2\/comments?post=111605"}],"version-history":[{"count":1,"href":"https:\/\/franciscanos.org.br\/noticias\/wp-json\/wp\/v2\/posts\/111605\/revisions"}],"predecessor-version":[{"id":222549,"href":"https:\/\/franciscanos.org.br\/noticias\/wp-json\/wp\/v2\/posts\/111605\/revisions\/222549"}],"wp:featuredmedia":[{"embeddable":true,"href":"https:\/\/franciscanos.org.br\/noticias\/wp-json\/wp\/v2\/media\/222523"}],"wp:attachment":[{"href":"https:\/\/franciscanos.org.br\/noticias\/wp-json\/wp\/v2\/media?parent=111605"}],"wp:term":[{"taxonomy":"category","embeddable":true,"href":"https:\/\/franciscanos.org.br\/noticias\/wp-json\/wp\/v2\/categories?post=111605"},{"taxonomy":"post_tag","embeddable":true,"href":"https:\/\/franciscanos.org.br\/noticias\/wp-json\/wp\/v2\/tags?post=111605"}],"curies":[{"name":"wp","href":"https:\/\/api.w.org\/{rel}","templated":true}]}}