{"id":111513,"date":"2016-06-21T09:32:10","date_gmt":"2016-06-21T12:32:10","guid":{"rendered":"http:\/\/franciscanos.org.br\/?p=111513"},"modified":"2021-07-05T20:16:56","modified_gmt":"2021-07-05T23:16:56","slug":"meninas-dos-canarinhos-contam-historia-do-imperio-atraves-da-musica","status":"publish","type":"post","link":"https:\/\/franciscanos.org.br\/noticias\/meninas-dos-canarinhos-contam-historia-do-imperio-atraves-da-musica.html","title":{"rendered":"Meninas dos Canarinhos contam hist\u00f3ria do Imp\u00e9rio atrav\u00e9s da m\u00fasica"},"content":{"rendered":"<p><img loading=\"lazy\" src=\"http:\/\/franciscanos.org.br\/wp-content\/uploads\/2016\/06\/canarinhos_830.jpg\" alt=\"canarinhos_830\" width=\"830\" height=\"350\" \/><\/p>\n<p><strong>Petr\u00f3polis (RJ) &#8211;<\/strong> Uma verdadeira viagem no tempo at\u00e9 o per\u00edodo imperial do Brasil. As hist\u00f3rias da \u00e9poca e o gosto cultural do s\u00e9culo XIX ser\u00e3o transformados em um concerto interativo e especial. \u201cO Imp\u00e9rio Brasileiro e sua M\u00fasica\u201d, que faz parte do projeto Tour da Experi\u00eancia, come\u00e7a a sua temporada de 2016 nesta sexta-feira (24), \u00e0s 15h, com uma apresenta\u00e7\u00e3o do Coral das Meninas dos Canarinhos, na sede do Instituto dos Meninos Cantores de Petr\u00f3polis (IMCP).<\/p>\n<p>O espet\u00e1culo foi idealizado pelo IMCP e roteirizado pelo professor Nilson Macedo. A apresenta\u00e7\u00e3o fala sobre o gosto cultural da \u00e9poca, al\u00e9m da vida social da corte e das pessoas que viviam no pa\u00eds. \u201cEste \u00e9 um projeto maravilhoso, pois mostra a evolu\u00e7\u00e3o, tanto musical, quanto hist\u00f3rica, contando passagens importantes da trajet\u00f3ria do Brasil, de Petr\u00f3polis e tamb\u00e9m da m\u00fasica\u201d, declarou Marcelo Vizani, maestro do grupo vocal.<\/p>\n<p>No concerto, grandes obras nacionais e internacionais ser\u00e3o entoadas. O repert\u00f3rio inclui can\u00e7\u00f5es como Aleluia para o S\u00e1bado Santo (Francisco Manoel da Silva), Verbum caro factum est (Pe. Jos\u00e9 Maur\u00edcio Nunes Garcia), Quem sabe? (Ant\u00f4nio Carlos Gomes), al\u00e9m de Ave verum (Wolfgang Amadeus Mozart), Ave Maria (Anton Bruckner) e Pater Noster (Franz Liszt).<\/p>\n<p>\u201cTeremos outras apresenta\u00e7\u00f5es do concerto ao longo do ano, nas \u00faltimas sextas-feiras de cada m\u00eas, para os turistas e petropolitanos que desejam ter uma experi\u00eancia diferente. As interpreta\u00e7\u00f5es ser\u00e3o intercaladas entre os Corais dos Canarinhos e das Meninas dos Canarinhos de Petr\u00f3polis. O evento possui um enredo envolvente, que une a m\u00fasica, a cultura e a hist\u00f3ria do nosso pa\u00eds\u201d, comentou o maestro Marco Aur\u00e9lio Lischt, diretor art\u00edstico do IMCP.<\/p>\n<p>O \u201cTour da Experi\u00eancia \u2013 Caminhos do Brasil Imperial\u201d \u00e9 resultado de uma parceria entre o Minist\u00e9rio do Turismo, o Sebrae e o Instituto Marca Brasil. O objetivo \u00e9 oferecer experi\u00eancias \u00fanicas, originais e participativas aos turistas, aumentando o fluxo tur\u00edstico e a perman\u00eancia dos visitantes nas cidades que participam do projeto.<\/p>\n<p>Os ingressos para o concerto \u201cO Imp\u00e9rio Brasileiro e sua M\u00fasica\u201d custam R$ 20,00 e podem ser adquiridos diretamente na sede do Instituto dos Meninos Cantores de Petr\u00f3polis, localizada na Rua Santos Dumont, 355, no Centro.<\/p>\n<p>Mais informa\u00e7\u00f5es sobre as atividades do IMCP podem ser consultadas atrav\u00e9s do site <a href=\"http:\/\/www.canarinhos.com.br\" target=\"_blank\" rel=\"noopener noreferrer\"><strong>www.canarinhos.com.br<\/strong><\/a> ou pelo telefone <strong>(24) 2104-4141<\/strong>.<\/p>\n","protected":false},"excerpt":{"rendered":"<p>Canarinhos<\/p>\n","protected":false},"author":1,"featured_media":219207,"comment_status":"open","ping_status":"open","sticky":false,"template":"","format":"standard","meta":[],"categories":[1],"tags":[1531],"acf":[],"yoast_head":"<!-- This site is optimized with the Yoast SEO plugin v19.2 - https:\/\/yoast.com\/wordpress\/plugins\/seo\/ -->\n<title>Meninas dos Canarinhos contam hist\u00f3ria do Imp\u00e9rio atrav\u00e9s da m\u00fasica - Not\u00edcias - Franciscanos<\/title>\n<meta name=\"robots\" content=\"index, follow, max-snippet:-1, max-image-preview:large, max-video-preview:-1\" \/>\n<link rel=\"canonical\" href=\"https:\/\/franciscanos.org.br\/noticias\/meninas-dos-canarinhos-contam-historia-do-imperio-atraves-da-musica.html\" \/>\n<meta property=\"og:locale\" content=\"pt_BR\" \/>\n<meta property=\"og:type\" content=\"article\" \/>\n<meta property=\"og:title\" content=\"Meninas dos Canarinhos contam hist\u00f3ria do Imp\u00e9rio atrav\u00e9s da m\u00fasica - Not\u00edcias - Franciscanos\" \/>\n<meta property=\"og:description\" content=\"Canarinhos\" \/>\n<meta property=\"og:url\" content=\"https:\/\/franciscanos.org.br\/noticias\/meninas-dos-canarinhos-contam-historia-do-imperio-atraves-da-musica.html\" \/>\n<meta property=\"og:site_name\" content=\"Not\u00edcias - Franciscanos\" \/>\n<meta property=\"article:published_time\" content=\"2016-06-21T12:32:10+00:00\" \/>\n<meta property=\"article:modified_time\" content=\"2021-07-05T23:16:56+00:00\" \/>\n<meta property=\"og:image\" content=\"https:\/\/franciscanos.org.br\/noticias\/wp-content\/uploads\/2014\/08\/canarinhos-1.jpg\" \/>\n\t<meta property=\"og:image:width\" content=\"273\" \/>\n\t<meta property=\"og:image:height\" content=\"181\" \/>\n\t<meta property=\"og:image:type\" content=\"image\/jpeg\" \/>\n<meta name=\"author\" content=\"admin\" \/>\n<meta name=\"twitter:card\" content=\"summary_large_image\" \/>\n<meta name=\"twitter:label1\" content=\"Escrito por\" \/>\n\t<meta name=\"twitter:data1\" content=\"admin\" \/>\n\t<meta name=\"twitter:label2\" content=\"Est. tempo de leitura\" \/>\n\t<meta name=\"twitter:data2\" content=\"2 minutos\" \/>\n<script type=\"application\/ld+json\" class=\"yoast-schema-graph\">{\"@context\":\"https:\/\/schema.org\",\"@graph\":[{\"@type\":\"WebSite\",\"@id\":\"https:\/\/franciscanos.org.br\/noticias\/#website\",\"url\":\"https:\/\/franciscanos.org.br\/noticias\/\",\"name\":\"Not\u00edcias - Franciscanos\",\"description\":\"Prov\u00edncia Franciscana da Imaculada Concei\u00e7\u00e3o do Brasil - Ordem dos Frades Menores - OFM\",\"potentialAction\":[{\"@type\":\"SearchAction\",\"target\":{\"@type\":\"EntryPoint\",\"urlTemplate\":\"https:\/\/franciscanos.org.br\/noticias\/?s={search_term_string}\"},\"query-input\":\"required name=search_term_string\"}],\"inLanguage\":\"pt-BR\"},{\"@type\":\"ImageObject\",\"inLanguage\":\"pt-BR\",\"@id\":\"https:\/\/franciscanos.org.br\/noticias\/meninas-dos-canarinhos-contam-historia-do-imperio-atraves-da-musica.html#primaryimage\",\"url\":\"https:\/\/franciscanos.org.br\/noticias\/wp-content\/uploads\/2014\/08\/canarinhos-1.jpg\",\"contentUrl\":\"https:\/\/franciscanos.org.br\/noticias\/wp-content\/uploads\/2014\/08\/canarinhos-1.jpg\",\"width\":273,\"height\":181},{\"@type\":\"WebPage\",\"@id\":\"https:\/\/franciscanos.org.br\/noticias\/meninas-dos-canarinhos-contam-historia-do-imperio-atraves-da-musica.html#webpage\",\"url\":\"https:\/\/franciscanos.org.br\/noticias\/meninas-dos-canarinhos-contam-historia-do-imperio-atraves-da-musica.html\",\"name\":\"Meninas dos Canarinhos contam hist\u00f3ria do Imp\u00e9rio atrav\u00e9s da m\u00fasica - Not\u00edcias - Franciscanos\",\"isPartOf\":{\"@id\":\"https:\/\/franciscanos.org.br\/noticias\/#website\"},\"primaryImageOfPage\":{\"@id\":\"https:\/\/franciscanos.org.br\/noticias\/meninas-dos-canarinhos-contam-historia-do-imperio-atraves-da-musica.html#primaryimage\"},\"datePublished\":\"2016-06-21T12:32:10+00:00\",\"dateModified\":\"2021-07-05T23:16:56+00:00\",\"author\":{\"@id\":\"https:\/\/franciscanos.org.br\/noticias\/#\/schema\/person\/b38fbf43118f02820bd932f2e4b14ad3\"},\"breadcrumb\":{\"@id\":\"https:\/\/franciscanos.org.br\/noticias\/meninas-dos-canarinhos-contam-historia-do-imperio-atraves-da-musica.html#breadcrumb\"},\"inLanguage\":\"pt-BR\",\"potentialAction\":[{\"@type\":\"ReadAction\",\"target\":[\"https:\/\/franciscanos.org.br\/noticias\/meninas-dos-canarinhos-contam-historia-do-imperio-atraves-da-musica.html\"]}]},{\"@type\":\"BreadcrumbList\",\"@id\":\"https:\/\/franciscanos.org.br\/noticias\/meninas-dos-canarinhos-contam-historia-do-imperio-atraves-da-musica.html#breadcrumb\",\"itemListElement\":[{\"@type\":\"ListItem\",\"position\":1,\"name\":\"Home\",\"item\":\"https:\/\/franciscanos.org.br\/noticias\"},{\"@type\":\"ListItem\",\"position\":2,\"name\":\"Meninas dos Canarinhos contam hist\u00f3ria do Imp\u00e9rio atrav\u00e9s da m\u00fasica\"}]},{\"@type\":\"Person\",\"@id\":\"https:\/\/franciscanos.org.br\/noticias\/#\/schema\/person\/b38fbf43118f02820bd932f2e4b14ad3\",\"name\":\"admin\",\"image\":{\"@type\":\"ImageObject\",\"inLanguage\":\"pt-BR\",\"@id\":\"https:\/\/franciscanos.org.br\/noticias\/#\/schema\/person\/image\/\",\"url\":\"https:\/\/secure.gravatar.com\/avatar\/e8495742d34d0ba6448ea1c628263b3e?s=96&d=mm&r=g\",\"contentUrl\":\"https:\/\/secure.gravatar.com\/avatar\/e8495742d34d0ba6448ea1c628263b3e?s=96&d=mm&r=g\",\"caption\":\"admin\"},\"url\":\"https:\/\/franciscanos.org.br\/noticias\/author\/admin\"}]}<\/script>\n<!-- \/ Yoast SEO plugin. -->","yoast_head_json":{"title":"Meninas dos Canarinhos contam hist\u00f3ria do Imp\u00e9rio atrav\u00e9s da m\u00fasica - Not\u00edcias - Franciscanos","robots":{"index":"index","follow":"follow","max-snippet":"max-snippet:-1","max-image-preview":"max-image-preview:large","max-video-preview":"max-video-preview:-1"},"canonical":"https:\/\/franciscanos.org.br\/noticias\/meninas-dos-canarinhos-contam-historia-do-imperio-atraves-da-musica.html","og_locale":"pt_BR","og_type":"article","og_title":"Meninas dos Canarinhos contam hist\u00f3ria do Imp\u00e9rio atrav\u00e9s da m\u00fasica - Not\u00edcias - Franciscanos","og_description":"Canarinhos","og_url":"https:\/\/franciscanos.org.br\/noticias\/meninas-dos-canarinhos-contam-historia-do-imperio-atraves-da-musica.html","og_site_name":"Not\u00edcias - Franciscanos","article_published_time":"2016-06-21T12:32:10+00:00","article_modified_time":"2021-07-05T23:16:56+00:00","og_image":[{"width":273,"height":181,"url":"https:\/\/franciscanos.org.br\/noticias\/wp-content\/uploads\/2014\/08\/canarinhos-1.jpg","type":"image\/jpeg"}],"author":"admin","twitter_card":"summary_large_image","twitter_misc":{"Escrito por":"admin","Est. tempo de leitura":"2 minutos"},"schema":{"@context":"https:\/\/schema.org","@graph":[{"@type":"WebSite","@id":"https:\/\/franciscanos.org.br\/noticias\/#website","url":"https:\/\/franciscanos.org.br\/noticias\/","name":"Not\u00edcias - Franciscanos","description":"Prov\u00edncia Franciscana da Imaculada Concei\u00e7\u00e3o do Brasil - Ordem dos Frades Menores - OFM","potentialAction":[{"@type":"SearchAction","target":{"@type":"EntryPoint","urlTemplate":"https:\/\/franciscanos.org.br\/noticias\/?s={search_term_string}"},"query-input":"required name=search_term_string"}],"inLanguage":"pt-BR"},{"@type":"ImageObject","inLanguage":"pt-BR","@id":"https:\/\/franciscanos.org.br\/noticias\/meninas-dos-canarinhos-contam-historia-do-imperio-atraves-da-musica.html#primaryimage","url":"https:\/\/franciscanos.org.br\/noticias\/wp-content\/uploads\/2014\/08\/canarinhos-1.jpg","contentUrl":"https:\/\/franciscanos.org.br\/noticias\/wp-content\/uploads\/2014\/08\/canarinhos-1.jpg","width":273,"height":181},{"@type":"WebPage","@id":"https:\/\/franciscanos.org.br\/noticias\/meninas-dos-canarinhos-contam-historia-do-imperio-atraves-da-musica.html#webpage","url":"https:\/\/franciscanos.org.br\/noticias\/meninas-dos-canarinhos-contam-historia-do-imperio-atraves-da-musica.html","name":"Meninas dos Canarinhos contam hist\u00f3ria do Imp\u00e9rio atrav\u00e9s da m\u00fasica - Not\u00edcias - Franciscanos","isPartOf":{"@id":"https:\/\/franciscanos.org.br\/noticias\/#website"},"primaryImageOfPage":{"@id":"https:\/\/franciscanos.org.br\/noticias\/meninas-dos-canarinhos-contam-historia-do-imperio-atraves-da-musica.html#primaryimage"},"datePublished":"2016-06-21T12:32:10+00:00","dateModified":"2021-07-05T23:16:56+00:00","author":{"@id":"https:\/\/franciscanos.org.br\/noticias\/#\/schema\/person\/b38fbf43118f02820bd932f2e4b14ad3"},"breadcrumb":{"@id":"https:\/\/franciscanos.org.br\/noticias\/meninas-dos-canarinhos-contam-historia-do-imperio-atraves-da-musica.html#breadcrumb"},"inLanguage":"pt-BR","potentialAction":[{"@type":"ReadAction","target":["https:\/\/franciscanos.org.br\/noticias\/meninas-dos-canarinhos-contam-historia-do-imperio-atraves-da-musica.html"]}]},{"@type":"BreadcrumbList","@id":"https:\/\/franciscanos.org.br\/noticias\/meninas-dos-canarinhos-contam-historia-do-imperio-atraves-da-musica.html#breadcrumb","itemListElement":[{"@type":"ListItem","position":1,"name":"Home","item":"https:\/\/franciscanos.org.br\/noticias"},{"@type":"ListItem","position":2,"name":"Meninas dos Canarinhos contam hist\u00f3ria do Imp\u00e9rio atrav\u00e9s da m\u00fasica"}]},{"@type":"Person","@id":"https:\/\/franciscanos.org.br\/noticias\/#\/schema\/person\/b38fbf43118f02820bd932f2e4b14ad3","name":"admin","image":{"@type":"ImageObject","inLanguage":"pt-BR","@id":"https:\/\/franciscanos.org.br\/noticias\/#\/schema\/person\/image\/","url":"https:\/\/secure.gravatar.com\/avatar\/e8495742d34d0ba6448ea1c628263b3e?s=96&d=mm&r=g","contentUrl":"https:\/\/secure.gravatar.com\/avatar\/e8495742d34d0ba6448ea1c628263b3e?s=96&d=mm&r=g","caption":"admin"},"url":"https:\/\/franciscanos.org.br\/noticias\/author\/admin"}]}},"_links":{"self":[{"href":"https:\/\/franciscanos.org.br\/noticias\/wp-json\/wp\/v2\/posts\/111513"}],"collection":[{"href":"https:\/\/franciscanos.org.br\/noticias\/wp-json\/wp\/v2\/posts"}],"about":[{"href":"https:\/\/franciscanos.org.br\/noticias\/wp-json\/wp\/v2\/types\/post"}],"author":[{"embeddable":true,"href":"https:\/\/franciscanos.org.br\/noticias\/wp-json\/wp\/v2\/users\/1"}],"replies":[{"embeddable":true,"href":"https:\/\/franciscanos.org.br\/noticias\/wp-json\/wp\/v2\/comments?post=111513"}],"version-history":[{"count":1,"href":"https:\/\/franciscanos.org.br\/noticias\/wp-json\/wp\/v2\/posts\/111513\/revisions"}],"predecessor-version":[{"id":222556,"href":"https:\/\/franciscanos.org.br\/noticias\/wp-json\/wp\/v2\/posts\/111513\/revisions\/222556"}],"wp:featuredmedia":[{"embeddable":true,"href":"https:\/\/franciscanos.org.br\/noticias\/wp-json\/wp\/v2\/media\/219207"}],"wp:attachment":[{"href":"https:\/\/franciscanos.org.br\/noticias\/wp-json\/wp\/v2\/media?parent=111513"}],"wp:term":[{"taxonomy":"category","embeddable":true,"href":"https:\/\/franciscanos.org.br\/noticias\/wp-json\/wp\/v2\/categories?post=111513"},{"taxonomy":"post_tag","embeddable":true,"href":"https:\/\/franciscanos.org.br\/noticias\/wp-json\/wp\/v2\/tags?post=111513"}],"curies":[{"name":"wp","href":"https:\/\/api.w.org\/{rel}","templated":true}]}}