{"id":111442,"date":"2016-06-17T15:21:10","date_gmt":"2016-06-17T18:21:10","guid":{"rendered":"http:\/\/franciscanos.org.br\/?p=111442"},"modified":"2020-09-08T14:12:16","modified_gmt":"2020-09-08T17:12:16","slug":"um-ano-da-enciclica-laudato-si-do-papa-francisco","status":"publish","type":"post","link":"https:\/\/franciscanos.org.br\/noticias\/um-ano-da-enciclica-laudato-si-do-papa-francisco.html","title":{"rendered":"Um ano da Enc\u00edclica Laudato S\u00ed do Papa Francisco"},"content":{"rendered":"<p>&nbsp;<\/p>\n<p><img loading=\"lazy\" src=\"http:\/\/franciscanos.org.br\/wp-content\/uploads\/2016\/06\/laudato.jpg\" alt=\"laudato\" width=\"820\" height=\"431\" \/><\/p>\n<p>Neste s\u00e1bado, 18 de junho, h\u00e1 um ano o Papa Francisco lan\u00e7ava a Enc\u00edclica &#8220;Laudato S\u00ed&#8221; ( \u201cLouvado seja\u201d em portugu\u00eas ), \u00a0a primeira totalmente escrita pelo Papa Francisco (\u201cLumen Fidei\u201d foi iniciada por Bento XVI). Trata-se de uma enc\u00edclica para todos, n\u00e3o apenas para os crist\u00e3os. Com ela, Francisco toca profundamente num ponto carente do planeta na j\u00e1 longa lista de interven\u00e7\u00f5es fundamentais sobre os problemas do mundo contempor\u00e2neo. Pela primeira vez a Igreja publica um documento oficial exclusivo sobre quest\u00f5es do meio ambiente e da sua salvaguarda.<\/p>\n<p>Nesta semana, centenas de par\u00f3quias e comunidades eclesiais no mundo inteiro promoveram diferentes eventos para sensibilizar a opini\u00e3o p\u00fablica e discutir como colocar em pr\u00e1tica a ecologia integral proposta pelo Papa Francisco.<\/p>\n<p>Entre as iniciativas propostas pela Rede global cat\u00f3lica destacam-se: semin\u00e1rios sobre a Enc\u00edclica e sobre a atual crise ecol\u00f3gica no mundo; encontros de ora\u00e7\u00e3o sobre o tema do cuidado da Cria\u00e7\u00e3o; a publica\u00e7\u00e3o de iniciativas concretas em prol do ambiente, como a instala\u00e7\u00e3o de pain\u00e9is solares e campanhas de sensibiliza\u00e7\u00e3o em favor da energia limpa; a promo\u00e7\u00e3o de peti\u00e7\u00f5es \u00e0s autoridades locais e nacionais; manifesta\u00e7\u00f5es, flash mob e outros. O objetivo da Rede global cat\u00f3lica \u00e9 alcan\u00e7ar mil eventos durante a semana.<\/p>\n<p>Segundo pesquisa publicada recentemente pelo Centro de Pesquisa Aplicada sobre Apostolado (CARA, em ingl\u00eas), 73% dos cat\u00f3licos acreditam que a sociedade precisa agir para combater as mudan\u00e7as clim\u00e1ticas. No \u00faltimo ano, quase um milh\u00e3o de pessoas em todo o mundo declararam seu apoio a \u2018Laudato Si\u2019 ao assinar a peti\u00e7\u00e3o do GCCM, que exige que os l\u00edderes pol\u00edticos tomem as medidas necess\u00e1rias para manter o aumento da temperatura global abaixo de 1,5 \u00b0 C, e para que ajudem os mais pobres do mundo que j\u00e1 s\u00e3o afetados pelas mudan\u00e7as clim\u00e1ticas. \u201cQuase um milh\u00e3o de pessoas se manifestando \u00e9 significativo, mas \u00e9 apenas o come\u00e7o. Existem 1,2 bilh\u00e3o de cat\u00f3licos no mundo inteiro e com todos eles seguindo as palavras do Papa Francisco teremos uma imensa onda de a\u00e7\u00f5es\u201d, disse Tomas Insua, co-fundador do GCCM. \u201cTodo mundo, n\u00e3o apenas os cat\u00f3licos, pode viver de forma a seguir a \u2018Laudato Si\u2019 e, dessa forma, proteger a nossa casa comum.\u201d<\/p>\n<p>A a\u00e7\u00e3o coletiva pelo clima pode ter muitas formas, mas uma das mais imediatas e significativas \u00e9 a defini\u00e7\u00e3o de uma nova maneira de produzir e consumir energia. Um dos maiores impactos que os cat\u00f3licos podem ajudar a provocar \u00e9 a transi\u00e7\u00e3o para um futuro com energias renov\u00e1veis. H\u00e1 123 milh\u00f5es de cat\u00f3licos no Brasil e cerca de 11 mil par\u00f3quias, o que representa um enorme contingente de edifica\u00e7\u00f5es que podem se tornar mais eficientes e de telhados a serem aproveitados pela energia solar. Estas a\u00e7\u00f5es podem continuar mostrando como viver a enc\u00edclica Laudato Si na pr\u00e1tica.<\/p>\n<p>\u201cA Laudato Si n\u00e3o \u00e9 a opini\u00e3o do Papa, mas um Magist\u00e9rio da Igreja\u201d, afirmou o Bispo Marcelo S\u00e1nchez Sorondo, chanceler da Academia Pontif\u00edcia de Ci\u00eancias e Ci\u00eancias sociais, durante uma discuss\u00e3o promovida pelo Movimento Cat\u00f3lico Global pelo Clima (GCCM) na segunda-feira, 13\/6.<\/p>\n<p>A Ordem dos Frades Menores indica como excelente material o <a href=\"http:\/\/www.ofm.org\/ofm\/wp-content\/uploads\/2016\/06\/Guia_de_Eco-Parroquias.pdf\"><strong>\u201cGu\u00eda de Eco Parroquias<\/strong>\u201d<\/a>, publicado en espa\u00f1ol, pelo Movimento Cat\u00f3lico Mundial pelo Clima. Um material pr\u00e1tico que implementado em todas nossas par\u00f3quias avivaria o esp\u00edrito franciscano. Os autores autorizam sua publica\u00e7\u00e3o, tradu\u00e7\u00e3o e divulga\u00e7\u00e3o.<\/p>\n","protected":false},"excerpt":{"rendered":"<p>Um ano da Laudato Si&#8217;<\/p>\n","protected":false},"author":1,"featured_media":0,"comment_status":"open","ping_status":"open","sticky":false,"template":"","format":"standard","meta":[],"categories":[1428],"tags":[701],"acf":[],"yoast_head":"<!-- This site is optimized with the Yoast SEO plugin v19.2 - https:\/\/yoast.com\/wordpress\/plugins\/seo\/ -->\n<title>Um ano da Enc\u00edclica Laudato S\u00ed do Papa Francisco - Not\u00edcias - Franciscanos<\/title>\n<meta name=\"robots\" content=\"index, follow, max-snippet:-1, max-image-preview:large, max-video-preview:-1\" \/>\n<link rel=\"canonical\" href=\"https:\/\/franciscanos.org.br\/noticias\/um-ano-da-enciclica-laudato-si-do-papa-francisco.html\" \/>\n<meta property=\"og:locale\" content=\"pt_BR\" \/>\n<meta property=\"og:type\" content=\"article\" \/>\n<meta property=\"og:title\" content=\"Um ano da Enc\u00edclica Laudato S\u00ed do Papa Francisco - Not\u00edcias - Franciscanos\" \/>\n<meta property=\"og:description\" content=\"Um ano da Laudato Si&#039;\" \/>\n<meta property=\"og:url\" content=\"https:\/\/franciscanos.org.br\/noticias\/um-ano-da-enciclica-laudato-si-do-papa-francisco.html\" \/>\n<meta property=\"og:site_name\" content=\"Not\u00edcias - Franciscanos\" \/>\n<meta property=\"article:published_time\" content=\"2016-06-17T18:21:10+00:00\" \/>\n<meta property=\"article:modified_time\" content=\"2020-09-08T17:12:16+00:00\" \/>\n<meta property=\"og:image\" content=\"http:\/\/franciscanos.org.br\/wp-content\/uploads\/2016\/06\/laudato.jpg\" \/>\n<meta name=\"author\" content=\"admin\" \/>\n<meta name=\"twitter:card\" content=\"summary_large_image\" \/>\n<meta name=\"twitter:label1\" content=\"Escrito por\" \/>\n\t<meta name=\"twitter:data1\" content=\"admin\" \/>\n\t<meta name=\"twitter:label2\" content=\"Est. tempo de leitura\" \/>\n\t<meta name=\"twitter:data2\" content=\"3 minutos\" \/>\n<script type=\"application\/ld+json\" class=\"yoast-schema-graph\">{\"@context\":\"https:\/\/schema.org\",\"@graph\":[{\"@type\":\"WebSite\",\"@id\":\"https:\/\/franciscanos.org.br\/noticias\/#website\",\"url\":\"https:\/\/franciscanos.org.br\/noticias\/\",\"name\":\"Not\u00edcias - Franciscanos\",\"description\":\"Prov\u00edncia Franciscana da Imaculada Concei\u00e7\u00e3o do Brasil - Ordem dos Frades Menores - OFM\",\"potentialAction\":[{\"@type\":\"SearchAction\",\"target\":{\"@type\":\"EntryPoint\",\"urlTemplate\":\"https:\/\/franciscanos.org.br\/noticias\/?s={search_term_string}\"},\"query-input\":\"required name=search_term_string\"}],\"inLanguage\":\"pt-BR\"},{\"@type\":\"ImageObject\",\"inLanguage\":\"pt-BR\",\"@id\":\"https:\/\/franciscanos.org.br\/noticias\/um-ano-da-enciclica-laudato-si-do-papa-francisco.html#primaryimage\",\"url\":\"http:\/\/franciscanos.org.br\/wp-content\/uploads\/2016\/06\/laudato.jpg\",\"contentUrl\":\"http:\/\/franciscanos.org.br\/wp-content\/uploads\/2016\/06\/laudato.jpg\"},{\"@type\":\"WebPage\",\"@id\":\"https:\/\/franciscanos.org.br\/noticias\/um-ano-da-enciclica-laudato-si-do-papa-francisco.html#webpage\",\"url\":\"https:\/\/franciscanos.org.br\/noticias\/um-ano-da-enciclica-laudato-si-do-papa-francisco.html\",\"name\":\"Um ano da Enc\u00edclica Laudato S\u00ed do Papa Francisco - Not\u00edcias - Franciscanos\",\"isPartOf\":{\"@id\":\"https:\/\/franciscanos.org.br\/noticias\/#website\"},\"primaryImageOfPage\":{\"@id\":\"https:\/\/franciscanos.org.br\/noticias\/um-ano-da-enciclica-laudato-si-do-papa-francisco.html#primaryimage\"},\"datePublished\":\"2016-06-17T18:21:10+00:00\",\"dateModified\":\"2020-09-08T17:12:16+00:00\",\"author\":{\"@id\":\"https:\/\/franciscanos.org.br\/noticias\/#\/schema\/person\/b38fbf43118f02820bd932f2e4b14ad3\"},\"breadcrumb\":{\"@id\":\"https:\/\/franciscanos.org.br\/noticias\/um-ano-da-enciclica-laudato-si-do-papa-francisco.html#breadcrumb\"},\"inLanguage\":\"pt-BR\",\"potentialAction\":[{\"@type\":\"ReadAction\",\"target\":[\"https:\/\/franciscanos.org.br\/noticias\/um-ano-da-enciclica-laudato-si-do-papa-francisco.html\"]}]},{\"@type\":\"BreadcrumbList\",\"@id\":\"https:\/\/franciscanos.org.br\/noticias\/um-ano-da-enciclica-laudato-si-do-papa-francisco.html#breadcrumb\",\"itemListElement\":[{\"@type\":\"ListItem\",\"position\":1,\"name\":\"Home\",\"item\":\"https:\/\/franciscanos.org.br\/noticias\"},{\"@type\":\"ListItem\",\"position\":2,\"name\":\"Um ano da Enc\u00edclica Laudato S\u00ed do Papa Francisco\"}]},{\"@type\":\"Person\",\"@id\":\"https:\/\/franciscanos.org.br\/noticias\/#\/schema\/person\/b38fbf43118f02820bd932f2e4b14ad3\",\"name\":\"admin\",\"image\":{\"@type\":\"ImageObject\",\"inLanguage\":\"pt-BR\",\"@id\":\"https:\/\/franciscanos.org.br\/noticias\/#\/schema\/person\/image\/\",\"url\":\"https:\/\/secure.gravatar.com\/avatar\/e8495742d34d0ba6448ea1c628263b3e?s=96&d=mm&r=g\",\"contentUrl\":\"https:\/\/secure.gravatar.com\/avatar\/e8495742d34d0ba6448ea1c628263b3e?s=96&d=mm&r=g\",\"caption\":\"admin\"},\"url\":\"https:\/\/franciscanos.org.br\/noticias\/author\/admin\"}]}<\/script>\n<!-- \/ Yoast SEO plugin. -->","yoast_head_json":{"title":"Um ano da Enc\u00edclica Laudato S\u00ed do Papa Francisco - Not\u00edcias - Franciscanos","robots":{"index":"index","follow":"follow","max-snippet":"max-snippet:-1","max-image-preview":"max-image-preview:large","max-video-preview":"max-video-preview:-1"},"canonical":"https:\/\/franciscanos.org.br\/noticias\/um-ano-da-enciclica-laudato-si-do-papa-francisco.html","og_locale":"pt_BR","og_type":"article","og_title":"Um ano da Enc\u00edclica Laudato S\u00ed do Papa Francisco - Not\u00edcias - Franciscanos","og_description":"Um ano da Laudato Si'","og_url":"https:\/\/franciscanos.org.br\/noticias\/um-ano-da-enciclica-laudato-si-do-papa-francisco.html","og_site_name":"Not\u00edcias - Franciscanos","article_published_time":"2016-06-17T18:21:10+00:00","article_modified_time":"2020-09-08T17:12:16+00:00","og_image":[{"url":"http:\/\/franciscanos.org.br\/wp-content\/uploads\/2016\/06\/laudato.jpg"}],"author":"admin","twitter_card":"summary_large_image","twitter_misc":{"Escrito por":"admin","Est. tempo de leitura":"3 minutos"},"schema":{"@context":"https:\/\/schema.org","@graph":[{"@type":"WebSite","@id":"https:\/\/franciscanos.org.br\/noticias\/#website","url":"https:\/\/franciscanos.org.br\/noticias\/","name":"Not\u00edcias - Franciscanos","description":"Prov\u00edncia Franciscana da Imaculada Concei\u00e7\u00e3o do Brasil - Ordem dos Frades Menores - OFM","potentialAction":[{"@type":"SearchAction","target":{"@type":"EntryPoint","urlTemplate":"https:\/\/franciscanos.org.br\/noticias\/?s={search_term_string}"},"query-input":"required name=search_term_string"}],"inLanguage":"pt-BR"},{"@type":"ImageObject","inLanguage":"pt-BR","@id":"https:\/\/franciscanos.org.br\/noticias\/um-ano-da-enciclica-laudato-si-do-papa-francisco.html#primaryimage","url":"http:\/\/franciscanos.org.br\/wp-content\/uploads\/2016\/06\/laudato.jpg","contentUrl":"http:\/\/franciscanos.org.br\/wp-content\/uploads\/2016\/06\/laudato.jpg"},{"@type":"WebPage","@id":"https:\/\/franciscanos.org.br\/noticias\/um-ano-da-enciclica-laudato-si-do-papa-francisco.html#webpage","url":"https:\/\/franciscanos.org.br\/noticias\/um-ano-da-enciclica-laudato-si-do-papa-francisco.html","name":"Um ano da Enc\u00edclica Laudato S\u00ed do Papa Francisco - Not\u00edcias - Franciscanos","isPartOf":{"@id":"https:\/\/franciscanos.org.br\/noticias\/#website"},"primaryImageOfPage":{"@id":"https:\/\/franciscanos.org.br\/noticias\/um-ano-da-enciclica-laudato-si-do-papa-francisco.html#primaryimage"},"datePublished":"2016-06-17T18:21:10+00:00","dateModified":"2020-09-08T17:12:16+00:00","author":{"@id":"https:\/\/franciscanos.org.br\/noticias\/#\/schema\/person\/b38fbf43118f02820bd932f2e4b14ad3"},"breadcrumb":{"@id":"https:\/\/franciscanos.org.br\/noticias\/um-ano-da-enciclica-laudato-si-do-papa-francisco.html#breadcrumb"},"inLanguage":"pt-BR","potentialAction":[{"@type":"ReadAction","target":["https:\/\/franciscanos.org.br\/noticias\/um-ano-da-enciclica-laudato-si-do-papa-francisco.html"]}]},{"@type":"BreadcrumbList","@id":"https:\/\/franciscanos.org.br\/noticias\/um-ano-da-enciclica-laudato-si-do-papa-francisco.html#breadcrumb","itemListElement":[{"@type":"ListItem","position":1,"name":"Home","item":"https:\/\/franciscanos.org.br\/noticias"},{"@type":"ListItem","position":2,"name":"Um ano da Enc\u00edclica Laudato S\u00ed do Papa Francisco"}]},{"@type":"Person","@id":"https:\/\/franciscanos.org.br\/noticias\/#\/schema\/person\/b38fbf43118f02820bd932f2e4b14ad3","name":"admin","image":{"@type":"ImageObject","inLanguage":"pt-BR","@id":"https:\/\/franciscanos.org.br\/noticias\/#\/schema\/person\/image\/","url":"https:\/\/secure.gravatar.com\/avatar\/e8495742d34d0ba6448ea1c628263b3e?s=96&d=mm&r=g","contentUrl":"https:\/\/secure.gravatar.com\/avatar\/e8495742d34d0ba6448ea1c628263b3e?s=96&d=mm&r=g","caption":"admin"},"url":"https:\/\/franciscanos.org.br\/noticias\/author\/admin"}]}},"_links":{"self":[{"href":"https:\/\/franciscanos.org.br\/noticias\/wp-json\/wp\/v2\/posts\/111442"}],"collection":[{"href":"https:\/\/franciscanos.org.br\/noticias\/wp-json\/wp\/v2\/posts"}],"about":[{"href":"https:\/\/franciscanos.org.br\/noticias\/wp-json\/wp\/v2\/types\/post"}],"author":[{"embeddable":true,"href":"https:\/\/franciscanos.org.br\/noticias\/wp-json\/wp\/v2\/users\/1"}],"replies":[{"embeddable":true,"href":"https:\/\/franciscanos.org.br\/noticias\/wp-json\/wp\/v2\/comments?post=111442"}],"version-history":[{"count":1,"href":"https:\/\/franciscanos.org.br\/noticias\/wp-json\/wp\/v2\/posts\/111442\/revisions"}],"predecessor-version":[{"id":225678,"href":"https:\/\/franciscanos.org.br\/noticias\/wp-json\/wp\/v2\/posts\/111442\/revisions\/225678"}],"wp:attachment":[{"href":"https:\/\/franciscanos.org.br\/noticias\/wp-json\/wp\/v2\/media?parent=111442"}],"wp:term":[{"taxonomy":"category","embeddable":true,"href":"https:\/\/franciscanos.org.br\/noticias\/wp-json\/wp\/v2\/categories?post=111442"},{"taxonomy":"post_tag","embeddable":true,"href":"https:\/\/franciscanos.org.br\/noticias\/wp-json\/wp\/v2\/tags?post=111442"}],"curies":[{"name":"wp","href":"https:\/\/api.w.org\/{rel}","templated":true}]}}