{"id":111419,"date":"2016-06-17T09:44:07","date_gmt":"2016-06-17T12:44:07","guid":{"rendered":"http:\/\/franciscanos.org.br\/?p=111419"},"modified":"2020-03-24T13:40:07","modified_gmt":"2020-03-24T16:40:07","slug":"clubinho-sao-francisco-de-assis-comemora-45-anos-de-fundacao-com-missa","status":"publish","type":"post","link":"https:\/\/franciscanos.org.br\/noticias\/clubinho-sao-francisco-de-assis-comemora-45-anos-de-fundacao-com-missa.html","title":{"rendered":"Clubinho S\u00e3o Francisco de Assis comemora 45 anos de funda\u00e7\u00e3o"},"content":{"rendered":"<p><img loading=\"lazy\" src=\"http:\/\/franciscanos.org.br\/wp-content\/uploads\/2016\/06\/clubinho_830.jpg\" alt=\"clubinho_830\" width=\"830\" height=\"340\" \/><\/p>\n<p><strong>Agudos (SP) &#8211;<\/strong> A Par\u00f3quia S\u00e3o Paulo Ap\u00f3stolo de Agudos realizou na manh\u00e3 do domingo, dia 12 de junho, uma missa em comemora\u00e7\u00e3o aos 45 anos de funda\u00e7\u00e3o do Clubinho S\u00e3o Francisco (movimento de catequese de perseveran\u00e7a). A celebra\u00e7\u00e3o, presidida pelo p\u00e1roco Frei Silvio Trindade Werlingue, contou com a participa\u00e7\u00e3o de cerca de 50 adolescentes que fazem parte do movimento, antigos membros, as primeiras catequistas e lideran\u00e7as.<\/p>\n<p>Durante a celebra\u00e7\u00e3o Frei Silvio acolheu os perseverantes afirmando ser motivo de orgulho para toda a Par\u00f3quia comemorar o anivers\u00e1rio do Clubinho S\u00e3o Francisco. \u201cEste grupo t\u00e3o coeso que leva a diante o carisma de S\u00e3o Francisco de Assis\u201d, completou.<\/p>\n<p>Ap\u00f3s a missa, foi realizada uma homenagem e retrospectiva hist\u00f3rica dos 45 anos do Clubinho, que contou com a presen\u00e7a da precursora do movimento Aurea Danelon, das primeiras catequistas, as senhoras Bernadeth Baglie, Dorsinda Padial, Maria Helena Lovisi, Lurdes Gaspar e Benedita Sandri; tamb\u00e9m a primeira rainha Sonia Mara Gaspar Silva e membros da primeira turma do movimento.<\/p>\n<p>Homenagem tamb\u00e9m n\u00e3o faltou para a senhora Aurea Danelon. Fazendo parte do Clubinho desde sua funda\u00e7\u00e3o, ela tem muita hist\u00f3ria para contar quando o assunto \u00e9 o carisma franciscano, que leva como ideal de vida e o dissemina aos adolescentes perseverantes. \u201cEsses 45 anos foi pela for\u00e7a de S\u00e3o Francisco, por seu amor, simplicidade e seu exemplo de vida. Foram os melhores anos da minha vida\u201d, comentou.<\/p>\n<p>A coordenadora paroquial do movimento, Isabel Viotto, tamb\u00e9m agradeceu aos adolescentes pelo sim ao chamado de Deus. \u201cVoc\u00eas s\u00e3o especiais, s\u00e3o as pessoas que v\u00e3o trazer sal e luz para o mundo. Obrigada pela escolha de seguir Jesus e S\u00e3o Francisco\u201d, disse.<\/p>\n<p><strong>Mais sobre o Clubinho S\u00e3o Francisco de Assis<\/strong><\/p>\n<p>Fundado no dia 6 de junho de 1971, o Clubinho S\u00e3o Francisco de Assis \u00e9 um movimento de catequese de perseveran\u00e7a (catequese ap\u00f3s a Primeira Eucaristia) para adolescentes da Par\u00f3quia S\u00e3o Paulo Ap\u00f3stolo de Agudos. Com 45 anos de hist\u00f3ria, possui cerca de 50 adolescentes e est\u00e1 presente nos seis setores que comp\u00f5em a Par\u00f3quia.<\/p>\n<p>Os adolescentes do Clubinho S\u00e3o Francisco de Assis aprendem e levam para a vida a viv\u00eancia de S\u00e3o Francisco de Assis, sua vida simples e humilde, marcada pela f\u00e9.<\/p>\n<p><em>Isabela Gaspar, especial para este site<\/em><\/p>\n","protected":false},"excerpt":{"rendered":"<p>Agudos<\/p>\n","protected":false},"author":1,"featured_media":222561,"comment_status":"open","ping_status":"open","sticky":false,"template":"","format":"standard","meta":[],"categories":[1],"tags":[],"acf":[],"yoast_head":"<!-- This site is optimized with the Yoast SEO plugin v19.2 - https:\/\/yoast.com\/wordpress\/plugins\/seo\/ -->\n<title>Clubinho S\u00e3o Francisco de Assis comemora 45 anos de funda\u00e7\u00e3o - Not\u00edcias - Franciscanos<\/title>\n<meta name=\"robots\" content=\"index, follow, max-snippet:-1, max-image-preview:large, max-video-preview:-1\" \/>\n<link rel=\"canonical\" href=\"https:\/\/franciscanos.org.br\/noticias\/clubinho-sao-francisco-de-assis-comemora-45-anos-de-fundacao-com-missa.html\" \/>\n<meta property=\"og:locale\" content=\"pt_BR\" \/>\n<meta property=\"og:type\" content=\"article\" \/>\n<meta property=\"og:title\" content=\"Clubinho S\u00e3o Francisco de Assis comemora 45 anos de funda\u00e7\u00e3o - Not\u00edcias - Franciscanos\" \/>\n<meta property=\"og:description\" content=\"Agudos\" \/>\n<meta property=\"og:url\" content=\"https:\/\/franciscanos.org.br\/noticias\/clubinho-sao-francisco-de-assis-comemora-45-anos-de-fundacao-com-missa.html\" \/>\n<meta property=\"og:site_name\" content=\"Not\u00edcias - Franciscanos\" \/>\n<meta property=\"article:published_time\" content=\"2016-06-17T12:44:07+00:00\" \/>\n<meta property=\"article:modified_time\" content=\"2020-03-24T16:40:07+00:00\" \/>\n<meta property=\"og:image\" content=\"https:\/\/franciscanos.org.br\/noticias\/wp-content\/uploads\/2016\/06\/clubinho_830.jpg\" \/>\n\t<meta property=\"og:image:width\" content=\"273\" \/>\n\t<meta property=\"og:image:height\" content=\"181\" \/>\n\t<meta property=\"og:image:type\" content=\"image\/jpeg\" \/>\n<meta name=\"author\" content=\"admin\" \/>\n<meta name=\"twitter:card\" content=\"summary_large_image\" \/>\n<meta name=\"twitter:label1\" content=\"Escrito por\" \/>\n\t<meta name=\"twitter:data1\" content=\"admin\" \/>\n\t<meta name=\"twitter:label2\" content=\"Est. tempo de leitura\" \/>\n\t<meta name=\"twitter:data2\" content=\"2 minutos\" \/>\n<script type=\"application\/ld+json\" class=\"yoast-schema-graph\">{\"@context\":\"https:\/\/schema.org\",\"@graph\":[{\"@type\":\"WebSite\",\"@id\":\"https:\/\/franciscanos.org.br\/noticias\/#website\",\"url\":\"https:\/\/franciscanos.org.br\/noticias\/\",\"name\":\"Not\u00edcias - Franciscanos\",\"description\":\"Prov\u00edncia Franciscana da Imaculada Concei\u00e7\u00e3o do Brasil - Ordem dos Frades Menores - OFM\",\"potentialAction\":[{\"@type\":\"SearchAction\",\"target\":{\"@type\":\"EntryPoint\",\"urlTemplate\":\"https:\/\/franciscanos.org.br\/noticias\/?s={search_term_string}\"},\"query-input\":\"required name=search_term_string\"}],\"inLanguage\":\"pt-BR\"},{\"@type\":\"ImageObject\",\"inLanguage\":\"pt-BR\",\"@id\":\"https:\/\/franciscanos.org.br\/noticias\/clubinho-sao-francisco-de-assis-comemora-45-anos-de-fundacao-com-missa.html#primaryimage\",\"url\":\"https:\/\/franciscanos.org.br\/noticias\/wp-content\/uploads\/2016\/06\/clubinho_830.jpg\",\"contentUrl\":\"https:\/\/franciscanos.org.br\/noticias\/wp-content\/uploads\/2016\/06\/clubinho_830.jpg\",\"width\":273,\"height\":181,\"caption\":\"????????????????????????????????????\"},{\"@type\":\"WebPage\",\"@id\":\"https:\/\/franciscanos.org.br\/noticias\/clubinho-sao-francisco-de-assis-comemora-45-anos-de-fundacao-com-missa.html#webpage\",\"url\":\"https:\/\/franciscanos.org.br\/noticias\/clubinho-sao-francisco-de-assis-comemora-45-anos-de-fundacao-com-missa.html\",\"name\":\"Clubinho S\u00e3o Francisco de Assis comemora 45 anos de funda\u00e7\u00e3o - Not\u00edcias - Franciscanos\",\"isPartOf\":{\"@id\":\"https:\/\/franciscanos.org.br\/noticias\/#website\"},\"primaryImageOfPage\":{\"@id\":\"https:\/\/franciscanos.org.br\/noticias\/clubinho-sao-francisco-de-assis-comemora-45-anos-de-fundacao-com-missa.html#primaryimage\"},\"datePublished\":\"2016-06-17T12:44:07+00:00\",\"dateModified\":\"2020-03-24T16:40:07+00:00\",\"author\":{\"@id\":\"https:\/\/franciscanos.org.br\/noticias\/#\/schema\/person\/b38fbf43118f02820bd932f2e4b14ad3\"},\"breadcrumb\":{\"@id\":\"https:\/\/franciscanos.org.br\/noticias\/clubinho-sao-francisco-de-assis-comemora-45-anos-de-fundacao-com-missa.html#breadcrumb\"},\"inLanguage\":\"pt-BR\",\"potentialAction\":[{\"@type\":\"ReadAction\",\"target\":[\"https:\/\/franciscanos.org.br\/noticias\/clubinho-sao-francisco-de-assis-comemora-45-anos-de-fundacao-com-missa.html\"]}]},{\"@type\":\"BreadcrumbList\",\"@id\":\"https:\/\/franciscanos.org.br\/noticias\/clubinho-sao-francisco-de-assis-comemora-45-anos-de-fundacao-com-missa.html#breadcrumb\",\"itemListElement\":[{\"@type\":\"ListItem\",\"position\":1,\"name\":\"Home\",\"item\":\"https:\/\/franciscanos.org.br\/noticias\"},{\"@type\":\"ListItem\",\"position\":2,\"name\":\"Clubinho S\u00e3o Francisco de Assis comemora 45 anos de funda\u00e7\u00e3o\"}]},{\"@type\":\"Person\",\"@id\":\"https:\/\/franciscanos.org.br\/noticias\/#\/schema\/person\/b38fbf43118f02820bd932f2e4b14ad3\",\"name\":\"admin\",\"image\":{\"@type\":\"ImageObject\",\"inLanguage\":\"pt-BR\",\"@id\":\"https:\/\/franciscanos.org.br\/noticias\/#\/schema\/person\/image\/\",\"url\":\"https:\/\/secure.gravatar.com\/avatar\/e8495742d34d0ba6448ea1c628263b3e?s=96&d=mm&r=g\",\"contentUrl\":\"https:\/\/secure.gravatar.com\/avatar\/e8495742d34d0ba6448ea1c628263b3e?s=96&d=mm&r=g\",\"caption\":\"admin\"},\"url\":\"https:\/\/franciscanos.org.br\/noticias\/author\/admin\"}]}<\/script>\n<!-- \/ Yoast SEO plugin. -->","yoast_head_json":{"title":"Clubinho S\u00e3o Francisco de Assis comemora 45 anos de funda\u00e7\u00e3o - Not\u00edcias - Franciscanos","robots":{"index":"index","follow":"follow","max-snippet":"max-snippet:-1","max-image-preview":"max-image-preview:large","max-video-preview":"max-video-preview:-1"},"canonical":"https:\/\/franciscanos.org.br\/noticias\/clubinho-sao-francisco-de-assis-comemora-45-anos-de-fundacao-com-missa.html","og_locale":"pt_BR","og_type":"article","og_title":"Clubinho S\u00e3o Francisco de Assis comemora 45 anos de funda\u00e7\u00e3o - Not\u00edcias - Franciscanos","og_description":"Agudos","og_url":"https:\/\/franciscanos.org.br\/noticias\/clubinho-sao-francisco-de-assis-comemora-45-anos-de-fundacao-com-missa.html","og_site_name":"Not\u00edcias - Franciscanos","article_published_time":"2016-06-17T12:44:07+00:00","article_modified_time":"2020-03-24T16:40:07+00:00","og_image":[{"width":273,"height":181,"url":"https:\/\/franciscanos.org.br\/noticias\/wp-content\/uploads\/2016\/06\/clubinho_830.jpg","type":"image\/jpeg"}],"author":"admin","twitter_card":"summary_large_image","twitter_misc":{"Escrito por":"admin","Est. tempo de leitura":"2 minutos"},"schema":{"@context":"https:\/\/schema.org","@graph":[{"@type":"WebSite","@id":"https:\/\/franciscanos.org.br\/noticias\/#website","url":"https:\/\/franciscanos.org.br\/noticias\/","name":"Not\u00edcias - Franciscanos","description":"Prov\u00edncia Franciscana da Imaculada Concei\u00e7\u00e3o do Brasil - Ordem dos Frades Menores - OFM","potentialAction":[{"@type":"SearchAction","target":{"@type":"EntryPoint","urlTemplate":"https:\/\/franciscanos.org.br\/noticias\/?s={search_term_string}"},"query-input":"required name=search_term_string"}],"inLanguage":"pt-BR"},{"@type":"ImageObject","inLanguage":"pt-BR","@id":"https:\/\/franciscanos.org.br\/noticias\/clubinho-sao-francisco-de-assis-comemora-45-anos-de-fundacao-com-missa.html#primaryimage","url":"https:\/\/franciscanos.org.br\/noticias\/wp-content\/uploads\/2016\/06\/clubinho_830.jpg","contentUrl":"https:\/\/franciscanos.org.br\/noticias\/wp-content\/uploads\/2016\/06\/clubinho_830.jpg","width":273,"height":181,"caption":"????????????????????????????????????"},{"@type":"WebPage","@id":"https:\/\/franciscanos.org.br\/noticias\/clubinho-sao-francisco-de-assis-comemora-45-anos-de-fundacao-com-missa.html#webpage","url":"https:\/\/franciscanos.org.br\/noticias\/clubinho-sao-francisco-de-assis-comemora-45-anos-de-fundacao-com-missa.html","name":"Clubinho S\u00e3o Francisco de Assis comemora 45 anos de funda\u00e7\u00e3o - Not\u00edcias - Franciscanos","isPartOf":{"@id":"https:\/\/franciscanos.org.br\/noticias\/#website"},"primaryImageOfPage":{"@id":"https:\/\/franciscanos.org.br\/noticias\/clubinho-sao-francisco-de-assis-comemora-45-anos-de-fundacao-com-missa.html#primaryimage"},"datePublished":"2016-06-17T12:44:07+00:00","dateModified":"2020-03-24T16:40:07+00:00","author":{"@id":"https:\/\/franciscanos.org.br\/noticias\/#\/schema\/person\/b38fbf43118f02820bd932f2e4b14ad3"},"breadcrumb":{"@id":"https:\/\/franciscanos.org.br\/noticias\/clubinho-sao-francisco-de-assis-comemora-45-anos-de-fundacao-com-missa.html#breadcrumb"},"inLanguage":"pt-BR","potentialAction":[{"@type":"ReadAction","target":["https:\/\/franciscanos.org.br\/noticias\/clubinho-sao-francisco-de-assis-comemora-45-anos-de-fundacao-com-missa.html"]}]},{"@type":"BreadcrumbList","@id":"https:\/\/franciscanos.org.br\/noticias\/clubinho-sao-francisco-de-assis-comemora-45-anos-de-fundacao-com-missa.html#breadcrumb","itemListElement":[{"@type":"ListItem","position":1,"name":"Home","item":"https:\/\/franciscanos.org.br\/noticias"},{"@type":"ListItem","position":2,"name":"Clubinho S\u00e3o Francisco de Assis comemora 45 anos de funda\u00e7\u00e3o"}]},{"@type":"Person","@id":"https:\/\/franciscanos.org.br\/noticias\/#\/schema\/person\/b38fbf43118f02820bd932f2e4b14ad3","name":"admin","image":{"@type":"ImageObject","inLanguage":"pt-BR","@id":"https:\/\/franciscanos.org.br\/noticias\/#\/schema\/person\/image\/","url":"https:\/\/secure.gravatar.com\/avatar\/e8495742d34d0ba6448ea1c628263b3e?s=96&d=mm&r=g","contentUrl":"https:\/\/secure.gravatar.com\/avatar\/e8495742d34d0ba6448ea1c628263b3e?s=96&d=mm&r=g","caption":"admin"},"url":"https:\/\/franciscanos.org.br\/noticias\/author\/admin"}]}},"_links":{"self":[{"href":"https:\/\/franciscanos.org.br\/noticias\/wp-json\/wp\/v2\/posts\/111419"}],"collection":[{"href":"https:\/\/franciscanos.org.br\/noticias\/wp-json\/wp\/v2\/posts"}],"about":[{"href":"https:\/\/franciscanos.org.br\/noticias\/wp-json\/wp\/v2\/types\/post"}],"author":[{"embeddable":true,"href":"https:\/\/franciscanos.org.br\/noticias\/wp-json\/wp\/v2\/users\/1"}],"replies":[{"embeddable":true,"href":"https:\/\/franciscanos.org.br\/noticias\/wp-json\/wp\/v2\/comments?post=111419"}],"version-history":[{"count":1,"href":"https:\/\/franciscanos.org.br\/noticias\/wp-json\/wp\/v2\/posts\/111419\/revisions"}],"predecessor-version":[{"id":222562,"href":"https:\/\/franciscanos.org.br\/noticias\/wp-json\/wp\/v2\/posts\/111419\/revisions\/222562"}],"wp:featuredmedia":[{"embeddable":true,"href":"https:\/\/franciscanos.org.br\/noticias\/wp-json\/wp\/v2\/media\/222561"}],"wp:attachment":[{"href":"https:\/\/franciscanos.org.br\/noticias\/wp-json\/wp\/v2\/media?parent=111419"}],"wp:term":[{"taxonomy":"category","embeddable":true,"href":"https:\/\/franciscanos.org.br\/noticias\/wp-json\/wp\/v2\/categories?post=111419"},{"taxonomy":"post_tag","embeddable":true,"href":"https:\/\/franciscanos.org.br\/noticias\/wp-json\/wp\/v2\/tags?post=111419"}],"curies":[{"name":"wp","href":"https:\/\/api.w.org\/{rel}","templated":true}]}}