{"id":111323,"date":"2016-06-16T14:24:23","date_gmt":"2016-06-16T17:24:23","guid":{"rendered":"http:\/\/franciscanos.org.br\/?p=111323"},"modified":"2020-03-24T13:43:07","modified_gmt":"2020-03-24T16:43:07","slug":"populacao-de-rua-sera-acolhida-ate-final-do-inverno","status":"publish","type":"post","link":"https:\/\/franciscanos.org.br\/noticias\/populacao-de-rua-sera-acolhida-ate-final-do-inverno.html","title":{"rendered":"Popula\u00e7\u00e3o de rua ser\u00e1 acolhida at\u00e9 final do inverno"},"content":{"rendered":"<p><img loading=\"lazy\" src=\"http:\/\/franciscanos.org.br\/wp-content\/uploads\/2016\/06\/destaque_pernoite_830.jpg\" alt=\"destaque_pernoite_830\" width=\"830\" height=\"340\" \/><\/p>\n<p><strong>\u00c9rika Augusto<\/strong><\/p>\n<p><strong>S\u00e3o Paulo (SP) &#8211;<\/strong> \u201cVejo a Igreja como um hospital de campanha\u201d. Esta afirma\u00e7\u00e3o do Papa Francisco nunca fez tanto sentido. Em S\u00e3o Paulo, no Largo S\u00e3o Francisco, desde a noite da \u00faltima segunda-feira, o sal\u00e3o que acolhe durante o dia o Ch\u00e1 do Padre, passou a abrigar dezenas de pessoas em situa\u00e7\u00e3o de rua para pernoite. Elas chegam por volta das 19 horas, recebem um kit com materiais de higiene pessoal e toalha, tomam banho, ganham roupa limpa, jantam e recebem cama quente e cobertor para passarem a noite. Nas duas primeiras noites, mais de 50 pessoas foram acolhidas. Para a noite desta quarta-feira, dia 16, a capacidade aumentou para 100 pessoas.<\/p>\n<div id=\"attachment_111383\" style=\"width: 427px\" class=\"wp-caption alignleft\"><img aria-describedby=\"caption-attachment-111383\" loading=\"lazy\" class=\"wp-image-111383 size-full\" src=\"http:\/\/franciscanos.org.br\/wp-content\/uploads\/2016\/06\/meio.jpg\" alt=\"meio\" width=\"417\" height=\"315\" \/><p id=\"caption-attachment-111383\" class=\"wp-caption-text\">Muitas pessoas se dispuseram a ajudar da acolhida<\/p><\/div>\n<p>A batalha, nesse caso, \u00e9 contra o frio que chegou forte a S\u00e3o Paulo antes da chegada oficial do inverno. A popula\u00e7\u00e3o de rua, contudo, continuar\u00e1 sendo acolhida at\u00e9 o final da esta\u00e7\u00e3o, garante Frei Jos\u00e9 Francisco de C\u00e1ssia dos Santos, coordenador do Servi\u00e7o Franciscano de Solidariedade \u2013 Sefras.\u00a0Segundo o frade, desde a primeira morte de um morador de rua, ocorrida no fim da semana passada, nasceu o desejo de fazer algo para atender esta demanda. O frade conta que ap\u00f3s uma liga\u00e7\u00e3o ao Padre J\u00falio Lancellotti, Vig\u00e1rio Episcopal para o povo de rua na Arquidiocese de S\u00e3o Paulo, havia o desejo de acolher os moradores no sal\u00e3o e conversou com alguns funcion\u00e1rios do Sefras, mas n\u00e3o havia nada concreto.<\/p>\n<p>Na segunda-feira, dia de Santo Ant\u00f4nio, em meio \u00e0s in\u00fameras celebra\u00e7\u00f5es, Frei Jos\u00e9 Francisco recebeu a liga\u00e7\u00e3o de Luciana Temer, Secret\u00e1ria de Assist\u00eancia e Desenvolvimento Social da Prefeitura de S\u00e3o Paulo, que prop\u00f4s uma parceira entre a Prefeitura e o Sefras. A partir da\u00ed a ideia passou a se tornar realidade. Camas de campanha e colch\u00f5es foram entregues no Ch\u00e1 do Padre, que fica localizado na Rua Riachuelo, 268. O sal\u00e3o, que serve 300 almo\u00e7os durante o dia, al\u00e9m de atender os moradores em diversas atividades, passou a acolh\u00ea-los tamb\u00e9m para pernoite.<\/p>\n<p>Frei Diego Atalino de Melo, coordenador do Servi\u00e7o de Anima\u00e7\u00e3o Vocacional \u2013 SAV, publicou <strong>uma foto do espa\u00e7o no Facebook<\/strong>, com o intuito de divulgar o servi\u00e7o que passaria a ser prestado. A postagem viralizou, atingindo em 4 dias mais de 123 mil compartilhamentos. A partir de ent\u00e3o os meios de comunica\u00e7\u00e3o passaram a divulgar, e muitas pessoas se sensibilizaram com a causa. As doa\u00e7\u00f5es n\u00e3o pararam de chegar, al\u00e9m de in\u00fameras pessoas se oferecendo para ajudar como volunt\u00e1rios.<\/p>\n<p>Foi o caso de Leidiane e Ant\u00f4nio. Os jovens viram pelo Facebook e entraram em contato. \u201cFoi uma experi\u00eancia maravilhosa, enriquecedora, a gente passa a conhecer a hist\u00f3ria destes moradores que s\u00e3o t\u00e3o ignorados pela sociedade\u201d, partilha a jovem, que est\u00e1 h\u00e1 2 dias como volunt\u00e1ria na acolhida. Maria Aparecida de Brito, que participa da Ordem Franciscana Secular na Igreja S\u00e3o Francisco das Chagas, conta que ao ver a postagem no Facebook logo se prontificou a ajudar. Cerca de 20 pessoas, entre frades, paroquianos do Largo S\u00e3o Francisco, amigos e jovens vocacionados, estavam ajudando na acolhida na noite desta quarta-feira.<\/p>\n<p>Muitos tamb\u00e9m compareceram ao local sem nenhum contato pr\u00e9vio, souberam pela m\u00eddia e se apresentaram para ajudar. Os volunt\u00e1rios se revezaram na recep\u00e7\u00e3o, cozinha, corte de cabelo e separa\u00e7\u00e3o de doa\u00e7\u00f5es. Alguns jovens e os frades ficaram durante toda a madrugada no espa\u00e7o, de prontid\u00e3o no caso de alguma necessidade.<\/p>\n<p>Na noite de ontem o governador Geraldo Alckmin esteve presente no local, acompanhado da Defesa Civil. Ele conversou com os frades e com os acolhidos. O governador postou em sua conta do Twitter algumas fotos da visita.<\/p>\n<div id=\"attachment_111384\" style=\"width: 460px\" class=\"wp-caption alignright\"><img aria-describedby=\"caption-attachment-111384\" loading=\"lazy\" class=\"wp-image-111384 size-full\" src=\"http:\/\/franciscanos.org.br\/wp-content\/uploads\/2016\/06\/olindo_1-e1466098545679.jpg\" alt=\"olindo_\" width=\"450\" height=\"333\" \/><p id=\"caption-attachment-111384\" class=\"wp-caption-text\">Sr. Olindo, acolhido, no antes e depois do corte de cabelo<\/p><\/div>\n<p>O Sefras conta com diversos trabalhos al\u00e9m do Ch\u00e1 do Padre, mas diante da demanda emergencial, muitos funcion\u00e1rios deixaram suas atividades para ajudar no local. Rosangela Pezoti, Coordenadora do Setor de Articula\u00e7\u00e3o do Sefras, conta que foi um grande desafio organizar o\u00a0pernoite em um curto espa\u00e7o de tempo. \u201cO Sefras tem uma caracter\u00edstica de grandes desafios e atender as demandas urgentes\u201d, afirma. Ela conta que um caso semelhante aconteceu com os imigrantes, no Centro de Refer\u00eancia e Casa de Acolhida aos Imigrantes, que fica na Bela Vista, onde foi realizado\u00a0o\u00a0pernoite tempor\u00e1rio de algumas pessoas.<\/p>\n<p>Frei Jos\u00e9 Francisco afirma que o servi\u00e7o permanecer\u00e1 ativo durante todo o inverno, mas que o Sefras n\u00e3o tem inten\u00e7\u00e3o de manter a acolhida, uma vez que o sal\u00e3o passou por uma reforma recente e readequa\u00e7\u00e3o do espa\u00e7o para atender o Ch\u00e1 do Padre, que \u00e9 um trabalho diferenciado, chegando a atender 1200 pessoas por dia com forma\u00e7\u00e3o, debates, atendimento jur\u00eddico e psicol\u00f3gico, entre outros servi\u00e7os.<\/p>\n<p>As doa\u00e7\u00f5es est\u00e3o sendo recolhidas em 5 pontos: as 3 par\u00f3quias franciscanas localizadas em S\u00e3o Paulo, a Sede Adminstrativa do Sefras e no pr\u00f3prio Ch\u00e1 do Padre. Roupas e cal\u00e7ados masculinos, cuecas, cobertores e itens de higiene pessoal (desodorante, aparelho de barbear, sabonete, shampoo, pasta de dente) s\u00e3o a maior urg\u00eancia no momento, al\u00e9m de mantimentos para o jantar e caf\u00e9 da manh\u00e3 (especialmente farinha de trigo e leite) que s\u00e3o servidos aos moradores.<\/p>\n<p><strong>Convento S\u00e3o Francisco<\/strong><\/p>\n<p style=\"padding-left: 40px;\">Largo S\u00e3o Francisco, 133, S\u00e9,\u00a0S\u00e3o Paulo (SP)<br \/>\n(11) 3291-2400<br \/>\nDe segunda a s\u00e1bado das 7h \u00e0s 18h<br \/>\nDomingo das 7h \u00e0s 13h<\/p>\n<p><strong>Par\u00f3quia S\u00e3o Francisco \u2013 Vila Clementino<\/strong><\/p>\n<p style=\"padding-left: 40px;\">Rua Borges Lagoa, 1209, Vila Clementino, S\u00e3o Paulo (SP)<br \/>\n(11) 5576-7960<br \/>\nDe segunda das 8h \u00e0s 19h<br \/>\nDe ter\u00e7a a sexta das 8h \u00e0s 20h<br \/>\nAos s\u00e1bados das 8h \u00e0s 18h<\/p>\n<p><strong>Par\u00f3quia Santo Ant\u00f4nio do Pari<\/strong><\/p>\n<p style=\"padding-left: 40px;\">Pra\u00e7a Padre Bento, s\/n, Pari,\u00a0S\u00e3o Paulo (SP)<br \/>\n(11) 3459-1434<br \/>\nDe segunda a sexta das 8h \u00e0s 12h30 e das 13h30 \u00e0s 17h20<br \/>\nAos s\u00e1bados das 8h ao meio-dia<\/p>\n<p><strong>Sefras<\/strong><\/p>\n<p style=\"padding-left: 40px;\">Rua Hanneman,352, Pari, S\u00e3o Paulo (SP)<br \/>\n(11) 3291-4433<\/p>\n<p><strong>Ch\u00e1 do Padre &#8211; para doa\u00e7\u00f5es e volunt\u00e1rios<\/strong><\/p>\n<p style=\"padding-left: 40px;\">Rua Riachuelo, 238, S\u00e9,\u00a0S\u00e3o Paulo (SP)<br \/>\nDiariamente das 7h \u00e0s 20h<br \/>\nOs que desejam ser volunt\u00e1rios podem se apresentar pessoalmente no Ch\u00e1 do Padre, ou entrar em contato por e-mail: <strong><a href=\"mailto:%20comunica\u00e7\u00e3o.sefras@franciscanos.org.br\">comunica\u00e7\u00e3o.sefras@franciscanos.org.br<\/a><\/strong><\/p>\n","protected":false},"excerpt":{"rendered":"<p>Sefras<\/p>\n","protected":false},"author":1,"featured_media":207481,"comment_status":"open","ping_status":"open","sticky":false,"template":"","format":"standard","meta":[],"categories":[1],"tags":[845,228],"acf":[],"yoast_head":"<!-- This site is optimized with the Yoast SEO plugin v19.2 - https:\/\/yoast.com\/wordpress\/plugins\/seo\/ -->\n<title>Popula\u00e7\u00e3o de rua ser\u00e1 acolhida at\u00e9 final do inverno - Not\u00edcias - Franciscanos<\/title>\n<meta name=\"robots\" content=\"index, follow, max-snippet:-1, max-image-preview:large, max-video-preview:-1\" \/>\n<link rel=\"canonical\" href=\"https:\/\/franciscanos.org.br\/noticias\/populacao-de-rua-sera-acolhida-ate-final-do-inverno.html\" \/>\n<meta property=\"og:locale\" content=\"pt_BR\" \/>\n<meta property=\"og:type\" content=\"article\" \/>\n<meta property=\"og:title\" content=\"Popula\u00e7\u00e3o de rua ser\u00e1 acolhida at\u00e9 final do inverno - Not\u00edcias - Franciscanos\" \/>\n<meta property=\"og:description\" content=\"Sefras\" \/>\n<meta property=\"og:url\" content=\"https:\/\/franciscanos.org.br\/noticias\/populacao-de-rua-sera-acolhida-ate-final-do-inverno.html\" \/>\n<meta property=\"og:site_name\" content=\"Not\u00edcias - Franciscanos\" \/>\n<meta property=\"article:published_time\" content=\"2016-06-16T17:24:23+00:00\" \/>\n<meta property=\"article:modified_time\" content=\"2020-03-24T16:43:07+00:00\" \/>\n<meta property=\"og:image\" content=\"https:\/\/franciscanos.org.br\/noticias\/wp-content\/uploads\/2016\/06\/destaque_pernoite_830.jpg\" \/>\n\t<meta property=\"og:image:width\" content=\"273\" \/>\n\t<meta property=\"og:image:height\" content=\"181\" \/>\n\t<meta property=\"og:image:type\" content=\"image\/jpeg\" \/>\n<meta name=\"author\" content=\"admin\" \/>\n<meta name=\"twitter:card\" content=\"summary_large_image\" \/>\n<meta name=\"twitter:label1\" content=\"Escrito por\" \/>\n\t<meta name=\"twitter:data1\" content=\"admin\" \/>\n\t<meta name=\"twitter:label2\" content=\"Est. tempo de leitura\" \/>\n\t<meta name=\"twitter:data2\" content=\"5 minutos\" \/>\n<script type=\"application\/ld+json\" class=\"yoast-schema-graph\">{\"@context\":\"https:\/\/schema.org\",\"@graph\":[{\"@type\":\"WebSite\",\"@id\":\"https:\/\/franciscanos.org.br\/noticias\/#website\",\"url\":\"https:\/\/franciscanos.org.br\/noticias\/\",\"name\":\"Not\u00edcias - Franciscanos\",\"description\":\"Prov\u00edncia Franciscana da Imaculada Concei\u00e7\u00e3o do Brasil - Ordem dos Frades Menores - OFM\",\"potentialAction\":[{\"@type\":\"SearchAction\",\"target\":{\"@type\":\"EntryPoint\",\"urlTemplate\":\"https:\/\/franciscanos.org.br\/noticias\/?s={search_term_string}\"},\"query-input\":\"required name=search_term_string\"}],\"inLanguage\":\"pt-BR\"},{\"@type\":\"ImageObject\",\"inLanguage\":\"pt-BR\",\"@id\":\"https:\/\/franciscanos.org.br\/noticias\/populacao-de-rua-sera-acolhida-ate-final-do-inverno.html#primaryimage\",\"url\":\"https:\/\/franciscanos.org.br\/noticias\/wp-content\/uploads\/2016\/06\/destaque_pernoite_830.jpg\",\"contentUrl\":\"https:\/\/franciscanos.org.br\/noticias\/wp-content\/uploads\/2016\/06\/destaque_pernoite_830.jpg\",\"width\":273,\"height\":181},{\"@type\":\"WebPage\",\"@id\":\"https:\/\/franciscanos.org.br\/noticias\/populacao-de-rua-sera-acolhida-ate-final-do-inverno.html#webpage\",\"url\":\"https:\/\/franciscanos.org.br\/noticias\/populacao-de-rua-sera-acolhida-ate-final-do-inverno.html\",\"name\":\"Popula\u00e7\u00e3o de rua ser\u00e1 acolhida at\u00e9 final do inverno - Not\u00edcias - Franciscanos\",\"isPartOf\":{\"@id\":\"https:\/\/franciscanos.org.br\/noticias\/#website\"},\"primaryImageOfPage\":{\"@id\":\"https:\/\/franciscanos.org.br\/noticias\/populacao-de-rua-sera-acolhida-ate-final-do-inverno.html#primaryimage\"},\"datePublished\":\"2016-06-16T17:24:23+00:00\",\"dateModified\":\"2020-03-24T16:43:07+00:00\",\"author\":{\"@id\":\"https:\/\/franciscanos.org.br\/noticias\/#\/schema\/person\/b38fbf43118f02820bd932f2e4b14ad3\"},\"breadcrumb\":{\"@id\":\"https:\/\/franciscanos.org.br\/noticias\/populacao-de-rua-sera-acolhida-ate-final-do-inverno.html#breadcrumb\"},\"inLanguage\":\"pt-BR\",\"potentialAction\":[{\"@type\":\"ReadAction\",\"target\":[\"https:\/\/franciscanos.org.br\/noticias\/populacao-de-rua-sera-acolhida-ate-final-do-inverno.html\"]}]},{\"@type\":\"BreadcrumbList\",\"@id\":\"https:\/\/franciscanos.org.br\/noticias\/populacao-de-rua-sera-acolhida-ate-final-do-inverno.html#breadcrumb\",\"itemListElement\":[{\"@type\":\"ListItem\",\"position\":1,\"name\":\"Home\",\"item\":\"https:\/\/franciscanos.org.br\/noticias\"},{\"@type\":\"ListItem\",\"position\":2,\"name\":\"Popula\u00e7\u00e3o de rua ser\u00e1 acolhida at\u00e9 final do inverno\"}]},{\"@type\":\"Person\",\"@id\":\"https:\/\/franciscanos.org.br\/noticias\/#\/schema\/person\/b38fbf43118f02820bd932f2e4b14ad3\",\"name\":\"admin\",\"image\":{\"@type\":\"ImageObject\",\"inLanguage\":\"pt-BR\",\"@id\":\"https:\/\/franciscanos.org.br\/noticias\/#\/schema\/person\/image\/\",\"url\":\"https:\/\/secure.gravatar.com\/avatar\/e8495742d34d0ba6448ea1c628263b3e?s=96&d=mm&r=g\",\"contentUrl\":\"https:\/\/secure.gravatar.com\/avatar\/e8495742d34d0ba6448ea1c628263b3e?s=96&d=mm&r=g\",\"caption\":\"admin\"},\"url\":\"https:\/\/franciscanos.org.br\/noticias\/author\/admin\"}]}<\/script>\n<!-- \/ Yoast SEO plugin. -->","yoast_head_json":{"title":"Popula\u00e7\u00e3o de rua ser\u00e1 acolhida at\u00e9 final do inverno - Not\u00edcias - Franciscanos","robots":{"index":"index","follow":"follow","max-snippet":"max-snippet:-1","max-image-preview":"max-image-preview:large","max-video-preview":"max-video-preview:-1"},"canonical":"https:\/\/franciscanos.org.br\/noticias\/populacao-de-rua-sera-acolhida-ate-final-do-inverno.html","og_locale":"pt_BR","og_type":"article","og_title":"Popula\u00e7\u00e3o de rua ser\u00e1 acolhida at\u00e9 final do inverno - Not\u00edcias - Franciscanos","og_description":"Sefras","og_url":"https:\/\/franciscanos.org.br\/noticias\/populacao-de-rua-sera-acolhida-ate-final-do-inverno.html","og_site_name":"Not\u00edcias - Franciscanos","article_published_time":"2016-06-16T17:24:23+00:00","article_modified_time":"2020-03-24T16:43:07+00:00","og_image":[{"width":273,"height":181,"url":"https:\/\/franciscanos.org.br\/noticias\/wp-content\/uploads\/2016\/06\/destaque_pernoite_830.jpg","type":"image\/jpeg"}],"author":"admin","twitter_card":"summary_large_image","twitter_misc":{"Escrito por":"admin","Est. tempo de leitura":"5 minutos"},"schema":{"@context":"https:\/\/schema.org","@graph":[{"@type":"WebSite","@id":"https:\/\/franciscanos.org.br\/noticias\/#website","url":"https:\/\/franciscanos.org.br\/noticias\/","name":"Not\u00edcias - Franciscanos","description":"Prov\u00edncia Franciscana da Imaculada Concei\u00e7\u00e3o do Brasil - Ordem dos Frades Menores - OFM","potentialAction":[{"@type":"SearchAction","target":{"@type":"EntryPoint","urlTemplate":"https:\/\/franciscanos.org.br\/noticias\/?s={search_term_string}"},"query-input":"required name=search_term_string"}],"inLanguage":"pt-BR"},{"@type":"ImageObject","inLanguage":"pt-BR","@id":"https:\/\/franciscanos.org.br\/noticias\/populacao-de-rua-sera-acolhida-ate-final-do-inverno.html#primaryimage","url":"https:\/\/franciscanos.org.br\/noticias\/wp-content\/uploads\/2016\/06\/destaque_pernoite_830.jpg","contentUrl":"https:\/\/franciscanos.org.br\/noticias\/wp-content\/uploads\/2016\/06\/destaque_pernoite_830.jpg","width":273,"height":181},{"@type":"WebPage","@id":"https:\/\/franciscanos.org.br\/noticias\/populacao-de-rua-sera-acolhida-ate-final-do-inverno.html#webpage","url":"https:\/\/franciscanos.org.br\/noticias\/populacao-de-rua-sera-acolhida-ate-final-do-inverno.html","name":"Popula\u00e7\u00e3o de rua ser\u00e1 acolhida at\u00e9 final do inverno - Not\u00edcias - Franciscanos","isPartOf":{"@id":"https:\/\/franciscanos.org.br\/noticias\/#website"},"primaryImageOfPage":{"@id":"https:\/\/franciscanos.org.br\/noticias\/populacao-de-rua-sera-acolhida-ate-final-do-inverno.html#primaryimage"},"datePublished":"2016-06-16T17:24:23+00:00","dateModified":"2020-03-24T16:43:07+00:00","author":{"@id":"https:\/\/franciscanos.org.br\/noticias\/#\/schema\/person\/b38fbf43118f02820bd932f2e4b14ad3"},"breadcrumb":{"@id":"https:\/\/franciscanos.org.br\/noticias\/populacao-de-rua-sera-acolhida-ate-final-do-inverno.html#breadcrumb"},"inLanguage":"pt-BR","potentialAction":[{"@type":"ReadAction","target":["https:\/\/franciscanos.org.br\/noticias\/populacao-de-rua-sera-acolhida-ate-final-do-inverno.html"]}]},{"@type":"BreadcrumbList","@id":"https:\/\/franciscanos.org.br\/noticias\/populacao-de-rua-sera-acolhida-ate-final-do-inverno.html#breadcrumb","itemListElement":[{"@type":"ListItem","position":1,"name":"Home","item":"https:\/\/franciscanos.org.br\/noticias"},{"@type":"ListItem","position":2,"name":"Popula\u00e7\u00e3o de rua ser\u00e1 acolhida at\u00e9 final do inverno"}]},{"@type":"Person","@id":"https:\/\/franciscanos.org.br\/noticias\/#\/schema\/person\/b38fbf43118f02820bd932f2e4b14ad3","name":"admin","image":{"@type":"ImageObject","inLanguage":"pt-BR","@id":"https:\/\/franciscanos.org.br\/noticias\/#\/schema\/person\/image\/","url":"https:\/\/secure.gravatar.com\/avatar\/e8495742d34d0ba6448ea1c628263b3e?s=96&d=mm&r=g","contentUrl":"https:\/\/secure.gravatar.com\/avatar\/e8495742d34d0ba6448ea1c628263b3e?s=96&d=mm&r=g","caption":"admin"},"url":"https:\/\/franciscanos.org.br\/noticias\/author\/admin"}]}},"_links":{"self":[{"href":"https:\/\/franciscanos.org.br\/noticias\/wp-json\/wp\/v2\/posts\/111323"}],"collection":[{"href":"https:\/\/franciscanos.org.br\/noticias\/wp-json\/wp\/v2\/posts"}],"about":[{"href":"https:\/\/franciscanos.org.br\/noticias\/wp-json\/wp\/v2\/types\/post"}],"author":[{"embeddable":true,"href":"https:\/\/franciscanos.org.br\/noticias\/wp-json\/wp\/v2\/users\/1"}],"replies":[{"embeddable":true,"href":"https:\/\/franciscanos.org.br\/noticias\/wp-json\/wp\/v2\/comments?post=111323"}],"version-history":[{"count":1,"href":"https:\/\/franciscanos.org.br\/noticias\/wp-json\/wp\/v2\/posts\/111323\/revisions"}],"predecessor-version":[{"id":222563,"href":"https:\/\/franciscanos.org.br\/noticias\/wp-json\/wp\/v2\/posts\/111323\/revisions\/222563"}],"wp:featuredmedia":[{"embeddable":true,"href":"https:\/\/franciscanos.org.br\/noticias\/wp-json\/wp\/v2\/media\/207481"}],"wp:attachment":[{"href":"https:\/\/franciscanos.org.br\/noticias\/wp-json\/wp\/v2\/media?parent=111323"}],"wp:term":[{"taxonomy":"category","embeddable":true,"href":"https:\/\/franciscanos.org.br\/noticias\/wp-json\/wp\/v2\/categories?post=111323"},{"taxonomy":"post_tag","embeddable":true,"href":"https:\/\/franciscanos.org.br\/noticias\/wp-json\/wp\/v2\/tags?post=111323"}],"curies":[{"name":"wp","href":"https:\/\/api.w.org\/{rel}","templated":true}]}}