{"id":111319,"date":"2016-06-16T13:35:46","date_gmt":"2016-06-16T16:35:46","guid":{"rendered":"http:\/\/franciscanos.org.br\/?p=111319"},"modified":"2020-06-09T17:01:13","modified_gmt":"2020-06-09T20:01:13","slug":"nao-pensar-que-as-oracoes-sao-palavras-magicas","status":"publish","type":"post","link":"https:\/\/franciscanos.org.br\/noticias\/nao-pensar-que-as-oracoes-sao-palavras-magicas.html","title":{"rendered":"N\u00e3o pensar que as ora\u00e7\u00f5es s\u00e3o palavras \u2018m\u00e1gicas\u2019"},"content":{"rendered":"<p><img loading=\"lazy\" src=\"http:\/\/franciscanos.org.br\/wp-content\/uploads\/2016\/06\/papa_16.jpg\" alt=\"papa_16\" width=\"820\" height=\"396\" \/><\/p>\n<p><strong>Cidade do Vaticano<\/strong> &#8211; Rezando o Pai Nosso sentimos o Seu olhar sobre n\u00f3s. Foi o que afirmou o Papa na missa matutina na Casa Santa Marta nesta quinta-feira, (16\/06). Francisco ressaltou que, para um crist\u00e3o, as ora\u00e7\u00f5es n\u00e3o s\u00e3o palavras m\u00e1gicas e recordou que \u2018Pai\u2019 \u00e9 a palavra que Jesus profere sempre nos momentos fortes de sua vida.<\/p>\n<p>N\u00e3o desperdi\u00e7ar palavras como os pag\u00e3os, n\u00e3o pensar que as ora\u00e7\u00f5es s\u00e3o palavras \u2018m\u00e1gicas\u2019. O Pont\u00edfice se inspirou no Evangelho do dia, quando Jesus ensina a ora\u00e7\u00e3o do \u2018Pai Nosso\u2019 a seus disc\u00edpulos e refletiu sobre o valor de rezar ao Pai na vida do crist\u00e3o. Jesus, disse, \u201cindica o espa\u00e7o da ora\u00e7\u00e3o em uma s\u00f3 palavra: \u2018Pai\u2019\u201d.<\/p>\n<p>Este Pai, observou, \u201csabe do que precisamos antes que lhe pe\u00e7amos\u201d. \u00c9 um Pai que \u201cnos escuta \u00e0s escondidas, no segredo, como Ele, Jesus, nos aconselha a rezar: no segredo\u201d.<\/p>\n<p>\u201cEste Pai nos d\u00e1 a identidade de filhos. Eu digo \u2018Pai\u2019, mas chego \u00e0s ra\u00edzes da minha identidade: a minha identidade crist\u00e3 \u00e9 ser filho e esta \u00e9 uma gra\u00e7a do Esp\u00edrito. Ningu\u00e9m pode dizer \u2018Pai\u2019 sem a gra\u00e7a do Esp\u00edrito. \u2018Pai\u2019 \u00e9 a palavra que Jesus usava quando era cheio de alegria, de emo\u00e7\u00e3o: \u201cPai, te louvo porque revelas estas coisas as crian\u00e7as\u201d; ou chorando, diante do t\u00famulo de seu amigo L\u00e1zaro. \u201cPai, te agrade\u00e7o porque me ouvistes\u201d; ou ainda, nos momentos finais de sua vida, no fim\u201d.<\/p>\n<p>\u201cNos momentos mais fortes\u201d, evidenciou Francisco, Jesus diz: \u2018Pai\u2019. \u201c\u00c9 a palavra que mais usa; Ele fala com o Pai. \u00c9 o caminho da ora\u00e7\u00e3o e por isso \u2013 reiterou \u2013 eu me permito dizer, \u00e9 o espa\u00e7o de ora\u00e7\u00e3o\u201d. \u201cSem sentir que somos filhos, sem dizer \u2018Pai\u2019 \u2013 advertiu o Papa \u2013 a nossa ora\u00e7\u00e3o \u00e9 pag\u00e3, \u00e9 uma ora\u00e7\u00e3o de palavras\u201d.<\/p>\n<p><strong>Rezar ao Pai, Ele conhece as nossas necessidades<\/strong><br \/>\nCerto, acrescentou, podemos rezar a Nossa Senhora, aos anjos e Santos, mas a pedra angular da ora\u00e7\u00e3o \u00e9 o \u2018Pai\u2019. Se n\u00e3o formos capazes de iniciar a ora\u00e7\u00e3o com esta palavra, \u201ca ora\u00e7\u00e3o n\u00e3o vai dar certo\u201d:<br \/>\n\u201cPai. \u00c9 sentir o olhar do Pai sobre mim, sentir que aquela palavra \u201cPai\u201d n\u00e3o \u00e9 um desperd\u00edcio como as palavras das ora\u00e7\u00f5es dos pag\u00e3os: \u00e9 um chamado para Aquele que me deu a identidade de filho. Este \u00e9 o espa\u00e7o da ora\u00e7\u00e3o crist\u00e3 \u2013 \u201cPai\u201d &#8211; e, em seguida, rezamos a todos os Santos, os Anjos, fazemos tamb\u00e9m as prociss\u00f5es, as peregrina\u00e7\u00f5es&#8230; Tudo bonito, mas sempre come\u00e7ando com \u201cPai\u201d e na consci\u00eancia de que somos filhos e que temos um Pai que nos ama e que conhece todas as nossas necessidades. Este \u00e9 o espa\u00e7o\u201d.<\/p>\n<p>Francisco em seguida dirigiu o pensamento \u00e0 parte onde na ora\u00e7\u00e3o do \u201cPai Nosso\u201d, Jesus refere-se ao perd\u00e3o do pr\u00f3ximo como Deus nos perdoa. \u201cSe o espa\u00e7o da ora\u00e7\u00e3o \u00e9 dizer Pai &#8211; observou -, a atmosfera da ora\u00e7\u00e3o \u00e9 dizer \u2018nosso\u2019: somos irm\u00e3os, somos uma fam\u00edlia\u201d.<\/p>\n<p>Ent\u00e3o o Papa recordou o que aconteceu com Caim, que odiou o filho do Pai, odiou seu irm\u00e3o. O Pai nos d\u00e1 a identidade e a fam\u00edlia. \u201cPor isso &#8211; disse o Papa &#8211; \u00e9 t\u00e3o importante a capacidade de perdoar, de esquecer, de esquecer as ofensas, a saud\u00e1vel habitude, mas, deixemos para l\u00e1&#8230; que o Senhor fa\u00e7a, e n\u00e3o carregar o rancor, o ressentimento, o desejo de vingan\u00e7a\u201d.<\/p>\n<p><strong>Faz-nos bem fazer um exame de consci\u00eancia sobre como rezar ao Pai<\/strong><br \/>\n\u201cRezar ao Pai perdoando todos, esquecendo os insultos &#8211; disse -, \u00e9 a melhor ora\u00e7\u00e3o que voc\u00ea pode fazer&#8221;: \u201c\u00c9 bom que \u00e0s vezes fa\u00e7amos um exame de consci\u00eancia sobre isso. Para mim, Deus \u00e9 Pai, e eu o sinto Pai? E se n\u00e3o o sinto assim, mas pe\u00e7o ao Esp\u00edrito Santo que me ensine a senti-lo assim. E eu sou capaz de esquecer as ofensas, de perdoar, de deixar para l\u00e1 e se n\u00e3o, pedir ao Pai, \u2018mas tamb\u00e9m estes s\u00e3o seus filhos, eles me fizeram uma coisa ruim &#8230; ajude-me a perdoar\u2019?. Fa\u00e7amos esse exame de consci\u00eancia sobre n\u00f3s e nos far\u00e1 bem, muito bem. \u2018Pai\u2019 e \u2018nosso\u2019&#8221;: nos d\u00e3o a identidade de filhos e nos d\u00e3o uma fam\u00edlia para \u201ccaminhar\u201d juntos na vida\u201d.<\/p>\n<hr \/>\n<p><em>Fonte: R\u00e1dio Vaticano<\/em><\/p>\n","protected":false},"excerpt":{"rendered":"<p>Missa em Santa Marta<\/p>\n","protected":false},"author":1,"featured_media":222564,"comment_status":"open","ping_status":"open","sticky":false,"template":"","format":"standard","meta":[],"categories":[1428],"tags":[1586],"acf":[],"yoast_head":"<!-- This site is optimized with the Yoast SEO plugin v19.2 - https:\/\/yoast.com\/wordpress\/plugins\/seo\/ -->\n<title>N\u00e3o pensar que as ora\u00e7\u00f5es s\u00e3o palavras \u2018m\u00e1gicas\u2019 - Not\u00edcias - Franciscanos<\/title>\n<meta name=\"robots\" content=\"index, follow, max-snippet:-1, max-image-preview:large, max-video-preview:-1\" \/>\n<link rel=\"canonical\" href=\"https:\/\/franciscanos.org.br\/noticias\/nao-pensar-que-as-oracoes-sao-palavras-magicas.html\" \/>\n<meta property=\"og:locale\" content=\"pt_BR\" \/>\n<meta property=\"og:type\" content=\"article\" \/>\n<meta property=\"og:title\" content=\"N\u00e3o pensar que as ora\u00e7\u00f5es s\u00e3o palavras \u2018m\u00e1gicas\u2019 - Not\u00edcias - Franciscanos\" \/>\n<meta property=\"og:description\" content=\"Missa em Santa Marta\" \/>\n<meta property=\"og:url\" content=\"https:\/\/franciscanos.org.br\/noticias\/nao-pensar-que-as-oracoes-sao-palavras-magicas.html\" \/>\n<meta property=\"og:site_name\" content=\"Not\u00edcias - Franciscanos\" \/>\n<meta property=\"article:published_time\" content=\"2016-06-16T16:35:46+00:00\" \/>\n<meta property=\"article:modified_time\" content=\"2020-06-09T20:01:13+00:00\" \/>\n<meta property=\"og:image\" content=\"https:\/\/franciscanos.org.br\/noticias\/wp-content\/uploads\/2016\/06\/papa_16.jpg\" \/>\n\t<meta property=\"og:image:width\" content=\"273\" \/>\n\t<meta property=\"og:image:height\" content=\"181\" \/>\n\t<meta property=\"og:image:type\" content=\"image\/jpeg\" \/>\n<meta name=\"author\" content=\"admin\" \/>\n<meta name=\"twitter:card\" content=\"summary_large_image\" \/>\n<meta name=\"twitter:label1\" content=\"Escrito por\" \/>\n\t<meta name=\"twitter:data1\" content=\"admin\" \/>\n\t<meta name=\"twitter:label2\" content=\"Est. tempo de leitura\" \/>\n\t<meta name=\"twitter:data2\" content=\"4 minutos\" \/>\n<script type=\"application\/ld+json\" class=\"yoast-schema-graph\">{\"@context\":\"https:\/\/schema.org\",\"@graph\":[{\"@type\":\"WebSite\",\"@id\":\"https:\/\/franciscanos.org.br\/noticias\/#website\",\"url\":\"https:\/\/franciscanos.org.br\/noticias\/\",\"name\":\"Not\u00edcias - Franciscanos\",\"description\":\"Prov\u00edncia Franciscana da Imaculada Concei\u00e7\u00e3o do Brasil - Ordem dos Frades Menores - OFM\",\"potentialAction\":[{\"@type\":\"SearchAction\",\"target\":{\"@type\":\"EntryPoint\",\"urlTemplate\":\"https:\/\/franciscanos.org.br\/noticias\/?s={search_term_string}\"},\"query-input\":\"required name=search_term_string\"}],\"inLanguage\":\"pt-BR\"},{\"@type\":\"ImageObject\",\"inLanguage\":\"pt-BR\",\"@id\":\"https:\/\/franciscanos.org.br\/noticias\/nao-pensar-que-as-oracoes-sao-palavras-magicas.html#primaryimage\",\"url\":\"https:\/\/franciscanos.org.br\/noticias\/wp-content\/uploads\/2016\/06\/papa_16.jpg\",\"contentUrl\":\"https:\/\/franciscanos.org.br\/noticias\/wp-content\/uploads\/2016\/06\/papa_16.jpg\",\"width\":273,\"height\":181},{\"@type\":\"WebPage\",\"@id\":\"https:\/\/franciscanos.org.br\/noticias\/nao-pensar-que-as-oracoes-sao-palavras-magicas.html#webpage\",\"url\":\"https:\/\/franciscanos.org.br\/noticias\/nao-pensar-que-as-oracoes-sao-palavras-magicas.html\",\"name\":\"N\u00e3o pensar que as ora\u00e7\u00f5es s\u00e3o palavras \u2018m\u00e1gicas\u2019 - Not\u00edcias - Franciscanos\",\"isPartOf\":{\"@id\":\"https:\/\/franciscanos.org.br\/noticias\/#website\"},\"primaryImageOfPage\":{\"@id\":\"https:\/\/franciscanos.org.br\/noticias\/nao-pensar-que-as-oracoes-sao-palavras-magicas.html#primaryimage\"},\"datePublished\":\"2016-06-16T16:35:46+00:00\",\"dateModified\":\"2020-06-09T20:01:13+00:00\",\"author\":{\"@id\":\"https:\/\/franciscanos.org.br\/noticias\/#\/schema\/person\/b38fbf43118f02820bd932f2e4b14ad3\"},\"breadcrumb\":{\"@id\":\"https:\/\/franciscanos.org.br\/noticias\/nao-pensar-que-as-oracoes-sao-palavras-magicas.html#breadcrumb\"},\"inLanguage\":\"pt-BR\",\"potentialAction\":[{\"@type\":\"ReadAction\",\"target\":[\"https:\/\/franciscanos.org.br\/noticias\/nao-pensar-que-as-oracoes-sao-palavras-magicas.html\"]}]},{\"@type\":\"BreadcrumbList\",\"@id\":\"https:\/\/franciscanos.org.br\/noticias\/nao-pensar-que-as-oracoes-sao-palavras-magicas.html#breadcrumb\",\"itemListElement\":[{\"@type\":\"ListItem\",\"position\":1,\"name\":\"Home\",\"item\":\"https:\/\/franciscanos.org.br\/noticias\"},{\"@type\":\"ListItem\",\"position\":2,\"name\":\"N\u00e3o pensar que as ora\u00e7\u00f5es s\u00e3o palavras \u2018m\u00e1gicas\u2019\"}]},{\"@type\":\"Person\",\"@id\":\"https:\/\/franciscanos.org.br\/noticias\/#\/schema\/person\/b38fbf43118f02820bd932f2e4b14ad3\",\"name\":\"admin\",\"image\":{\"@type\":\"ImageObject\",\"inLanguage\":\"pt-BR\",\"@id\":\"https:\/\/franciscanos.org.br\/noticias\/#\/schema\/person\/image\/\",\"url\":\"https:\/\/secure.gravatar.com\/avatar\/e8495742d34d0ba6448ea1c628263b3e?s=96&d=mm&r=g\",\"contentUrl\":\"https:\/\/secure.gravatar.com\/avatar\/e8495742d34d0ba6448ea1c628263b3e?s=96&d=mm&r=g\",\"caption\":\"admin\"},\"url\":\"https:\/\/franciscanos.org.br\/noticias\/author\/admin\"}]}<\/script>\n<!-- \/ Yoast SEO plugin. -->","yoast_head_json":{"title":"N\u00e3o pensar que as ora\u00e7\u00f5es s\u00e3o palavras \u2018m\u00e1gicas\u2019 - Not\u00edcias - Franciscanos","robots":{"index":"index","follow":"follow","max-snippet":"max-snippet:-1","max-image-preview":"max-image-preview:large","max-video-preview":"max-video-preview:-1"},"canonical":"https:\/\/franciscanos.org.br\/noticias\/nao-pensar-que-as-oracoes-sao-palavras-magicas.html","og_locale":"pt_BR","og_type":"article","og_title":"N\u00e3o pensar que as ora\u00e7\u00f5es s\u00e3o palavras \u2018m\u00e1gicas\u2019 - Not\u00edcias - Franciscanos","og_description":"Missa em Santa Marta","og_url":"https:\/\/franciscanos.org.br\/noticias\/nao-pensar-que-as-oracoes-sao-palavras-magicas.html","og_site_name":"Not\u00edcias - Franciscanos","article_published_time":"2016-06-16T16:35:46+00:00","article_modified_time":"2020-06-09T20:01:13+00:00","og_image":[{"width":273,"height":181,"url":"https:\/\/franciscanos.org.br\/noticias\/wp-content\/uploads\/2016\/06\/papa_16.jpg","type":"image\/jpeg"}],"author":"admin","twitter_card":"summary_large_image","twitter_misc":{"Escrito por":"admin","Est. tempo de leitura":"4 minutos"},"schema":{"@context":"https:\/\/schema.org","@graph":[{"@type":"WebSite","@id":"https:\/\/franciscanos.org.br\/noticias\/#website","url":"https:\/\/franciscanos.org.br\/noticias\/","name":"Not\u00edcias - Franciscanos","description":"Prov\u00edncia Franciscana da Imaculada Concei\u00e7\u00e3o do Brasil - Ordem dos Frades Menores - OFM","potentialAction":[{"@type":"SearchAction","target":{"@type":"EntryPoint","urlTemplate":"https:\/\/franciscanos.org.br\/noticias\/?s={search_term_string}"},"query-input":"required name=search_term_string"}],"inLanguage":"pt-BR"},{"@type":"ImageObject","inLanguage":"pt-BR","@id":"https:\/\/franciscanos.org.br\/noticias\/nao-pensar-que-as-oracoes-sao-palavras-magicas.html#primaryimage","url":"https:\/\/franciscanos.org.br\/noticias\/wp-content\/uploads\/2016\/06\/papa_16.jpg","contentUrl":"https:\/\/franciscanos.org.br\/noticias\/wp-content\/uploads\/2016\/06\/papa_16.jpg","width":273,"height":181},{"@type":"WebPage","@id":"https:\/\/franciscanos.org.br\/noticias\/nao-pensar-que-as-oracoes-sao-palavras-magicas.html#webpage","url":"https:\/\/franciscanos.org.br\/noticias\/nao-pensar-que-as-oracoes-sao-palavras-magicas.html","name":"N\u00e3o pensar que as ora\u00e7\u00f5es s\u00e3o palavras \u2018m\u00e1gicas\u2019 - Not\u00edcias - Franciscanos","isPartOf":{"@id":"https:\/\/franciscanos.org.br\/noticias\/#website"},"primaryImageOfPage":{"@id":"https:\/\/franciscanos.org.br\/noticias\/nao-pensar-que-as-oracoes-sao-palavras-magicas.html#primaryimage"},"datePublished":"2016-06-16T16:35:46+00:00","dateModified":"2020-06-09T20:01:13+00:00","author":{"@id":"https:\/\/franciscanos.org.br\/noticias\/#\/schema\/person\/b38fbf43118f02820bd932f2e4b14ad3"},"breadcrumb":{"@id":"https:\/\/franciscanos.org.br\/noticias\/nao-pensar-que-as-oracoes-sao-palavras-magicas.html#breadcrumb"},"inLanguage":"pt-BR","potentialAction":[{"@type":"ReadAction","target":["https:\/\/franciscanos.org.br\/noticias\/nao-pensar-que-as-oracoes-sao-palavras-magicas.html"]}]},{"@type":"BreadcrumbList","@id":"https:\/\/franciscanos.org.br\/noticias\/nao-pensar-que-as-oracoes-sao-palavras-magicas.html#breadcrumb","itemListElement":[{"@type":"ListItem","position":1,"name":"Home","item":"https:\/\/franciscanos.org.br\/noticias"},{"@type":"ListItem","position":2,"name":"N\u00e3o pensar que as ora\u00e7\u00f5es s\u00e3o palavras \u2018m\u00e1gicas\u2019"}]},{"@type":"Person","@id":"https:\/\/franciscanos.org.br\/noticias\/#\/schema\/person\/b38fbf43118f02820bd932f2e4b14ad3","name":"admin","image":{"@type":"ImageObject","inLanguage":"pt-BR","@id":"https:\/\/franciscanos.org.br\/noticias\/#\/schema\/person\/image\/","url":"https:\/\/secure.gravatar.com\/avatar\/e8495742d34d0ba6448ea1c628263b3e?s=96&d=mm&r=g","contentUrl":"https:\/\/secure.gravatar.com\/avatar\/e8495742d34d0ba6448ea1c628263b3e?s=96&d=mm&r=g","caption":"admin"},"url":"https:\/\/franciscanos.org.br\/noticias\/author\/admin"}]}},"_links":{"self":[{"href":"https:\/\/franciscanos.org.br\/noticias\/wp-json\/wp\/v2\/posts\/111319"}],"collection":[{"href":"https:\/\/franciscanos.org.br\/noticias\/wp-json\/wp\/v2\/posts"}],"about":[{"href":"https:\/\/franciscanos.org.br\/noticias\/wp-json\/wp\/v2\/types\/post"}],"author":[{"embeddable":true,"href":"https:\/\/franciscanos.org.br\/noticias\/wp-json\/wp\/v2\/users\/1"}],"replies":[{"embeddable":true,"href":"https:\/\/franciscanos.org.br\/noticias\/wp-json\/wp\/v2\/comments?post=111319"}],"version-history":[{"count":2,"href":"https:\/\/franciscanos.org.br\/noticias\/wp-json\/wp\/v2\/posts\/111319\/revisions"}],"predecessor-version":[{"id":225679,"href":"https:\/\/franciscanos.org.br\/noticias\/wp-json\/wp\/v2\/posts\/111319\/revisions\/225679"}],"wp:featuredmedia":[{"embeddable":true,"href":"https:\/\/franciscanos.org.br\/noticias\/wp-json\/wp\/v2\/media\/222564"}],"wp:attachment":[{"href":"https:\/\/franciscanos.org.br\/noticias\/wp-json\/wp\/v2\/media?parent=111319"}],"wp:term":[{"taxonomy":"category","embeddable":true,"href":"https:\/\/franciscanos.org.br\/noticias\/wp-json\/wp\/v2\/categories?post=111319"},{"taxonomy":"post_tag","embeddable":true,"href":"https:\/\/franciscanos.org.br\/noticias\/wp-json\/wp\/v2\/tags?post=111319"}],"curies":[{"name":"wp","href":"https:\/\/api.w.org\/{rel}","templated":true}]}}