{"id":11122,"date":"2012-01-29T12:07:49","date_gmt":"2012-01-29T14:07:49","guid":{"rendered":"http:\/\/new.franciscanos.org.br\/?p=11122"},"modified":"2020-03-19T11:34:55","modified_gmt":"2020-03-19T14:34:55","slug":"frei-alisson-viva-esse-ministerio-presbiteral-no-espirito-de-francisco-de-assis","status":"publish","type":"post","link":"https:\/\/franciscanos.org.br\/noticias\/frei-alisson-viva-esse-ministerio-presbiteral-no-espirito-de-francisco-de-assis.html","title":{"rendered":"&#8220;Frei Alisson, viva esse minist\u00e9rio no esp\u00edrito de Francisco de Assis!&#8221;"},"content":{"rendered":"<p><img loading=\"lazy\" class=\"alignnone size-full wp-image-199099\" src=\"https:\/\/franciscanos.org.br\/noticias\/wp-content\/uploads\/2012\/01\/alisson_ordena_1_g2901.jpg\" alt=\"\" width=\"830\" height=\"386\" srcset=\"https:\/\/franciscanos.org.br\/noticias\/wp-content\/uploads\/2012\/01\/alisson_ordena_1_g2901.jpg 830w, https:\/\/franciscanos.org.br\/noticias\/wp-content\/uploads\/2012\/01\/alisson_ordena_1_g2901-450x209.jpg 450w, https:\/\/franciscanos.org.br\/noticias\/wp-content\/uploads\/2012\/01\/alisson_ordena_1_g2901-768x357.jpg 768w, https:\/\/franciscanos.org.br\/noticias\/wp-content\/uploads\/2012\/01\/alisson_ordena_1_g2901-150x70.jpg 150w\" sizes=\"(max-width: 830px) 100vw, 830px\" \/><\/p>\n<p><strong>Sorocaba (SP)<\/strong> &#8211; O arcebispo de Sorocaba, Dom Eduardo Benes de Sales Rodrigues, n\u00e3o falou muito na ordena\u00e7\u00e3o presbiteral de Frei Alisson Zanetti, neste s\u00e1bado (28), na Igreja Bom Jesus dos Aflitos em Sorocaba (SP). Mas tamb\u00e9m n\u00e3o precisou. Suas mensagens foram curtas e profundas. Um verdadeiro itiner\u00e1rio para o rec\u00e9m-ordenado sacerdote, que parte agora para a Miss\u00e3o de Angola.<\/p>\n<p><img loading=\"lazy\" class=\"alignleft size-full wp-image-199100\" src=\"https:\/\/franciscanos.org.br\/noticias\/wp-content\/uploads\/2012\/01\/09-1.jpg\" alt=\"\" width=\"338\" height=\"600\" srcset=\"https:\/\/franciscanos.org.br\/noticias\/wp-content\/uploads\/2012\/01\/09-1.jpg 338w, https:\/\/franciscanos.org.br\/noticias\/wp-content\/uploads\/2012\/01\/09-1-254x450.jpg 254w, https:\/\/franciscanos.org.br\/noticias\/wp-content\/uploads\/2012\/01\/09-1-150x266.jpg 150w\" sizes=\"(max-width: 338px) 100vw, 338px\" \/>Como era de se esperar, a Igreja Bom Jesus estava bonita e lotada, com o povo das tr\u00eas par\u00f3quias que a Fraternidade Franciscana de Sorocaba atende. O presbit\u00e9rio tamb\u00e9m foi tomado totalmente pelos confrades de Frei Alisson e sacerdotes da Arquidiocese. O governo da Prov\u00edncia da Imaculada Concei\u00e7\u00e3o esteve presente com o seu Ministro Provincial, Frei Fid\u00eancio Vanboemmel; o Vig\u00e1rio Provincial, Frei Est\u00eav\u00e3o Ottenbreit; os Definidores Frei C\u00e9sar K\u00fclkamp, Frei M\u00e1rio Tagliari e Frei Samuel Ferreira de Lima. O povo, contudo, n\u00e3o se limitou a Sorocaba. Um \u00f4nibus veio da Baixada Fluminense, onde Frei Alisson exerceu suas atividades pastorais no per\u00edodo da forma\u00e7\u00e3o teol\u00f3gica.<\/p>\n<p>Fazendo refer\u00eancia \u00e0 primeira leitura, Dom Eduardo lembrou que o padre, o bispo, assim como Jeremias \u2013 \u201cMe seduziste, Senhor, e agora?\u201d \u2013 no decorrer de suas vidas v\u00e3o enfrentar problemas e dificuldades. \u201cMas o fogo do Esp\u00edrito h\u00e1 de queimar no cora\u00e7\u00e3o de quem passa por essa crise e de fazer ainda mais persistente, mais teimoso, pregador da Palavra de Deus\u201d, ensinou.<\/p>\n<p>Elogiando Frei Alisson pela decis\u00e3o de ser mission\u00e1rio e pregador da Palavra de Deus em Angola, disse que \u00e9 preciso levar a Palavra \u201ccomo quem tem autoridade\u201d: \u201cJesus ensina com autoridade segundo o Evangelho deste domingo. Autoridade de quem vive profundamente o que fala. Esse \u00e9 o nosso grande desafio; para n\u00f3s, padres, e para voc\u00eas que t\u00eam f\u00e9\u201d, disse. Segundo ele, quem se esfor\u00e7a para viver a Palavra de Deus pode pregar com autoridade.<\/p>\n<p>Dom Eduardo, comentando a segunda leitura, fez uma refer\u00eancia tamb\u00e9m ao lema escolhido por Frei Alisson: \u201cLavai os p\u00e9s uns dos outros\u201d. Segundo o bispo, a caridade, o amor que vem de Deus, se traduz naquilo que o Evangelho diz: lavar os p\u00e9s, como Jesus fez. \u201cO lava-p\u00e9s \u00e9 o sinal do Cristo Senhor, que n\u00e3o veio para dominar, mas para servir, para devolver a cada ser humano a sua dignidade. O lava-p\u00e9s, na verdade, se cumpre plenamente quando Jesus morre na cruz. O momento supremo da manifesta\u00e7\u00e3o da caridade divina pela humanidade. E ningu\u00e9m mais compreendeu isso do que S\u00e3o Francisco de Assis. A Eucaristia \u00e9 a presen\u00e7a desse amor, o amor do Cristo que morre por n\u00f3s. Ressuscitado em cada eucaristia, Ele est\u00e1 presente com todo amor porque Ele se ofereceu na cruz\u201d, enfatizou.<\/p>\n<p>Por fim, falou diretamente a Frei Alisson: \u201cServindo o povo, distribuindo a Palavra, seja a Eucaristia o grande amor de sua vida, a grande fonte, o lugar tamb\u00e9m da entrega cotidiana da pr\u00f3pria vida nas m\u00e3os do Pai; entrega esta que se traduz depois no servi\u00e7o aos irm\u00e3os!\u201d.<\/p>\n<p>E finalizou: \u201cQue Deus o aben\u00e7oe e que voc\u00ea possa ser muito feliz fazendo com que o minist\u00e9rio presbiteral que, como bispo em nome de Cristo, confio a voc\u00ea, seja vivido no esp\u00edrito de Francisco de Assis: no despojamento, na humildade, na dedica\u00e7\u00e3o com aqueles que mais sofrem. E voc\u00ea come\u00e7ar\u00e1 de uma forma muito bonita em Angola, uma terra muito sofrida. A Igreja se alegra com a sua ordena\u00e7\u00e3o! Queremos pedir a Nossa Senhora, nossa M\u00e3e, que cuide do seu minist\u00e9rio, para que em todos os momentos, especialmente os mais dif\u00edceis, voc\u00ea sinta ainda mais forte a presen\u00e7a de Jesus em sua vida!\u201d<\/p>\n<p>Animado e alimentado com a Palavra de Deus, Frei Alisson foi chamado pelo di\u00e1cono Diego Melo para frente do altar: \u201cQueira se aproximar o que ser\u00e1 ordenado presb\u00edtero, Frei Alisson Luiz Zanetti\u201d.<\/p>\n<p><strong>O RITO<\/strong><br \/>\n<a href=\"http:\/\/franciscanos.org.br\/wp-content\/uploads\/2012\/01\/alisson_2_g2901.jpg\"><img loading=\"lazy\" class=\"alignleft\" title=\"Ordena\u00e7\u00e3o presbiteral de Frei Alisson\" src=\"http:\/\/franciscanos.org.br\/wp-content\/uploads\/2012\/01\/alisson_2_g2901.jpg\" alt=\"\" width=\"400\" height=\"366\" \/><\/a><br \/>\nO rito da ordena\u00e7\u00e3o presbiteral come\u00e7ou antes da homilia de Dom Eduardo, com chamada do candidato. Animado e alimentado com a Palavra de Deus, Frei Alisson foi chamado pelo di\u00e1cono Frei Diego Melo para frente do altar: \u201cQueira se aproximar o que ser\u00e1 ordenado presb\u00edtero, Frei Alisson Luiz Zanetti\u201d.<\/p>\n<p>Os pais, Claudete e Luiz, acompanharam o filho at\u00e9 o altar e se despediram dele com um abra\u00e7o e a b\u00ean\u00e7\u00e3o. Frei Alisson, ent\u00e3o, respondeu: \u201cAqui estou!\u201d.<\/p>\n<p>Ao pedido do Ministro Provincial ao bispo para que ordenasse Frei Alisson, Dom Eduardo perguntou: \u201cPodes dizer se ele \u00e9 digno deste minist\u00e9rio?\u201d<\/p>\n<p>E ouviu a seguinte resposta de Frei Fid\u00eancio: \u201cSim. Dom Eduardo, para atender o pedido de Frei Alisson Zanetti, o Conselho Provincial se reuniu no dia 28 de setembro de 2011 e leu atentamente o relat\u00f3rio preparado pela equipe formadora de Petr\u00f3polis. Tivemos em m\u00e3os uma s\u00edntese da caminhada vocacional de Frei Alisson, apreciamos as motiva\u00e7\u00f5es pessoais apresentadas por ele, ouvimos, tamb\u00e9m, a consulta feita ao povo de Deus, onde Frei Alisson desempenhou seu minist\u00e9rio presbiteral, e, finalmente, ouvido o parecer da equipe formativa da Teologia, n\u00f3s o consideramos apto para o minist\u00e9rio presbiteral\u201d. Dom Eduardo: \u201cQue coisa boa! Com aux\u00edlio de Nosso Senhor Jesus Cristo e Salvador, n\u00f3s escolhemos esse nosso irm\u00e3o para a Ordem do Presbiterato! Gra\u00e7as a Deus!\u201d<\/p>\n<p>Na sequ\u00eancia, diante da Igreja, Frei Alisson manteve um di\u00e1logo com o bispo, onde manifestou o seu consentimento a respeito do seu chamado ao minist\u00e9rio presbiteral, suas fun\u00e7\u00f5es e o seu modo de vida.<\/p>\n<p>Depois, de joelhos, colocou suas m\u00e3os nas m\u00e3os do bispo e prometeu obedi\u00eancia a ele e ao seu leg\u00edtimo superior. Em seguida, prostrado, em sinal de total dedica\u00e7\u00e3o a Deus, o eleito e toda a assembleia cantaram a Ladainha de Todos os Santos, pedindo assim a intercess\u00e3o daqueles que nos precederam na f\u00e9.<\/p>\n<p><a href=\"http:\/\/franciscanos.org.br\/wp-content\/uploads\/2012\/01\/alisson_3_g2901.jpg\"><img loading=\"lazy\" class=\"alignright\" title=\"Frei Raimundo imp\u00f5e as m\u00e3os a Frei Alisson\" src=\"http:\/\/franciscanos.org.br\/wp-content\/uploads\/2012\/01\/alisson_3_g2901.jpg\" alt=\"\" width=\"350\" height=\"516\" \/><\/a>Veio, ent\u00e3o, o momento central da ordena\u00e7\u00e3o: a imposi\u00e7\u00e3o das m\u00e3os e a prece da ordena\u00e7\u00e3o.<\/p>\n<p>Cada momento ou gesto do rito foi explicado detalhadamente por Frei Pedro da Silva, o animador vocacional da Prov\u00edncia. Segundo ele, pela imposi\u00e7\u00e3o das m\u00e3os do bispo e a prece \u00e9 conferido ao eleito o dom do Esp\u00edrito Santo, que o transforma e o capacita para a sua miss\u00e3o.<\/p>\n<p>\u201cEm sil\u00eancio, primeiro o bispo, depois todos os sacerdotes, um por um, imp\u00f5e as m\u00e3os sobre a cabe\u00e7a do eleito. N\u00f3s acompanhamos em total sil\u00eancio\u201d, pediu.<\/p>\n<p>Terminado este momento, Frei Alisson recebeu as vestes de presb\u00edtero (casula e estola), trazidas pela irm\u00e3 Francine, o cunhado Marcos e a pequena sobrinha Sophie. Frei Alisson foi revestido dos paramentos pr\u00f3prios do presb\u00edtero com a ajuda de Frei S\u00edlvio Werlingue, Frei Gilberto Piscitelli e Frei Cid Tadeu Passos, representando as tr\u00eas par\u00f3quias franciscanas em Sorocaba, atendidas pelos frades.<\/p>\n<p>O bispo, agora, ungiu com o \u00f3leo da crisma a palma das m\u00e3os do novo presb\u00edtero e amarrou suas m\u00e3os, que foram desatadas pelos pais. Frei Alisson, ent\u00e3o, deu a sua primeira b\u00ean\u00e7\u00e3o aos pais, enquanto era saudado pela assembleia. Terminado o rito, Frei Alisson j\u00e1 p\u00f4de participar como concelebrante da Eucaristia.<\/p>\n<p><strong><img loading=\"lazy\" class=\"alignleft size-full wp-image-199101\" src=\"https:\/\/franciscanos.org.br\/noticias\/wp-content\/uploads\/2012\/01\/07.jpg\" alt=\"\" width=\"446\" height=\"600\" srcset=\"https:\/\/franciscanos.org.br\/noticias\/wp-content\/uploads\/2012\/01\/07.jpg 446w, https:\/\/franciscanos.org.br\/noticias\/wp-content\/uploads\/2012\/01\/07-335x450.jpg 335w, https:\/\/franciscanos.org.br\/noticias\/wp-content\/uploads\/2012\/01\/07-150x202.jpg 150w\" sizes=\"(max-width: 446px) 100vw, 446px\" \/>AGRADECIMENTOS<\/strong><\/p>\n<p>O Ministro Provincial, Frei Fid\u00eancio Vanboemmel, agradeceu a Dom Eduardo por presidir a celebra\u00e7\u00e3o, a fraternidade, a comunidade, confrades e a fam\u00edlia, deixando por \u00faltimo o novo presb\u00edtero.<\/p>\n<p>\u201cFrei Alisson, muito obrigado a voc\u00ea por mais um sim entre tantos que j\u00e1 deu, a come\u00e7ar pelo seu batismo. E hoje esse sim \u00e0 Igreja de Deus, para servi-la no sacerd\u00f3cio de Jesus Cristo. Obrigado tamb\u00e9m pelo seu sim mission\u00e1rio. S\u00e3o Francisco diz que quando um frade pede para ir em miss\u00e3o, o Ministro n\u00e3o pode dizer n\u00e3o. Hoje, me chamou muito a aten\u00e7\u00e3o a grande presen\u00e7a de frades que trabalharam e trabalham na Miss\u00e3o, al\u00e9m de nosso querido Frei Mvula, que vai fazer amanh\u00e3 a sua primeira profiss\u00e3o na Ordem Franciscana. Mvula significa chuva. Que voc\u00ea Alisson seja uma \u201cchuva de b\u00ean\u00e7\u00e3os\u201d para a Miss\u00e3o de Angola\u201d, desejou.<\/p>\n<p>Tranquilo e sereno, como \u00e9 do seu feitio, caracter\u00edstica que herdou dos pais, Frei Alisson n\u00e3o economizou nos agradecimentos. Mas se emocionou ao falar de Frei Wilson Zanetti, seu primo e frade desta Prov\u00edncia falecido em 2008. Abra\u00e7ado \u00e0 irm\u00e3 de Frei Wilson, Neide Zanetti, ele confessou: \u201cA minha voca\u00e7\u00e3o eu devo, primeiro, a Deus e depois ao Frei Wilson. Ent\u00e3o, agora, ao dar um abra\u00e7o de todo o cora\u00e7\u00e3o a Neide, quero abra\u00e7\u00e1-lo tamb\u00e9m!\u201d.<\/p>\n<p>Num gesto simb\u00f3lico, em prociss\u00e3o foi trazida a imagem de Nossa Senhora de Nazar\u00e9, que em vida pertenceu ao Frei Wilson.<\/p>\n<p>Frei Alisson celebrou neste domingo, \u00e0s 10 horas, na mesma igreja de Bom Jesus dos Aflitos a Primeira Missa. Na Miss\u00e3o de Angola, como vig\u00e1rio paroquial, ele vai residir na Fraternidade de S\u00e3o Dami\u00e3o, em Malange.<\/p>\n","protected":false},"excerpt":{"rendered":"<p>Ordena\u00e7\u00e3o presbiteral de Frei Alisson Zanetti<\/p>\n","protected":false},"author":1,"featured_media":210866,"comment_status":"closed","ping_status":"open","sticky":false,"template":"","format":"standard","meta":[],"categories":[1],"tags":[149,157],"acf":[],"yoast_head":"<!-- This site is optimized with the Yoast SEO plugin v19.2 - https:\/\/yoast.com\/wordpress\/plugins\/seo\/ -->\n<title>&quot;Frei Alisson, viva esse minist\u00e9rio no esp\u00edrito de Francisco de Assis!&quot; - Not\u00edcias - Franciscanos<\/title>\n<meta name=\"robots\" content=\"index, follow, max-snippet:-1, max-image-preview:large, max-video-preview:-1\" \/>\n<link rel=\"canonical\" href=\"https:\/\/franciscanos.org.br\/noticias\/frei-alisson-viva-esse-ministerio-presbiteral-no-espirito-de-francisco-de-assis.html\" \/>\n<meta property=\"og:locale\" content=\"pt_BR\" \/>\n<meta property=\"og:type\" content=\"article\" \/>\n<meta property=\"og:title\" content=\"&quot;Frei Alisson, viva esse minist\u00e9rio no esp\u00edrito de Francisco de Assis!&quot; - Not\u00edcias - Franciscanos\" \/>\n<meta property=\"og:description\" content=\"Ordena\u00e7\u00e3o presbiteral de Frei Alisson Zanetti\" \/>\n<meta property=\"og:url\" content=\"https:\/\/franciscanos.org.br\/noticias\/frei-alisson-viva-esse-ministerio-presbiteral-no-espirito-de-francisco-de-assis.html\" \/>\n<meta property=\"og:site_name\" content=\"Not\u00edcias - Franciscanos\" \/>\n<meta property=\"article:published_time\" content=\"2012-01-29T14:07:49+00:00\" \/>\n<meta property=\"article:modified_time\" content=\"2020-03-19T14:34:55+00:00\" \/>\n<meta property=\"og:image\" content=\"https:\/\/franciscanos.org.br\/noticias\/wp-content\/uploads\/2012\/01\/alisson_ordena_1_g2901-1.jpg\" \/>\n\t<meta property=\"og:image:width\" content=\"273\" \/>\n\t<meta property=\"og:image:height\" content=\"181\" \/>\n\t<meta property=\"og:image:type\" content=\"image\/jpeg\" \/>\n<meta name=\"author\" content=\"admin\" \/>\n<meta name=\"twitter:card\" content=\"summary_large_image\" \/>\n<meta name=\"twitter:label1\" content=\"Escrito por\" \/>\n\t<meta name=\"twitter:data1\" content=\"admin\" \/>\n\t<meta name=\"twitter:label2\" content=\"Est. tempo de leitura\" \/>\n\t<meta name=\"twitter:data2\" content=\"8 minutos\" \/>\n<script type=\"application\/ld+json\" class=\"yoast-schema-graph\">{\"@context\":\"https:\/\/schema.org\",\"@graph\":[{\"@type\":\"WebSite\",\"@id\":\"https:\/\/franciscanos.org.br\/noticias\/#website\",\"url\":\"https:\/\/franciscanos.org.br\/noticias\/\",\"name\":\"Not\u00edcias - Franciscanos\",\"description\":\"Prov\u00edncia Franciscana da Imaculada Concei\u00e7\u00e3o do Brasil - Ordem dos Frades Menores - OFM\",\"potentialAction\":[{\"@type\":\"SearchAction\",\"target\":{\"@type\":\"EntryPoint\",\"urlTemplate\":\"https:\/\/franciscanos.org.br\/noticias\/?s={search_term_string}\"},\"query-input\":\"required name=search_term_string\"}],\"inLanguage\":\"pt-BR\"},{\"@type\":\"ImageObject\",\"inLanguage\":\"pt-BR\",\"@id\":\"https:\/\/franciscanos.org.br\/noticias\/frei-alisson-viva-esse-ministerio-presbiteral-no-espirito-de-francisco-de-assis.html#primaryimage\",\"url\":\"https:\/\/franciscanos.org.br\/noticias\/wp-content\/uploads\/2012\/01\/alisson_ordena_1_g2901-1.jpg\",\"contentUrl\":\"https:\/\/franciscanos.org.br\/noticias\/wp-content\/uploads\/2012\/01\/alisson_ordena_1_g2901-1.jpg\",\"width\":273,\"height\":181},{\"@type\":\"WebPage\",\"@id\":\"https:\/\/franciscanos.org.br\/noticias\/frei-alisson-viva-esse-ministerio-presbiteral-no-espirito-de-francisco-de-assis.html#webpage\",\"url\":\"https:\/\/franciscanos.org.br\/noticias\/frei-alisson-viva-esse-ministerio-presbiteral-no-espirito-de-francisco-de-assis.html\",\"name\":\"\\\"Frei Alisson, viva esse minist\u00e9rio no esp\u00edrito de Francisco de Assis!\\\" - Not\u00edcias - Franciscanos\",\"isPartOf\":{\"@id\":\"https:\/\/franciscanos.org.br\/noticias\/#website\"},\"primaryImageOfPage\":{\"@id\":\"https:\/\/franciscanos.org.br\/noticias\/frei-alisson-viva-esse-ministerio-presbiteral-no-espirito-de-francisco-de-assis.html#primaryimage\"},\"datePublished\":\"2012-01-29T14:07:49+00:00\",\"dateModified\":\"2020-03-19T14:34:55+00:00\",\"author\":{\"@id\":\"https:\/\/franciscanos.org.br\/noticias\/#\/schema\/person\/b38fbf43118f02820bd932f2e4b14ad3\"},\"breadcrumb\":{\"@id\":\"https:\/\/franciscanos.org.br\/noticias\/frei-alisson-viva-esse-ministerio-presbiteral-no-espirito-de-francisco-de-assis.html#breadcrumb\"},\"inLanguage\":\"pt-BR\",\"potentialAction\":[{\"@type\":\"ReadAction\",\"target\":[\"https:\/\/franciscanos.org.br\/noticias\/frei-alisson-viva-esse-ministerio-presbiteral-no-espirito-de-francisco-de-assis.html\"]}]},{\"@type\":\"BreadcrumbList\",\"@id\":\"https:\/\/franciscanos.org.br\/noticias\/frei-alisson-viva-esse-ministerio-presbiteral-no-espirito-de-francisco-de-assis.html#breadcrumb\",\"itemListElement\":[{\"@type\":\"ListItem\",\"position\":1,\"name\":\"Home\",\"item\":\"https:\/\/franciscanos.org.br\/noticias\"},{\"@type\":\"ListItem\",\"position\":2,\"name\":\"&#8220;Frei Alisson, viva esse minist\u00e9rio no esp\u00edrito de Francisco de Assis!&#8221;\"}]},{\"@type\":\"Person\",\"@id\":\"https:\/\/franciscanos.org.br\/noticias\/#\/schema\/person\/b38fbf43118f02820bd932f2e4b14ad3\",\"name\":\"admin\",\"image\":{\"@type\":\"ImageObject\",\"inLanguage\":\"pt-BR\",\"@id\":\"https:\/\/franciscanos.org.br\/noticias\/#\/schema\/person\/image\/\",\"url\":\"https:\/\/secure.gravatar.com\/avatar\/e8495742d34d0ba6448ea1c628263b3e?s=96&d=mm&r=g\",\"contentUrl\":\"https:\/\/secure.gravatar.com\/avatar\/e8495742d34d0ba6448ea1c628263b3e?s=96&d=mm&r=g\",\"caption\":\"admin\"},\"url\":\"https:\/\/franciscanos.org.br\/noticias\/author\/admin\"}]}<\/script>\n<!-- \/ Yoast SEO plugin. -->","yoast_head_json":{"title":"\"Frei Alisson, viva esse minist\u00e9rio no esp\u00edrito de Francisco de Assis!\" - Not\u00edcias - Franciscanos","robots":{"index":"index","follow":"follow","max-snippet":"max-snippet:-1","max-image-preview":"max-image-preview:large","max-video-preview":"max-video-preview:-1"},"canonical":"https:\/\/franciscanos.org.br\/noticias\/frei-alisson-viva-esse-ministerio-presbiteral-no-espirito-de-francisco-de-assis.html","og_locale":"pt_BR","og_type":"article","og_title":"\"Frei Alisson, viva esse minist\u00e9rio no esp\u00edrito de Francisco de Assis!\" - Not\u00edcias - Franciscanos","og_description":"Ordena\u00e7\u00e3o presbiteral de Frei Alisson Zanetti","og_url":"https:\/\/franciscanos.org.br\/noticias\/frei-alisson-viva-esse-ministerio-presbiteral-no-espirito-de-francisco-de-assis.html","og_site_name":"Not\u00edcias - Franciscanos","article_published_time":"2012-01-29T14:07:49+00:00","article_modified_time":"2020-03-19T14:34:55+00:00","og_image":[{"width":273,"height":181,"url":"https:\/\/franciscanos.org.br\/noticias\/wp-content\/uploads\/2012\/01\/alisson_ordena_1_g2901-1.jpg","type":"image\/jpeg"}],"author":"admin","twitter_card":"summary_large_image","twitter_misc":{"Escrito por":"admin","Est. tempo de leitura":"8 minutos"},"schema":{"@context":"https:\/\/schema.org","@graph":[{"@type":"WebSite","@id":"https:\/\/franciscanos.org.br\/noticias\/#website","url":"https:\/\/franciscanos.org.br\/noticias\/","name":"Not\u00edcias - Franciscanos","description":"Prov\u00edncia Franciscana da Imaculada Concei\u00e7\u00e3o do Brasil - Ordem dos Frades Menores - OFM","potentialAction":[{"@type":"SearchAction","target":{"@type":"EntryPoint","urlTemplate":"https:\/\/franciscanos.org.br\/noticias\/?s={search_term_string}"},"query-input":"required name=search_term_string"}],"inLanguage":"pt-BR"},{"@type":"ImageObject","inLanguage":"pt-BR","@id":"https:\/\/franciscanos.org.br\/noticias\/frei-alisson-viva-esse-ministerio-presbiteral-no-espirito-de-francisco-de-assis.html#primaryimage","url":"https:\/\/franciscanos.org.br\/noticias\/wp-content\/uploads\/2012\/01\/alisson_ordena_1_g2901-1.jpg","contentUrl":"https:\/\/franciscanos.org.br\/noticias\/wp-content\/uploads\/2012\/01\/alisson_ordena_1_g2901-1.jpg","width":273,"height":181},{"@type":"WebPage","@id":"https:\/\/franciscanos.org.br\/noticias\/frei-alisson-viva-esse-ministerio-presbiteral-no-espirito-de-francisco-de-assis.html#webpage","url":"https:\/\/franciscanos.org.br\/noticias\/frei-alisson-viva-esse-ministerio-presbiteral-no-espirito-de-francisco-de-assis.html","name":"\"Frei Alisson, viva esse minist\u00e9rio no esp\u00edrito de Francisco de Assis!\" - Not\u00edcias - Franciscanos","isPartOf":{"@id":"https:\/\/franciscanos.org.br\/noticias\/#website"},"primaryImageOfPage":{"@id":"https:\/\/franciscanos.org.br\/noticias\/frei-alisson-viva-esse-ministerio-presbiteral-no-espirito-de-francisco-de-assis.html#primaryimage"},"datePublished":"2012-01-29T14:07:49+00:00","dateModified":"2020-03-19T14:34:55+00:00","author":{"@id":"https:\/\/franciscanos.org.br\/noticias\/#\/schema\/person\/b38fbf43118f02820bd932f2e4b14ad3"},"breadcrumb":{"@id":"https:\/\/franciscanos.org.br\/noticias\/frei-alisson-viva-esse-ministerio-presbiteral-no-espirito-de-francisco-de-assis.html#breadcrumb"},"inLanguage":"pt-BR","potentialAction":[{"@type":"ReadAction","target":["https:\/\/franciscanos.org.br\/noticias\/frei-alisson-viva-esse-ministerio-presbiteral-no-espirito-de-francisco-de-assis.html"]}]},{"@type":"BreadcrumbList","@id":"https:\/\/franciscanos.org.br\/noticias\/frei-alisson-viva-esse-ministerio-presbiteral-no-espirito-de-francisco-de-assis.html#breadcrumb","itemListElement":[{"@type":"ListItem","position":1,"name":"Home","item":"https:\/\/franciscanos.org.br\/noticias"},{"@type":"ListItem","position":2,"name":"&#8220;Frei Alisson, viva esse minist\u00e9rio no esp\u00edrito de Francisco de Assis!&#8221;"}]},{"@type":"Person","@id":"https:\/\/franciscanos.org.br\/noticias\/#\/schema\/person\/b38fbf43118f02820bd932f2e4b14ad3","name":"admin","image":{"@type":"ImageObject","inLanguage":"pt-BR","@id":"https:\/\/franciscanos.org.br\/noticias\/#\/schema\/person\/image\/","url":"https:\/\/secure.gravatar.com\/avatar\/e8495742d34d0ba6448ea1c628263b3e?s=96&d=mm&r=g","contentUrl":"https:\/\/secure.gravatar.com\/avatar\/e8495742d34d0ba6448ea1c628263b3e?s=96&d=mm&r=g","caption":"admin"},"url":"https:\/\/franciscanos.org.br\/noticias\/author\/admin"}]}},"_links":{"self":[{"href":"https:\/\/franciscanos.org.br\/noticias\/wp-json\/wp\/v2\/posts\/11122"}],"collection":[{"href":"https:\/\/franciscanos.org.br\/noticias\/wp-json\/wp\/v2\/posts"}],"about":[{"href":"https:\/\/franciscanos.org.br\/noticias\/wp-json\/wp\/v2\/types\/post"}],"author":[{"embeddable":true,"href":"https:\/\/franciscanos.org.br\/noticias\/wp-json\/wp\/v2\/users\/1"}],"replies":[{"embeddable":true,"href":"https:\/\/franciscanos.org.br\/noticias\/wp-json\/wp\/v2\/comments?post=11122"}],"version-history":[{"count":1,"href":"https:\/\/franciscanos.org.br\/noticias\/wp-json\/wp\/v2\/posts\/11122\/revisions"}],"predecessor-version":[{"id":221960,"href":"https:\/\/franciscanos.org.br\/noticias\/wp-json\/wp\/v2\/posts\/11122\/revisions\/221960"}],"wp:featuredmedia":[{"embeddable":true,"href":"https:\/\/franciscanos.org.br\/noticias\/wp-json\/wp\/v2\/media\/210866"}],"wp:attachment":[{"href":"https:\/\/franciscanos.org.br\/noticias\/wp-json\/wp\/v2\/media?parent=11122"}],"wp:term":[{"taxonomy":"category","embeddable":true,"href":"https:\/\/franciscanos.org.br\/noticias\/wp-json\/wp\/v2\/categories?post=11122"},{"taxonomy":"post_tag","embeddable":true,"href":"https:\/\/franciscanos.org.br\/noticias\/wp-json\/wp\/v2\/tags?post=11122"}],"curies":[{"name":"wp","href":"https:\/\/api.w.org\/{rel}","templated":true}]}}