{"id":111103,"date":"2016-06-10T07:23:23","date_gmt":"2016-06-10T10:23:23","guid":{"rendered":"http:\/\/franciscanos.org.br\/?p=111103"},"modified":"2020-06-09T17:05:15","modified_gmt":"2020-06-09T20:05:15","slug":"a-fe-nao-e-para-mim-mas-para-dar-aos-outros","status":"publish","type":"post","link":"https:\/\/franciscanos.org.br\/noticias\/a-fe-nao-e-para-mim-mas-para-dar-aos-outros.html","title":{"rendered":"&#8220;A f\u00e9 n\u00e3o \u00e9 para mim, mas para dar aos outros&#8221;"},"content":{"rendered":"<p><img loading=\"lazy\" src=\"http:\/\/franciscanos.org.br\/wp-content\/uploads\/2016\/06\/papa_10.jpg\" alt=\"papa_10\" width=\"820\" height=\"308\" \/><\/p>\n<p><strong>Cidade do Vaticano<\/strong> \u2013 A vida do crist\u00e3o pode ser resumida em tr\u00eas comportamentos: estar \u201cde p\u00e9\u201d para acolher Deus, estar em paciente \u201csil\u00eancio\u201d para escutar a Sua voz e \u201cem sa\u00edda\u201d para anunci\u00e1-Lo aos demais. O Papa explicou este trin\u00f4mio na homilia matutina da sexta-feira, (10\/06), na Casa Santa Marta.<\/p>\n<p>Um pecador arrependido que decidiu retornar a Deus ou algu\u00e9m que consagrou a vida a Ele: ambos, em algum momento, podem ser tomados pelo \u201cmedo\u201d de n\u00e3o conseguir manter a escolha. E a f\u00e9 se emba\u00e7a enquanto a depress\u00e3o est\u00e1 \u00e0 espreita.<\/p>\n<p><strong>De p\u00e9 e em caminho<\/strong><br \/>\nPara aprofundar este aspecto e indicar a sa\u00edda do t\u00fanel, o Papa evocou por um momento a situa\u00e7\u00e3o do filho pr\u00f3digo, deprimido enquanto observa faminto os porcos. Todavia, Francisco se concentrou sobretudo no Profeta Elias, personagem da liturgia do dia.<\/p>\n<p>Ele, recordou o Papa, \u00e9 \u201cum vencedor\u201d que \u201ctanto lutou pela f\u00e9\u201d e derrotou centenas de id\u00f3latras no Monte Carmelo. Mas, ao ser alvo da en\u00e9sima persegui\u00e7\u00e3o, deixa-se abater. Cai por terra sob uma \u00e1rvore, desencorajado, esperando a morte. Mas Deus n\u00e3o o deixa naquele estado de prostra\u00e7\u00e3o e envia um anjo com uma frase imperativa: levanta-te, coma, saia: \u201cPara encontrar Deus \u00e9 necess\u00e1rio voltar \u00e0 situa\u00e7\u00e3o do homem no momento da cria\u00e7\u00e3o: de p\u00e9 e em caminho. Assim, Deus nos criou: \u00e0 Sua altura, \u00e0 Sua imagem e semelhan\u00e7a e em caminho. \u201cVai, segue adiante! Cultiva a terra, fa\u00e7a-a crescer; e multiplicai-vos&#8230;\u2019. \u2018Saia!\u2019. Saia e v\u00e1 ao Monte e pare no Monte \u00e0 minha presen\u00e7a. Elias ficou de p\u00e9. De p\u00e9, ele sai\u201d.<\/p>\n<p><strong>O fio de um sil\u00eancio sonoro<\/strong><br \/>\nSair, para ent\u00e3o colocar-se \u00e0 escuta de Deus. Mas, \u201ccomo passa o Senhor? Como posso encontrar o Senhor para ter certeza de que \u00e9 Ele?\u201d, se perguntou Francisco. O trecho do Livro dos Reis \u00e9 eloquente. Elias foi convidado pelo anjo para sair da caverna no Monte Horebe, onde encontrou abrigo para estar na \u201cpresen\u00e7a\u201d de Deus. No entanto, a induzi-lo a sair n\u00e3o s\u00e3o nem o vento \u201cimpetuoso e forte\u201d que quebra as rochas, nem o terremoto que se segue e nem mesmo o sucessivo fogo: \u201cMuito ru\u00eddo, muita majestade, muito movimento e o Senhor n\u00e3o estava ali. \u2018E depois do fogo, o sussurro de uma brisa suave\u2019 ou, como est\u00e1 no original, \u2018o fio de um sil\u00eancio sonoro\u2019. E ali estava o Senhor. Para encontrar o Senhor, \u00e9 preciso entrar em n\u00f3s mesmos e sentir aquele \u2018fio de um sil\u00eancio sonoro\u2019 e Ele nos fala ali\u201d.<\/p>\n<p><strong>A hora da miss\u00e3o<\/strong><br \/>\nO terceiro pedido do anjo a Elias \u00e9: \u201cSaia\u201d. O profeta \u00e9 convidado a refazer seus passos, em dire\u00e7\u00e3o do deserto, porque lhe foi dada uma tarefa a cumprir. Nisso, ressalta Francisco, se capta o est\u00edmulo \u201ca estarmos em caminho, n\u00e3o fechados, n\u00e3o dentro do nosso ego\u00edsmo, da nossa comodidade\u201d, mas \u201ccorajosos\u201d em \u201clevar aos outros a mensagem do Senhor\u201d, isto \u00e9, ir em \u201cmiss\u00e3o\u201d: \u201cDevemos sempre buscar o Senhor. Todos n\u00f3s sabemos como s\u00e3o os maus momentos: momentos que nos puxam para baixo, momentos sem f\u00e9, escuros, momentos em que n\u00e3o vemos o horizonte, somos incapazes de se levantar. Todos n\u00f3s sabemos isso! Mas \u00e9 o Senhor que vem, nos restaura com o p\u00e3o e com a sua for\u00e7a e nos diz: \u2018Levante-se e v\u00e1 em frente! Caminhe!\u2019. Para encontrar o Senhor devemos ser assim: em p\u00e9 e caminhar. Depois esperar que ele fale conosco: o cora\u00e7\u00e3o aberto. E Ele vai nos dizer: \u2018Sou eu\u2019 e ali a f\u00e9 se torna forte. A f\u00e9 \u00e9 para mim, para preserv\u00e1-la? N\u00e3o! \u00c9 para ir e dar aos outros, para ungir os outros, para a miss\u00e3o\u201d.<\/p>\n<hr \/>\n<p><em>Fonte: R\u00e1dio Vaticano<\/em><\/p>\n","protected":false},"excerpt":{"rendered":"<p>Missa em Santa Marta<\/p>\n","protected":false},"author":1,"featured_media":222635,"comment_status":"open","ping_status":"open","sticky":false,"template":"","format":"standard","meta":[],"categories":[1428],"tags":[1586],"acf":[],"yoast_head":"<!-- This site is optimized with the Yoast SEO plugin v19.2 - https:\/\/yoast.com\/wordpress\/plugins\/seo\/ -->\n<title>&quot;A f\u00e9 n\u00e3o \u00e9 para mim, mas para dar aos outros&quot; - Not\u00edcias - Franciscanos<\/title>\n<meta name=\"robots\" content=\"index, follow, max-snippet:-1, max-image-preview:large, max-video-preview:-1\" \/>\n<link rel=\"canonical\" href=\"https:\/\/franciscanos.org.br\/noticias\/a-fe-nao-e-para-mim-mas-para-dar-aos-outros.html\" \/>\n<meta property=\"og:locale\" content=\"pt_BR\" \/>\n<meta property=\"og:type\" content=\"article\" \/>\n<meta property=\"og:title\" content=\"&quot;A f\u00e9 n\u00e3o \u00e9 para mim, mas para dar aos outros&quot; - Not\u00edcias - Franciscanos\" \/>\n<meta property=\"og:description\" content=\"Missa em Santa Marta\" \/>\n<meta property=\"og:url\" content=\"https:\/\/franciscanos.org.br\/noticias\/a-fe-nao-e-para-mim-mas-para-dar-aos-outros.html\" \/>\n<meta property=\"og:site_name\" content=\"Not\u00edcias - Franciscanos\" \/>\n<meta property=\"article:published_time\" content=\"2016-06-10T10:23:23+00:00\" \/>\n<meta property=\"article:modified_time\" content=\"2020-06-09T20:05:15+00:00\" \/>\n<meta property=\"og:image\" content=\"https:\/\/franciscanos.org.br\/noticias\/wp-content\/uploads\/2016\/06\/papa_10.jpg\" \/>\n\t<meta property=\"og:image:width\" content=\"273\" \/>\n\t<meta property=\"og:image:height\" content=\"181\" \/>\n\t<meta property=\"og:image:type\" content=\"image\/jpeg\" \/>\n<meta name=\"author\" content=\"admin\" \/>\n<meta name=\"twitter:card\" content=\"summary_large_image\" \/>\n<meta name=\"twitter:label1\" content=\"Escrito por\" \/>\n\t<meta name=\"twitter:data1\" content=\"admin\" \/>\n\t<meta name=\"twitter:label2\" content=\"Est. tempo de leitura\" \/>\n\t<meta name=\"twitter:data2\" content=\"3 minutos\" \/>\n<script type=\"application\/ld+json\" class=\"yoast-schema-graph\">{\"@context\":\"https:\/\/schema.org\",\"@graph\":[{\"@type\":\"WebSite\",\"@id\":\"https:\/\/franciscanos.org.br\/noticias\/#website\",\"url\":\"https:\/\/franciscanos.org.br\/noticias\/\",\"name\":\"Not\u00edcias - Franciscanos\",\"description\":\"Prov\u00edncia Franciscana da Imaculada Concei\u00e7\u00e3o do Brasil - Ordem dos Frades Menores - OFM\",\"potentialAction\":[{\"@type\":\"SearchAction\",\"target\":{\"@type\":\"EntryPoint\",\"urlTemplate\":\"https:\/\/franciscanos.org.br\/noticias\/?s={search_term_string}\"},\"query-input\":\"required name=search_term_string\"}],\"inLanguage\":\"pt-BR\"},{\"@type\":\"ImageObject\",\"inLanguage\":\"pt-BR\",\"@id\":\"https:\/\/franciscanos.org.br\/noticias\/a-fe-nao-e-para-mim-mas-para-dar-aos-outros.html#primaryimage\",\"url\":\"https:\/\/franciscanos.org.br\/noticias\/wp-content\/uploads\/2016\/06\/papa_10.jpg\",\"contentUrl\":\"https:\/\/franciscanos.org.br\/noticias\/wp-content\/uploads\/2016\/06\/papa_10.jpg\",\"width\":273,\"height\":181},{\"@type\":\"WebPage\",\"@id\":\"https:\/\/franciscanos.org.br\/noticias\/a-fe-nao-e-para-mim-mas-para-dar-aos-outros.html#webpage\",\"url\":\"https:\/\/franciscanos.org.br\/noticias\/a-fe-nao-e-para-mim-mas-para-dar-aos-outros.html\",\"name\":\"\\\"A f\u00e9 n\u00e3o \u00e9 para mim, mas para dar aos outros\\\" - Not\u00edcias - Franciscanos\",\"isPartOf\":{\"@id\":\"https:\/\/franciscanos.org.br\/noticias\/#website\"},\"primaryImageOfPage\":{\"@id\":\"https:\/\/franciscanos.org.br\/noticias\/a-fe-nao-e-para-mim-mas-para-dar-aos-outros.html#primaryimage\"},\"datePublished\":\"2016-06-10T10:23:23+00:00\",\"dateModified\":\"2020-06-09T20:05:15+00:00\",\"author\":{\"@id\":\"https:\/\/franciscanos.org.br\/noticias\/#\/schema\/person\/b38fbf43118f02820bd932f2e4b14ad3\"},\"breadcrumb\":{\"@id\":\"https:\/\/franciscanos.org.br\/noticias\/a-fe-nao-e-para-mim-mas-para-dar-aos-outros.html#breadcrumb\"},\"inLanguage\":\"pt-BR\",\"potentialAction\":[{\"@type\":\"ReadAction\",\"target\":[\"https:\/\/franciscanos.org.br\/noticias\/a-fe-nao-e-para-mim-mas-para-dar-aos-outros.html\"]}]},{\"@type\":\"BreadcrumbList\",\"@id\":\"https:\/\/franciscanos.org.br\/noticias\/a-fe-nao-e-para-mim-mas-para-dar-aos-outros.html#breadcrumb\",\"itemListElement\":[{\"@type\":\"ListItem\",\"position\":1,\"name\":\"Home\",\"item\":\"https:\/\/franciscanos.org.br\/noticias\"},{\"@type\":\"ListItem\",\"position\":2,\"name\":\"&#8220;A f\u00e9 n\u00e3o \u00e9 para mim, mas para dar aos outros&#8221;\"}]},{\"@type\":\"Person\",\"@id\":\"https:\/\/franciscanos.org.br\/noticias\/#\/schema\/person\/b38fbf43118f02820bd932f2e4b14ad3\",\"name\":\"admin\",\"image\":{\"@type\":\"ImageObject\",\"inLanguage\":\"pt-BR\",\"@id\":\"https:\/\/franciscanos.org.br\/noticias\/#\/schema\/person\/image\/\",\"url\":\"https:\/\/secure.gravatar.com\/avatar\/e8495742d34d0ba6448ea1c628263b3e?s=96&d=mm&r=g\",\"contentUrl\":\"https:\/\/secure.gravatar.com\/avatar\/e8495742d34d0ba6448ea1c628263b3e?s=96&d=mm&r=g\",\"caption\":\"admin\"},\"url\":\"https:\/\/franciscanos.org.br\/noticias\/author\/admin\"}]}<\/script>\n<!-- \/ Yoast SEO plugin. -->","yoast_head_json":{"title":"\"A f\u00e9 n\u00e3o \u00e9 para mim, mas para dar aos outros\" - Not\u00edcias - Franciscanos","robots":{"index":"index","follow":"follow","max-snippet":"max-snippet:-1","max-image-preview":"max-image-preview:large","max-video-preview":"max-video-preview:-1"},"canonical":"https:\/\/franciscanos.org.br\/noticias\/a-fe-nao-e-para-mim-mas-para-dar-aos-outros.html","og_locale":"pt_BR","og_type":"article","og_title":"\"A f\u00e9 n\u00e3o \u00e9 para mim, mas para dar aos outros\" - Not\u00edcias - Franciscanos","og_description":"Missa em Santa Marta","og_url":"https:\/\/franciscanos.org.br\/noticias\/a-fe-nao-e-para-mim-mas-para-dar-aos-outros.html","og_site_name":"Not\u00edcias - Franciscanos","article_published_time":"2016-06-10T10:23:23+00:00","article_modified_time":"2020-06-09T20:05:15+00:00","og_image":[{"width":273,"height":181,"url":"https:\/\/franciscanos.org.br\/noticias\/wp-content\/uploads\/2016\/06\/papa_10.jpg","type":"image\/jpeg"}],"author":"admin","twitter_card":"summary_large_image","twitter_misc":{"Escrito por":"admin","Est. tempo de leitura":"3 minutos"},"schema":{"@context":"https:\/\/schema.org","@graph":[{"@type":"WebSite","@id":"https:\/\/franciscanos.org.br\/noticias\/#website","url":"https:\/\/franciscanos.org.br\/noticias\/","name":"Not\u00edcias - Franciscanos","description":"Prov\u00edncia Franciscana da Imaculada Concei\u00e7\u00e3o do Brasil - Ordem dos Frades Menores - OFM","potentialAction":[{"@type":"SearchAction","target":{"@type":"EntryPoint","urlTemplate":"https:\/\/franciscanos.org.br\/noticias\/?s={search_term_string}"},"query-input":"required name=search_term_string"}],"inLanguage":"pt-BR"},{"@type":"ImageObject","inLanguage":"pt-BR","@id":"https:\/\/franciscanos.org.br\/noticias\/a-fe-nao-e-para-mim-mas-para-dar-aos-outros.html#primaryimage","url":"https:\/\/franciscanos.org.br\/noticias\/wp-content\/uploads\/2016\/06\/papa_10.jpg","contentUrl":"https:\/\/franciscanos.org.br\/noticias\/wp-content\/uploads\/2016\/06\/papa_10.jpg","width":273,"height":181},{"@type":"WebPage","@id":"https:\/\/franciscanos.org.br\/noticias\/a-fe-nao-e-para-mim-mas-para-dar-aos-outros.html#webpage","url":"https:\/\/franciscanos.org.br\/noticias\/a-fe-nao-e-para-mim-mas-para-dar-aos-outros.html","name":"\"A f\u00e9 n\u00e3o \u00e9 para mim, mas para dar aos outros\" - Not\u00edcias - Franciscanos","isPartOf":{"@id":"https:\/\/franciscanos.org.br\/noticias\/#website"},"primaryImageOfPage":{"@id":"https:\/\/franciscanos.org.br\/noticias\/a-fe-nao-e-para-mim-mas-para-dar-aos-outros.html#primaryimage"},"datePublished":"2016-06-10T10:23:23+00:00","dateModified":"2020-06-09T20:05:15+00:00","author":{"@id":"https:\/\/franciscanos.org.br\/noticias\/#\/schema\/person\/b38fbf43118f02820bd932f2e4b14ad3"},"breadcrumb":{"@id":"https:\/\/franciscanos.org.br\/noticias\/a-fe-nao-e-para-mim-mas-para-dar-aos-outros.html#breadcrumb"},"inLanguage":"pt-BR","potentialAction":[{"@type":"ReadAction","target":["https:\/\/franciscanos.org.br\/noticias\/a-fe-nao-e-para-mim-mas-para-dar-aos-outros.html"]}]},{"@type":"BreadcrumbList","@id":"https:\/\/franciscanos.org.br\/noticias\/a-fe-nao-e-para-mim-mas-para-dar-aos-outros.html#breadcrumb","itemListElement":[{"@type":"ListItem","position":1,"name":"Home","item":"https:\/\/franciscanos.org.br\/noticias"},{"@type":"ListItem","position":2,"name":"&#8220;A f\u00e9 n\u00e3o \u00e9 para mim, mas para dar aos outros&#8221;"}]},{"@type":"Person","@id":"https:\/\/franciscanos.org.br\/noticias\/#\/schema\/person\/b38fbf43118f02820bd932f2e4b14ad3","name":"admin","image":{"@type":"ImageObject","inLanguage":"pt-BR","@id":"https:\/\/franciscanos.org.br\/noticias\/#\/schema\/person\/image\/","url":"https:\/\/secure.gravatar.com\/avatar\/e8495742d34d0ba6448ea1c628263b3e?s=96&d=mm&r=g","contentUrl":"https:\/\/secure.gravatar.com\/avatar\/e8495742d34d0ba6448ea1c628263b3e?s=96&d=mm&r=g","caption":"admin"},"url":"https:\/\/franciscanos.org.br\/noticias\/author\/admin"}]}},"_links":{"self":[{"href":"https:\/\/franciscanos.org.br\/noticias\/wp-json\/wp\/v2\/posts\/111103"}],"collection":[{"href":"https:\/\/franciscanos.org.br\/noticias\/wp-json\/wp\/v2\/posts"}],"about":[{"href":"https:\/\/franciscanos.org.br\/noticias\/wp-json\/wp\/v2\/types\/post"}],"author":[{"embeddable":true,"href":"https:\/\/franciscanos.org.br\/noticias\/wp-json\/wp\/v2\/users\/1"}],"replies":[{"embeddable":true,"href":"https:\/\/franciscanos.org.br\/noticias\/wp-json\/wp\/v2\/comments?post=111103"}],"version-history":[{"count":2,"href":"https:\/\/franciscanos.org.br\/noticias\/wp-json\/wp\/v2\/posts\/111103\/revisions"}],"predecessor-version":[{"id":225683,"href":"https:\/\/franciscanos.org.br\/noticias\/wp-json\/wp\/v2\/posts\/111103\/revisions\/225683"}],"wp:featuredmedia":[{"embeddable":true,"href":"https:\/\/franciscanos.org.br\/noticias\/wp-json\/wp\/v2\/media\/222635"}],"wp:attachment":[{"href":"https:\/\/franciscanos.org.br\/noticias\/wp-json\/wp\/v2\/media?parent=111103"}],"wp:term":[{"taxonomy":"category","embeddable":true,"href":"https:\/\/franciscanos.org.br\/noticias\/wp-json\/wp\/v2\/categories?post=111103"},{"taxonomy":"post_tag","embeddable":true,"href":"https:\/\/franciscanos.org.br\/noticias\/wp-json\/wp\/v2\/tags?post=111103"}],"curies":[{"name":"wp","href":"https:\/\/api.w.org\/{rel}","templated":true}]}}