{"id":110741,"date":"2016-06-07T07:33:30","date_gmt":"2016-06-07T10:33:30","guid":{"rendered":"http:\/\/franciscanos.org.br\/?p=110741"},"modified":"2020-06-09T17:07:06","modified_gmt":"2020-06-09T20:07:06","slug":"a-oracao-e-a-pilha-do-cristao-para-iluminar","status":"publish","type":"post","link":"https:\/\/franciscanos.org.br\/noticias\/a-oracao-e-a-pilha-do-cristao-para-iluminar.html","title":{"rendered":"A ora\u00e7\u00e3o \u00e9 a pilha do crist\u00e3o para iluminar"},"content":{"rendered":"<p><img loading=\"lazy\" src=\"http:\/\/franciscanos.org.br\/wp-content\/uploads\/2016\/06\/papa_07_820.jpg\" alt=\"papa_07_820\" width=\"820\" height=\"370\" \/><\/p>\n<p><strong>Cidade do Vaticano<\/strong> \u2013 A pilha do crist\u00e3o para iluminar \u00e9 a ora\u00e7\u00e3o. Foi o que afirmou o Papa Francisco na Missa celebrada na manh\u00e3 de ter\u00e7a-feira (07\/06) na Casa Santa Marta.<\/p>\n<p>Luz e sal: Comentando o Evangelho do dia, Francisco ressaltou que Jesus fala sempre \u201ccom palavras f\u00e1ceis, com compara\u00e7\u00f5es simples, para que todos possam entender a mensagem\u201d. Daqui a defini\u00e7\u00e3o do crist\u00e3o que deve ser luz e sal. Nenhuma das duas coisas \u00e9 finalizada a si mesma, explicou o Pont\u00edfice. \u201cA luz \u00e9 para iluminar algo; o sal \u00e9 para dar sabor\u201d a outro alimento.<\/p>\n<p>O Papa ent\u00e3o se pergunta: mas como o crist\u00e3o pode fazer para que n\u00e3o faltem sal e luz, para que n\u00e3o acabe o \u00f3leo para acender a l\u00e2mpada?<\/p>\n<p>\u201cQual \u00e9 a pilha do crist\u00e3o para iluminar? Simplesmente a ora\u00e7\u00e3o. Voc\u00ea pode fazer tantas coisas, tantas obras, inclusive obras de miseric\u00f3rdia, pode fazer tantas coisas grandes para a Igreja \u2013 uma universidade cat\u00f3lica, um col\u00e9gio, um hospital&#8230; \u2013 podem at\u00e9 fazer a voc\u00ea um monumento como benfeitor da Igreja. Mas se n\u00e3o rezar, ser\u00e1 um pouco obscuro, tenebroso. Quantas obras de tornam obscuras por falta de luz, por falta de ora\u00e7\u00e3o. Aquilo que mant\u00e9m, que d\u00e1 vida \u00e0 luz crist\u00e3, aquilo que ilumina \u00e9 a ora\u00e7\u00e3o\u201d.<\/p>\n<p>O Papa completou: mas esta ora\u00e7\u00e3o deve ser \u201cpara valer\u201d: \u201ca ora\u00e7\u00e3o de adora\u00e7\u00e3o ao Pai, de louvor \u00e0 Trindade, a ora\u00e7\u00e3o de agradecimento, pode ser tamb\u00e9m a ora\u00e7\u00e3o para pedir coisas ao Senhor, mas a ora\u00e7\u00e3o do cora\u00e7\u00e3o\u201d.<\/p>\n<p>Este \u00e9 o \u00f3leo, a pilha que d\u00e1 vida \u00e0 luz\u201d, prosseguiu Francisco. Tamb\u00e9m o sal, acrescentou, n\u00e3o d\u00e1 sabor a si mesmo\u201d: \u201cO sal se torna sal quando se doa. E esta \u00e9 outra atitude do crist\u00e3o: doar-se, dar sabor \u00e0 vida dos outros, dar sabor com a mensagem do Evangelho. Doar-se. N\u00e3o preservar si mesmo. O sal n\u00e3o \u00e9 para o crist\u00e3o, \u00e9 para doar. O crist\u00e3o recebe para do\u00e1-lo, mas n\u00e3o para si mesmo. Os dois \u2013 isso \u00e9 curioso \u2013, luz e sal, s\u00e3o para os outros, n\u00e3o para si mesmo. A luz n\u00e3o ilumina a si mesma; o sal n\u00e3o d\u00e1 sabor por si s\u00f3\u201d.<\/p>\n<p>Certo \u2013 observou &#8211; pode-se perguntar at\u00e9 quando o sal e a luz podem durar se continuarmos a doar-nos sem parar. Ali &#8211; responde Francisco &#8211; \u201centra a for\u00e7a de Deus, porque o crist\u00e3o \u00e9 um sal doado por Deus no Batismo\u201d, \u00e9 \u201cuma coisa que \u00e9 dada como dom e continua a ser doada se continuarmos a d\u00e1-la, iluminando e dando. E n\u00e3o termina nunca\u201d.<\/p>\n<p>Isto \u00e9 precisamente o que acontece na Primeira Leitura com a vi\u00fava de Sarepta que confia no Profeta Elias e por isso, sua farinha e o \u00f3leo n\u00e3o acabam nunca. O Papa ent\u00e3o dirigiu um pensamento \u00e0 vida presente do crist\u00e3o: \u201cIlumina com a sua luz, mas defenda-se da tenta\u00e7\u00e3o de iluminar a voc\u00ea mesmo. Isto \u00e9 uma coisa feia, \u00e9 um pouco como a espiritualidade do espelho: ilumino a mim mesmo. Defenda-se da tenta\u00e7\u00e3o de cuidar de si mesmo. Seja luz para iluminar, seja sal para dar sabor e conservar\u201d.<\/p>\n<p>O sal e a luz, afirmou ainda, \u201cn\u00e3o s\u00e3o para si mesmos\u201d, s\u00e3o para dar aos outros \u201cboas obras\u201d. E assim, exortou, \u201cresplande\u00e7a a sua luz diante dos homens. Para que? Para que vejam as suas boas obras e glorifiquem o seu Pai, que est\u00e1 nos c\u00e9us. Ou seja: retornar \u00c0quele que lhe deu a luz e lhe deu o sal\u201d. \u201cQue o Senhor nos ajude nisso \u2013 retomou o Papa \u2013 a cuidar sempre da luz, a n\u00e3o escond\u00ea-la, mas coloc\u00e1-la em pr\u00e1tica\u201d. E o sal&#8230; \u201cdar o justo, o necess\u00e1rio, mas do\u00e1-lo\u201d, porque assim n\u00e3o acaba. \u201cEstas \u2013 concluiu \u2013 s\u00e3o as boas obras do crist\u00e3o\u201d.<\/p>\n<hr \/>\n<p><em>Fonte: R\u00e1dio Vaticano<\/em><\/p>\n","protected":false},"excerpt":{"rendered":"<p>Missa em Santa Marta<\/p>\n","protected":false},"author":1,"featured_media":222642,"comment_status":"open","ping_status":"open","sticky":false,"template":"","format":"standard","meta":[],"categories":[1428],"tags":[1586],"acf":[],"yoast_head":"<!-- This site is optimized with the Yoast SEO plugin v19.2 - https:\/\/yoast.com\/wordpress\/plugins\/seo\/ -->\n<title>A ora\u00e7\u00e3o \u00e9 a pilha do crist\u00e3o para iluminar - Not\u00edcias - Franciscanos<\/title>\n<meta name=\"robots\" content=\"index, follow, max-snippet:-1, max-image-preview:large, max-video-preview:-1\" \/>\n<link rel=\"canonical\" href=\"https:\/\/franciscanos.org.br\/noticias\/a-oracao-e-a-pilha-do-cristao-para-iluminar.html\" \/>\n<meta property=\"og:locale\" content=\"pt_BR\" \/>\n<meta property=\"og:type\" content=\"article\" \/>\n<meta property=\"og:title\" content=\"A ora\u00e7\u00e3o \u00e9 a pilha do crist\u00e3o para iluminar - Not\u00edcias - Franciscanos\" \/>\n<meta property=\"og:description\" content=\"Missa em Santa Marta\" \/>\n<meta property=\"og:url\" content=\"https:\/\/franciscanos.org.br\/noticias\/a-oracao-e-a-pilha-do-cristao-para-iluminar.html\" \/>\n<meta property=\"og:site_name\" content=\"Not\u00edcias - Franciscanos\" \/>\n<meta property=\"article:published_time\" content=\"2016-06-07T10:33:30+00:00\" \/>\n<meta property=\"article:modified_time\" content=\"2020-06-09T20:07:06+00:00\" \/>\n<meta property=\"og:image\" content=\"https:\/\/franciscanos.org.br\/noticias\/wp-content\/uploads\/2016\/06\/papa_07_820.jpg\" \/>\n\t<meta property=\"og:image:width\" content=\"273\" \/>\n\t<meta property=\"og:image:height\" content=\"181\" \/>\n\t<meta property=\"og:image:type\" content=\"image\/jpeg\" \/>\n<meta name=\"author\" content=\"admin\" \/>\n<meta name=\"twitter:card\" content=\"summary_large_image\" \/>\n<meta name=\"twitter:label1\" content=\"Escrito por\" \/>\n\t<meta name=\"twitter:data1\" content=\"admin\" \/>\n\t<meta name=\"twitter:label2\" content=\"Est. tempo de leitura\" \/>\n\t<meta name=\"twitter:data2\" content=\"3 minutos\" \/>\n<script type=\"application\/ld+json\" class=\"yoast-schema-graph\">{\"@context\":\"https:\/\/schema.org\",\"@graph\":[{\"@type\":\"WebSite\",\"@id\":\"https:\/\/franciscanos.org.br\/noticias\/#website\",\"url\":\"https:\/\/franciscanos.org.br\/noticias\/\",\"name\":\"Not\u00edcias - Franciscanos\",\"description\":\"Prov\u00edncia Franciscana da Imaculada Concei\u00e7\u00e3o do Brasil - Ordem dos Frades Menores - OFM\",\"potentialAction\":[{\"@type\":\"SearchAction\",\"target\":{\"@type\":\"EntryPoint\",\"urlTemplate\":\"https:\/\/franciscanos.org.br\/noticias\/?s={search_term_string}\"},\"query-input\":\"required name=search_term_string\"}],\"inLanguage\":\"pt-BR\"},{\"@type\":\"ImageObject\",\"inLanguage\":\"pt-BR\",\"@id\":\"https:\/\/franciscanos.org.br\/noticias\/a-oracao-e-a-pilha-do-cristao-para-iluminar.html#primaryimage\",\"url\":\"https:\/\/franciscanos.org.br\/noticias\/wp-content\/uploads\/2016\/06\/papa_07_820.jpg\",\"contentUrl\":\"https:\/\/franciscanos.org.br\/noticias\/wp-content\/uploads\/2016\/06\/papa_07_820.jpg\",\"width\":273,\"height\":181},{\"@type\":\"WebPage\",\"@id\":\"https:\/\/franciscanos.org.br\/noticias\/a-oracao-e-a-pilha-do-cristao-para-iluminar.html#webpage\",\"url\":\"https:\/\/franciscanos.org.br\/noticias\/a-oracao-e-a-pilha-do-cristao-para-iluminar.html\",\"name\":\"A ora\u00e7\u00e3o \u00e9 a pilha do crist\u00e3o para iluminar - Not\u00edcias - Franciscanos\",\"isPartOf\":{\"@id\":\"https:\/\/franciscanos.org.br\/noticias\/#website\"},\"primaryImageOfPage\":{\"@id\":\"https:\/\/franciscanos.org.br\/noticias\/a-oracao-e-a-pilha-do-cristao-para-iluminar.html#primaryimage\"},\"datePublished\":\"2016-06-07T10:33:30+00:00\",\"dateModified\":\"2020-06-09T20:07:06+00:00\",\"author\":{\"@id\":\"https:\/\/franciscanos.org.br\/noticias\/#\/schema\/person\/b38fbf43118f02820bd932f2e4b14ad3\"},\"breadcrumb\":{\"@id\":\"https:\/\/franciscanos.org.br\/noticias\/a-oracao-e-a-pilha-do-cristao-para-iluminar.html#breadcrumb\"},\"inLanguage\":\"pt-BR\",\"potentialAction\":[{\"@type\":\"ReadAction\",\"target\":[\"https:\/\/franciscanos.org.br\/noticias\/a-oracao-e-a-pilha-do-cristao-para-iluminar.html\"]}]},{\"@type\":\"BreadcrumbList\",\"@id\":\"https:\/\/franciscanos.org.br\/noticias\/a-oracao-e-a-pilha-do-cristao-para-iluminar.html#breadcrumb\",\"itemListElement\":[{\"@type\":\"ListItem\",\"position\":1,\"name\":\"Home\",\"item\":\"https:\/\/franciscanos.org.br\/noticias\"},{\"@type\":\"ListItem\",\"position\":2,\"name\":\"A ora\u00e7\u00e3o \u00e9 a pilha do crist\u00e3o para iluminar\"}]},{\"@type\":\"Person\",\"@id\":\"https:\/\/franciscanos.org.br\/noticias\/#\/schema\/person\/b38fbf43118f02820bd932f2e4b14ad3\",\"name\":\"admin\",\"image\":{\"@type\":\"ImageObject\",\"inLanguage\":\"pt-BR\",\"@id\":\"https:\/\/franciscanos.org.br\/noticias\/#\/schema\/person\/image\/\",\"url\":\"https:\/\/secure.gravatar.com\/avatar\/e8495742d34d0ba6448ea1c628263b3e?s=96&d=mm&r=g\",\"contentUrl\":\"https:\/\/secure.gravatar.com\/avatar\/e8495742d34d0ba6448ea1c628263b3e?s=96&d=mm&r=g\",\"caption\":\"admin\"},\"url\":\"https:\/\/franciscanos.org.br\/noticias\/author\/admin\"}]}<\/script>\n<!-- \/ Yoast SEO plugin. -->","yoast_head_json":{"title":"A ora\u00e7\u00e3o \u00e9 a pilha do crist\u00e3o para iluminar - Not\u00edcias - Franciscanos","robots":{"index":"index","follow":"follow","max-snippet":"max-snippet:-1","max-image-preview":"max-image-preview:large","max-video-preview":"max-video-preview:-1"},"canonical":"https:\/\/franciscanos.org.br\/noticias\/a-oracao-e-a-pilha-do-cristao-para-iluminar.html","og_locale":"pt_BR","og_type":"article","og_title":"A ora\u00e7\u00e3o \u00e9 a pilha do crist\u00e3o para iluminar - Not\u00edcias - Franciscanos","og_description":"Missa em Santa Marta","og_url":"https:\/\/franciscanos.org.br\/noticias\/a-oracao-e-a-pilha-do-cristao-para-iluminar.html","og_site_name":"Not\u00edcias - Franciscanos","article_published_time":"2016-06-07T10:33:30+00:00","article_modified_time":"2020-06-09T20:07:06+00:00","og_image":[{"width":273,"height":181,"url":"https:\/\/franciscanos.org.br\/noticias\/wp-content\/uploads\/2016\/06\/papa_07_820.jpg","type":"image\/jpeg"}],"author":"admin","twitter_card":"summary_large_image","twitter_misc":{"Escrito por":"admin","Est. tempo de leitura":"3 minutos"},"schema":{"@context":"https:\/\/schema.org","@graph":[{"@type":"WebSite","@id":"https:\/\/franciscanos.org.br\/noticias\/#website","url":"https:\/\/franciscanos.org.br\/noticias\/","name":"Not\u00edcias - Franciscanos","description":"Prov\u00edncia Franciscana da Imaculada Concei\u00e7\u00e3o do Brasil - Ordem dos Frades Menores - OFM","potentialAction":[{"@type":"SearchAction","target":{"@type":"EntryPoint","urlTemplate":"https:\/\/franciscanos.org.br\/noticias\/?s={search_term_string}"},"query-input":"required name=search_term_string"}],"inLanguage":"pt-BR"},{"@type":"ImageObject","inLanguage":"pt-BR","@id":"https:\/\/franciscanos.org.br\/noticias\/a-oracao-e-a-pilha-do-cristao-para-iluminar.html#primaryimage","url":"https:\/\/franciscanos.org.br\/noticias\/wp-content\/uploads\/2016\/06\/papa_07_820.jpg","contentUrl":"https:\/\/franciscanos.org.br\/noticias\/wp-content\/uploads\/2016\/06\/papa_07_820.jpg","width":273,"height":181},{"@type":"WebPage","@id":"https:\/\/franciscanos.org.br\/noticias\/a-oracao-e-a-pilha-do-cristao-para-iluminar.html#webpage","url":"https:\/\/franciscanos.org.br\/noticias\/a-oracao-e-a-pilha-do-cristao-para-iluminar.html","name":"A ora\u00e7\u00e3o \u00e9 a pilha do crist\u00e3o para iluminar - Not\u00edcias - Franciscanos","isPartOf":{"@id":"https:\/\/franciscanos.org.br\/noticias\/#website"},"primaryImageOfPage":{"@id":"https:\/\/franciscanos.org.br\/noticias\/a-oracao-e-a-pilha-do-cristao-para-iluminar.html#primaryimage"},"datePublished":"2016-06-07T10:33:30+00:00","dateModified":"2020-06-09T20:07:06+00:00","author":{"@id":"https:\/\/franciscanos.org.br\/noticias\/#\/schema\/person\/b38fbf43118f02820bd932f2e4b14ad3"},"breadcrumb":{"@id":"https:\/\/franciscanos.org.br\/noticias\/a-oracao-e-a-pilha-do-cristao-para-iluminar.html#breadcrumb"},"inLanguage":"pt-BR","potentialAction":[{"@type":"ReadAction","target":["https:\/\/franciscanos.org.br\/noticias\/a-oracao-e-a-pilha-do-cristao-para-iluminar.html"]}]},{"@type":"BreadcrumbList","@id":"https:\/\/franciscanos.org.br\/noticias\/a-oracao-e-a-pilha-do-cristao-para-iluminar.html#breadcrumb","itemListElement":[{"@type":"ListItem","position":1,"name":"Home","item":"https:\/\/franciscanos.org.br\/noticias"},{"@type":"ListItem","position":2,"name":"A ora\u00e7\u00e3o \u00e9 a pilha do crist\u00e3o para iluminar"}]},{"@type":"Person","@id":"https:\/\/franciscanos.org.br\/noticias\/#\/schema\/person\/b38fbf43118f02820bd932f2e4b14ad3","name":"admin","image":{"@type":"ImageObject","inLanguage":"pt-BR","@id":"https:\/\/franciscanos.org.br\/noticias\/#\/schema\/person\/image\/","url":"https:\/\/secure.gravatar.com\/avatar\/e8495742d34d0ba6448ea1c628263b3e?s=96&d=mm&r=g","contentUrl":"https:\/\/secure.gravatar.com\/avatar\/e8495742d34d0ba6448ea1c628263b3e?s=96&d=mm&r=g","caption":"admin"},"url":"https:\/\/franciscanos.org.br\/noticias\/author\/admin"}]}},"_links":{"self":[{"href":"https:\/\/franciscanos.org.br\/noticias\/wp-json\/wp\/v2\/posts\/110741"}],"collection":[{"href":"https:\/\/franciscanos.org.br\/noticias\/wp-json\/wp\/v2\/posts"}],"about":[{"href":"https:\/\/franciscanos.org.br\/noticias\/wp-json\/wp\/v2\/types\/post"}],"author":[{"embeddable":true,"href":"https:\/\/franciscanos.org.br\/noticias\/wp-json\/wp\/v2\/users\/1"}],"replies":[{"embeddable":true,"href":"https:\/\/franciscanos.org.br\/noticias\/wp-json\/wp\/v2\/comments?post=110741"}],"version-history":[{"count":2,"href":"https:\/\/franciscanos.org.br\/noticias\/wp-json\/wp\/v2\/posts\/110741\/revisions"}],"predecessor-version":[{"id":225685,"href":"https:\/\/franciscanos.org.br\/noticias\/wp-json\/wp\/v2\/posts\/110741\/revisions\/225685"}],"wp:featuredmedia":[{"embeddable":true,"href":"https:\/\/franciscanos.org.br\/noticias\/wp-json\/wp\/v2\/media\/222642"}],"wp:attachment":[{"href":"https:\/\/franciscanos.org.br\/noticias\/wp-json\/wp\/v2\/media?parent=110741"}],"wp:term":[{"taxonomy":"category","embeddable":true,"href":"https:\/\/franciscanos.org.br\/noticias\/wp-json\/wp\/v2\/categories?post=110741"},{"taxonomy":"post_tag","embeddable":true,"href":"https:\/\/franciscanos.org.br\/noticias\/wp-json\/wp\/v2\/tags?post=110741"}],"curies":[{"name":"wp","href":"https:\/\/api.w.org\/{rel}","templated":true}]}}