{"id":110652,"date":"2016-06-06T07:42:16","date_gmt":"2016-06-06T10:42:16","guid":{"rendered":"http:\/\/franciscanos.org.br\/?p=110652"},"modified":"2020-06-09T17:07:44","modified_gmt":"2020-06-09T20:07:44","slug":"bem-aventurancas-o-gps-do-cristao","status":"publish","type":"post","link":"https:\/\/franciscanos.org.br\/noticias\/bem-aventurancas-o-gps-do-cristao.html","title":{"rendered":"Papa Francisco: Bem-aventuran\u00e7as, o GPS do crist\u00e3o"},"content":{"rendered":"<p><img loading=\"lazy\" src=\"http:\/\/franciscanos.org.br\/wp-content\/uploads\/2016\/06\/papa_06.jpg\" alt=\"papa_06\" width=\"820\" height=\"409\" \/><\/p>\n<p><strong>Cidade do Vatican<\/strong>o &#8211; Seguir e viver as bem-aventuran\u00e7as, que como \u201cb\u00fassola\u201d indicam aos crist\u00e3os a dire\u00e7\u00e3o justa da vida. Este foi o convite que o Papa Francisco dirigiu na Missa celebrada na manh\u00e3 desta segunda-feira, (06\/06), na capela da Casa Santa Marta. Para n\u00e3o se perder no caminho da f\u00e9, disse o Pont\u00edfice, os crist\u00e3os t\u00eam um indicador exato de dire\u00e7\u00e3o: as bem-aventuran\u00e7as. Ignorar as rotas que elas prop\u00f5em, significa escorregar nos tr\u00eas degraus da ant\u00edtese da lei crist\u00e3: a idolatria das riquezas, da vaidade e do ego\u00edsmo.<\/p>\n<p><strong>O \u201cGPS\u201d da vida crist\u00e3<\/strong><br \/>\nEm sua homilia, o Papa se inspira no Evangelho de Mateus, que mostra Jesus instruindo as multid\u00f5es com o c\u00e9lebre serm\u00e3o da montanha. Francisco reiterou que Cristo ensinava a nova lei, que n\u00e3o cancela a antiga, mas a aperfei\u00e7oa, levando-a \u201c\u00e0 sua plenitude\u201d: \u201cEsta \u00e9 a lei nova, esta que n\u00f3s chamamos \u2018as bem-aventuran\u00e7as\u2019. \u00c9 a nova lei do Senhor para n\u00f3s. S\u00e3o o guia da rota, do itiner\u00e1rio, s\u00e3o a b\u00fassola da vida crist\u00e3. Neste caminho, segundo as indica\u00e7\u00f5es deste \u2018GPS\u2019, podemos prosseguir na nossa vida crist\u00e3\u201d.<\/p>\n<p><strong>Os tr\u00eas degraus da perdi\u00e7\u00e3o<\/strong><br \/>\nFrancisco prosseguiu a homilia completando o texto de Mateus com as considera\u00e7\u00f5es que o evangelista Lucas coloca no final das Bem-aventuran\u00e7as: ai de voc\u00eas, os ricos, ai de voc\u00eas, que agora t\u00eam fartura, ai de voc\u00eas, que agora riem, ai de voc\u00eas, se todos os elogiam.<\/p>\n<p>O Papa recordou que disse muitas vezes que \u201cas riquezas s\u00e3o boas, mas o que faz mal \u00e9 o apego \u00e0s riquezas\u201d que se torna \u201cuma idolatria\u201d.<\/p>\n<p>\u201cIsto \u00e9 contr\u00e1rio \u00e0 lei. \u00c9 o GPS errado. \u00c9 curioso! Estes s\u00e3o os tr\u00eas degraus que levam \u00e0 perdi\u00e7\u00e3o, assim como estas Bem-aventuran\u00e7as s\u00e3o os degraus que levam adiante na vida. Os tr\u00eas degraus que levam \u00e0 perdi\u00e7\u00e3o s\u00e3o: o apego \u00e0s riquezas, porque eu n\u00e3o preciso de nada. O segundo \u00e9 a vaidade. Quero que todos falem bem de mim. Se todos falam bem me sinto importante, muito incenso e eu acredito ser justo, n\u00e3o como aquele ou como aquele outro. Pensemos na par\u00e1bola do fariseu e do publicano: \u2018\u00d3 Deus, eu te agrade\u00e7o, porque n\u00e3o sou como os outros homens&#8230;\u2019. \u2018Obrigado, Senhor, porque sou um bom cat\u00f3lico, n\u00e3o como o meu vizinho ou a minha vizinha\u2019. Todos os dias isso acontece! O terceiro degrau: o orgulho, que \u00e9 a saciedade, as risadas que fecham o cora\u00e7\u00e3o.\u201d<\/p>\n<p><strong>A chave est\u00e1 na mansid\u00e3o<\/strong><br \/>\nDentre todas as Bem-aventuran\u00e7as, Francisco seleciona uma que, afirmou, \u201cn\u00e3o digo ser a chave\u201d de todas, \u201cmas nos faz pensar muito\u201d: \u201cBem-aventurados os mansos\u201d. A mansid\u00e3o:<br \/>\n\u201cJesus diz de si mesmo: Aprendam de mim que sou manso e humilde de cora\u00e7\u00e3o. A mansid\u00e3o \u00e9 uma maneira de ser que nos aproxima muito de Jesus. Ao inv\u00e9s, o comportamento contr\u00e1rio sempre procura as inimizades, as guerras, tantas coisas ruins que acontecem. Mas a mansid\u00e3o, a mansid\u00e3o de cora\u00e7\u00e3o que n\u00e3o \u00e9 tolice. \u00c9 outra coisa. \u00c9 a profundidade em entender a grandeza de Deus, e adora\u00e7\u00e3o.\u201d<\/p>\n<hr \/>\n<p><em>Fonte: R\u00e1dio Vaticano<\/em><\/p>\n","protected":false},"excerpt":{"rendered":"<p>Missa em Santa Marta<\/p>\n","protected":false},"author":1,"featured_media":207199,"comment_status":"open","ping_status":"open","sticky":false,"template":"","format":"standard","meta":[],"categories":[1428],"tags":[1586],"acf":[],"yoast_head":"<!-- This site is optimized with the Yoast SEO plugin v19.2 - https:\/\/yoast.com\/wordpress\/plugins\/seo\/ -->\n<title>Papa Francisco: Bem-aventuran\u00e7as, o GPS do crist\u00e3o - Not\u00edcias - Franciscanos<\/title>\n<meta name=\"robots\" content=\"index, follow, max-snippet:-1, max-image-preview:large, max-video-preview:-1\" \/>\n<link rel=\"canonical\" href=\"https:\/\/franciscanos.org.br\/noticias\/bem-aventurancas-o-gps-do-cristao.html\" \/>\n<meta property=\"og:locale\" content=\"pt_BR\" \/>\n<meta property=\"og:type\" content=\"article\" \/>\n<meta property=\"og:title\" content=\"Papa Francisco: Bem-aventuran\u00e7as, o GPS do crist\u00e3o - Not\u00edcias - Franciscanos\" \/>\n<meta property=\"og:description\" content=\"Missa em Santa Marta\" \/>\n<meta property=\"og:url\" content=\"https:\/\/franciscanos.org.br\/noticias\/bem-aventurancas-o-gps-do-cristao.html\" \/>\n<meta property=\"og:site_name\" content=\"Not\u00edcias - Franciscanos\" \/>\n<meta property=\"article:published_time\" content=\"2016-06-06T10:42:16+00:00\" \/>\n<meta property=\"article:modified_time\" content=\"2020-06-09T20:07:44+00:00\" \/>\n<meta property=\"og:image\" content=\"https:\/\/franciscanos.org.br\/noticias\/wp-content\/uploads\/2016\/06\/papa_06.jpg\" \/>\n\t<meta property=\"og:image:width\" content=\"273\" \/>\n\t<meta property=\"og:image:height\" content=\"181\" \/>\n\t<meta property=\"og:image:type\" content=\"image\/jpeg\" \/>\n<meta name=\"author\" content=\"admin\" \/>\n<meta name=\"twitter:card\" content=\"summary_large_image\" \/>\n<meta name=\"twitter:label1\" content=\"Escrito por\" \/>\n\t<meta name=\"twitter:data1\" content=\"admin\" \/>\n\t<meta name=\"twitter:label2\" content=\"Est. tempo de leitura\" \/>\n\t<meta name=\"twitter:data2\" content=\"3 minutos\" \/>\n<script type=\"application\/ld+json\" class=\"yoast-schema-graph\">{\"@context\":\"https:\/\/schema.org\",\"@graph\":[{\"@type\":\"WebSite\",\"@id\":\"https:\/\/franciscanos.org.br\/noticias\/#website\",\"url\":\"https:\/\/franciscanos.org.br\/noticias\/\",\"name\":\"Not\u00edcias - Franciscanos\",\"description\":\"Prov\u00edncia Franciscana da Imaculada Concei\u00e7\u00e3o do Brasil - Ordem dos Frades Menores - OFM\",\"potentialAction\":[{\"@type\":\"SearchAction\",\"target\":{\"@type\":\"EntryPoint\",\"urlTemplate\":\"https:\/\/franciscanos.org.br\/noticias\/?s={search_term_string}\"},\"query-input\":\"required name=search_term_string\"}],\"inLanguage\":\"pt-BR\"},{\"@type\":\"ImageObject\",\"inLanguage\":\"pt-BR\",\"@id\":\"https:\/\/franciscanos.org.br\/noticias\/bem-aventurancas-o-gps-do-cristao.html#primaryimage\",\"url\":\"https:\/\/franciscanos.org.br\/noticias\/wp-content\/uploads\/2016\/06\/papa_06.jpg\",\"contentUrl\":\"https:\/\/franciscanos.org.br\/noticias\/wp-content\/uploads\/2016\/06\/papa_06.jpg\",\"width\":273,\"height\":181},{\"@type\":\"WebPage\",\"@id\":\"https:\/\/franciscanos.org.br\/noticias\/bem-aventurancas-o-gps-do-cristao.html#webpage\",\"url\":\"https:\/\/franciscanos.org.br\/noticias\/bem-aventurancas-o-gps-do-cristao.html\",\"name\":\"Papa Francisco: Bem-aventuran\u00e7as, o GPS do crist\u00e3o - Not\u00edcias - Franciscanos\",\"isPartOf\":{\"@id\":\"https:\/\/franciscanos.org.br\/noticias\/#website\"},\"primaryImageOfPage\":{\"@id\":\"https:\/\/franciscanos.org.br\/noticias\/bem-aventurancas-o-gps-do-cristao.html#primaryimage\"},\"datePublished\":\"2016-06-06T10:42:16+00:00\",\"dateModified\":\"2020-06-09T20:07:44+00:00\",\"author\":{\"@id\":\"https:\/\/franciscanos.org.br\/noticias\/#\/schema\/person\/b38fbf43118f02820bd932f2e4b14ad3\"},\"breadcrumb\":{\"@id\":\"https:\/\/franciscanos.org.br\/noticias\/bem-aventurancas-o-gps-do-cristao.html#breadcrumb\"},\"inLanguage\":\"pt-BR\",\"potentialAction\":[{\"@type\":\"ReadAction\",\"target\":[\"https:\/\/franciscanos.org.br\/noticias\/bem-aventurancas-o-gps-do-cristao.html\"]}]},{\"@type\":\"BreadcrumbList\",\"@id\":\"https:\/\/franciscanos.org.br\/noticias\/bem-aventurancas-o-gps-do-cristao.html#breadcrumb\",\"itemListElement\":[{\"@type\":\"ListItem\",\"position\":1,\"name\":\"Home\",\"item\":\"https:\/\/franciscanos.org.br\/noticias\"},{\"@type\":\"ListItem\",\"position\":2,\"name\":\"Papa Francisco: Bem-aventuran\u00e7as, o GPS do crist\u00e3o\"}]},{\"@type\":\"Person\",\"@id\":\"https:\/\/franciscanos.org.br\/noticias\/#\/schema\/person\/b38fbf43118f02820bd932f2e4b14ad3\",\"name\":\"admin\",\"image\":{\"@type\":\"ImageObject\",\"inLanguage\":\"pt-BR\",\"@id\":\"https:\/\/franciscanos.org.br\/noticias\/#\/schema\/person\/image\/\",\"url\":\"https:\/\/secure.gravatar.com\/avatar\/e8495742d34d0ba6448ea1c628263b3e?s=96&d=mm&r=g\",\"contentUrl\":\"https:\/\/secure.gravatar.com\/avatar\/e8495742d34d0ba6448ea1c628263b3e?s=96&d=mm&r=g\",\"caption\":\"admin\"},\"url\":\"https:\/\/franciscanos.org.br\/noticias\/author\/admin\"}]}<\/script>\n<!-- \/ Yoast SEO plugin. -->","yoast_head_json":{"title":"Papa Francisco: Bem-aventuran\u00e7as, o GPS do crist\u00e3o - Not\u00edcias - Franciscanos","robots":{"index":"index","follow":"follow","max-snippet":"max-snippet:-1","max-image-preview":"max-image-preview:large","max-video-preview":"max-video-preview:-1"},"canonical":"https:\/\/franciscanos.org.br\/noticias\/bem-aventurancas-o-gps-do-cristao.html","og_locale":"pt_BR","og_type":"article","og_title":"Papa Francisco: Bem-aventuran\u00e7as, o GPS do crist\u00e3o - Not\u00edcias - Franciscanos","og_description":"Missa em Santa Marta","og_url":"https:\/\/franciscanos.org.br\/noticias\/bem-aventurancas-o-gps-do-cristao.html","og_site_name":"Not\u00edcias - Franciscanos","article_published_time":"2016-06-06T10:42:16+00:00","article_modified_time":"2020-06-09T20:07:44+00:00","og_image":[{"width":273,"height":181,"url":"https:\/\/franciscanos.org.br\/noticias\/wp-content\/uploads\/2016\/06\/papa_06.jpg","type":"image\/jpeg"}],"author":"admin","twitter_card":"summary_large_image","twitter_misc":{"Escrito por":"admin","Est. tempo de leitura":"3 minutos"},"schema":{"@context":"https:\/\/schema.org","@graph":[{"@type":"WebSite","@id":"https:\/\/franciscanos.org.br\/noticias\/#website","url":"https:\/\/franciscanos.org.br\/noticias\/","name":"Not\u00edcias - Franciscanos","description":"Prov\u00edncia Franciscana da Imaculada Concei\u00e7\u00e3o do Brasil - Ordem dos Frades Menores - OFM","potentialAction":[{"@type":"SearchAction","target":{"@type":"EntryPoint","urlTemplate":"https:\/\/franciscanos.org.br\/noticias\/?s={search_term_string}"},"query-input":"required name=search_term_string"}],"inLanguage":"pt-BR"},{"@type":"ImageObject","inLanguage":"pt-BR","@id":"https:\/\/franciscanos.org.br\/noticias\/bem-aventurancas-o-gps-do-cristao.html#primaryimage","url":"https:\/\/franciscanos.org.br\/noticias\/wp-content\/uploads\/2016\/06\/papa_06.jpg","contentUrl":"https:\/\/franciscanos.org.br\/noticias\/wp-content\/uploads\/2016\/06\/papa_06.jpg","width":273,"height":181},{"@type":"WebPage","@id":"https:\/\/franciscanos.org.br\/noticias\/bem-aventurancas-o-gps-do-cristao.html#webpage","url":"https:\/\/franciscanos.org.br\/noticias\/bem-aventurancas-o-gps-do-cristao.html","name":"Papa Francisco: Bem-aventuran\u00e7as, o GPS do crist\u00e3o - Not\u00edcias - Franciscanos","isPartOf":{"@id":"https:\/\/franciscanos.org.br\/noticias\/#website"},"primaryImageOfPage":{"@id":"https:\/\/franciscanos.org.br\/noticias\/bem-aventurancas-o-gps-do-cristao.html#primaryimage"},"datePublished":"2016-06-06T10:42:16+00:00","dateModified":"2020-06-09T20:07:44+00:00","author":{"@id":"https:\/\/franciscanos.org.br\/noticias\/#\/schema\/person\/b38fbf43118f02820bd932f2e4b14ad3"},"breadcrumb":{"@id":"https:\/\/franciscanos.org.br\/noticias\/bem-aventurancas-o-gps-do-cristao.html#breadcrumb"},"inLanguage":"pt-BR","potentialAction":[{"@type":"ReadAction","target":["https:\/\/franciscanos.org.br\/noticias\/bem-aventurancas-o-gps-do-cristao.html"]}]},{"@type":"BreadcrumbList","@id":"https:\/\/franciscanos.org.br\/noticias\/bem-aventurancas-o-gps-do-cristao.html#breadcrumb","itemListElement":[{"@type":"ListItem","position":1,"name":"Home","item":"https:\/\/franciscanos.org.br\/noticias"},{"@type":"ListItem","position":2,"name":"Papa Francisco: Bem-aventuran\u00e7as, o GPS do crist\u00e3o"}]},{"@type":"Person","@id":"https:\/\/franciscanos.org.br\/noticias\/#\/schema\/person\/b38fbf43118f02820bd932f2e4b14ad3","name":"admin","image":{"@type":"ImageObject","inLanguage":"pt-BR","@id":"https:\/\/franciscanos.org.br\/noticias\/#\/schema\/person\/image\/","url":"https:\/\/secure.gravatar.com\/avatar\/e8495742d34d0ba6448ea1c628263b3e?s=96&d=mm&r=g","contentUrl":"https:\/\/secure.gravatar.com\/avatar\/e8495742d34d0ba6448ea1c628263b3e?s=96&d=mm&r=g","caption":"admin"},"url":"https:\/\/franciscanos.org.br\/noticias\/author\/admin"}]}},"_links":{"self":[{"href":"https:\/\/franciscanos.org.br\/noticias\/wp-json\/wp\/v2\/posts\/110652"}],"collection":[{"href":"https:\/\/franciscanos.org.br\/noticias\/wp-json\/wp\/v2\/posts"}],"about":[{"href":"https:\/\/franciscanos.org.br\/noticias\/wp-json\/wp\/v2\/types\/post"}],"author":[{"embeddable":true,"href":"https:\/\/franciscanos.org.br\/noticias\/wp-json\/wp\/v2\/users\/1"}],"replies":[{"embeddable":true,"href":"https:\/\/franciscanos.org.br\/noticias\/wp-json\/wp\/v2\/comments?post=110652"}],"version-history":[{"count":1,"href":"https:\/\/franciscanos.org.br\/noticias\/wp-json\/wp\/v2\/posts\/110652\/revisions"}],"predecessor-version":[{"id":225686,"href":"https:\/\/franciscanos.org.br\/noticias\/wp-json\/wp\/v2\/posts\/110652\/revisions\/225686"}],"wp:featuredmedia":[{"embeddable":true,"href":"https:\/\/franciscanos.org.br\/noticias\/wp-json\/wp\/v2\/media\/207199"}],"wp:attachment":[{"href":"https:\/\/franciscanos.org.br\/noticias\/wp-json\/wp\/v2\/media?parent=110652"}],"wp:term":[{"taxonomy":"category","embeddable":true,"href":"https:\/\/franciscanos.org.br\/noticias\/wp-json\/wp\/v2\/categories?post=110652"},{"taxonomy":"post_tag","embeddable":true,"href":"https:\/\/franciscanos.org.br\/noticias\/wp-json\/wp\/v2\/tags?post=110652"}],"curies":[{"name":"wp","href":"https:\/\/api.w.org\/{rel}","templated":true}]}}