{"id":110578,"date":"2016-06-03T08:22:09","date_gmt":"2016-06-03T11:22:09","guid":{"rendered":"http:\/\/franciscanos.org.br\/?p=110578"},"modified":"2020-06-09T17:09:19","modified_gmt":"2020-06-09T20:09:19","slug":"papa-o-coracao-do-sacerdote-nao-olha-para-si-mesmo-mas-esta-fixo-em-deus-e-nos-irmaos","status":"publish","type":"post","link":"https:\/\/franciscanos.org.br\/noticias\/papa-o-coracao-do-sacerdote-nao-olha-para-si-mesmo-mas-esta-fixo-em-deus-e-nos-irmaos.html","title":{"rendered":"\u201cO Cora\u00e7\u00e3o do Bom Pastor \u00e9 a pr\u00f3pria miseric\u00f3rdia&#8221;"},"content":{"rendered":"<p><img loading=\"lazy\" src=\"http:\/\/franciscanos.org.br\/wp-content\/uploads\/2016\/06\/sacerdotes.jpg\" alt=\"sacerdotes\" width=\"820\" height=\"487\" \/><\/p>\n<p><strong>Cidade do Vaticano<\/strong> \u2013 Ap\u00f3s meditar em tr\u00eas bas\u00edlicas papais de Roma na quinta-feira, o Papa Francisco presidiu a missa do Jubileu dos Sacerdotes na Pra\u00e7a S\u00e3o Pedro na manh\u00e3 desta sexta-feira, (03\/06). No dia em que se celebra o Sagrado Cora\u00e7\u00e3o de Jesus, o Papa iniciou sua homilia convidando a uma reflex\u00e3o sobre o cora\u00e7\u00e3o da vida, centro da pessoa e mais precisamente, dois cora\u00e7\u00f5es: o Cora\u00e7\u00e3o do Bom Pastor e o cora\u00e7\u00e3o de pastores.<\/p>\n<p>\u201cO Cora\u00e7\u00e3o do Bom Pastor \u00e9 a pr\u00f3pria miseric\u00f3rdia, revela que o seu amor n\u00e3o tem limites, n\u00e3o se cansa nem se arrende jamais. \u00c9 um Cora\u00e7\u00e3o que est\u00e1 inclinado para n\u00f3s, concentrado especialmente sobre quem est\u00e1 mais distante; aponta a agulha da sua b\u00fassola para essa pessoa, por quem revela um amor particular\u201d.<\/p>\n<p>Pensando nisso, Francisco sugeriu aos sacerdotes a seguinte quest\u00e3o: \u201cPara onde est\u00e1 orientado o meu cora\u00e7\u00e3o? Qual \u00e9 o tesouro que procura?\u201d.<\/p>\n<p>O Pont\u00edfice explicou que os tesouros insubstitu\u00edveis do Cora\u00e7\u00e3o de Jesus s\u00e3o dois: o Pai e n\u00f3s. Do mesmo modo, o cora\u00e7\u00e3o do sacerdote n\u00e3o olha para si mesmo, mas est\u00e1 fixo em Deus e nos irm\u00e3os: \u201cJ\u00e1 n\u00e3o \u00e9 \u2018um cora\u00e7\u00e3o dan\u00e7arino\u2019, que se deixa atrair pela sugest\u00e3o do momento ou que corre daqui para ali \u00e0 procura de consensos e pequenas satisfa\u00e7\u00f5es; ao contr\u00e1rio, \u00e9 um cora\u00e7\u00e3o firme no Senhor, conquistado pelo Esp\u00edrito Santo, aberto e dispon\u00edvel aos irm\u00e3os\u201d.<\/p>\n<p>Outra proposta do Papa aos sacerdotes foi a de treinar as tr\u00eas a\u00e7\u00f5es contidas nas Leituras de hoje: procurar, incluir e alegrar-se.<\/p>\n<p>Assim como o profeta Ezequiel lembrou-nos que Deus em pessoa procura as suas ovelhas, sem se deixar atemorizar pelos riscos; o cora\u00e7\u00e3o do padre, depois que as encontra, se esquece do cansa\u00e7o e carrega-as aos ombros, cheio de alegria.<\/p>\n<p><img loading=\"lazy\" src=\"http:\/\/franciscanos.org.br\/wp-content\/uploads\/2016\/06\/sacerdotes_2.jpg\" alt=\"sacerdotes_2\" width=\"820\" height=\"482\" \/><\/p>\n<p>N\u00e3o vive fazendo a contabilidade do que tem e das horas de servi\u00e7o: n\u00e3o \u00e9 um contabilista do esp\u00edrito; \u00e9 um pastor, n\u00e3o um inspetor do rebanho; dedica-se \u00e0 miss\u00e3o, n\u00e3o a cinquenta ou sessenta por cento, mas com todo o seu ser. \u00c9 obstinado no bem e como todo o bom crist\u00e3o, est\u00e1 sempre em sa\u00edda de si mesmo.<\/p>\n<p>Cristo ama e conhece as suas ovelhas, d\u00e1 a vida por elas e nenhuma Lhe \u00e9 desconhecida. E assim \u00e9 tamb\u00e9m o sacerdote de Cristo: inclui e, quando tem que corrigir, \u00e9 sempre para aproximar; n\u00e3o despreza ningu\u00e9m, est\u00e1 pronto a sujar as m\u00e3os por todos.<\/p>\n<p>N\u00e3o espera os cumprimentos e elogios dos outros, mas \u00e9 o primeiro a dar uma m\u00e3o, rejeitando as murmura\u00e7\u00f5es, os ju\u00edzos e os venenos. Com paci\u00eancia, escuta os problemas e acompanha os passos das pessoas, concedendo o perd\u00e3o divino com generosa compaix\u00e3o. N\u00e3o repreende quem deixa ou perde a estrada, mas est\u00e1 sempre pronto a reintegrar e a recompor as contendas.<\/p>\n<p>Deus est\u00e1 \u2018cheio de alegria\u2019: a sua alegria nasce do perd\u00e3o, da vida que ressurge, do filho que respira novamente o ar de casa. Esta \u00e9 tamb\u00e9m a alegria do sacerdote, transformado pela miseric\u00f3rdia que d\u00e1 gratuitamente. Na ora\u00e7\u00e3o, experimenta a for\u00e7a do amor de Deus e permanece sereno interiormente.<\/p>\n<p>Terminando sua reflex\u00e3o, o Papa se dirigiu aos sacerdotes lembrando que \u201cna Celebra\u00e7\u00e3o Eucar\u00edstica, reencontramos todos os dias nossa identidade de pastores. Cada vez podemos fazer nossas as suas palavras: &#8220;Este \u00e9 o meu corpo que ser\u00e1 entregue por v\u00f3s&#8221;.<\/p>\n<p>\u00c9 o sentido da nossa vida, s\u00e3o as palavras com que, de certa forma, podemos renovar diariamente as promessas da nossa Ordena\u00e7\u00e3o. Doar a vida unidos a Jesus \u00e9 a fonte da nossa alegria\u201d.<\/p>\n<p><iframe loading=\"lazy\" title=\"Santa Missa no Jubileu dos Sacerdotes\" width=\"500\" height=\"281\" src=\"https:\/\/www.youtube.com\/embed\/tO4wFudEnzo?feature=oembed\" frameborder=\"0\" allow=\"accelerometer; autoplay; encrypted-media; gyroscope; picture-in-picture\" allowfullscreen><\/iframe><\/p>\n<hr \/>\n<p><em>Fonte: R\u00e1dio Vaticano<\/em><\/p>\n","protected":false},"excerpt":{"rendered":"<p>Jubileu dos Sacerdotes<\/p>\n","protected":false},"author":1,"featured_media":219199,"comment_status":"open","ping_status":"open","sticky":false,"template":"","format":"standard","meta":[],"categories":[1428],"tags":[1691],"acf":[],"yoast_head":"<!-- This site is optimized with the Yoast SEO plugin v19.2 - https:\/\/yoast.com\/wordpress\/plugins\/seo\/ -->\n<title>\u201cO Cora\u00e7\u00e3o do Bom Pastor \u00e9 a pr\u00f3pria miseric\u00f3rdia&quot; - Not\u00edcias - Franciscanos<\/title>\n<meta name=\"robots\" content=\"index, follow, max-snippet:-1, max-image-preview:large, max-video-preview:-1\" \/>\n<link rel=\"canonical\" href=\"https:\/\/franciscanos.org.br\/noticias\/papa-o-coracao-do-sacerdote-nao-olha-para-si-mesmo-mas-esta-fixo-em-deus-e-nos-irmaos.html\" \/>\n<meta property=\"og:locale\" content=\"pt_BR\" \/>\n<meta property=\"og:type\" content=\"article\" \/>\n<meta property=\"og:title\" content=\"\u201cO Cora\u00e7\u00e3o do Bom Pastor \u00e9 a pr\u00f3pria miseric\u00f3rdia&quot; - Not\u00edcias - Franciscanos\" \/>\n<meta property=\"og:description\" content=\"Jubileu dos Sacerdotes\" \/>\n<meta property=\"og:url\" content=\"https:\/\/franciscanos.org.br\/noticias\/papa-o-coracao-do-sacerdote-nao-olha-para-si-mesmo-mas-esta-fixo-em-deus-e-nos-irmaos.html\" \/>\n<meta property=\"og:site_name\" content=\"Not\u00edcias - Franciscanos\" \/>\n<meta property=\"article:published_time\" content=\"2016-06-03T11:22:09+00:00\" \/>\n<meta property=\"article:modified_time\" content=\"2020-06-09T20:09:19+00:00\" \/>\n<meta property=\"og:image\" content=\"https:\/\/franciscanos.org.br\/noticias\/wp-content\/uploads\/2016\/06\/sacerdotes_2.jpg\" \/>\n\t<meta property=\"og:image:width\" content=\"273\" \/>\n\t<meta property=\"og:image:height\" content=\"181\" \/>\n\t<meta property=\"og:image:type\" content=\"image\/jpeg\" \/>\n<meta name=\"author\" content=\"admin\" \/>\n<meta name=\"twitter:card\" content=\"summary_large_image\" \/>\n<meta name=\"twitter:label1\" content=\"Escrito por\" \/>\n\t<meta name=\"twitter:data1\" content=\"admin\" \/>\n\t<meta name=\"twitter:label2\" content=\"Est. tempo de leitura\" \/>\n\t<meta name=\"twitter:data2\" content=\"3 minutos\" \/>\n<script type=\"application\/ld+json\" class=\"yoast-schema-graph\">{\"@context\":\"https:\/\/schema.org\",\"@graph\":[{\"@type\":\"WebSite\",\"@id\":\"https:\/\/franciscanos.org.br\/noticias\/#website\",\"url\":\"https:\/\/franciscanos.org.br\/noticias\/\",\"name\":\"Not\u00edcias - Franciscanos\",\"description\":\"Prov\u00edncia Franciscana da Imaculada Concei\u00e7\u00e3o do Brasil - Ordem dos Frades Menores - OFM\",\"potentialAction\":[{\"@type\":\"SearchAction\",\"target\":{\"@type\":\"EntryPoint\",\"urlTemplate\":\"https:\/\/franciscanos.org.br\/noticias\/?s={search_term_string}\"},\"query-input\":\"required name=search_term_string\"}],\"inLanguage\":\"pt-BR\"},{\"@type\":\"ImageObject\",\"inLanguage\":\"pt-BR\",\"@id\":\"https:\/\/franciscanos.org.br\/noticias\/papa-o-coracao-do-sacerdote-nao-olha-para-si-mesmo-mas-esta-fixo-em-deus-e-nos-irmaos.html#primaryimage\",\"url\":\"https:\/\/franciscanos.org.br\/noticias\/wp-content\/uploads\/2016\/06\/sacerdotes_2.jpg\",\"contentUrl\":\"https:\/\/franciscanos.org.br\/noticias\/wp-content\/uploads\/2016\/06\/sacerdotes_2.jpg\",\"width\":273,\"height\":181},{\"@type\":\"WebPage\",\"@id\":\"https:\/\/franciscanos.org.br\/noticias\/papa-o-coracao-do-sacerdote-nao-olha-para-si-mesmo-mas-esta-fixo-em-deus-e-nos-irmaos.html#webpage\",\"url\":\"https:\/\/franciscanos.org.br\/noticias\/papa-o-coracao-do-sacerdote-nao-olha-para-si-mesmo-mas-esta-fixo-em-deus-e-nos-irmaos.html\",\"name\":\"\u201cO Cora\u00e7\u00e3o do Bom Pastor \u00e9 a pr\u00f3pria miseric\u00f3rdia\\\" - Not\u00edcias - Franciscanos\",\"isPartOf\":{\"@id\":\"https:\/\/franciscanos.org.br\/noticias\/#website\"},\"primaryImageOfPage\":{\"@id\":\"https:\/\/franciscanos.org.br\/noticias\/papa-o-coracao-do-sacerdote-nao-olha-para-si-mesmo-mas-esta-fixo-em-deus-e-nos-irmaos.html#primaryimage\"},\"datePublished\":\"2016-06-03T11:22:09+00:00\",\"dateModified\":\"2020-06-09T20:09:19+00:00\",\"author\":{\"@id\":\"https:\/\/franciscanos.org.br\/noticias\/#\/schema\/person\/b38fbf43118f02820bd932f2e4b14ad3\"},\"breadcrumb\":{\"@id\":\"https:\/\/franciscanos.org.br\/noticias\/papa-o-coracao-do-sacerdote-nao-olha-para-si-mesmo-mas-esta-fixo-em-deus-e-nos-irmaos.html#breadcrumb\"},\"inLanguage\":\"pt-BR\",\"potentialAction\":[{\"@type\":\"ReadAction\",\"target\":[\"https:\/\/franciscanos.org.br\/noticias\/papa-o-coracao-do-sacerdote-nao-olha-para-si-mesmo-mas-esta-fixo-em-deus-e-nos-irmaos.html\"]}]},{\"@type\":\"BreadcrumbList\",\"@id\":\"https:\/\/franciscanos.org.br\/noticias\/papa-o-coracao-do-sacerdote-nao-olha-para-si-mesmo-mas-esta-fixo-em-deus-e-nos-irmaos.html#breadcrumb\",\"itemListElement\":[{\"@type\":\"ListItem\",\"position\":1,\"name\":\"Home\",\"item\":\"https:\/\/franciscanos.org.br\/noticias\"},{\"@type\":\"ListItem\",\"position\":2,\"name\":\"\u201cO Cora\u00e7\u00e3o do Bom Pastor \u00e9 a pr\u00f3pria miseric\u00f3rdia&#8221;\"}]},{\"@type\":\"Person\",\"@id\":\"https:\/\/franciscanos.org.br\/noticias\/#\/schema\/person\/b38fbf43118f02820bd932f2e4b14ad3\",\"name\":\"admin\",\"image\":{\"@type\":\"ImageObject\",\"inLanguage\":\"pt-BR\",\"@id\":\"https:\/\/franciscanos.org.br\/noticias\/#\/schema\/person\/image\/\",\"url\":\"https:\/\/secure.gravatar.com\/avatar\/e8495742d34d0ba6448ea1c628263b3e?s=96&d=mm&r=g\",\"contentUrl\":\"https:\/\/secure.gravatar.com\/avatar\/e8495742d34d0ba6448ea1c628263b3e?s=96&d=mm&r=g\",\"caption\":\"admin\"},\"url\":\"https:\/\/franciscanos.org.br\/noticias\/author\/admin\"}]}<\/script>\n<!-- \/ Yoast SEO plugin. -->","yoast_head_json":{"title":"\u201cO Cora\u00e7\u00e3o do Bom Pastor \u00e9 a pr\u00f3pria miseric\u00f3rdia\" - Not\u00edcias - Franciscanos","robots":{"index":"index","follow":"follow","max-snippet":"max-snippet:-1","max-image-preview":"max-image-preview:large","max-video-preview":"max-video-preview:-1"},"canonical":"https:\/\/franciscanos.org.br\/noticias\/papa-o-coracao-do-sacerdote-nao-olha-para-si-mesmo-mas-esta-fixo-em-deus-e-nos-irmaos.html","og_locale":"pt_BR","og_type":"article","og_title":"\u201cO Cora\u00e7\u00e3o do Bom Pastor \u00e9 a pr\u00f3pria miseric\u00f3rdia\" - Not\u00edcias - Franciscanos","og_description":"Jubileu dos Sacerdotes","og_url":"https:\/\/franciscanos.org.br\/noticias\/papa-o-coracao-do-sacerdote-nao-olha-para-si-mesmo-mas-esta-fixo-em-deus-e-nos-irmaos.html","og_site_name":"Not\u00edcias - Franciscanos","article_published_time":"2016-06-03T11:22:09+00:00","article_modified_time":"2020-06-09T20:09:19+00:00","og_image":[{"width":273,"height":181,"url":"https:\/\/franciscanos.org.br\/noticias\/wp-content\/uploads\/2016\/06\/sacerdotes_2.jpg","type":"image\/jpeg"}],"author":"admin","twitter_card":"summary_large_image","twitter_misc":{"Escrito por":"admin","Est. tempo de leitura":"3 minutos"},"schema":{"@context":"https:\/\/schema.org","@graph":[{"@type":"WebSite","@id":"https:\/\/franciscanos.org.br\/noticias\/#website","url":"https:\/\/franciscanos.org.br\/noticias\/","name":"Not\u00edcias - Franciscanos","description":"Prov\u00edncia Franciscana da Imaculada Concei\u00e7\u00e3o do Brasil - Ordem dos Frades Menores - OFM","potentialAction":[{"@type":"SearchAction","target":{"@type":"EntryPoint","urlTemplate":"https:\/\/franciscanos.org.br\/noticias\/?s={search_term_string}"},"query-input":"required name=search_term_string"}],"inLanguage":"pt-BR"},{"@type":"ImageObject","inLanguage":"pt-BR","@id":"https:\/\/franciscanos.org.br\/noticias\/papa-o-coracao-do-sacerdote-nao-olha-para-si-mesmo-mas-esta-fixo-em-deus-e-nos-irmaos.html#primaryimage","url":"https:\/\/franciscanos.org.br\/noticias\/wp-content\/uploads\/2016\/06\/sacerdotes_2.jpg","contentUrl":"https:\/\/franciscanos.org.br\/noticias\/wp-content\/uploads\/2016\/06\/sacerdotes_2.jpg","width":273,"height":181},{"@type":"WebPage","@id":"https:\/\/franciscanos.org.br\/noticias\/papa-o-coracao-do-sacerdote-nao-olha-para-si-mesmo-mas-esta-fixo-em-deus-e-nos-irmaos.html#webpage","url":"https:\/\/franciscanos.org.br\/noticias\/papa-o-coracao-do-sacerdote-nao-olha-para-si-mesmo-mas-esta-fixo-em-deus-e-nos-irmaos.html","name":"\u201cO Cora\u00e7\u00e3o do Bom Pastor \u00e9 a pr\u00f3pria miseric\u00f3rdia\" - Not\u00edcias - Franciscanos","isPartOf":{"@id":"https:\/\/franciscanos.org.br\/noticias\/#website"},"primaryImageOfPage":{"@id":"https:\/\/franciscanos.org.br\/noticias\/papa-o-coracao-do-sacerdote-nao-olha-para-si-mesmo-mas-esta-fixo-em-deus-e-nos-irmaos.html#primaryimage"},"datePublished":"2016-06-03T11:22:09+00:00","dateModified":"2020-06-09T20:09:19+00:00","author":{"@id":"https:\/\/franciscanos.org.br\/noticias\/#\/schema\/person\/b38fbf43118f02820bd932f2e4b14ad3"},"breadcrumb":{"@id":"https:\/\/franciscanos.org.br\/noticias\/papa-o-coracao-do-sacerdote-nao-olha-para-si-mesmo-mas-esta-fixo-em-deus-e-nos-irmaos.html#breadcrumb"},"inLanguage":"pt-BR","potentialAction":[{"@type":"ReadAction","target":["https:\/\/franciscanos.org.br\/noticias\/papa-o-coracao-do-sacerdote-nao-olha-para-si-mesmo-mas-esta-fixo-em-deus-e-nos-irmaos.html"]}]},{"@type":"BreadcrumbList","@id":"https:\/\/franciscanos.org.br\/noticias\/papa-o-coracao-do-sacerdote-nao-olha-para-si-mesmo-mas-esta-fixo-em-deus-e-nos-irmaos.html#breadcrumb","itemListElement":[{"@type":"ListItem","position":1,"name":"Home","item":"https:\/\/franciscanos.org.br\/noticias"},{"@type":"ListItem","position":2,"name":"\u201cO Cora\u00e7\u00e3o do Bom Pastor \u00e9 a pr\u00f3pria miseric\u00f3rdia&#8221;"}]},{"@type":"Person","@id":"https:\/\/franciscanos.org.br\/noticias\/#\/schema\/person\/b38fbf43118f02820bd932f2e4b14ad3","name":"admin","image":{"@type":"ImageObject","inLanguage":"pt-BR","@id":"https:\/\/franciscanos.org.br\/noticias\/#\/schema\/person\/image\/","url":"https:\/\/secure.gravatar.com\/avatar\/e8495742d34d0ba6448ea1c628263b3e?s=96&d=mm&r=g","contentUrl":"https:\/\/secure.gravatar.com\/avatar\/e8495742d34d0ba6448ea1c628263b3e?s=96&d=mm&r=g","caption":"admin"},"url":"https:\/\/franciscanos.org.br\/noticias\/author\/admin"}]}},"_links":{"self":[{"href":"https:\/\/franciscanos.org.br\/noticias\/wp-json\/wp\/v2\/posts\/110578"}],"collection":[{"href":"https:\/\/franciscanos.org.br\/noticias\/wp-json\/wp\/v2\/posts"}],"about":[{"href":"https:\/\/franciscanos.org.br\/noticias\/wp-json\/wp\/v2\/types\/post"}],"author":[{"embeddable":true,"href":"https:\/\/franciscanos.org.br\/noticias\/wp-json\/wp\/v2\/users\/1"}],"replies":[{"embeddable":true,"href":"https:\/\/franciscanos.org.br\/noticias\/wp-json\/wp\/v2\/comments?post=110578"}],"version-history":[{"count":2,"href":"https:\/\/franciscanos.org.br\/noticias\/wp-json\/wp\/v2\/posts\/110578\/revisions"}],"predecessor-version":[{"id":225688,"href":"https:\/\/franciscanos.org.br\/noticias\/wp-json\/wp\/v2\/posts\/110578\/revisions\/225688"}],"wp:featuredmedia":[{"embeddable":true,"href":"https:\/\/franciscanos.org.br\/noticias\/wp-json\/wp\/v2\/media\/219199"}],"wp:attachment":[{"href":"https:\/\/franciscanos.org.br\/noticias\/wp-json\/wp\/v2\/media?parent=110578"}],"wp:term":[{"taxonomy":"category","embeddable":true,"href":"https:\/\/franciscanos.org.br\/noticias\/wp-json\/wp\/v2\/categories?post=110578"},{"taxonomy":"post_tag","embeddable":true,"href":"https:\/\/franciscanos.org.br\/noticias\/wp-json\/wp\/v2\/tags?post=110578"}],"curies":[{"name":"wp","href":"https:\/\/api.w.org\/{rel}","templated":true}]}}