{"id":110536,"date":"2016-06-02T15:51:19","date_gmt":"2016-06-02T18:51:19","guid":{"rendered":"http:\/\/franciscanos.org.br\/?p=110536"},"modified":"2020-06-09T17:10:41","modified_gmt":"2020-06-09T20:10:41","slug":"sacerdotes-devem-ser-sinal-e-instrumento-para-o-encontro-com-deus","status":"publish","type":"post","link":"https:\/\/franciscanos.org.br\/noticias\/sacerdotes-devem-ser-sinal-e-instrumento-para-o-encontro-com-deus.html","title":{"rendered":"&quot;O dinheiro nos faz perder a riqueza da miseric\u00f3rdia&quot;"},"content":{"rendered":"<p><img loading=\"lazy\" src=\"http:\/\/franciscanos.org.br\/wp-content\/uploads\/2016\/06\/jubileu-3_830.jpg\" alt=\"jubileu 3_830\" width=\"830\" height=\"340\" \/><\/p>\n<p><strong>Cidade do Vaticano \u2013<\/strong> No final da tarde desta quinta-feira (2\/06), o Papa Francisco reuniu-se com sacerdotes e seminaristas na Bas\u00edlica S\u00e3o Paulo fora-dos-muros, para a terceira medita\u00e7\u00e3o dos Exerc\u00edcios Espirituais, por ocasi\u00e3o do Jubileu dos Sacerdotes.<\/p>\n<p>O Papa Francisco refletiu sobre as obras de miseric\u00f3rdia na sua dimens\u00e3o social, no amor pelos pobres, na postura do sacerdote no confession\u00e1rio, exortando \u00e0 cria\u00e7\u00e3o de uma &#8220;cultura da miseric\u00f3rdia&#8221;.<\/p>\n<p>Francisco recordou, inicialmente, que \u201cas obras de miseric\u00f3rdia est\u00e3o muito ligadas aos \u2018sentidos espirituais\u2019\u201d, que nos abrem para uma maior sensibilidade \u00e0 vida, percebendo os necessitados existentes ao nosso redor.<\/p>\n<p>Servindo os pobres \u2013 disse o Papa \u2013 \u201csomos o bom odor de Cristo\u201d e isto \u201c\u00e9 distintivo da Igreja; sempre o foi\u201d.<\/p>\n<p>\u2018O amor pelos pobres \u2013 afirmou o Santo Padre \u2013 \u00e9 o sinal, a luz que faz com que as pessoas glorifiquem o Pai. E \u00e9 isto que o povo aprecia no Padre: se cuida dos pobres, dos doentes, se perdoa os pecadores, ensina e corrige com paci\u00eancia\u201d:<\/p>\n<p><strong>Perd\u00e3o<\/strong><\/p>\n<p>\u201cO nosso povo perdoa muitos defeitos nos padres, exceto o de serem agarrados ao dinheiro, o povo n\u00e3o perdoa. E n\u00e3o \u00e9 tanto pela riqueza em si, mas porque o dinheiro nos faz perder a riqueza da miseric\u00f3rdia. O nosso povo pressente os pecados que s\u00e3o graves para o pastor, que matam o seu minist\u00e9rio porque o transformam num funcion\u00e1rio ou, pior, num mercen\u00e1rio, e, diversamente, os pecados que s\u00e3o, n\u00e3o diria secund\u00e1rios, mas poss\u00edveis de suportar, carregar como uma cruz, at\u00e9 que o Senhor finalmente os purifique, como far\u00e1 com a ciz\u00e2nia. Ao contr\u00e1rio, o que atenta contra a miseric\u00f3rdia \u00e9 uma contradi\u00e7\u00e3o principal: atenta contra o dinamismo da salva\u00e7\u00e3o, contra Cristo que \u00abSe fez pobre para nos enriquecer com a sua pobreza\u00bb\u201d.<\/p>\n<p>Francisco exorta ent\u00e3o a deixar-se \u201cmisericordiar\u201d por Deus, \u201cem todos os aspectos de nossa vida e a sermos misericordiosos com os outros em toda a nossa atividade\u201d. Para n\u00f3s \u2013 recordou \u2013 \u201ca miseric\u00f3rdia \u00e9 o modo de transformar toda a vida do povo de Deus em sacramento. Ser misericordioso n\u00e3o \u00e9 apenas \u201cum modo de ser\u201d, mas \u201co modo de ser\u201d, frisou.<\/p>\n<p>Este olhar de miseric\u00f3rdia, que \u201cv\u00ea o que falta para colocar imediatamente o rem\u00e9dio\u201d, deve ser ensinado e cultivado \u201cdesde o Semin\u00e1rio e deve alimentar todos os planos pastorais\u201d, defendeu o Pont\u00edfice.<\/p>\n<p><strong>Pastoral<\/strong><\/p>\n<p>O Papa recorda que nas \u201cnossas obras de miseric\u00f3rdia, sempre somos aben\u00e7oados por Deus e encontramos ajuda e colabora\u00e7\u00e3o no nosso povo\u201d. E se algum projeto, obra ou plano pastoral n\u00e3o funciona, n\u00e3o avan\u00e7a, \u00e9 porque n\u00e3o \u00e9 aben\u00e7oado, lhe falta miseric\u00f3rdia:<\/p>\n<p>\u201cFalta aquela miseric\u00f3rdia que tem a ver mais com um hospital de campanha do que com uma cl\u00ednica de luxo; aquela miseric\u00f3rdia que, apreciando algo de bom, prepara o terreno para um futuro encontro da pessoa com Deus, em vez de a afastar com uma cr\u00edtica patente&#8230;\u201d.<\/p>\n<p>Sempre na linha da miseric\u00f3rdia, o Papa prop\u00f4s uma ora\u00e7\u00e3o \u201ccom a pecadora perdoada\u201d, para pedir para \u201cser misericordiosos na Confiss\u00e3o\u201d. \u201cNo seu di\u00e1logo com a ad\u00faltera \u2013 diz Francisco \u2013 o Senhor abre outros espa\u00e7os: um \u00e9 o espa\u00e7o da n\u00e3o condena\u00e7\u00e3o:<\/p>\n<p>\u201cOnde est\u00e3o os que te condenavam?\u201d e o outro \u00e9 o \u201cespa\u00e7o livre\u201d: \u201cDoravante n\u00e3o peques mais\u201d. \u201cEsta \u2013 disse Francisco &#8211; \u00e9 a delicadeza da miseric\u00f3rdia, que olha com piedade o passado e encoraja para o futuro\u201d:<\/p>\n<p>\u201cEsta imagem do Senhor que p\u00f5e as pessoas a caminhar \u00e9 muito apropriada: Ele \u00e9 o Deus que Se p\u00f5e a caminho com o seu povo, que faz avan\u00e7ar e acompanha a nossa hist\u00f3ria. Por isso, o objeto que visa a miseric\u00f3rdia \u00e9 muito concreto: tem em vista aquilo que impede um homem ou uma mulher de caminharem no seu lugar, com os seus queridos, ao seu ritmo, para a meta aonde Deus os convida. O que faz pena, o que comove \u00e9 que uma pessoa se perca, ou que fique para tr\u00e1s, ou que erre por presun\u00e7\u00e3o. Que esteja \u2013 digamos \u2013 fora do seu lugar; que n\u00e3o esteja \u00e0 disposi\u00e7\u00e3o do Senhor, dispon\u00edvel para a tarefa que Ele quiser confiar-lhe; que uma pessoa n\u00e3o caminhe humildemente na presen\u00e7a do Senhor\u201d.<\/p>\n<p><strong>Confiss\u00e3o<\/strong><\/p>\n<p>Francisco passa ent\u00e3o \u201cao confession\u00e1rio\u201d. Os sacerdotes, disse ele, s\u00e3o \u201csinal e instrumento\u201d de um encontro. \u201cSinal, quer dizer que devemos atrair\u201d e o instrumento \u201cvale por sua efic\u00e1cia, por estar ao alcance e incidir na realidade de forma concreta, adequada.<\/p>\n<p>Somos instrumentos, se verdadeiramente as pessoas se encontrarem com Deus misericordioso; a n\u00f3s cabe \u201cfazer com que se encontrem\u201d, que fiquem face a face. O que fizerem depois \u00e9 l\u00e1 com eles\u201d.<\/p>\n<p>Deve ficar claro em rela\u00e7\u00e3o ao nosso minist\u00e9rio \u2013 reiterou Francisco \u2013 que devemos \u201cser sinal e instrumento para que eles se encontrem. Fique claro que n\u00e3o somos o pai, nem o pastor, nem o samaritano.<\/p>\n<p>Antes, como pecadores, estamos do lado dos outros tr\u00eas. O nosso minist\u00e9rio tem de ser sinal e instrumento daquele encontro. Por isso, estamos situados no \u00e2mbito do mist\u00e9rio do Esp\u00edrito Santo, que \u00e9 quem cria a Igreja, quem faz a unidade, quem reaviva de cada vez o encontro\u201d.<\/p>\n<p><strong>Essencial<\/strong><\/p>\n<p>Outras caracter\u00edsticas pr\u00f3prias dum sinal e dum instrumento \u2013 precisou o Pont\u00edfice \u2013 s\u00e3o a sua \u201cn\u00e3o-autorreferencia\u201d &#8211; pois \u201cningu\u00e9m fica no sinal, logo que compreendeu a significa\u00e7\u00e3o\u201d \u2013 e a sua disponibilidade: \u201cque o instrumento esteja pronto para ser usado\u201d, que seja vis\u00edvel.<\/p>\n<p>Mas a ess\u00eancia do sinal e do instrumento \u00e9 \u201cserem mediadores\u201d: \u201cTalvez esteja aqui a chave da nossa miss\u00e3o neste encontro da miseric\u00f3rdia de Deus com o homem\u201d:<\/p>\n<p>\u201cDevemos aprender com os bons confessores, com aqueles que t\u00eam delicadeza com os pecadores bastando-lhes meia palavra para compreenderem tudo, como Jesus com a hemorro\u00edssa, e naquele mesmo momento sai deles a for\u00e7a do perd\u00e3o. A integridade da confiss\u00e3o n\u00e3o \u00e9 uma quest\u00e3o de matem\u00e1tica. \u00c0s vezes, a vergonha fica-se a dever mais ao n\u00famero do que ao nome do pr\u00f3prio pecado. Mas, para isso, \u00e9 preciso deixar-se comover perante a situa\u00e7\u00e3o das pessoas \u2013 \u00e0s vezes, \u00e9 uma mistura de coisas, de doen\u00e7a, de pecado e de condicionalismos imposs\u00edveis de superar \u2013 como Jesus que Se comovia ao ver as pessoas, sentia-o nas entranhas, nas v\u00edsceras e, por isso, curava; e curava mesmo que o outro \u00abn\u00e3o lho pedisse\u00bb como aquele leproso, ou andasse \u00e0s voltas como a Samaritana, que era como o pardal: piava num lado, mas tinha o ninho noutro\u201d.<\/p>\n<p>Devemos tamb\u00e9m \u2013 acrescentou o Papa \u2013 \u201caprender com os confessores capazes de fazer com que o penitente sinta vontade de emenda dando um pequeno passo em frente, como Jesus que dava uma penit\u00eancia suficiente mas sabia apreciar quem voltava para agradecer, quem fazia mais\u201d.<\/p>\n<p>Ao concluir o reflex\u00e3o sobre a Confiss\u00e3o, Francisco deu dois conselhos:<\/p>\n<p><strong>Curiosidade<\/strong><\/p>\n<p>\u201cO primeiro, nunca adotem o olhar do funcion\u00e1rio, de quem s\u00f3 v\u00ea \u00abcasos\u00bb e livra-se deles. A miseric\u00f3rdia livra-nos de ser um padre juiz-funcion\u00e1rio que, \u00e0 for\u00e7a \u2013 digamos \u2013 de tanto julgar \u00abcasos\u00bb, perde a sensibilidade pelas pessoas, pelos rostos. A regra de Jesus \u00e9 \u00abjulgar como queremos ser julgados\u00bb. Na medida \u00edntima que uma pessoa emprega para julgar se a trataram com dignidade, se a ignoraram ou maltrataram, se a ajudaram a levantar-se&#8230;, est\u00e1 a chave para julgar os outros (tenhamos presente que o Senhor confia nesta medida, t\u00e3o subjetivamente pessoal). E n\u00e3o tanto porque essa medida seja a \u00abmelhor\u00bb, mas porque \u00e9 sincera e, a partir dela, pode-se construir uma boa rela\u00e7\u00e3o. O segundo conselho: N\u00e3o sejais curiosos no confession\u00e1rio\u201d.<\/p>\n<p>Ao chegar \u00e0 \u201cdimens\u00e3o social das obras de miseric\u00f3rdia\u201d, o Papa prop\u00f4s aos sacerdotes a medita\u00e7\u00e3o de \u201calguns dos par\u00e1grafos finais dos Evangelhos\u201d, pois l\u00e1 \u201co pr\u00f3prio Senhor estabelece a conex\u00e3o entre o que recebemos e o que devemos dar\u201d.<\/p>\n<p>Ap\u00f3s citar algumas passagens b\u00edblicas, Francisco afirmou que \u201cas a\u00e7\u00f5es do Senhor, as suas obras n\u00e3o s\u00e3o meros fatos mas sinais em que se manifestam, de forma pessoal e \u00fanica por cada um, o seu amor e a sua miseric\u00f3rdia.<\/p>\n<p><strong>Diversidade<\/strong><\/p>\n<p>Podemos contemplar o Senhor, que nos envia a fazer este trabalho, atrav\u00e9s da imagem de Jesus misericordioso, tal como foi revelada \u00e0 Irm\u00e3 Faustina. Naquela imagem, podemos ver a Miseric\u00f3rdia como uma \u00fanica luz que vem da interioridade de Deus e que, ao passar pelo cora\u00e7\u00e3o de Cristo, sai diversificada com uma cor pr\u00f3pria para cada obra de miseric\u00f3rdia\u201d.<\/p>\n<p>\u201cAs obras de miseric\u00f3rdia s\u00e3o infinitas \u2013 disse o Papa &#8211; cada uma com o seu cunho pessoal, com a hist\u00f3ria de cada rosto. N\u00e3o s\u00e3o apenas as sete corporais e as sete espirituais em geral\u201d. \u201cE a miseric\u00f3rdia \u2013 sublinhou \u2013 \u00e9 fecunda e inclusiva\u201d:<\/p>\n<p>\u201c\u00c9 verdade que estamos habituados a pensar nas obras de miseric\u00f3rdia uma a uma e enquanto ligadas a uma obra: hospitais para os doentes, sopa dos pobres para os famintos, abrigos para os que vivem pela estrada, escolas para quem precisa de instru\u00e7\u00e3o, o confession\u00e1rio e a dire\u00e7\u00e3o espiritual para quem necessita de conselho e perd\u00e3o\u2026 Mas, se as olharmos em conjunto, a mensagem que da\u00ed resulta \u00e9 que a miseric\u00f3rdia tem por objeto a pr\u00f3pria vida humana na sua totalidade. A nossa pr\u00f3pria vida, enquanto \u00abcarne\u00bb, \u00e9 faminta e sedenta, carecida de vestu\u00e1rio, casa e visitas, bem como de um enterro digno, coisa que ningu\u00e9m pode fazer para si mesmo. Mesmo o mais rico, ao morrer, fica reduzido a uma mis\u00e9ria e ningu\u00e9m leva atr\u00e1s do cortejo f\u00fanebre o caminh\u00e3o com a mercadoria da casa mudada. A nossa pr\u00f3pria vida, enquanto \u00abesp\u00edrito\u00bb, precisa de ser educada, corrigida e encorajada (consolada). Temos necessidade que outros nos aconselhem, perdoem, apoiem e rezem por n\u00f3s\u201d.<\/p>\n<p><strong>Cultura da miseric\u00f3rdia<\/strong><\/p>\n<p>&#8220;Tamb\u00e9m na fam\u00edlia \u2013 observa o Papa \u2013 praticam-se estas obras de miseric\u00f3rdia de forma t\u00e3o justa e desinteressada que nem se d\u00e1 por ela, mas basta que, numa fam\u00edlia com crian\u00e7as pequenas, falte a m\u00e3e para que tudo fique na mis\u00e9ria. A mis\u00e9ria mais absoluta e cruel \u00e9 a duma crian\u00e7a na rua, sem pais, \u00e0 merc\u00ea dos abutres\u201d.<\/p>\n<p>Por fim Francisco exorta os sacerdotes a criarem uma cultura de miseric\u00f3rdia \u2013 que \u00e9 bem diferente de uma cultura de benefic\u00eancia &#8211; atrav\u00e9s do \u201cagir\u201d. E \u201ccomo sacerdotes, pe\u00e7amos duas gra\u00e7as ao Bom Pastor: a de nos deixarmos guiar pelo sensus fidei do nosso povo fiel e tamb\u00e9m pelo seu \u00absentido do pobre\u00bb. Ambos os \u00absentidos\u00bb est\u00e3o ligados com o seu \u00absensus Christi\u00bb, com o amor e a f\u00e9 que o nosso povo tem por Jesus\u201d.<\/p>\n<p>Por fim, o Papa deu algumas recomenda\u00e7\u00f5es aos sacerdotes: n\u00e3o deixar de rezar, \u201cmesmo que se adormente diante do Tabern\u00e1culo\u201d; deixar-se olhar por Nossa Senhora e olh\u00e1-la como M\u00e3e; n\u00e3o perder o zelo e a proximidade com as pessoas e n\u00e3o perder o senso se humor.<\/p>\n<hr \/>\n<p><em>Fonte: R\u00e1dio Vaticano<\/em><\/p>\n","protected":false},"excerpt":{"rendered":"<p>Jubileu dos Sacerdotes<\/p>\n","protected":false},"author":1,"featured_media":209170,"comment_status":"open","ping_status":"open","sticky":false,"template":"","format":"standard","meta":[],"categories":[1428],"tags":[1691],"acf":[],"yoast_head":"<!-- This site is optimized with the Yoast SEO plugin v19.2 - https:\/\/yoast.com\/wordpress\/plugins\/seo\/ -->\n<title>&quot;O dinheiro nos faz perder a riqueza da miseric\u00f3rdia&quot; - Not\u00edcias - Franciscanos<\/title>\n<meta name=\"robots\" content=\"index, follow, max-snippet:-1, max-image-preview:large, max-video-preview:-1\" \/>\n<link rel=\"canonical\" href=\"https:\/\/franciscanos.org.br\/noticias\/sacerdotes-devem-ser-sinal-e-instrumento-para-o-encontro-com-deus.html\" \/>\n<meta property=\"og:locale\" content=\"pt_BR\" \/>\n<meta property=\"og:type\" content=\"article\" \/>\n<meta property=\"og:title\" content=\"&quot;O dinheiro nos faz perder a riqueza da miseric\u00f3rdia&quot; - Not\u00edcias - Franciscanos\" \/>\n<meta property=\"og:description\" content=\"Jubileu dos Sacerdotes\" \/>\n<meta property=\"og:url\" content=\"https:\/\/franciscanos.org.br\/noticias\/sacerdotes-devem-ser-sinal-e-instrumento-para-o-encontro-com-deus.html\" \/>\n<meta property=\"og:site_name\" content=\"Not\u00edcias - Franciscanos\" \/>\n<meta property=\"article:published_time\" content=\"2016-06-02T18:51:19+00:00\" \/>\n<meta property=\"article:modified_time\" content=\"2020-06-09T20:10:41+00:00\" \/>\n<meta property=\"og:image\" content=\"https:\/\/franciscanos.org.br\/noticias\/wp-content\/uploads\/2016\/06\/jubileu-3_830.jpg\" \/>\n\t<meta property=\"og:image:width\" content=\"273\" \/>\n\t<meta property=\"og:image:height\" content=\"181\" \/>\n\t<meta property=\"og:image:type\" content=\"image\/jpeg\" \/>\n<meta name=\"author\" content=\"admin\" \/>\n<meta name=\"twitter:card\" content=\"summary_large_image\" \/>\n<meta name=\"twitter:label1\" content=\"Escrito por\" \/>\n\t<meta name=\"twitter:data1\" content=\"admin\" \/>\n\t<meta name=\"twitter:label2\" content=\"Est. tempo de leitura\" \/>\n\t<meta name=\"twitter:data2\" content=\"10 minutos\" \/>\n<script type=\"application\/ld+json\" class=\"yoast-schema-graph\">{\"@context\":\"https:\/\/schema.org\",\"@graph\":[{\"@type\":\"WebSite\",\"@id\":\"https:\/\/franciscanos.org.br\/noticias\/#website\",\"url\":\"https:\/\/franciscanos.org.br\/noticias\/\",\"name\":\"Not\u00edcias - Franciscanos\",\"description\":\"Prov\u00edncia Franciscana da Imaculada Concei\u00e7\u00e3o do Brasil - Ordem dos Frades Menores - OFM\",\"potentialAction\":[{\"@type\":\"SearchAction\",\"target\":{\"@type\":\"EntryPoint\",\"urlTemplate\":\"https:\/\/franciscanos.org.br\/noticias\/?s={search_term_string}\"},\"query-input\":\"required name=search_term_string\"}],\"inLanguage\":\"pt-BR\"},{\"@type\":\"ImageObject\",\"inLanguage\":\"pt-BR\",\"@id\":\"https:\/\/franciscanos.org.br\/noticias\/sacerdotes-devem-ser-sinal-e-instrumento-para-o-encontro-com-deus.html#primaryimage\",\"url\":\"https:\/\/franciscanos.org.br\/noticias\/wp-content\/uploads\/2016\/06\/jubileu-3_830.jpg\",\"contentUrl\":\"https:\/\/franciscanos.org.br\/noticias\/wp-content\/uploads\/2016\/06\/jubileu-3_830.jpg\",\"width\":273,\"height\":181},{\"@type\":\"WebPage\",\"@id\":\"https:\/\/franciscanos.org.br\/noticias\/sacerdotes-devem-ser-sinal-e-instrumento-para-o-encontro-com-deus.html#webpage\",\"url\":\"https:\/\/franciscanos.org.br\/noticias\/sacerdotes-devem-ser-sinal-e-instrumento-para-o-encontro-com-deus.html\",\"name\":\"&quot;O dinheiro nos faz perder a riqueza da miseric\u00f3rdia&quot; - Not\u00edcias - Franciscanos\",\"isPartOf\":{\"@id\":\"https:\/\/franciscanos.org.br\/noticias\/#website\"},\"primaryImageOfPage\":{\"@id\":\"https:\/\/franciscanos.org.br\/noticias\/sacerdotes-devem-ser-sinal-e-instrumento-para-o-encontro-com-deus.html#primaryimage\"},\"datePublished\":\"2016-06-02T18:51:19+00:00\",\"dateModified\":\"2020-06-09T20:10:41+00:00\",\"author\":{\"@id\":\"https:\/\/franciscanos.org.br\/noticias\/#\/schema\/person\/b38fbf43118f02820bd932f2e4b14ad3\"},\"breadcrumb\":{\"@id\":\"https:\/\/franciscanos.org.br\/noticias\/sacerdotes-devem-ser-sinal-e-instrumento-para-o-encontro-com-deus.html#breadcrumb\"},\"inLanguage\":\"pt-BR\",\"potentialAction\":[{\"@type\":\"ReadAction\",\"target\":[\"https:\/\/franciscanos.org.br\/noticias\/sacerdotes-devem-ser-sinal-e-instrumento-para-o-encontro-com-deus.html\"]}]},{\"@type\":\"BreadcrumbList\",\"@id\":\"https:\/\/franciscanos.org.br\/noticias\/sacerdotes-devem-ser-sinal-e-instrumento-para-o-encontro-com-deus.html#breadcrumb\",\"itemListElement\":[{\"@type\":\"ListItem\",\"position\":1,\"name\":\"Home\",\"item\":\"https:\/\/franciscanos.org.br\/noticias\"},{\"@type\":\"ListItem\",\"position\":2,\"name\":\"&quot;O dinheiro nos faz perder a riqueza da miseric\u00f3rdia&quot;\"}]},{\"@type\":\"Person\",\"@id\":\"https:\/\/franciscanos.org.br\/noticias\/#\/schema\/person\/b38fbf43118f02820bd932f2e4b14ad3\",\"name\":\"admin\",\"image\":{\"@type\":\"ImageObject\",\"inLanguage\":\"pt-BR\",\"@id\":\"https:\/\/franciscanos.org.br\/noticias\/#\/schema\/person\/image\/\",\"url\":\"https:\/\/secure.gravatar.com\/avatar\/e8495742d34d0ba6448ea1c628263b3e?s=96&d=mm&r=g\",\"contentUrl\":\"https:\/\/secure.gravatar.com\/avatar\/e8495742d34d0ba6448ea1c628263b3e?s=96&d=mm&r=g\",\"caption\":\"admin\"},\"url\":\"https:\/\/franciscanos.org.br\/noticias\/author\/admin\"}]}<\/script>\n<!-- \/ Yoast SEO plugin. -->","yoast_head_json":{"title":"&quot;O dinheiro nos faz perder a riqueza da miseric\u00f3rdia&quot; - Not\u00edcias - Franciscanos","robots":{"index":"index","follow":"follow","max-snippet":"max-snippet:-1","max-image-preview":"max-image-preview:large","max-video-preview":"max-video-preview:-1"},"canonical":"https:\/\/franciscanos.org.br\/noticias\/sacerdotes-devem-ser-sinal-e-instrumento-para-o-encontro-com-deus.html","og_locale":"pt_BR","og_type":"article","og_title":"&quot;O dinheiro nos faz perder a riqueza da miseric\u00f3rdia&quot; - Not\u00edcias - Franciscanos","og_description":"Jubileu dos Sacerdotes","og_url":"https:\/\/franciscanos.org.br\/noticias\/sacerdotes-devem-ser-sinal-e-instrumento-para-o-encontro-com-deus.html","og_site_name":"Not\u00edcias - Franciscanos","article_published_time":"2016-06-02T18:51:19+00:00","article_modified_time":"2020-06-09T20:10:41+00:00","og_image":[{"width":273,"height":181,"url":"https:\/\/franciscanos.org.br\/noticias\/wp-content\/uploads\/2016\/06\/jubileu-3_830.jpg","type":"image\/jpeg"}],"author":"admin","twitter_card":"summary_large_image","twitter_misc":{"Escrito por":"admin","Est. tempo de leitura":"10 minutos"},"schema":{"@context":"https:\/\/schema.org","@graph":[{"@type":"WebSite","@id":"https:\/\/franciscanos.org.br\/noticias\/#website","url":"https:\/\/franciscanos.org.br\/noticias\/","name":"Not\u00edcias - Franciscanos","description":"Prov\u00edncia Franciscana da Imaculada Concei\u00e7\u00e3o do Brasil - Ordem dos Frades Menores - OFM","potentialAction":[{"@type":"SearchAction","target":{"@type":"EntryPoint","urlTemplate":"https:\/\/franciscanos.org.br\/noticias\/?s={search_term_string}"},"query-input":"required name=search_term_string"}],"inLanguage":"pt-BR"},{"@type":"ImageObject","inLanguage":"pt-BR","@id":"https:\/\/franciscanos.org.br\/noticias\/sacerdotes-devem-ser-sinal-e-instrumento-para-o-encontro-com-deus.html#primaryimage","url":"https:\/\/franciscanos.org.br\/noticias\/wp-content\/uploads\/2016\/06\/jubileu-3_830.jpg","contentUrl":"https:\/\/franciscanos.org.br\/noticias\/wp-content\/uploads\/2016\/06\/jubileu-3_830.jpg","width":273,"height":181},{"@type":"WebPage","@id":"https:\/\/franciscanos.org.br\/noticias\/sacerdotes-devem-ser-sinal-e-instrumento-para-o-encontro-com-deus.html#webpage","url":"https:\/\/franciscanos.org.br\/noticias\/sacerdotes-devem-ser-sinal-e-instrumento-para-o-encontro-com-deus.html","name":"&quot;O dinheiro nos faz perder a riqueza da miseric\u00f3rdia&quot; - Not\u00edcias - Franciscanos","isPartOf":{"@id":"https:\/\/franciscanos.org.br\/noticias\/#website"},"primaryImageOfPage":{"@id":"https:\/\/franciscanos.org.br\/noticias\/sacerdotes-devem-ser-sinal-e-instrumento-para-o-encontro-com-deus.html#primaryimage"},"datePublished":"2016-06-02T18:51:19+00:00","dateModified":"2020-06-09T20:10:41+00:00","author":{"@id":"https:\/\/franciscanos.org.br\/noticias\/#\/schema\/person\/b38fbf43118f02820bd932f2e4b14ad3"},"breadcrumb":{"@id":"https:\/\/franciscanos.org.br\/noticias\/sacerdotes-devem-ser-sinal-e-instrumento-para-o-encontro-com-deus.html#breadcrumb"},"inLanguage":"pt-BR","potentialAction":[{"@type":"ReadAction","target":["https:\/\/franciscanos.org.br\/noticias\/sacerdotes-devem-ser-sinal-e-instrumento-para-o-encontro-com-deus.html"]}]},{"@type":"BreadcrumbList","@id":"https:\/\/franciscanos.org.br\/noticias\/sacerdotes-devem-ser-sinal-e-instrumento-para-o-encontro-com-deus.html#breadcrumb","itemListElement":[{"@type":"ListItem","position":1,"name":"Home","item":"https:\/\/franciscanos.org.br\/noticias"},{"@type":"ListItem","position":2,"name":"&quot;O dinheiro nos faz perder a riqueza da miseric\u00f3rdia&quot;"}]},{"@type":"Person","@id":"https:\/\/franciscanos.org.br\/noticias\/#\/schema\/person\/b38fbf43118f02820bd932f2e4b14ad3","name":"admin","image":{"@type":"ImageObject","inLanguage":"pt-BR","@id":"https:\/\/franciscanos.org.br\/noticias\/#\/schema\/person\/image\/","url":"https:\/\/secure.gravatar.com\/avatar\/e8495742d34d0ba6448ea1c628263b3e?s=96&d=mm&r=g","contentUrl":"https:\/\/secure.gravatar.com\/avatar\/e8495742d34d0ba6448ea1c628263b3e?s=96&d=mm&r=g","caption":"admin"},"url":"https:\/\/franciscanos.org.br\/noticias\/author\/admin"}]}},"_links":{"self":[{"href":"https:\/\/franciscanos.org.br\/noticias\/wp-json\/wp\/v2\/posts\/110536"}],"collection":[{"href":"https:\/\/franciscanos.org.br\/noticias\/wp-json\/wp\/v2\/posts"}],"about":[{"href":"https:\/\/franciscanos.org.br\/noticias\/wp-json\/wp\/v2\/types\/post"}],"author":[{"embeddable":true,"href":"https:\/\/franciscanos.org.br\/noticias\/wp-json\/wp\/v2\/users\/1"}],"replies":[{"embeddable":true,"href":"https:\/\/franciscanos.org.br\/noticias\/wp-json\/wp\/v2\/comments?post=110536"}],"version-history":[{"count":3,"href":"https:\/\/franciscanos.org.br\/noticias\/wp-json\/wp\/v2\/posts\/110536\/revisions"}],"predecessor-version":[{"id":225689,"href":"https:\/\/franciscanos.org.br\/noticias\/wp-json\/wp\/v2\/posts\/110536\/revisions\/225689"}],"wp:featuredmedia":[{"embeddable":true,"href":"https:\/\/franciscanos.org.br\/noticias\/wp-json\/wp\/v2\/media\/209170"}],"wp:attachment":[{"href":"https:\/\/franciscanos.org.br\/noticias\/wp-json\/wp\/v2\/media?parent=110536"}],"wp:term":[{"taxonomy":"category","embeddable":true,"href":"https:\/\/franciscanos.org.br\/noticias\/wp-json\/wp\/v2\/categories?post=110536"},{"taxonomy":"post_tag","embeddable":true,"href":"https:\/\/franciscanos.org.br\/noticias\/wp-json\/wp\/v2\/tags?post=110536"}],"curies":[{"name":"wp","href":"https:\/\/api.w.org\/{rel}","templated":true}]}}