{"id":110527,"date":"2016-06-02T12:26:40","date_gmt":"2016-06-02T15:26:40","guid":{"rendered":"http:\/\/franciscanos.org.br\/?p=110527"},"modified":"2020-06-09T17:14:03","modified_gmt":"2020-06-09T20:14:03","slug":"a-misericordia-nao-e-photoshop-renova-realmente-o-coracao","status":"publish","type":"post","link":"https:\/\/franciscanos.org.br\/noticias\/a-misericordia-nao-e-photoshop-renova-realmente-o-coracao.html","title":{"rendered":"&#8220;A miseric\u00f3rdia n\u00e3o \u00e9 Photoshop, renova realmente o cora\u00e7\u00e3o&#8221;"},"content":{"rendered":"<p><img loading=\"lazy\" src=\"http:\/\/franciscanos.org.br\/wp-content\/uploads\/2016\/06\/jubileu_2_830.jpg\" alt=\"jubileu_2_830\" width=\"830\" height=\"340\" \/><\/p>\n<p><strong>Cidade do Vaticano &#8211;<\/strong> \u201cO melhor confessor costuma ser o que melhor se confessa\u201d: este foi o conceito inicial expresso pelo Pont\u00edfice na manh\u00e3 desta quinta-feira (02\/06), em sua segunda medita\u00e7\u00e3o aos sacerdotes participantes do Jubileu dos Sacerdotes.\u00a0O encontro se realizou na Bas\u00edlica de Santa Maria Maior, \u00e0s 12h, hor\u00e1rio de Roma. Antes de iniciar a sua medita\u00e7\u00e3o, o Papa se deteve em ora\u00e7\u00e3o diante do \u00edcone de Maria, &#8220;Salus Populi Romani&#8221;, que habitualmente venera antes e depois de suas viagens apost\u00f3licas.<\/p>\n<p>Estavam presentes muitos cardeais e colaboradores da C\u00faria Romana. A Bas\u00edlica estava repleta tamb\u00e9m de sacerdotes e seminaristas. O tema da reflex\u00e3o de Francisco foi \u201cO recipiente da miseric\u00f3rdia\u201d, que \u00e9 o nosso cora\u00e7\u00e3o ferido e cicatrizado com a miseric\u00f3rdia e o perd\u00e3o de Deus.<\/p>\n<p>\u201cDeus n\u00e3o Se cansa de perdoar, mesmo quando v\u00ea que a sua gra\u00e7a n\u00e3o consegue criar ra\u00edzes fortes no terreno do nosso cora\u00e7\u00e3o, que \u00e9 caminho duro, agreste e pedregoso. Ele volta a semear a sua miseric\u00f3rdia e o seu perd\u00e3o, renova assim o odre em que recebemos o seu perd\u00e3o; o nosso cora\u00e7\u00e3o se torna \u2018misericordiado\u2019 e misericordioso\u201d, disse o Papa.<\/p>\n<p><strong>Grandes Santos, grandes pecadores<\/strong><br \/>\nProsseguindo, explicou que \u201cno exerc\u00edcio da miseric\u00f3rdia que repara o mal alheio, n\u00e3o h\u00e1 ningu\u00e9m melhor do que a pessoa que possui a sensa\u00e7\u00e3o de ter sido \u2018misericordiada\u2019 do mesmo mal. E citou como exemplo aqueles que trabalham com viciados, que s\u00e3o as pessoas que melhor compreendem, ajudam e sabem exigir dos outros, porque j\u00e1 foram resgatadas.<\/p>\n<p>Neste sentido, Francisco lembrou que quase todos os grandes Santos foram grandes pecadores, como Paulo, Pedro, Jo\u00e3o, Agostinho, Francisco, In\u00e1cio, o Santo Cura d&#8217;Ars, o Beato argentino Cura Brochero, e at\u00e9 Nossa Senhora, \u201co recipiente simples e perfeito atrav\u00e9s do qual se pode receber e distribuir a miseric\u00f3rdia\u201d.<\/p>\n<p>O Papa, que visitou o M\u00e9xico em fevereiro passado, revelou aos participantes do encontro que quando esteve diante da imagem da Virgem de Guadalupe, rezou e pediu a Ela pelos sacerdotes, para que sejam bons padres. Ent\u00e3o lhes falou sobre os \u2018modos\u2019 de olhar de Nossa Senhora.<\/p>\n<p><strong>Acolhida, tecelagem, aten\u00e7\u00e3o<\/strong><br \/>\nO primeiro \u00e9 o olhar que acolhe, onde os homens, sempre \u00f3rf\u00e3os e deserdados, buscam um abrigo, um lar. Um outro \u2018modo de olhar de Maria\u2019 tem a ver com a tecelagem: Ela olha \u2018tecendo\u2019, vendo como pode combinar para bem todas as coisas que o povo Lhe apresenta: \u201cA miseric\u00f3rdia faz a mesma coisa: n\u00e3o nos \u2018pinta\u2019 por fora uma cara de bons, n\u00e3o faz \u2018Photoshop\u2019, mas com os fios de nossas \u2018mis\u00e9rias\u2019 e pecados, entrela\u00e7ados com amor de Pai, tece-nos de tal maneira que a nossa alma se renova recuperando a sua verdadeira imagem: a de Jesus\u201d.<\/p>\n<p>Consequentemente, exortou os sacerdotes: \u201cSejam capazes de imitar esta liberdade de Deus; n\u00e3o se deixem levar pela v\u00e3 pretens\u00e3o de mudar o povo, como se o amor de Deus n\u00e3o tivesse for\u00e7a suficiente para o mudar\u201d.<\/p>\n<p>O terceiro modo de olhar \u00e9 o da aten\u00e7\u00e3o: Maria se concentra e se envolve inteiramente com a pessoa que tem \u00e0 sua frente, como uma m\u00e3e quando s\u00f3 tem olhos para o seu filho que lhe conta alguma coisa.<\/p>\n<p>\u201cNestas situa\u00e7\u00f5es, alertou Francisco, nunca falte a sua paternidade de bispos para com os seus sacerdotes. Encorajem a comunh\u00e3o entre eles; fa\u00e7am com que possam aperfei\u00e7oar os seus dons; insiram-nos nas grandes causas, porque o cora\u00e7\u00e3o do ap\u00f3stolo n\u00e3o foi feito para coisas pequenas\u201d.<\/p>\n<p>Finalmente, Maria olha de modo \u2018integral\u2019, unindo tudo: o nosso passado, presente e futuro. N\u00e3o tem uma vis\u00e3o fragmentada, pois a miseric\u00f3rdia sabe ver a totalidade e intui aquilo que \u00e9 mais necess\u00e1rio.<\/p>\n<p><strong>Maria, sinal e sacramento da miseric\u00f3rdia de Deus<\/strong><br \/>\nO Pont\u00edfice conclui rezando a Maria, M\u00e3e da Miseric\u00f3rdia, vida, do\u00e7ura e esperan\u00e7a nossa: \u201cSeus olhos misericordiosos s\u00e3o aqueles que consideramos o melhor recipiente da miseric\u00f3rdia, nos fazem ver as obras da miseric\u00f3rdia de Deus na hist\u00f3ria dos homens e descobrir Jesus em seus rostos\u201d.<\/p>\n<p>Amanh\u00e3 o Papa Francisco preside a Santa Missa na Solenidade do Sagrado Cora\u00e7\u00e3o de Jesus, com transmiss\u00e3o ao vivo da R\u00e1dio Vaticano.<\/p>\n<hr \/>\n<p><em>Fonte: R\u00e1dio Vaticano<\/em><\/p>\n","protected":false},"excerpt":{"rendered":"<p>Jubileu dos Sacerdotes<\/p>\n","protected":false},"author":1,"featured_media":207259,"comment_status":"open","ping_status":"open","sticky":false,"template":"","format":"standard","meta":[],"categories":[1428],"tags":[1691],"acf":[],"yoast_head":"<!-- This site is optimized with the Yoast SEO plugin v19.2 - https:\/\/yoast.com\/wordpress\/plugins\/seo\/ -->\n<title>&quot;A miseric\u00f3rdia n\u00e3o \u00e9 Photoshop, renova realmente o cora\u00e7\u00e3o&quot; - Not\u00edcias - Franciscanos<\/title>\n<meta name=\"robots\" content=\"index, follow, max-snippet:-1, max-image-preview:large, max-video-preview:-1\" \/>\n<link rel=\"canonical\" href=\"https:\/\/franciscanos.org.br\/noticias\/a-misericordia-nao-e-photoshop-renova-realmente-o-coracao.html\" \/>\n<meta property=\"og:locale\" content=\"pt_BR\" \/>\n<meta property=\"og:type\" content=\"article\" \/>\n<meta property=\"og:title\" content=\"&quot;A miseric\u00f3rdia n\u00e3o \u00e9 Photoshop, renova realmente o cora\u00e7\u00e3o&quot; - Not\u00edcias - Franciscanos\" \/>\n<meta property=\"og:description\" content=\"Jubileu dos Sacerdotes\" \/>\n<meta property=\"og:url\" content=\"https:\/\/franciscanos.org.br\/noticias\/a-misericordia-nao-e-photoshop-renova-realmente-o-coracao.html\" \/>\n<meta property=\"og:site_name\" content=\"Not\u00edcias - Franciscanos\" \/>\n<meta property=\"article:published_time\" content=\"2016-06-02T15:26:40+00:00\" \/>\n<meta property=\"article:modified_time\" content=\"2020-06-09T20:14:03+00:00\" \/>\n<meta property=\"og:image\" content=\"https:\/\/franciscanos.org.br\/noticias\/wp-content\/uploads\/2016\/06\/jubileu_2_830.jpg\" \/>\n\t<meta property=\"og:image:width\" content=\"273\" \/>\n\t<meta property=\"og:image:height\" content=\"181\" \/>\n\t<meta property=\"og:image:type\" content=\"image\/jpeg\" \/>\n<meta name=\"author\" content=\"admin\" \/>\n<meta name=\"twitter:card\" content=\"summary_large_image\" \/>\n<meta name=\"twitter:label1\" content=\"Escrito por\" \/>\n\t<meta name=\"twitter:data1\" content=\"admin\" \/>\n\t<meta name=\"twitter:label2\" content=\"Est. tempo de leitura\" \/>\n\t<meta name=\"twitter:data2\" content=\"4 minutos\" \/>\n<script type=\"application\/ld+json\" class=\"yoast-schema-graph\">{\"@context\":\"https:\/\/schema.org\",\"@graph\":[{\"@type\":\"WebSite\",\"@id\":\"https:\/\/franciscanos.org.br\/noticias\/#website\",\"url\":\"https:\/\/franciscanos.org.br\/noticias\/\",\"name\":\"Not\u00edcias - Franciscanos\",\"description\":\"Prov\u00edncia Franciscana da Imaculada Concei\u00e7\u00e3o do Brasil - Ordem dos Frades Menores - OFM\",\"potentialAction\":[{\"@type\":\"SearchAction\",\"target\":{\"@type\":\"EntryPoint\",\"urlTemplate\":\"https:\/\/franciscanos.org.br\/noticias\/?s={search_term_string}\"},\"query-input\":\"required name=search_term_string\"}],\"inLanguage\":\"pt-BR\"},{\"@type\":\"ImageObject\",\"inLanguage\":\"pt-BR\",\"@id\":\"https:\/\/franciscanos.org.br\/noticias\/a-misericordia-nao-e-photoshop-renova-realmente-o-coracao.html#primaryimage\",\"url\":\"https:\/\/franciscanos.org.br\/noticias\/wp-content\/uploads\/2016\/06\/jubileu_2_830.jpg\",\"contentUrl\":\"https:\/\/franciscanos.org.br\/noticias\/wp-content\/uploads\/2016\/06\/jubileu_2_830.jpg\",\"width\":273,\"height\":181},{\"@type\":\"WebPage\",\"@id\":\"https:\/\/franciscanos.org.br\/noticias\/a-misericordia-nao-e-photoshop-renova-realmente-o-coracao.html#webpage\",\"url\":\"https:\/\/franciscanos.org.br\/noticias\/a-misericordia-nao-e-photoshop-renova-realmente-o-coracao.html\",\"name\":\"\\\"A miseric\u00f3rdia n\u00e3o \u00e9 Photoshop, renova realmente o cora\u00e7\u00e3o\\\" - Not\u00edcias - Franciscanos\",\"isPartOf\":{\"@id\":\"https:\/\/franciscanos.org.br\/noticias\/#website\"},\"primaryImageOfPage\":{\"@id\":\"https:\/\/franciscanos.org.br\/noticias\/a-misericordia-nao-e-photoshop-renova-realmente-o-coracao.html#primaryimage\"},\"datePublished\":\"2016-06-02T15:26:40+00:00\",\"dateModified\":\"2020-06-09T20:14:03+00:00\",\"author\":{\"@id\":\"https:\/\/franciscanos.org.br\/noticias\/#\/schema\/person\/b38fbf43118f02820bd932f2e4b14ad3\"},\"breadcrumb\":{\"@id\":\"https:\/\/franciscanos.org.br\/noticias\/a-misericordia-nao-e-photoshop-renova-realmente-o-coracao.html#breadcrumb\"},\"inLanguage\":\"pt-BR\",\"potentialAction\":[{\"@type\":\"ReadAction\",\"target\":[\"https:\/\/franciscanos.org.br\/noticias\/a-misericordia-nao-e-photoshop-renova-realmente-o-coracao.html\"]}]},{\"@type\":\"BreadcrumbList\",\"@id\":\"https:\/\/franciscanos.org.br\/noticias\/a-misericordia-nao-e-photoshop-renova-realmente-o-coracao.html#breadcrumb\",\"itemListElement\":[{\"@type\":\"ListItem\",\"position\":1,\"name\":\"Home\",\"item\":\"https:\/\/franciscanos.org.br\/noticias\"},{\"@type\":\"ListItem\",\"position\":2,\"name\":\"&#8220;A miseric\u00f3rdia n\u00e3o \u00e9 Photoshop, renova realmente o cora\u00e7\u00e3o&#8221;\"}]},{\"@type\":\"Person\",\"@id\":\"https:\/\/franciscanos.org.br\/noticias\/#\/schema\/person\/b38fbf43118f02820bd932f2e4b14ad3\",\"name\":\"admin\",\"image\":{\"@type\":\"ImageObject\",\"inLanguage\":\"pt-BR\",\"@id\":\"https:\/\/franciscanos.org.br\/noticias\/#\/schema\/person\/image\/\",\"url\":\"https:\/\/secure.gravatar.com\/avatar\/e8495742d34d0ba6448ea1c628263b3e?s=96&d=mm&r=g\",\"contentUrl\":\"https:\/\/secure.gravatar.com\/avatar\/e8495742d34d0ba6448ea1c628263b3e?s=96&d=mm&r=g\",\"caption\":\"admin\"},\"url\":\"https:\/\/franciscanos.org.br\/noticias\/author\/admin\"}]}<\/script>\n<!-- \/ Yoast SEO plugin. -->","yoast_head_json":{"title":"\"A miseric\u00f3rdia n\u00e3o \u00e9 Photoshop, renova realmente o cora\u00e7\u00e3o\" - Not\u00edcias - Franciscanos","robots":{"index":"index","follow":"follow","max-snippet":"max-snippet:-1","max-image-preview":"max-image-preview:large","max-video-preview":"max-video-preview:-1"},"canonical":"https:\/\/franciscanos.org.br\/noticias\/a-misericordia-nao-e-photoshop-renova-realmente-o-coracao.html","og_locale":"pt_BR","og_type":"article","og_title":"\"A miseric\u00f3rdia n\u00e3o \u00e9 Photoshop, renova realmente o cora\u00e7\u00e3o\" - Not\u00edcias - Franciscanos","og_description":"Jubileu dos Sacerdotes","og_url":"https:\/\/franciscanos.org.br\/noticias\/a-misericordia-nao-e-photoshop-renova-realmente-o-coracao.html","og_site_name":"Not\u00edcias - Franciscanos","article_published_time":"2016-06-02T15:26:40+00:00","article_modified_time":"2020-06-09T20:14:03+00:00","og_image":[{"width":273,"height":181,"url":"https:\/\/franciscanos.org.br\/noticias\/wp-content\/uploads\/2016\/06\/jubileu_2_830.jpg","type":"image\/jpeg"}],"author":"admin","twitter_card":"summary_large_image","twitter_misc":{"Escrito por":"admin","Est. tempo de leitura":"4 minutos"},"schema":{"@context":"https:\/\/schema.org","@graph":[{"@type":"WebSite","@id":"https:\/\/franciscanos.org.br\/noticias\/#website","url":"https:\/\/franciscanos.org.br\/noticias\/","name":"Not\u00edcias - Franciscanos","description":"Prov\u00edncia Franciscana da Imaculada Concei\u00e7\u00e3o do Brasil - Ordem dos Frades Menores - OFM","potentialAction":[{"@type":"SearchAction","target":{"@type":"EntryPoint","urlTemplate":"https:\/\/franciscanos.org.br\/noticias\/?s={search_term_string}"},"query-input":"required name=search_term_string"}],"inLanguage":"pt-BR"},{"@type":"ImageObject","inLanguage":"pt-BR","@id":"https:\/\/franciscanos.org.br\/noticias\/a-misericordia-nao-e-photoshop-renova-realmente-o-coracao.html#primaryimage","url":"https:\/\/franciscanos.org.br\/noticias\/wp-content\/uploads\/2016\/06\/jubileu_2_830.jpg","contentUrl":"https:\/\/franciscanos.org.br\/noticias\/wp-content\/uploads\/2016\/06\/jubileu_2_830.jpg","width":273,"height":181},{"@type":"WebPage","@id":"https:\/\/franciscanos.org.br\/noticias\/a-misericordia-nao-e-photoshop-renova-realmente-o-coracao.html#webpage","url":"https:\/\/franciscanos.org.br\/noticias\/a-misericordia-nao-e-photoshop-renova-realmente-o-coracao.html","name":"\"A miseric\u00f3rdia n\u00e3o \u00e9 Photoshop, renova realmente o cora\u00e7\u00e3o\" - Not\u00edcias - Franciscanos","isPartOf":{"@id":"https:\/\/franciscanos.org.br\/noticias\/#website"},"primaryImageOfPage":{"@id":"https:\/\/franciscanos.org.br\/noticias\/a-misericordia-nao-e-photoshop-renova-realmente-o-coracao.html#primaryimage"},"datePublished":"2016-06-02T15:26:40+00:00","dateModified":"2020-06-09T20:14:03+00:00","author":{"@id":"https:\/\/franciscanos.org.br\/noticias\/#\/schema\/person\/b38fbf43118f02820bd932f2e4b14ad3"},"breadcrumb":{"@id":"https:\/\/franciscanos.org.br\/noticias\/a-misericordia-nao-e-photoshop-renova-realmente-o-coracao.html#breadcrumb"},"inLanguage":"pt-BR","potentialAction":[{"@type":"ReadAction","target":["https:\/\/franciscanos.org.br\/noticias\/a-misericordia-nao-e-photoshop-renova-realmente-o-coracao.html"]}]},{"@type":"BreadcrumbList","@id":"https:\/\/franciscanos.org.br\/noticias\/a-misericordia-nao-e-photoshop-renova-realmente-o-coracao.html#breadcrumb","itemListElement":[{"@type":"ListItem","position":1,"name":"Home","item":"https:\/\/franciscanos.org.br\/noticias"},{"@type":"ListItem","position":2,"name":"&#8220;A miseric\u00f3rdia n\u00e3o \u00e9 Photoshop, renova realmente o cora\u00e7\u00e3o&#8221;"}]},{"@type":"Person","@id":"https:\/\/franciscanos.org.br\/noticias\/#\/schema\/person\/b38fbf43118f02820bd932f2e4b14ad3","name":"admin","image":{"@type":"ImageObject","inLanguage":"pt-BR","@id":"https:\/\/franciscanos.org.br\/noticias\/#\/schema\/person\/image\/","url":"https:\/\/secure.gravatar.com\/avatar\/e8495742d34d0ba6448ea1c628263b3e?s=96&d=mm&r=g","contentUrl":"https:\/\/secure.gravatar.com\/avatar\/e8495742d34d0ba6448ea1c628263b3e?s=96&d=mm&r=g","caption":"admin"},"url":"https:\/\/franciscanos.org.br\/noticias\/author\/admin"}]}},"_links":{"self":[{"href":"https:\/\/franciscanos.org.br\/noticias\/wp-json\/wp\/v2\/posts\/110527"}],"collection":[{"href":"https:\/\/franciscanos.org.br\/noticias\/wp-json\/wp\/v2\/posts"}],"about":[{"href":"https:\/\/franciscanos.org.br\/noticias\/wp-json\/wp\/v2\/types\/post"}],"author":[{"embeddable":true,"href":"https:\/\/franciscanos.org.br\/noticias\/wp-json\/wp\/v2\/users\/1"}],"replies":[{"embeddable":true,"href":"https:\/\/franciscanos.org.br\/noticias\/wp-json\/wp\/v2\/comments?post=110527"}],"version-history":[{"count":1,"href":"https:\/\/franciscanos.org.br\/noticias\/wp-json\/wp\/v2\/posts\/110527\/revisions"}],"predecessor-version":[{"id":225690,"href":"https:\/\/franciscanos.org.br\/noticias\/wp-json\/wp\/v2\/posts\/110527\/revisions\/225690"}],"wp:featuredmedia":[{"embeddable":true,"href":"https:\/\/franciscanos.org.br\/noticias\/wp-json\/wp\/v2\/media\/207259"}],"wp:attachment":[{"href":"https:\/\/franciscanos.org.br\/noticias\/wp-json\/wp\/v2\/media?parent=110527"}],"wp:term":[{"taxonomy":"category","embeddable":true,"href":"https:\/\/franciscanos.org.br\/noticias\/wp-json\/wp\/v2\/categories?post=110527"},{"taxonomy":"post_tag","embeddable":true,"href":"https:\/\/franciscanos.org.br\/noticias\/wp-json\/wp\/v2\/tags?post=110527"}],"curies":[{"name":"wp","href":"https:\/\/api.w.org\/{rel}","templated":true}]}}