{"id":110485,"date":"2016-06-02T12:22:19","date_gmt":"2016-06-02T15:22:19","guid":{"rendered":"http:\/\/franciscanos.org.br\/?p=110485"},"modified":"2019-01-22T17:33:14","modified_gmt":"2019-01-22T19:33:14","slug":"lancamentos-da-semana-16","status":"publish","type":"post","link":"https:\/\/franciscanos.org.br\/noticias\/lancamentos-da-semana-16.html","title":{"rendered":"Lan\u00e7amentos da semana"},"content":{"rendered":"<h3><strong><a href=\"http:\/\/franciscanos.org.br\/wp-content\/uploads\/2016\/06\/a-missa.jpg\"><img loading=\"lazy\" class=\"alignleft wp-image-110487 size-full\" src=\"http:\/\/franciscanos.org.br\/wp-content\/uploads\/2016\/06\/a-missa.jpg\" alt=\"a-missa\" width=\"200\" height=\"295\" \/><\/a>A missa<br \/>\n<\/strong><strong>Conhecer para viver<\/strong><\/h3>\n<p><strong>Pe. Almerindo da Silveira Barbosa<\/strong><\/p>\n<p>A Sagrada Liturgia expressa, de modo sublime, a unidade de Deus e do homem. O objetivo de toda celebra\u00e7\u00e3o lit\u00fargica \u00e9 desvelar o mist\u00e9rio de Deus que, no \u00edntimo da Trindade Santa, deseja estar pr\u00f3ximo de n\u00f3s, participando de nossa vida.\u00a0 Para isso conhecer os ritos que comp\u00f5em a Sagrada Liturgia, permite compreender de forma eficaz seu valor e fortalecer nossa f\u00e9 a partir deles.<\/p>\n<p>O objetivo desta obra \u00e9 colocar o leitor em contato direto com a Sagrada Liturgia da Santa Missa. Sua leitura ajudar\u00e1 a compreender os ritos que comp\u00f5em a celebra\u00e7\u00e3o da Eucaristia e a refletir sobre o verdadeiro sentido do mist\u00e9rio de Cristo na liturgia.<\/p>\n<p style=\"padding-left: 30px;\"><strong>Pe. Almerindo da Silveira Barbosa <\/strong>\u2013<em> Fil\u00f3sofo e especialista em Ensino Religioso \u2013 \u00e9 coordenador da Anima\u00e7\u00e3o B\u00edblico-catequ\u00e9tica da Diocese de Luz- MG. \u00c9 p\u00e1roco na Par\u00f3quia Nossa Senhora do Ros\u00e1rio em Arcos\/MG; Assessor Diocesano da Catequese e Professor de Hist\u00f3ria da Filosofia Antiga no Semin\u00e1rio Diocesano Nossa Senhora da Luz, em Luz\/MG.<\/em><\/p>\n<p><strong>N\u00ba DE P\u00c1GINAS: 56<\/strong><\/p>\n<p>&nbsp;<\/p>\n<h3><strong><a href=\"http:\/\/franciscanos.org.br\/wp-content\/uploads\/2016\/06\/os-scacramentos.jpg\"><img loading=\"lazy\" class=\"alignleft size-full wp-image-110488\" src=\"http:\/\/franciscanos.org.br\/wp-content\/uploads\/2016\/06\/os-scacramentos.jpg\" alt=\"os-scacramentos\" width=\"200\" height=\"317\" \/><\/a>Os sacramentos e os mist\u00e9rios<br \/>\n<\/strong><strong>Inicia\u00e7\u00e3o crist\u00e3 na Igreja primitiva<\/strong><\/h3>\n<p><strong>Santo Ambr\u00f3sio<\/strong><\/p>\n<p>Santo Ambr\u00f3sio n\u00e3o \u00e9 apenas uma das personalidades mais imponentes de toda a Hist\u00f3ria da Igreja, mas \u00e9 igualmente um Pastor muito achegado \u00e0s ovelhas. Com os profundos conhecimentos da B\u00edblia e o tino pr\u00e1tico de Pastor, Ambr\u00f3sio nos leva a descobrir n\u00e3o apenas a riqueza dos ritos, mas, sobretudo a continuidade da Hist\u00f3ria do Povo de Deus e sua miss\u00e3o no mundo.<\/p>\n<p>S\u00e3o seis catequeses sobre os sacramentos de inicia\u00e7\u00e3o crist\u00e3 e ora\u00e7\u00e3o. Encontraremos nelas a descri\u00e7\u00e3o dos ritos do Batismo, da Confirma\u00e7\u00e3o e da Eucaristia. Mais importante, por\u00e9m, do que a descri\u00e7\u00e3o dos ritos \u00e9 o conte\u00fado de sua doutrina. Ambr\u00f3sio procura descortinar o sentindo dos s\u00edmbolos e levar os neobatizados a viverem de acordo com os sacramentos.<\/p>\n<p style=\"padding-left: 30px;\"><strong>Ambr\u00f3sio<\/strong><em> \u00e9 o s\u00edmbolo da Igreja nascente, ap\u00f3s os sofridos anos de persegui\u00e7\u00f5es e vida escondida. Foi gra\u00e7as \u00e0 sua atua\u00e7\u00e3o que a Igreja de Roma conseguiu tratar com o poder p\u00fablico sem servilismo. Nasceu em Tr\u00e8ves, atual Alemanha, por volta do ano 339. Era de fam\u00edlia crist\u00e3: seu pai era alto funcion\u00e1rio do Imp\u00e9rio Romano, governador de uma prov\u00edncia do outro lado dos Alpes, no norte da It\u00e1lia. Quando o pai morreu, a fam\u00edlia foi para Roma, onde Ambrosio estudou direito, ret\u00f3rica e iniciou sua carreira jur\u00eddica. Dedicou-se com afinco ao estudo das Sagradas Escrituras. N\u00e3o era intelectual, mas suas obras lit\u00fargicas, coment\u00e1rios sobre as Escrituras e tratados asc\u00e9tico-morais o fizeram especialista da doutrina crist\u00e3 e da arte de administrar a comunidade crist\u00e3 a ele confiada. Morreu em Mil\u00e3o, em 4 de abril de 397, uma Sexta-Feira Santa. Santo Ambr\u00f3sio \u00e9 venerado no dia 7 de dezembro, data em que, no ano 374, foi aclamado pela popula\u00e7\u00e3o bispo de Mil\u00e3o.<\/em><\/p>\n<p><strong>N\u00ba DE P\u00c1GINAS: 104<\/strong><\/p>\n<p>&nbsp;<\/p>\n<h3><strong><a href=\"http:\/\/franciscanos.org.br\/wp-content\/uploads\/2016\/06\/sentimentos.jpg\"><img loading=\"lazy\" class=\"alignleft size-full wp-image-110489\" src=\"http:\/\/franciscanos.org.br\/wp-content\/uploads\/2016\/06\/sentimentos.jpg\" alt=\"sentimentos\" width=\"200\" height=\"315\" \/><\/a>Sentimentos, valores, espiritualidade<br \/>\n<\/strong><strong>Um caminho junguiano para o desenvolvimento espiritual<\/strong><\/h3>\n<p><strong>Daniela Benzecry<\/strong><\/p>\n<p>Fala-se muito, hoje, sobre as emo\u00e7\u00f5es e o mal que elas podem fazer \u00e0 sa\u00fade quando negativas, e h\u00e1 uma tend\u00eancia maior a tentar-se ignor\u00e1-las e neg\u00e1-las em vez de lidar com elas.<\/p>\n<p>Estudar os sentimentos leva-nos a apropriarmos de nossa vida de maneira mais consciente, aut\u00f4noma e gratificante, e a nos percebermos como autores e n\u00e3o v\u00edtimas e podermos transform\u00e1-la, come\u00e7ando por dentro de n\u00f3s mesmos. A partir da escuta dos recados que os sentimentos nos enviam, podemos encontrar a paz de esp\u00edrito.<\/p>\n<p>A obra se fundamenta, sobretudo, nas teorias da psicologia de C.G. Jung, mas tamb\u00e9m nos princ\u00edpios da neuroci\u00eancia, de Ant\u00f3nio Dam\u00e1sio. E para aprimorar este caminho de desenvolvimento pessoal e espiritual, o leitor encontra aqui uma fundamenta\u00e7\u00e3o te\u00f3rica e pr\u00e1ticas vivenciais que promovem uma mudan\u00e7a na forma como enxergamos e lidamos com nossos sentimentos. A autora incentiva o autoconhecimento e a autorrealiza\u00e7\u00e3o e cria condi\u00e7\u00f5es para que o\/a leitor\/a possa p\u00f4r imediatamente em pr\u00e1tica as teorias que servem de embasamento a este percurso.<\/p>\n<p>O objetivo final \u00e9 incentivar o leitor a assumir e escutar os seus sentimentos e utiliz\u00e1-los como meio para o autoconhecimento e o desenvolvimento espiritual.<\/p>\n<p style=\"padding-left: 30px;\"><strong>Daniela Benzecry<\/strong><em> \u00e9 m\u00e9dica cl\u00ednica e homeopata e analista junguiana pelo Instituto Junguiano do Rio de Janeiro filiado \u00e0 International Association for Analytical Psychology. Trabalhou no Programa M\u00e9dico de Fam\u00edlia de Niter\u00f3i (RJ), no Hosp. Estadual Carlos Chagas (Pronto Socorro) e no Centro Municipal de Sa\u00fade Am\u00e9rico Veloso.\u00a0 Desde 2001, trabalha num CAPSad (Centro de Aten\u00e7\u00e3o Psicossocial \u2013 \u00e1lcool e drogas) da Sec. Estadual de Sa\u00fade do Rio de Janeiro.<\/em><\/p>\n<p><strong>N\u00ba DE P\u00c1GINAS: 248<\/strong><\/p>\n<p>&nbsp;<\/p>\n<h3><strong><a href=\"http:\/\/franciscanos.org.br\/wp-content\/uploads\/2016\/06\/10-licoes.jpg\"><img loading=\"lazy\" class=\"alignleft size-full wp-image-110490\" src=\"http:\/\/franciscanos.org.br\/wp-content\/uploads\/2016\/06\/10-licoes.jpg\" alt=\"10-licoes\" width=\"200\" height=\"321\" \/><\/a>10 li\u00e7\u00f5es sobre Luhmann<\/strong><\/h3>\n<p><strong>Artur Stamford<\/strong><\/p>\n<p>Os sistemas sociais n\u00e3o s\u00e3o mais que temas cuja repeti\u00e7\u00e3o ao longo dos milhares de anos da hist\u00f3ria da humanidade evolu\u00edram em seus meios \u00e0 hipercomplexidade da forma. Arte, ci\u00eancia, direito, economia, educa\u00e7\u00e3o, moral, pol\u00edtica, religi\u00e3o s\u00e3o temas que se diferenciam, mas jamais se separam. S\u00f3 o direito comunica sobre l\u00edcito\/il\u00edcito. Direito se diferencia dos demais sistemas sociais, mas jamais se separa deles.<\/p>\n<p>Nestas Dez Li\u00e7\u00f5es se compreender\u00e1 que as investiga\u00e7\u00f5es de Luhmann serem anti-humanista e anti-regionalista n\u00e3o se confunde com Luhmann afirmar n\u00e3o haver seres humanos nem regi\u00f5es territoriais, mas que o objeto da sociologia n\u00e3o \u00e9 o ser humano e sim as comunica\u00e7\u00f5es humanas, e a sociologia n\u00e3o \u00e9 teoria das rela\u00e7\u00f5es humanas e sim dessas comunica\u00e7\u00f5es na sociedade mundial.<\/p>\n<p>Apresentar Niklas Luhmann em Dez Li\u00e7\u00f5es teve alguns desafios como: estabelecer o que deixar de explorar da obra de um autor que escreveu 60 livros e 377 artigos; por em linguagem acess\u00edvel a terminologia luhmanniana sem por isso perder a densidade te\u00f3rica; desmistificar afirma\u00e7\u00f5es sobre o autor; e animar leituras de suas obras.<\/p>\n<p style=\"padding-left: 30px;\"><strong>Artur Stamford<\/strong> <em>da Silva \u00e9 Professor Associado da Universidade Federal de Pernambuco, Faculdade de Direito do Recife. Doutor em Direito pela UFPE (2002). P\u00f3s-doutor em Teoria dos Sistemas Sociais pela Univseridad Adolfo Ib\u00e0\u00f1ez (Chile). Pesquisador 1D do CNPq, na \u00e1rea de Sociologia do Direito. S\u00f3cio Fundador da ABraSD (Associa\u00e7\u00e3o Brasileira de Pesquisadores em Sociologia do Direito). Pesquisador do Moinho Jur\u00eddico CCJ\/UFPE.<\/em><\/p>\n<p><strong>N\u00ba DE P\u00c1GINAS: 128<\/strong><\/p>\n<p>&nbsp;<\/p>\n","protected":false},"excerpt":{"rendered":"<p>Editora Vozes<\/p>\n","protected":false},"author":1,"featured_media":194592,"comment_status":"open","ping_status":"open","sticky":false,"template":"","format":"standard","meta":[],"categories":[1],"tags":[238],"acf":[],"yoast_head":"<!-- This site is optimized with the Yoast SEO plugin v19.2 - https:\/\/yoast.com\/wordpress\/plugins\/seo\/ -->\n<title>Lan\u00e7amentos da semana - Not\u00edcias - Franciscanos<\/title>\n<meta name=\"robots\" content=\"index, follow, max-snippet:-1, max-image-preview:large, max-video-preview:-1\" \/>\n<link rel=\"canonical\" href=\"https:\/\/franciscanos.org.br\/noticias\/lancamentos-da-semana-16.html\" \/>\n<meta property=\"og:locale\" content=\"pt_BR\" \/>\n<meta property=\"og:type\" content=\"article\" \/>\n<meta property=\"og:title\" content=\"Lan\u00e7amentos da semana - Not\u00edcias - Franciscanos\" \/>\n<meta property=\"og:description\" content=\"Editora Vozes\" \/>\n<meta property=\"og:url\" content=\"https:\/\/franciscanos.org.br\/noticias\/lancamentos-da-semana-16.html\" \/>\n<meta property=\"og:site_name\" content=\"Not\u00edcias - Franciscanos\" \/>\n<meta property=\"article:published_time\" content=\"2016-06-02T15:22:19+00:00\" \/>\n<meta property=\"article:modified_time\" content=\"2019-01-22T19:33:14+00:00\" \/>\n<meta property=\"og:image\" content=\"https:\/\/franciscanos.org.br\/noticias\/wp-content\/uploads\/2017\/11\/vozes.png\" \/>\n\t<meta property=\"og:image:width\" content=\"273\" \/>\n\t<meta property=\"og:image:height\" content=\"181\" \/>\n\t<meta property=\"og:image:type\" content=\"image\/png\" \/>\n<meta name=\"author\" content=\"admin\" \/>\n<meta name=\"twitter:card\" content=\"summary_large_image\" \/>\n<meta name=\"twitter:label1\" content=\"Escrito por\" \/>\n\t<meta name=\"twitter:data1\" content=\"admin\" \/>\n\t<meta name=\"twitter:label2\" content=\"Est. tempo de leitura\" \/>\n\t<meta name=\"twitter:data2\" content=\"6 minutos\" \/>\n<script type=\"application\/ld+json\" class=\"yoast-schema-graph\">{\"@context\":\"https:\/\/schema.org\",\"@graph\":[{\"@type\":\"WebSite\",\"@id\":\"https:\/\/franciscanos.org.br\/noticias\/#website\",\"url\":\"https:\/\/franciscanos.org.br\/noticias\/\",\"name\":\"Not\u00edcias - Franciscanos\",\"description\":\"Prov\u00edncia Franciscana da Imaculada Concei\u00e7\u00e3o do Brasil - Ordem dos Frades Menores - OFM\",\"potentialAction\":[{\"@type\":\"SearchAction\",\"target\":{\"@type\":\"EntryPoint\",\"urlTemplate\":\"https:\/\/franciscanos.org.br\/noticias\/?s={search_term_string}\"},\"query-input\":\"required name=search_term_string\"}],\"inLanguage\":\"pt-BR\"},{\"@type\":\"ImageObject\",\"inLanguage\":\"pt-BR\",\"@id\":\"https:\/\/franciscanos.org.br\/noticias\/lancamentos-da-semana-16.html#primaryimage\",\"url\":\"https:\/\/franciscanos.org.br\/noticias\/wp-content\/uploads\/2017\/11\/vozes.png\",\"contentUrl\":\"https:\/\/franciscanos.org.br\/noticias\/wp-content\/uploads\/2017\/11\/vozes.png\",\"width\":273,\"height\":181},{\"@type\":\"WebPage\",\"@id\":\"https:\/\/franciscanos.org.br\/noticias\/lancamentos-da-semana-16.html#webpage\",\"url\":\"https:\/\/franciscanos.org.br\/noticias\/lancamentos-da-semana-16.html\",\"name\":\"Lan\u00e7amentos da semana - Not\u00edcias - Franciscanos\",\"isPartOf\":{\"@id\":\"https:\/\/franciscanos.org.br\/noticias\/#website\"},\"primaryImageOfPage\":{\"@id\":\"https:\/\/franciscanos.org.br\/noticias\/lancamentos-da-semana-16.html#primaryimage\"},\"datePublished\":\"2016-06-02T15:22:19+00:00\",\"dateModified\":\"2019-01-22T19:33:14+00:00\",\"author\":{\"@id\":\"https:\/\/franciscanos.org.br\/noticias\/#\/schema\/person\/b38fbf43118f02820bd932f2e4b14ad3\"},\"breadcrumb\":{\"@id\":\"https:\/\/franciscanos.org.br\/noticias\/lancamentos-da-semana-16.html#breadcrumb\"},\"inLanguage\":\"pt-BR\",\"potentialAction\":[{\"@type\":\"ReadAction\",\"target\":[\"https:\/\/franciscanos.org.br\/noticias\/lancamentos-da-semana-16.html\"]}]},{\"@type\":\"BreadcrumbList\",\"@id\":\"https:\/\/franciscanos.org.br\/noticias\/lancamentos-da-semana-16.html#breadcrumb\",\"itemListElement\":[{\"@type\":\"ListItem\",\"position\":1,\"name\":\"Home\",\"item\":\"https:\/\/franciscanos.org.br\/noticias\"},{\"@type\":\"ListItem\",\"position\":2,\"name\":\"Lan\u00e7amentos da semana\"}]},{\"@type\":\"Person\",\"@id\":\"https:\/\/franciscanos.org.br\/noticias\/#\/schema\/person\/b38fbf43118f02820bd932f2e4b14ad3\",\"name\":\"admin\",\"image\":{\"@type\":\"ImageObject\",\"inLanguage\":\"pt-BR\",\"@id\":\"https:\/\/franciscanos.org.br\/noticias\/#\/schema\/person\/image\/\",\"url\":\"https:\/\/secure.gravatar.com\/avatar\/e8495742d34d0ba6448ea1c628263b3e?s=96&d=mm&r=g\",\"contentUrl\":\"https:\/\/secure.gravatar.com\/avatar\/e8495742d34d0ba6448ea1c628263b3e?s=96&d=mm&r=g\",\"caption\":\"admin\"},\"url\":\"https:\/\/franciscanos.org.br\/noticias\/author\/admin\"}]}<\/script>\n<!-- \/ Yoast SEO plugin. -->","yoast_head_json":{"title":"Lan\u00e7amentos da semana - Not\u00edcias - Franciscanos","robots":{"index":"index","follow":"follow","max-snippet":"max-snippet:-1","max-image-preview":"max-image-preview:large","max-video-preview":"max-video-preview:-1"},"canonical":"https:\/\/franciscanos.org.br\/noticias\/lancamentos-da-semana-16.html","og_locale":"pt_BR","og_type":"article","og_title":"Lan\u00e7amentos da semana - Not\u00edcias - Franciscanos","og_description":"Editora Vozes","og_url":"https:\/\/franciscanos.org.br\/noticias\/lancamentos-da-semana-16.html","og_site_name":"Not\u00edcias - Franciscanos","article_published_time":"2016-06-02T15:22:19+00:00","article_modified_time":"2019-01-22T19:33:14+00:00","og_image":[{"width":273,"height":181,"url":"https:\/\/franciscanos.org.br\/noticias\/wp-content\/uploads\/2017\/11\/vozes.png","type":"image\/png"}],"author":"admin","twitter_card":"summary_large_image","twitter_misc":{"Escrito por":"admin","Est. tempo de leitura":"6 minutos"},"schema":{"@context":"https:\/\/schema.org","@graph":[{"@type":"WebSite","@id":"https:\/\/franciscanos.org.br\/noticias\/#website","url":"https:\/\/franciscanos.org.br\/noticias\/","name":"Not\u00edcias - Franciscanos","description":"Prov\u00edncia Franciscana da Imaculada Concei\u00e7\u00e3o do Brasil - Ordem dos Frades Menores - OFM","potentialAction":[{"@type":"SearchAction","target":{"@type":"EntryPoint","urlTemplate":"https:\/\/franciscanos.org.br\/noticias\/?s={search_term_string}"},"query-input":"required name=search_term_string"}],"inLanguage":"pt-BR"},{"@type":"ImageObject","inLanguage":"pt-BR","@id":"https:\/\/franciscanos.org.br\/noticias\/lancamentos-da-semana-16.html#primaryimage","url":"https:\/\/franciscanos.org.br\/noticias\/wp-content\/uploads\/2017\/11\/vozes.png","contentUrl":"https:\/\/franciscanos.org.br\/noticias\/wp-content\/uploads\/2017\/11\/vozes.png","width":273,"height":181},{"@type":"WebPage","@id":"https:\/\/franciscanos.org.br\/noticias\/lancamentos-da-semana-16.html#webpage","url":"https:\/\/franciscanos.org.br\/noticias\/lancamentos-da-semana-16.html","name":"Lan\u00e7amentos da semana - Not\u00edcias - Franciscanos","isPartOf":{"@id":"https:\/\/franciscanos.org.br\/noticias\/#website"},"primaryImageOfPage":{"@id":"https:\/\/franciscanos.org.br\/noticias\/lancamentos-da-semana-16.html#primaryimage"},"datePublished":"2016-06-02T15:22:19+00:00","dateModified":"2019-01-22T19:33:14+00:00","author":{"@id":"https:\/\/franciscanos.org.br\/noticias\/#\/schema\/person\/b38fbf43118f02820bd932f2e4b14ad3"},"breadcrumb":{"@id":"https:\/\/franciscanos.org.br\/noticias\/lancamentos-da-semana-16.html#breadcrumb"},"inLanguage":"pt-BR","potentialAction":[{"@type":"ReadAction","target":["https:\/\/franciscanos.org.br\/noticias\/lancamentos-da-semana-16.html"]}]},{"@type":"BreadcrumbList","@id":"https:\/\/franciscanos.org.br\/noticias\/lancamentos-da-semana-16.html#breadcrumb","itemListElement":[{"@type":"ListItem","position":1,"name":"Home","item":"https:\/\/franciscanos.org.br\/noticias"},{"@type":"ListItem","position":2,"name":"Lan\u00e7amentos da semana"}]},{"@type":"Person","@id":"https:\/\/franciscanos.org.br\/noticias\/#\/schema\/person\/b38fbf43118f02820bd932f2e4b14ad3","name":"admin","image":{"@type":"ImageObject","inLanguage":"pt-BR","@id":"https:\/\/franciscanos.org.br\/noticias\/#\/schema\/person\/image\/","url":"https:\/\/secure.gravatar.com\/avatar\/e8495742d34d0ba6448ea1c628263b3e?s=96&d=mm&r=g","contentUrl":"https:\/\/secure.gravatar.com\/avatar\/e8495742d34d0ba6448ea1c628263b3e?s=96&d=mm&r=g","caption":"admin"},"url":"https:\/\/franciscanos.org.br\/noticias\/author\/admin"}]}},"_links":{"self":[{"href":"https:\/\/franciscanos.org.br\/noticias\/wp-json\/wp\/v2\/posts\/110485"}],"collection":[{"href":"https:\/\/franciscanos.org.br\/noticias\/wp-json\/wp\/v2\/posts"}],"about":[{"href":"https:\/\/franciscanos.org.br\/noticias\/wp-json\/wp\/v2\/types\/post"}],"author":[{"embeddable":true,"href":"https:\/\/franciscanos.org.br\/noticias\/wp-json\/wp\/v2\/users\/1"}],"replies":[{"embeddable":true,"href":"https:\/\/franciscanos.org.br\/noticias\/wp-json\/wp\/v2\/comments?post=110485"}],"version-history":[{"count":0,"href":"https:\/\/franciscanos.org.br\/noticias\/wp-json\/wp\/v2\/posts\/110485\/revisions"}],"wp:featuredmedia":[{"embeddable":true,"href":"https:\/\/franciscanos.org.br\/noticias\/wp-json\/wp\/v2\/media\/194592"}],"wp:attachment":[{"href":"https:\/\/franciscanos.org.br\/noticias\/wp-json\/wp\/v2\/media?parent=110485"}],"wp:term":[{"taxonomy":"category","embeddable":true,"href":"https:\/\/franciscanos.org.br\/noticias\/wp-json\/wp\/v2\/categories?post=110485"},{"taxonomy":"post_tag","embeddable":true,"href":"https:\/\/franciscanos.org.br\/noticias\/wp-json\/wp\/v2\/tags?post=110485"}],"curies":[{"name":"wp","href":"https:\/\/api.w.org\/{rel}","templated":true}]}}