{"id":110193,"date":"2016-05-31T13:47:43","date_gmt":"2016-05-31T16:47:43","guid":{"rendered":"http:\/\/franciscanos.org.br\/?p=110193"},"modified":"2020-03-27T11:38:30","modified_gmt":"2020-03-27T14:38:30","slug":"retiro-franciscano-para-jovens-em-rondinha","status":"publish","type":"post","link":"https:\/\/franciscanos.org.br\/noticias\/retiro-franciscano-para-jovens-em-rondinha.html","title":{"rendered":"Retiro Franciscano para jovens em Rondinha"},"content":{"rendered":"<p><a href=\"http:\/\/franciscanos.org.br\/wp-content\/uploads\/2016\/05\/8301.jpg\"><img loading=\"lazy\" src=\"http:\/\/franciscanos.org.br\/wp-content\/uploads\/2016\/05\/8301.jpg\" alt=\"830\" width=\"830\" height=\"364\" \/><\/a><\/p>\n<p>Entre os dias 26 e 29 de maio, o Servi\u00e7o de Anima\u00e7\u00e3o Vocacional da Prov\u00edncia Franciscana da Imaculada Concei\u00e7\u00e3o, promoveu, em Rodinha (Campo Largo-PR), mais uma etapa do retiro franciscano para jovens. O encontro foi conduzido e motivado por Frei Diego Melo, Irm\u00e3 Isabel Simeoni e Frei Edvaldo Soares. Dos dez jovens que participaram deste retiro, oito j\u00e1 haviam participado do primeiro, realizado em setembro de 2015 no Eremit\u00e9rio Beato Frei Eg\u00eddio (Rodeio-SC), e o grupo pode ser alegrar com a presen\u00e7a de dois novos participantes e de Frei Edvaldo, que tamb\u00e9m n\u00e3o esteve presente na oportunidade anterior.<\/p>\n<p><a href=\"http:\/\/franciscanos.org.br\/wp-content\/uploads\/2016\/05\/09.jpg\"><img loading=\"lazy\" class=\"alignright wp-image-110204 \" src=\"http:\/\/franciscanos.org.br\/wp-content\/uploads\/2016\/05\/09.jpg\" alt=\"09\" width=\"274\" height=\"200\" \/><\/a>O retiro em Rondinha teve in\u00edcio com a acolhida e o almo\u00e7o com os frades da fraternidade do Convento S\u00e3o Boaventura. Em seguida, Frei Gabriel Dellandrea, estudante de Filosofia, apresentou a capela central, com seus vitrais e mosaicos t\u00e3o ricos em significados. Logo depois, a partir das leituras de trecho do Evangelho (Lc 2,1-20) e das Fontes Franciscanas, com a biografia de Tom\u00e1s de Celano sobre o pres\u00e9pio de Greccio (1 Cel 30), as reflex\u00f5es tiveram in\u00edcio em um lugar inusitado e extremamente significativo: uma antiga estrebaria do Convento, n\u00e3o mais utilizada, mas ainda preservada, local onde nos foi apresentado o tema do retiro: a Encarna\u00e7\u00e3o.<\/p>\n<p><a href=\"http:\/\/franciscanos.org.br\/wp-content\/uploads\/2016\/05\/04.jpg\"><img loading=\"lazy\" class=\"alignleft wp-image-110199\" src=\"http:\/\/franciscanos.org.br\/wp-content\/uploads\/2016\/05\/04.jpg\" alt=\"04\" width=\"308\" height=\"193\" \/><\/a>Assim teve in\u00edcio o retiro, uma profunda experi\u00eancia de sil\u00eancio, reflex\u00e3o pessoal e autoconhecimento, a partir de leituras, ora\u00e7\u00e3o, filmes, partilha e vida fraterna. Nesses quatro dias tivemos a oportunidade de silenciar para escutar Deus falar ao nosso cora\u00e7\u00e3o, de partilhar nossas vidas e nossa hist\u00f3ria, nos aprofundarmos na espiritualidade franciscana, nos aproximarmos da humanidade de Jesus e de nossa pr\u00f3pria humanidade, especialmente na surpreendente experi\u00eancia realizada na \u00faltima tarde de retiro: a visita \u00e0 institui\u00e7\u00e3o \u201cPequeno Cotolengo\u201d, em Curitiba, que acolhe crian\u00e7as e adultos com defici\u00eancias m\u00faltiplas. Talvez este tenha sido o momento mais desafiador do retiro, mas tamb\u00e9m um dos mais profundos, o momento de colocar em pr\u00e1tica aquilo que foi meditado e refletido nos dois dias anteriores, sentindo e vivenciando o mundo que se torna pres\u00e9pio.<\/p>\n<p><a href=\"http:\/\/franciscanos.org.br\/wp-content\/uploads\/2016\/05\/03.jpg\"><img loading=\"lazy\" class=\"alignright wp-image-110198 \" src=\"http:\/\/franciscanos.org.br\/wp-content\/uploads\/2016\/05\/03.jpg\" alt=\"03\" width=\"309\" height=\"247\" \/><\/a>Tendo come\u00e7ado o retiro na estrebaria, ao final dos quatro dias, percorremos o itiner\u00e1rio e encerramos diante da imagem do pres\u00e9pio, n\u00e3o um pres\u00e9pio comum, mas um constru\u00eddo e imaginado a partir da hist\u00f3ria e da caminhada de cada um, a partir de nossa humanidade, um pres\u00e9pio capaz de refletir tudo aquilo que est\u00e1 em nossos cora\u00e7\u00f5es. Ao final do retiro e diante desta imagem temos, mais uma vez, a certeza de que n\u00e3o estamos sozinhos, e relembramos que, na nossa caminhada, precisamos manter nosso cora\u00e7\u00e3o aberto a Deus e ao nosso pr\u00f3ximo, com olhar misericordioso, sempre buscando os tra\u00e7os de Deus em nossa humanidade.<\/p>\n<p>&nbsp;<\/p>\n","protected":false},"excerpt":{"rendered":"<p>SAV<\/p>\n","protected":false},"author":1,"featured_media":222660,"comment_status":"open","ping_status":"open","sticky":false,"template":"","format":"standard","meta":[],"categories":[1],"tags":[],"acf":[],"yoast_head":"<!-- This site is optimized with the Yoast SEO plugin v19.2 - https:\/\/yoast.com\/wordpress\/plugins\/seo\/ -->\n<title>Retiro Franciscano para jovens em Rondinha - Not\u00edcias - Franciscanos<\/title>\n<meta name=\"robots\" content=\"index, follow, max-snippet:-1, max-image-preview:large, max-video-preview:-1\" \/>\n<link rel=\"canonical\" href=\"https:\/\/franciscanos.org.br\/noticias\/retiro-franciscano-para-jovens-em-rondinha.html\" \/>\n<meta property=\"og:locale\" content=\"pt_BR\" \/>\n<meta property=\"og:type\" content=\"article\" \/>\n<meta property=\"og:title\" content=\"Retiro Franciscano para jovens em Rondinha - Not\u00edcias - Franciscanos\" \/>\n<meta property=\"og:description\" content=\"SAV\" \/>\n<meta property=\"og:url\" content=\"https:\/\/franciscanos.org.br\/noticias\/retiro-franciscano-para-jovens-em-rondinha.html\" \/>\n<meta property=\"og:site_name\" content=\"Not\u00edcias - Franciscanos\" \/>\n<meta property=\"article:published_time\" content=\"2016-05-31T16:47:43+00:00\" \/>\n<meta property=\"article:modified_time\" content=\"2020-03-27T14:38:30+00:00\" \/>\n<meta property=\"og:image\" content=\"https:\/\/franciscanos.org.br\/noticias\/wp-content\/uploads\/2016\/05\/8301.jpg\" \/>\n\t<meta property=\"og:image:width\" content=\"273\" \/>\n\t<meta property=\"og:image:height\" content=\"181\" \/>\n\t<meta property=\"og:image:type\" content=\"image\/jpeg\" \/>\n<meta name=\"author\" content=\"admin\" \/>\n<meta name=\"twitter:card\" content=\"summary_large_image\" \/>\n<meta name=\"twitter:label1\" content=\"Escrito por\" \/>\n\t<meta name=\"twitter:data1\" content=\"admin\" \/>\n\t<meta name=\"twitter:label2\" content=\"Est. tempo de leitura\" \/>\n\t<meta name=\"twitter:data2\" content=\"2 minutos\" \/>\n<script type=\"application\/ld+json\" class=\"yoast-schema-graph\">{\"@context\":\"https:\/\/schema.org\",\"@graph\":[{\"@type\":\"WebSite\",\"@id\":\"https:\/\/franciscanos.org.br\/noticias\/#website\",\"url\":\"https:\/\/franciscanos.org.br\/noticias\/\",\"name\":\"Not\u00edcias - Franciscanos\",\"description\":\"Prov\u00edncia Franciscana da Imaculada Concei\u00e7\u00e3o do Brasil - Ordem dos Frades Menores - OFM\",\"potentialAction\":[{\"@type\":\"SearchAction\",\"target\":{\"@type\":\"EntryPoint\",\"urlTemplate\":\"https:\/\/franciscanos.org.br\/noticias\/?s={search_term_string}\"},\"query-input\":\"required name=search_term_string\"}],\"inLanguage\":\"pt-BR\"},{\"@type\":\"ImageObject\",\"inLanguage\":\"pt-BR\",\"@id\":\"https:\/\/franciscanos.org.br\/noticias\/retiro-franciscano-para-jovens-em-rondinha.html#primaryimage\",\"url\":\"https:\/\/franciscanos.org.br\/noticias\/wp-content\/uploads\/2016\/05\/8301.jpg\",\"contentUrl\":\"https:\/\/franciscanos.org.br\/noticias\/wp-content\/uploads\/2016\/05\/8301.jpg\",\"width\":273,\"height\":181},{\"@type\":\"WebPage\",\"@id\":\"https:\/\/franciscanos.org.br\/noticias\/retiro-franciscano-para-jovens-em-rondinha.html#webpage\",\"url\":\"https:\/\/franciscanos.org.br\/noticias\/retiro-franciscano-para-jovens-em-rondinha.html\",\"name\":\"Retiro Franciscano para jovens em Rondinha - Not\u00edcias - Franciscanos\",\"isPartOf\":{\"@id\":\"https:\/\/franciscanos.org.br\/noticias\/#website\"},\"primaryImageOfPage\":{\"@id\":\"https:\/\/franciscanos.org.br\/noticias\/retiro-franciscano-para-jovens-em-rondinha.html#primaryimage\"},\"datePublished\":\"2016-05-31T16:47:43+00:00\",\"dateModified\":\"2020-03-27T14:38:30+00:00\",\"author\":{\"@id\":\"https:\/\/franciscanos.org.br\/noticias\/#\/schema\/person\/b38fbf43118f02820bd932f2e4b14ad3\"},\"breadcrumb\":{\"@id\":\"https:\/\/franciscanos.org.br\/noticias\/retiro-franciscano-para-jovens-em-rondinha.html#breadcrumb\"},\"inLanguage\":\"pt-BR\",\"potentialAction\":[{\"@type\":\"ReadAction\",\"target\":[\"https:\/\/franciscanos.org.br\/noticias\/retiro-franciscano-para-jovens-em-rondinha.html\"]}]},{\"@type\":\"BreadcrumbList\",\"@id\":\"https:\/\/franciscanos.org.br\/noticias\/retiro-franciscano-para-jovens-em-rondinha.html#breadcrumb\",\"itemListElement\":[{\"@type\":\"ListItem\",\"position\":1,\"name\":\"Home\",\"item\":\"https:\/\/franciscanos.org.br\/noticias\"},{\"@type\":\"ListItem\",\"position\":2,\"name\":\"Retiro Franciscano para jovens em Rondinha\"}]},{\"@type\":\"Person\",\"@id\":\"https:\/\/franciscanos.org.br\/noticias\/#\/schema\/person\/b38fbf43118f02820bd932f2e4b14ad3\",\"name\":\"admin\",\"image\":{\"@type\":\"ImageObject\",\"inLanguage\":\"pt-BR\",\"@id\":\"https:\/\/franciscanos.org.br\/noticias\/#\/schema\/person\/image\/\",\"url\":\"https:\/\/secure.gravatar.com\/avatar\/e8495742d34d0ba6448ea1c628263b3e?s=96&d=mm&r=g\",\"contentUrl\":\"https:\/\/secure.gravatar.com\/avatar\/e8495742d34d0ba6448ea1c628263b3e?s=96&d=mm&r=g\",\"caption\":\"admin\"},\"url\":\"https:\/\/franciscanos.org.br\/noticias\/author\/admin\"}]}<\/script>\n<!-- \/ Yoast SEO plugin. -->","yoast_head_json":{"title":"Retiro Franciscano para jovens em Rondinha - Not\u00edcias - Franciscanos","robots":{"index":"index","follow":"follow","max-snippet":"max-snippet:-1","max-image-preview":"max-image-preview:large","max-video-preview":"max-video-preview:-1"},"canonical":"https:\/\/franciscanos.org.br\/noticias\/retiro-franciscano-para-jovens-em-rondinha.html","og_locale":"pt_BR","og_type":"article","og_title":"Retiro Franciscano para jovens em Rondinha - Not\u00edcias - Franciscanos","og_description":"SAV","og_url":"https:\/\/franciscanos.org.br\/noticias\/retiro-franciscano-para-jovens-em-rondinha.html","og_site_name":"Not\u00edcias - Franciscanos","article_published_time":"2016-05-31T16:47:43+00:00","article_modified_time":"2020-03-27T14:38:30+00:00","og_image":[{"width":273,"height":181,"url":"https:\/\/franciscanos.org.br\/noticias\/wp-content\/uploads\/2016\/05\/8301.jpg","type":"image\/jpeg"}],"author":"admin","twitter_card":"summary_large_image","twitter_misc":{"Escrito por":"admin","Est. tempo de leitura":"2 minutos"},"schema":{"@context":"https:\/\/schema.org","@graph":[{"@type":"WebSite","@id":"https:\/\/franciscanos.org.br\/noticias\/#website","url":"https:\/\/franciscanos.org.br\/noticias\/","name":"Not\u00edcias - Franciscanos","description":"Prov\u00edncia Franciscana da Imaculada Concei\u00e7\u00e3o do Brasil - Ordem dos Frades Menores - OFM","potentialAction":[{"@type":"SearchAction","target":{"@type":"EntryPoint","urlTemplate":"https:\/\/franciscanos.org.br\/noticias\/?s={search_term_string}"},"query-input":"required name=search_term_string"}],"inLanguage":"pt-BR"},{"@type":"ImageObject","inLanguage":"pt-BR","@id":"https:\/\/franciscanos.org.br\/noticias\/retiro-franciscano-para-jovens-em-rondinha.html#primaryimage","url":"https:\/\/franciscanos.org.br\/noticias\/wp-content\/uploads\/2016\/05\/8301.jpg","contentUrl":"https:\/\/franciscanos.org.br\/noticias\/wp-content\/uploads\/2016\/05\/8301.jpg","width":273,"height":181},{"@type":"WebPage","@id":"https:\/\/franciscanos.org.br\/noticias\/retiro-franciscano-para-jovens-em-rondinha.html#webpage","url":"https:\/\/franciscanos.org.br\/noticias\/retiro-franciscano-para-jovens-em-rondinha.html","name":"Retiro Franciscano para jovens em Rondinha - Not\u00edcias - Franciscanos","isPartOf":{"@id":"https:\/\/franciscanos.org.br\/noticias\/#website"},"primaryImageOfPage":{"@id":"https:\/\/franciscanos.org.br\/noticias\/retiro-franciscano-para-jovens-em-rondinha.html#primaryimage"},"datePublished":"2016-05-31T16:47:43+00:00","dateModified":"2020-03-27T14:38:30+00:00","author":{"@id":"https:\/\/franciscanos.org.br\/noticias\/#\/schema\/person\/b38fbf43118f02820bd932f2e4b14ad3"},"breadcrumb":{"@id":"https:\/\/franciscanos.org.br\/noticias\/retiro-franciscano-para-jovens-em-rondinha.html#breadcrumb"},"inLanguage":"pt-BR","potentialAction":[{"@type":"ReadAction","target":["https:\/\/franciscanos.org.br\/noticias\/retiro-franciscano-para-jovens-em-rondinha.html"]}]},{"@type":"BreadcrumbList","@id":"https:\/\/franciscanos.org.br\/noticias\/retiro-franciscano-para-jovens-em-rondinha.html#breadcrumb","itemListElement":[{"@type":"ListItem","position":1,"name":"Home","item":"https:\/\/franciscanos.org.br\/noticias"},{"@type":"ListItem","position":2,"name":"Retiro Franciscano para jovens em Rondinha"}]},{"@type":"Person","@id":"https:\/\/franciscanos.org.br\/noticias\/#\/schema\/person\/b38fbf43118f02820bd932f2e4b14ad3","name":"admin","image":{"@type":"ImageObject","inLanguage":"pt-BR","@id":"https:\/\/franciscanos.org.br\/noticias\/#\/schema\/person\/image\/","url":"https:\/\/secure.gravatar.com\/avatar\/e8495742d34d0ba6448ea1c628263b3e?s=96&d=mm&r=g","contentUrl":"https:\/\/secure.gravatar.com\/avatar\/e8495742d34d0ba6448ea1c628263b3e?s=96&d=mm&r=g","caption":"admin"},"url":"https:\/\/franciscanos.org.br\/noticias\/author\/admin"}]}},"_links":{"self":[{"href":"https:\/\/franciscanos.org.br\/noticias\/wp-json\/wp\/v2\/posts\/110193"}],"collection":[{"href":"https:\/\/franciscanos.org.br\/noticias\/wp-json\/wp\/v2\/posts"}],"about":[{"href":"https:\/\/franciscanos.org.br\/noticias\/wp-json\/wp\/v2\/types\/post"}],"author":[{"embeddable":true,"href":"https:\/\/franciscanos.org.br\/noticias\/wp-json\/wp\/v2\/users\/1"}],"replies":[{"embeddable":true,"href":"https:\/\/franciscanos.org.br\/noticias\/wp-json\/wp\/v2\/comments?post=110193"}],"version-history":[{"count":1,"href":"https:\/\/franciscanos.org.br\/noticias\/wp-json\/wp\/v2\/posts\/110193\/revisions"}],"predecessor-version":[{"id":222661,"href":"https:\/\/franciscanos.org.br\/noticias\/wp-json\/wp\/v2\/posts\/110193\/revisions\/222661"}],"wp:featuredmedia":[{"embeddable":true,"href":"https:\/\/franciscanos.org.br\/noticias\/wp-json\/wp\/v2\/media\/222660"}],"wp:attachment":[{"href":"https:\/\/franciscanos.org.br\/noticias\/wp-json\/wp\/v2\/media?parent=110193"}],"wp:term":[{"taxonomy":"category","embeddable":true,"href":"https:\/\/franciscanos.org.br\/noticias\/wp-json\/wp\/v2\/categories?post=110193"},{"taxonomy":"post_tag","embeddable":true,"href":"https:\/\/franciscanos.org.br\/noticias\/wp-json\/wp\/v2\/tags?post=110193"}],"curies":[{"name":"wp","href":"https:\/\/api.w.org\/{rel}","templated":true}]}}