{"id":110136,"date":"2016-05-31T08:34:23","date_gmt":"2016-05-31T11:34:23","guid":{"rendered":"http:\/\/franciscanos.org.br\/?p=110136"},"modified":"2020-06-09T17:16:16","modified_gmt":"2020-06-09T20:16:16","slug":"papa-o-cristao-ajuda-sem-fazer-cara-feia","status":"publish","type":"post","link":"https:\/\/franciscanos.org.br\/noticias\/papa-o-cristao-ajuda-sem-fazer-cara-feia.html","title":{"rendered":"Papa Francisco: O crist\u00e3o sempre ajuda sem fazer &#8216;cara feia&#8217;"},"content":{"rendered":"<p><img loading=\"lazy\" src=\"http:\/\/franciscanos.org.br\/wp-content\/uploads\/2016\/05\/francisco_31.jpg\" alt=\"francisco_31\" width=\"820\" height=\"432\" \/><\/p>\n<p>Cidade do Vaticano &#8211; Se aprend\u00eassemos a servir e f\u00f4ssemos ao encontro dos outros, como mudaria o mundo. Foi a considera\u00e7\u00e3o com a qual o Papa Francisco concluiu a homilia da missa da manh\u00e3, celebrada na Casa Santa Marta, nesta ter\u00e7a-feira (31\/05). Francisco dedicou sua reflex\u00e3o a Nossa Senhora, no dia que se encerra o m\u00eas mariano. \u201cServi\u00e7o e encontro fazem sentir uma alegria que preenche nossas vidas\u201d, disse o Papa.<\/p>\n<p>Coragem feminina, capacidade de ir ao encontro dos outros, estender a m\u00e3o para uma ajuda, solicitude. E, principalmente, alegria, daquelas que enchem o cora\u00e7\u00e3o e d\u00e3o \u00e0 vida um novo sentido e uma nova dire\u00e7\u00e3o.<br \/>\nEstes foram os t\u00f3picos extra\u00eddos por Francisco do Evangelho do dia, que narra a visita de Maria a Santa Isabel.<\/p>\n<p>Este trecho, junto com as palavras do Profeta Sofonias na Primeira leitura e de S\u00e3o Paulo, na Segunda, delineia uma liturgia \u201ccheia de alegria\u201d e chega como \u201cum vento novo\u201d que preenche nossas vidas.<\/p>\n<p><strong>Alegria e cara virada<\/strong><br \/>\n\u201c\u00c9 feio ver crist\u00e3os com a cara virada, crist\u00e3os tristes, \u00e9 feio, feio, feio&#8230; N\u00e3o s\u00e3o plenamente crist\u00e3os. Acreditam que s\u00e3o, mas n\u00e3o o s\u00e3o totalmente. Esta \u00e9 a mensagem crist\u00e3. E nesta atmosfera de alegria que a liturgia nos d\u00e1 de presente, gostaria de ressaltar apenas duas coisas: primeiro, um comportamento; segundo, um fato. O comportamento \u00e9 o servi\u00e7o\u201d.<\/p>\n<p><strong>As mulheres: coragem da Igreja<\/strong><br \/>\nO servi\u00e7o de Maria \u00e9 realizado sem incertezas, observou o Papa. Maria, afirma o Evangelho, \u201cse dirigiu apressadamente\u201d, embora estivesse gr\u00e1vida e arriscasse se deparar com malfeitores no decorrer da estrada.<br \/>\n\u201cEsta jovem de 16 ou 17 anos, n\u00e3o mais\u201d, acrescentou Francisco, \u201cera corajosa. Levanta-se e vai\u201d, sem desculpas: \u201cCoragem de mulher. As mulheres corajosas que existem na Igreja s\u00e3o como Nossa Senhora. Essas mulheres que levam avante a fam\u00edlia, essas mulheres que levam avante a educa\u00e7\u00e3o dos filhos, que enfrentam tantas adversidades, tanta dor, que curam os doentes&#8230; Corajosas: levantam-se e servem, servem.<\/p>\n<p>O servi\u00e7o \u00e9 sinal crist\u00e3o. Quem n\u00e3o vive para servir, n\u00e3o serve para viver. Servi\u00e7o na alegria, esta \u00e9 a atitude que gostaria de destacar hoje. H\u00e1 alegria e tamb\u00e9m servi\u00e7o. Sempre para servir\u201d.<\/p>\n<p><strong>O encontro \u00e9 um sinal crist\u00e3o<\/strong><br \/>\nO segundo ponto sobre o qual o Papa se det\u00e9m \u00e9 o encontro entre Maria e sua prima. \u201cEssas duas mulheres \u2013 evidenciou \u2013 se encontram, e se encontram com alegria\u201d, aquele momento \u00e9 \u201cs\u00f3 festa\u201d.<\/p>\n<p>Se \u201cn\u00f3s aprend\u00eassemos isso, servi\u00e7o e ir ao encontro dos outros, concluiu Francisco, \u201ccomo o mundo mudaria&#8221;: \u201cO encontro \u00e9 outro sinal crist\u00e3o. Uma pessoa que se diz crist\u00e3 e n\u00e3o \u00e9 capaz de ir ao encontro dos outros, de encontrar os outros, n\u00e3o \u00e9 totalmente crist\u00e3. Seja o servi\u00e7o, seja o encontro, requerem sair de si mesmos: sair para servir e sair para encontrar, para abra\u00e7ar outra pessoa. \u00c9 com este servi\u00e7o de Maria, com este encontro que se renova a promessa do Senhor, se atua no presente, naquele presente. E propriamente o Senhor \u2013 como ouvimos na primeira Leitura: \u2018O Senhor, teu Deus, est\u00e1 no meio de ti\u201d \u2013 o Senhor est\u00e1 no servi\u00e7o, o Senhor est\u00e1 no encontro\u201d.<\/p>\n<hr \/>\n<p><em>Fonte: R\u00e1dio Vaticano<\/em><\/p>\n","protected":false},"excerpt":{"rendered":"<p>Missa em Santa Marta<\/p>\n","protected":false},"author":1,"featured_media":201931,"comment_status":"open","ping_status":"open","sticky":false,"template":"","format":"standard","meta":[],"categories":[1428],"tags":[1586],"acf":[],"yoast_head":"<!-- This site is optimized with the Yoast SEO plugin v19.2 - https:\/\/yoast.com\/wordpress\/plugins\/seo\/ -->\n<title>Papa Francisco: O crist\u00e3o sempre ajuda sem fazer &#039;cara feia&#039; - Not\u00edcias - Franciscanos<\/title>\n<meta name=\"robots\" content=\"index, follow, max-snippet:-1, max-image-preview:large, max-video-preview:-1\" \/>\n<link rel=\"canonical\" href=\"https:\/\/franciscanos.org.br\/noticias\/papa-o-cristao-ajuda-sem-fazer-cara-feia.html\" \/>\n<meta property=\"og:locale\" content=\"pt_BR\" \/>\n<meta property=\"og:type\" content=\"article\" \/>\n<meta property=\"og:title\" content=\"Papa Francisco: O crist\u00e3o sempre ajuda sem fazer &#039;cara feia&#039; - Not\u00edcias - Franciscanos\" \/>\n<meta property=\"og:description\" content=\"Missa em Santa Marta\" \/>\n<meta property=\"og:url\" content=\"https:\/\/franciscanos.org.br\/noticias\/papa-o-cristao-ajuda-sem-fazer-cara-feia.html\" \/>\n<meta property=\"og:site_name\" content=\"Not\u00edcias - Franciscanos\" \/>\n<meta property=\"article:published_time\" content=\"2016-05-31T11:34:23+00:00\" \/>\n<meta property=\"article:modified_time\" content=\"2020-06-09T20:16:16+00:00\" \/>\n<meta property=\"og:image\" content=\"https:\/\/franciscanos.org.br\/noticias\/wp-content\/uploads\/2016\/05\/francisco_31.jpg\" \/>\n\t<meta property=\"og:image:width\" content=\"273\" \/>\n\t<meta property=\"og:image:height\" content=\"181\" \/>\n\t<meta property=\"og:image:type\" content=\"image\/jpeg\" \/>\n<meta name=\"author\" content=\"admin\" \/>\n<meta name=\"twitter:card\" content=\"summary_large_image\" \/>\n<meta name=\"twitter:label1\" content=\"Escrito por\" \/>\n\t<meta name=\"twitter:data1\" content=\"admin\" \/>\n\t<meta name=\"twitter:label2\" content=\"Est. tempo de leitura\" \/>\n\t<meta name=\"twitter:data2\" content=\"3 minutos\" \/>\n<script type=\"application\/ld+json\" class=\"yoast-schema-graph\">{\"@context\":\"https:\/\/schema.org\",\"@graph\":[{\"@type\":\"WebSite\",\"@id\":\"https:\/\/franciscanos.org.br\/noticias\/#website\",\"url\":\"https:\/\/franciscanos.org.br\/noticias\/\",\"name\":\"Not\u00edcias - Franciscanos\",\"description\":\"Prov\u00edncia Franciscana da Imaculada Concei\u00e7\u00e3o do Brasil - Ordem dos Frades Menores - OFM\",\"potentialAction\":[{\"@type\":\"SearchAction\",\"target\":{\"@type\":\"EntryPoint\",\"urlTemplate\":\"https:\/\/franciscanos.org.br\/noticias\/?s={search_term_string}\"},\"query-input\":\"required name=search_term_string\"}],\"inLanguage\":\"pt-BR\"},{\"@type\":\"ImageObject\",\"inLanguage\":\"pt-BR\",\"@id\":\"https:\/\/franciscanos.org.br\/noticias\/papa-o-cristao-ajuda-sem-fazer-cara-feia.html#primaryimage\",\"url\":\"https:\/\/franciscanos.org.br\/noticias\/wp-content\/uploads\/2016\/05\/francisco_31.jpg\",\"contentUrl\":\"https:\/\/franciscanos.org.br\/noticias\/wp-content\/uploads\/2016\/05\/francisco_31.jpg\",\"width\":273,\"height\":181},{\"@type\":\"WebPage\",\"@id\":\"https:\/\/franciscanos.org.br\/noticias\/papa-o-cristao-ajuda-sem-fazer-cara-feia.html#webpage\",\"url\":\"https:\/\/franciscanos.org.br\/noticias\/papa-o-cristao-ajuda-sem-fazer-cara-feia.html\",\"name\":\"Papa Francisco: O crist\u00e3o sempre ajuda sem fazer 'cara feia' - Not\u00edcias - Franciscanos\",\"isPartOf\":{\"@id\":\"https:\/\/franciscanos.org.br\/noticias\/#website\"},\"primaryImageOfPage\":{\"@id\":\"https:\/\/franciscanos.org.br\/noticias\/papa-o-cristao-ajuda-sem-fazer-cara-feia.html#primaryimage\"},\"datePublished\":\"2016-05-31T11:34:23+00:00\",\"dateModified\":\"2020-06-09T20:16:16+00:00\",\"author\":{\"@id\":\"https:\/\/franciscanos.org.br\/noticias\/#\/schema\/person\/b38fbf43118f02820bd932f2e4b14ad3\"},\"breadcrumb\":{\"@id\":\"https:\/\/franciscanos.org.br\/noticias\/papa-o-cristao-ajuda-sem-fazer-cara-feia.html#breadcrumb\"},\"inLanguage\":\"pt-BR\",\"potentialAction\":[{\"@type\":\"ReadAction\",\"target\":[\"https:\/\/franciscanos.org.br\/noticias\/papa-o-cristao-ajuda-sem-fazer-cara-feia.html\"]}]},{\"@type\":\"BreadcrumbList\",\"@id\":\"https:\/\/franciscanos.org.br\/noticias\/papa-o-cristao-ajuda-sem-fazer-cara-feia.html#breadcrumb\",\"itemListElement\":[{\"@type\":\"ListItem\",\"position\":1,\"name\":\"Home\",\"item\":\"https:\/\/franciscanos.org.br\/noticias\"},{\"@type\":\"ListItem\",\"position\":2,\"name\":\"Papa Francisco: O crist\u00e3o sempre ajuda sem fazer &#8216;cara feia&#8217;\"}]},{\"@type\":\"Person\",\"@id\":\"https:\/\/franciscanos.org.br\/noticias\/#\/schema\/person\/b38fbf43118f02820bd932f2e4b14ad3\",\"name\":\"admin\",\"image\":{\"@type\":\"ImageObject\",\"inLanguage\":\"pt-BR\",\"@id\":\"https:\/\/franciscanos.org.br\/noticias\/#\/schema\/person\/image\/\",\"url\":\"https:\/\/secure.gravatar.com\/avatar\/e8495742d34d0ba6448ea1c628263b3e?s=96&d=mm&r=g\",\"contentUrl\":\"https:\/\/secure.gravatar.com\/avatar\/e8495742d34d0ba6448ea1c628263b3e?s=96&d=mm&r=g\",\"caption\":\"admin\"},\"url\":\"https:\/\/franciscanos.org.br\/noticias\/author\/admin\"}]}<\/script>\n<!-- \/ Yoast SEO plugin. -->","yoast_head_json":{"title":"Papa Francisco: O crist\u00e3o sempre ajuda sem fazer 'cara feia' - Not\u00edcias - Franciscanos","robots":{"index":"index","follow":"follow","max-snippet":"max-snippet:-1","max-image-preview":"max-image-preview:large","max-video-preview":"max-video-preview:-1"},"canonical":"https:\/\/franciscanos.org.br\/noticias\/papa-o-cristao-ajuda-sem-fazer-cara-feia.html","og_locale":"pt_BR","og_type":"article","og_title":"Papa Francisco: O crist\u00e3o sempre ajuda sem fazer 'cara feia' - Not\u00edcias - Franciscanos","og_description":"Missa em Santa Marta","og_url":"https:\/\/franciscanos.org.br\/noticias\/papa-o-cristao-ajuda-sem-fazer-cara-feia.html","og_site_name":"Not\u00edcias - Franciscanos","article_published_time":"2016-05-31T11:34:23+00:00","article_modified_time":"2020-06-09T20:16:16+00:00","og_image":[{"width":273,"height":181,"url":"https:\/\/franciscanos.org.br\/noticias\/wp-content\/uploads\/2016\/05\/francisco_31.jpg","type":"image\/jpeg"}],"author":"admin","twitter_card":"summary_large_image","twitter_misc":{"Escrito por":"admin","Est. tempo de leitura":"3 minutos"},"schema":{"@context":"https:\/\/schema.org","@graph":[{"@type":"WebSite","@id":"https:\/\/franciscanos.org.br\/noticias\/#website","url":"https:\/\/franciscanos.org.br\/noticias\/","name":"Not\u00edcias - Franciscanos","description":"Prov\u00edncia Franciscana da Imaculada Concei\u00e7\u00e3o do Brasil - Ordem dos Frades Menores - OFM","potentialAction":[{"@type":"SearchAction","target":{"@type":"EntryPoint","urlTemplate":"https:\/\/franciscanos.org.br\/noticias\/?s={search_term_string}"},"query-input":"required name=search_term_string"}],"inLanguage":"pt-BR"},{"@type":"ImageObject","inLanguage":"pt-BR","@id":"https:\/\/franciscanos.org.br\/noticias\/papa-o-cristao-ajuda-sem-fazer-cara-feia.html#primaryimage","url":"https:\/\/franciscanos.org.br\/noticias\/wp-content\/uploads\/2016\/05\/francisco_31.jpg","contentUrl":"https:\/\/franciscanos.org.br\/noticias\/wp-content\/uploads\/2016\/05\/francisco_31.jpg","width":273,"height":181},{"@type":"WebPage","@id":"https:\/\/franciscanos.org.br\/noticias\/papa-o-cristao-ajuda-sem-fazer-cara-feia.html#webpage","url":"https:\/\/franciscanos.org.br\/noticias\/papa-o-cristao-ajuda-sem-fazer-cara-feia.html","name":"Papa Francisco: O crist\u00e3o sempre ajuda sem fazer 'cara feia' - Not\u00edcias - Franciscanos","isPartOf":{"@id":"https:\/\/franciscanos.org.br\/noticias\/#website"},"primaryImageOfPage":{"@id":"https:\/\/franciscanos.org.br\/noticias\/papa-o-cristao-ajuda-sem-fazer-cara-feia.html#primaryimage"},"datePublished":"2016-05-31T11:34:23+00:00","dateModified":"2020-06-09T20:16:16+00:00","author":{"@id":"https:\/\/franciscanos.org.br\/noticias\/#\/schema\/person\/b38fbf43118f02820bd932f2e4b14ad3"},"breadcrumb":{"@id":"https:\/\/franciscanos.org.br\/noticias\/papa-o-cristao-ajuda-sem-fazer-cara-feia.html#breadcrumb"},"inLanguage":"pt-BR","potentialAction":[{"@type":"ReadAction","target":["https:\/\/franciscanos.org.br\/noticias\/papa-o-cristao-ajuda-sem-fazer-cara-feia.html"]}]},{"@type":"BreadcrumbList","@id":"https:\/\/franciscanos.org.br\/noticias\/papa-o-cristao-ajuda-sem-fazer-cara-feia.html#breadcrumb","itemListElement":[{"@type":"ListItem","position":1,"name":"Home","item":"https:\/\/franciscanos.org.br\/noticias"},{"@type":"ListItem","position":2,"name":"Papa Francisco: O crist\u00e3o sempre ajuda sem fazer &#8216;cara feia&#8217;"}]},{"@type":"Person","@id":"https:\/\/franciscanos.org.br\/noticias\/#\/schema\/person\/b38fbf43118f02820bd932f2e4b14ad3","name":"admin","image":{"@type":"ImageObject","inLanguage":"pt-BR","@id":"https:\/\/franciscanos.org.br\/noticias\/#\/schema\/person\/image\/","url":"https:\/\/secure.gravatar.com\/avatar\/e8495742d34d0ba6448ea1c628263b3e?s=96&d=mm&r=g","contentUrl":"https:\/\/secure.gravatar.com\/avatar\/e8495742d34d0ba6448ea1c628263b3e?s=96&d=mm&r=g","caption":"admin"},"url":"https:\/\/franciscanos.org.br\/noticias\/author\/admin"}]}},"_links":{"self":[{"href":"https:\/\/franciscanos.org.br\/noticias\/wp-json\/wp\/v2\/posts\/110136"}],"collection":[{"href":"https:\/\/franciscanos.org.br\/noticias\/wp-json\/wp\/v2\/posts"}],"about":[{"href":"https:\/\/franciscanos.org.br\/noticias\/wp-json\/wp\/v2\/types\/post"}],"author":[{"embeddable":true,"href":"https:\/\/franciscanos.org.br\/noticias\/wp-json\/wp\/v2\/users\/1"}],"replies":[{"embeddable":true,"href":"https:\/\/franciscanos.org.br\/noticias\/wp-json\/wp\/v2\/comments?post=110136"}],"version-history":[{"count":1,"href":"https:\/\/franciscanos.org.br\/noticias\/wp-json\/wp\/v2\/posts\/110136\/revisions"}],"predecessor-version":[{"id":225693,"href":"https:\/\/franciscanos.org.br\/noticias\/wp-json\/wp\/v2\/posts\/110136\/revisions\/225693"}],"wp:featuredmedia":[{"embeddable":true,"href":"https:\/\/franciscanos.org.br\/noticias\/wp-json\/wp\/v2\/media\/201931"}],"wp:attachment":[{"href":"https:\/\/franciscanos.org.br\/noticias\/wp-json\/wp\/v2\/media?parent=110136"}],"wp:term":[{"taxonomy":"category","embeddable":true,"href":"https:\/\/franciscanos.org.br\/noticias\/wp-json\/wp\/v2\/categories?post=110136"},{"taxonomy":"post_tag","embeddable":true,"href":"https:\/\/franciscanos.org.br\/noticias\/wp-json\/wp\/v2\/tags?post=110136"}],"curies":[{"name":"wp","href":"https:\/\/api.w.org\/{rel}","templated":true}]}}