{"id":110050,"date":"2016-05-30T10:42:02","date_gmt":"2016-05-30T13:42:02","guid":{"rendered":"http:\/\/franciscanos.org.br\/?p=110050"},"modified":"2020-03-27T11:44:16","modified_gmt":"2020-03-27T14:44:16","slug":"corpus-christi-reune-milhares-de-fieis-em-agudos","status":"publish","type":"post","link":"https:\/\/franciscanos.org.br\/noticias\/corpus-christi-reune-milhares-de-fieis-em-agudos.html","title":{"rendered":"Corpus Christi re\u00fane milhares de fi\u00e9is em Agudos"},"content":{"rendered":"<p><img loading=\"lazy\" src=\"http:\/\/franciscanos.org.br\/wp-content\/uploads\/2016\/05\/agudos_DSC_0227.jpg\" alt=\"agudos_DSC_0227\" width=\"830\" height=\"330\" \/><\/p>\n<p>A Par\u00f3quia S\u00e3o Paulo Ap\u00f3stolo de Agudos realizou na tarde da quinta-feira (26) a solenidade de Corpus Christi. A celebra\u00e7\u00e3o, presidida por Frei Carlos Pierezan e concelebrada pelo p\u00e1roco Frei Silvio Trindade Werlingue, contou tamb\u00e9m com a presen\u00e7a do Di\u00e1cono Marcos Alberto Arantes e foi realizada na Pra\u00e7a Tiradentes da cidade, seguindo com prociss\u00e3o pela rua 13 de maio at\u00e9 a Par\u00f3quia para b\u00ean\u00e7\u00e3o final. Neste ano, milhares de pessoas participaram da festa do Corpo e Sangue de Jesus.<\/p>\n<p>Durante a celebra\u00e7\u00e3o, Frei Carlos lembrou a todos os presentes sobre a import\u00e2ncia da Eucaristia, sinal vivo da presen\u00e7a de Jesus na vida dos crist\u00e3os. \u201cEstamos aqui acolhendo Jesus em nossa vida, por isso queremos hoje, em pra\u00e7a p\u00fablica, agradecer pela presen\u00e7a permanente de Jesus em nosso meio\u201d, disse.<\/p>\n<p>O p\u00e1roco, Frei Silvio, pediu aos fi\u00e9is para serem misericordiosos e partilharem tudo o que aprenderam dos ensinamentos de Jesus com o pr\u00f3ximo. \u201cNeste ano da miseric\u00f3rdia, devemos partilh\u00e1-la com os irm\u00e3os, pois esta \u00e9 a melhor li\u00e7\u00e3o que n\u00f3s podemos aprender com a Eucaristia\u201d, pontuou.<\/p>\n<p><strong>Sin\u00f4nimo de uni\u00e3o<\/strong><\/p>\n<p>A solenidade tamb\u00e9m contou a integra\u00e7\u00e3o, criatividade e empenho de membros dos seis setores da Par\u00f3quia, pastorais e movimentos, que, pela manh\u00e3, enfeitaram as ruas com a confec\u00e7\u00e3o de tapetes, que levaram a tem\u00e1tica principal Eucaristia, mesclando com os padroeiros dos setores: S\u00e3o Paulo Ap\u00f3stolo, S\u00e3o Francisco de Assis, Nossa Senhora das Gra\u00e7as, Santa Cec\u00edlia, S\u00e3o Jo\u00e3o Batista e Nossa Senhora Aparecida.<\/p>\n<p><img loading=\"lazy\" class=\"alignleft size-full wp-image-110052\" src=\"http:\/\/franciscanos.org.br\/wp-content\/uploads\/2016\/05\/agudos_DSC_0112.jpg\" alt=\"agudos_DSC_0112\" width=\"600\" height=\"400\" \/>Diego Pires Rodrigues, catequista no setor Nossa Senhora das Gra\u00e7as, estava entusiasmado com os enfeites. \u201c\u00c9 o primeiro ano que eu enfeito. Acho muito importante, pois tem um trabalho em equipe, pois aqui um setor ajuda o outro. Todas as pessoas se unem para transformar o Corpus Christi em sin\u00f4nimo de uni\u00e3o\u201d, comenta.<\/p>\n<p>Cleonice Aparecida Ara\u00fajo, do Setor Santa Cec\u00edlia, conta que enfeitar as ruas e participar da solenidade \u00e9 muito importante. \u201cCorpus Christi significa vida. Para mim \u00e9 muito gratificante participar da montagem dos tapetes. Fa\u00e7o com muito prazer\u201d, diz.<\/p>\n<p><strong>Solidariedade<\/strong><\/p>\n<p>A Par\u00f3quia S\u00e3o Paulo Ap\u00f3stolo ainda arrecadou fraldas geri\u00e1tricas para as pessoas doentes da cidade de Agudos.<\/p>\n<p>O gesto foi t\u00e3o positivo entre os fi\u00e9is que haver\u00e1 uma amplia\u00e7\u00e3o na arrecada\u00e7\u00e3o para al\u00e9m Corpus Christi. Os interessados em colaborar, poder\u00e3o levar sua doa\u00e7\u00e3o na Secretaria Paroquial, das 9h \u00e0s 11h e das 13h \u00e0s 17h. A Par\u00f3quia fica na Avenida Benedito Otoni, 582.<\/p>\n<p><strong>Isabela Gaspar<\/strong><em> &#8211; Especial para este site<\/em><\/p>\n","protected":false},"excerpt":{"rendered":"<p>Agudos<\/p>\n","protected":false},"author":1,"featured_media":200241,"comment_status":"open","ping_status":"open","sticky":false,"template":"","format":"standard","meta":[],"categories":[1],"tags":[388],"acf":[],"yoast_head":"<!-- This site is optimized with the Yoast SEO plugin v19.2 - https:\/\/yoast.com\/wordpress\/plugins\/seo\/ -->\n<title>Corpus Christi re\u00fane milhares de fi\u00e9is em Agudos - Not\u00edcias - Franciscanos<\/title>\n<meta name=\"robots\" content=\"index, follow, max-snippet:-1, max-image-preview:large, max-video-preview:-1\" \/>\n<link rel=\"canonical\" href=\"https:\/\/franciscanos.org.br\/noticias\/corpus-christi-reune-milhares-de-fieis-em-agudos.html\" \/>\n<meta property=\"og:locale\" content=\"pt_BR\" \/>\n<meta property=\"og:type\" content=\"article\" \/>\n<meta property=\"og:title\" content=\"Corpus Christi re\u00fane milhares de fi\u00e9is em Agudos - Not\u00edcias - Franciscanos\" \/>\n<meta property=\"og:description\" content=\"Agudos\" \/>\n<meta property=\"og:url\" content=\"https:\/\/franciscanos.org.br\/noticias\/corpus-christi-reune-milhares-de-fieis-em-agudos.html\" \/>\n<meta property=\"og:site_name\" content=\"Not\u00edcias - Franciscanos\" \/>\n<meta property=\"article:published_time\" content=\"2016-05-30T13:42:02+00:00\" \/>\n<meta property=\"article:modified_time\" content=\"2020-03-27T14:44:16+00:00\" \/>\n<meta property=\"og:image\" content=\"https:\/\/franciscanos.org.br\/noticias\/wp-content\/uploads\/2016\/05\/agudos_DSC_0227.jpg\" \/>\n\t<meta property=\"og:image:width\" content=\"273\" \/>\n\t<meta property=\"og:image:height\" content=\"181\" \/>\n\t<meta property=\"og:image:type\" content=\"image\/jpeg\" \/>\n<meta name=\"author\" content=\"admin\" \/>\n<meta name=\"twitter:card\" content=\"summary_large_image\" \/>\n<meta name=\"twitter:label1\" content=\"Escrito por\" \/>\n\t<meta name=\"twitter:data1\" content=\"admin\" \/>\n\t<meta name=\"twitter:label2\" content=\"Est. tempo de leitura\" \/>\n\t<meta name=\"twitter:data2\" content=\"2 minutos\" \/>\n<script type=\"application\/ld+json\" class=\"yoast-schema-graph\">{\"@context\":\"https:\/\/schema.org\",\"@graph\":[{\"@type\":\"WebSite\",\"@id\":\"https:\/\/franciscanos.org.br\/noticias\/#website\",\"url\":\"https:\/\/franciscanos.org.br\/noticias\/\",\"name\":\"Not\u00edcias - Franciscanos\",\"description\":\"Prov\u00edncia Franciscana da Imaculada Concei\u00e7\u00e3o do Brasil - Ordem dos Frades Menores - OFM\",\"potentialAction\":[{\"@type\":\"SearchAction\",\"target\":{\"@type\":\"EntryPoint\",\"urlTemplate\":\"https:\/\/franciscanos.org.br\/noticias\/?s={search_term_string}\"},\"query-input\":\"required name=search_term_string\"}],\"inLanguage\":\"pt-BR\"},{\"@type\":\"ImageObject\",\"inLanguage\":\"pt-BR\",\"@id\":\"https:\/\/franciscanos.org.br\/noticias\/corpus-christi-reune-milhares-de-fieis-em-agudos.html#primaryimage\",\"url\":\"https:\/\/franciscanos.org.br\/noticias\/wp-content\/uploads\/2016\/05\/agudos_DSC_0227.jpg\",\"contentUrl\":\"https:\/\/franciscanos.org.br\/noticias\/wp-content\/uploads\/2016\/05\/agudos_DSC_0227.jpg\",\"width\":273,\"height\":181,\"caption\":\"????????????????????????????????????\"},{\"@type\":\"WebPage\",\"@id\":\"https:\/\/franciscanos.org.br\/noticias\/corpus-christi-reune-milhares-de-fieis-em-agudos.html#webpage\",\"url\":\"https:\/\/franciscanos.org.br\/noticias\/corpus-christi-reune-milhares-de-fieis-em-agudos.html\",\"name\":\"Corpus Christi re\u00fane milhares de fi\u00e9is em Agudos - Not\u00edcias - Franciscanos\",\"isPartOf\":{\"@id\":\"https:\/\/franciscanos.org.br\/noticias\/#website\"},\"primaryImageOfPage\":{\"@id\":\"https:\/\/franciscanos.org.br\/noticias\/corpus-christi-reune-milhares-de-fieis-em-agudos.html#primaryimage\"},\"datePublished\":\"2016-05-30T13:42:02+00:00\",\"dateModified\":\"2020-03-27T14:44:16+00:00\",\"author\":{\"@id\":\"https:\/\/franciscanos.org.br\/noticias\/#\/schema\/person\/b38fbf43118f02820bd932f2e4b14ad3\"},\"breadcrumb\":{\"@id\":\"https:\/\/franciscanos.org.br\/noticias\/corpus-christi-reune-milhares-de-fieis-em-agudos.html#breadcrumb\"},\"inLanguage\":\"pt-BR\",\"potentialAction\":[{\"@type\":\"ReadAction\",\"target\":[\"https:\/\/franciscanos.org.br\/noticias\/corpus-christi-reune-milhares-de-fieis-em-agudos.html\"]}]},{\"@type\":\"BreadcrumbList\",\"@id\":\"https:\/\/franciscanos.org.br\/noticias\/corpus-christi-reune-milhares-de-fieis-em-agudos.html#breadcrumb\",\"itemListElement\":[{\"@type\":\"ListItem\",\"position\":1,\"name\":\"Home\",\"item\":\"https:\/\/franciscanos.org.br\/noticias\"},{\"@type\":\"ListItem\",\"position\":2,\"name\":\"Corpus Christi re\u00fane milhares de fi\u00e9is em Agudos\"}]},{\"@type\":\"Person\",\"@id\":\"https:\/\/franciscanos.org.br\/noticias\/#\/schema\/person\/b38fbf43118f02820bd932f2e4b14ad3\",\"name\":\"admin\",\"image\":{\"@type\":\"ImageObject\",\"inLanguage\":\"pt-BR\",\"@id\":\"https:\/\/franciscanos.org.br\/noticias\/#\/schema\/person\/image\/\",\"url\":\"https:\/\/secure.gravatar.com\/avatar\/e8495742d34d0ba6448ea1c628263b3e?s=96&d=mm&r=g\",\"contentUrl\":\"https:\/\/secure.gravatar.com\/avatar\/e8495742d34d0ba6448ea1c628263b3e?s=96&d=mm&r=g\",\"caption\":\"admin\"},\"url\":\"https:\/\/franciscanos.org.br\/noticias\/author\/admin\"}]}<\/script>\n<!-- \/ Yoast SEO plugin. -->","yoast_head_json":{"title":"Corpus Christi re\u00fane milhares de fi\u00e9is em Agudos - Not\u00edcias - Franciscanos","robots":{"index":"index","follow":"follow","max-snippet":"max-snippet:-1","max-image-preview":"max-image-preview:large","max-video-preview":"max-video-preview:-1"},"canonical":"https:\/\/franciscanos.org.br\/noticias\/corpus-christi-reune-milhares-de-fieis-em-agudos.html","og_locale":"pt_BR","og_type":"article","og_title":"Corpus Christi re\u00fane milhares de fi\u00e9is em Agudos - Not\u00edcias - Franciscanos","og_description":"Agudos","og_url":"https:\/\/franciscanos.org.br\/noticias\/corpus-christi-reune-milhares-de-fieis-em-agudos.html","og_site_name":"Not\u00edcias - Franciscanos","article_published_time":"2016-05-30T13:42:02+00:00","article_modified_time":"2020-03-27T14:44:16+00:00","og_image":[{"width":273,"height":181,"url":"https:\/\/franciscanos.org.br\/noticias\/wp-content\/uploads\/2016\/05\/agudos_DSC_0227.jpg","type":"image\/jpeg"}],"author":"admin","twitter_card":"summary_large_image","twitter_misc":{"Escrito por":"admin","Est. tempo de leitura":"2 minutos"},"schema":{"@context":"https:\/\/schema.org","@graph":[{"@type":"WebSite","@id":"https:\/\/franciscanos.org.br\/noticias\/#website","url":"https:\/\/franciscanos.org.br\/noticias\/","name":"Not\u00edcias - Franciscanos","description":"Prov\u00edncia Franciscana da Imaculada Concei\u00e7\u00e3o do Brasil - Ordem dos Frades Menores - OFM","potentialAction":[{"@type":"SearchAction","target":{"@type":"EntryPoint","urlTemplate":"https:\/\/franciscanos.org.br\/noticias\/?s={search_term_string}"},"query-input":"required name=search_term_string"}],"inLanguage":"pt-BR"},{"@type":"ImageObject","inLanguage":"pt-BR","@id":"https:\/\/franciscanos.org.br\/noticias\/corpus-christi-reune-milhares-de-fieis-em-agudos.html#primaryimage","url":"https:\/\/franciscanos.org.br\/noticias\/wp-content\/uploads\/2016\/05\/agudos_DSC_0227.jpg","contentUrl":"https:\/\/franciscanos.org.br\/noticias\/wp-content\/uploads\/2016\/05\/agudos_DSC_0227.jpg","width":273,"height":181,"caption":"????????????????????????????????????"},{"@type":"WebPage","@id":"https:\/\/franciscanos.org.br\/noticias\/corpus-christi-reune-milhares-de-fieis-em-agudos.html#webpage","url":"https:\/\/franciscanos.org.br\/noticias\/corpus-christi-reune-milhares-de-fieis-em-agudos.html","name":"Corpus Christi re\u00fane milhares de fi\u00e9is em Agudos - Not\u00edcias - Franciscanos","isPartOf":{"@id":"https:\/\/franciscanos.org.br\/noticias\/#website"},"primaryImageOfPage":{"@id":"https:\/\/franciscanos.org.br\/noticias\/corpus-christi-reune-milhares-de-fieis-em-agudos.html#primaryimage"},"datePublished":"2016-05-30T13:42:02+00:00","dateModified":"2020-03-27T14:44:16+00:00","author":{"@id":"https:\/\/franciscanos.org.br\/noticias\/#\/schema\/person\/b38fbf43118f02820bd932f2e4b14ad3"},"breadcrumb":{"@id":"https:\/\/franciscanos.org.br\/noticias\/corpus-christi-reune-milhares-de-fieis-em-agudos.html#breadcrumb"},"inLanguage":"pt-BR","potentialAction":[{"@type":"ReadAction","target":["https:\/\/franciscanos.org.br\/noticias\/corpus-christi-reune-milhares-de-fieis-em-agudos.html"]}]},{"@type":"BreadcrumbList","@id":"https:\/\/franciscanos.org.br\/noticias\/corpus-christi-reune-milhares-de-fieis-em-agudos.html#breadcrumb","itemListElement":[{"@type":"ListItem","position":1,"name":"Home","item":"https:\/\/franciscanos.org.br\/noticias"},{"@type":"ListItem","position":2,"name":"Corpus Christi re\u00fane milhares de fi\u00e9is em Agudos"}]},{"@type":"Person","@id":"https:\/\/franciscanos.org.br\/noticias\/#\/schema\/person\/b38fbf43118f02820bd932f2e4b14ad3","name":"admin","image":{"@type":"ImageObject","inLanguage":"pt-BR","@id":"https:\/\/franciscanos.org.br\/noticias\/#\/schema\/person\/image\/","url":"https:\/\/secure.gravatar.com\/avatar\/e8495742d34d0ba6448ea1c628263b3e?s=96&d=mm&r=g","contentUrl":"https:\/\/secure.gravatar.com\/avatar\/e8495742d34d0ba6448ea1c628263b3e?s=96&d=mm&r=g","caption":"admin"},"url":"https:\/\/franciscanos.org.br\/noticias\/author\/admin"}]}},"_links":{"self":[{"href":"https:\/\/franciscanos.org.br\/noticias\/wp-json\/wp\/v2\/posts\/110050"}],"collection":[{"href":"https:\/\/franciscanos.org.br\/noticias\/wp-json\/wp\/v2\/posts"}],"about":[{"href":"https:\/\/franciscanos.org.br\/noticias\/wp-json\/wp\/v2\/types\/post"}],"author":[{"embeddable":true,"href":"https:\/\/franciscanos.org.br\/noticias\/wp-json\/wp\/v2\/users\/1"}],"replies":[{"embeddable":true,"href":"https:\/\/franciscanos.org.br\/noticias\/wp-json\/wp\/v2\/comments?post=110050"}],"version-history":[{"count":1,"href":"https:\/\/franciscanos.org.br\/noticias\/wp-json\/wp\/v2\/posts\/110050\/revisions"}],"predecessor-version":[{"id":222666,"href":"https:\/\/franciscanos.org.br\/noticias\/wp-json\/wp\/v2\/posts\/110050\/revisions\/222666"}],"wp:featuredmedia":[{"embeddable":true,"href":"https:\/\/franciscanos.org.br\/noticias\/wp-json\/wp\/v2\/media\/200241"}],"wp:attachment":[{"href":"https:\/\/franciscanos.org.br\/noticias\/wp-json\/wp\/v2\/media?parent=110050"}],"wp:term":[{"taxonomy":"category","embeddable":true,"href":"https:\/\/franciscanos.org.br\/noticias\/wp-json\/wp\/v2\/categories?post=110050"},{"taxonomy":"post_tag","embeddable":true,"href":"https:\/\/franciscanos.org.br\/noticias\/wp-json\/wp\/v2\/tags?post=110050"}],"curies":[{"name":"wp","href":"https:\/\/api.w.org\/{rel}","templated":true}]}}