{"id":109832,"date":"2016-05-24T11:46:48","date_gmt":"2016-05-24T14:46:48","guid":{"rendered":"http:\/\/franciscanos.org.br\/?p=109832"},"modified":"2020-06-09T17:19:03","modified_gmt":"2020-06-09T20:19:03","slug":"coragem-esperanca-graca-conversao-e-forca-caminho-de-santidade","status":"publish","type":"post","link":"https:\/\/franciscanos.org.br\/noticias\/coragem-esperanca-graca-conversao-e-forca-caminho-de-santidade.html","title":{"rendered":"Coragem, esperan\u00e7a, gra\u00e7a, convers\u00e3o e for\u00e7a"},"content":{"rendered":"<p><img loading=\"lazy\" src=\"http:\/\/franciscanos.org.br\/wp-content\/uploads\/2016\/05\/marta_24-05_830.jpg\" alt=\"marta_24-05_830\" width=\"830\" height=\"340\" \/><\/p>\n<p><strong>Cidade do Vaticano &#8211;<\/strong> \u00abHoje, 24 de maio, \u00e9 a festa de Maria Auxiliadora que na China se celebra com particular devo\u00e7\u00e3o. Ofere\u00e7o esta missa por todos os chineses, por aquele grande pa\u00eds, para que o Senhor aben\u00e7oe a China\u00bb: com estas palavras o Papa Francisco deu in\u00edcio \u00e0 celebra\u00e7\u00e3o eucar\u00edstica na capela da Casa de Santa Marta durante a qual, na homilia, aprofundou o tema da \u00absantidade simples\u00bb, \u00e0 qual s\u00e3o chamados todos os crist\u00e3os: um \u00abcaminho\u00bb \u2013 disse \u2013 a percorrer \u00abtodos os dias com coragem, esperan\u00e7a, gra\u00e7a e convers\u00e3o\u00bb.<\/p>\n<p>A medita\u00e7\u00e3o de Francisco inspirou-se no trecho da primeira Carta de s\u00e3o Pedro (1, 10-16) proposto pela liturgia do dia: \u00abum pequeno tratado sobre a santidade, uma exorta\u00e7\u00e3o, mas tamb\u00e9m uma indica\u00e7\u00e3o do caminho para a santidade\u00bb. Trata-se, explicou o Papa, da \u00absantidade simples de todos os crist\u00e3os, a santidade di\u00e1ria, a nossa, que devemos praticar todos os dias\u00bb. A \u00faltima refer\u00eancia \u00e9 clara: S\u00e3o Pedro indica-a dizendo: \u00abest\u00e1 escrito: \u201cSede santos, porque eu sou santo\u201d\u00bb, e o pr\u00f3prio Deus disse a Abra\u00e3o: \u00abCaminha na minha presen\u00e7a e s\u00ea irrepreens\u00edvel\u00bb. Isto \u00e9, explicou Francisco: \u00aba santidade \u00e9 caminhar na presen\u00e7a de Deus de modo irrepreens\u00edvel\u00bb. Acrescentando: \u00aba santidade n\u00e3o se pode comprar, nem vender. Tamb\u00e9m n\u00e3o se oferece\u00bb. De fato, ela \u00ab\u00e9 um caminho na presen\u00e7a de Deus, que devo percorrer: n\u00e3o pode ser feita por algu\u00e9m em meu nome\u00bb. Certamente, \u00abposso rezar a fim de que outro seja santo, mas o caminho deve ser percorrido por ele, n\u00e3o por mim\u00bb.<\/p>\n<p>Para esclarecer melhor, o Pont\u00edfice, seguindo o texto de Pedro, indicou algumas \u00abpalavras\u00bb \u00fateis para nos ensinar \u00abcomo \u00e9 a santidade de todos os dias, aquela santidade \u2013 digamos \u2013 an\u00f4nima\u00bb. Antes de tudo, \u00e9 preciso \u00abcoragem\u00bb. Recorda-o inclusive Pedro: \u00abCingi, portanto, os rins do vosso esp\u00edrito, sede s\u00f3brios\u00bb. Serve sempre \u00aba coragem de prosseguir\u00bb, por conseguinte podemos dizer que \u00abo Reino dos C\u00e9us de Jesus \u00e9 para os corajosos\u00bb.<\/p>\n<p>Depois o ap\u00f3stolo continua: \u00abColocai toda a vossa esperan\u00e7a na gra\u00e7a que vos ser\u00e1 dada\u00bb. Eis a segunda palavra \u00fatil: \u00abesperan\u00e7a\u00bb. N\u00e3o podemos, frisou o Papa, \u00abempreender um caminho sem a vontade de chegar. N\u00f3s, disse, esperamos \u00abum encontro com Deus, um encontro com Jesus\u00bb: esta esperan\u00e7a \u00abmove a coragem\u00bb. Depois s\u00e3o Pedro fala de \u00abgra\u00e7a\u00bb. E \u00e9 a terceira palavra que faz compreender que \u00abn\u00e3o podemos alcan\u00e7ar a santidade sozinhos\u00bb, pois \u00ab\u00e9 uma gra\u00e7a\u00bb. Explicou Francisco: \u00abSer bom, ser santo, todos os dias dar mais um passo em frente na vida crist\u00e3 \u00e9 uma gra\u00e7a de Deus e devemos pedi-la\u00bb e ter a \u00abdisponibilidade\u00bb para a receber.<\/p>\n<p>Sobre o tema da \u00abesperan\u00e7a do caminho\u00bb o Pont\u00edfice sugeriu a releitura do cap\u00edtulo 11 da Carta aos Hebreus: \u00abnarra-se o caminho dos nossos pais, dos primeiros chamados por Deus, do modo como eles prosseguiram. E do nosso pai Abra\u00e3o diz: \u201cEle partiu sem saber para onde ia\u201d\u00bb. Cada um de n\u00f3s, afirmou, pode \u00abpedir esta gra\u00e7a ao Senhor\u00bb e \u00abcom simplicidade\u00bb rezar: \u00abSenhor, sou um pobrezinho, mas tu podes fazer o milagre de me tornar um pouco melhor\u00bb. Assim, podemos \u00ababrir o cora\u00e7\u00e3o\u00bb a fim de que o Esp\u00edrito aja em n\u00f3s.<\/p>\n<p>Por fim, outra palavra sugerida por Pedro, que escreve: \u00ab\u00c0 maneira de filhos obedientes, j\u00e1 n\u00e3o vos amoldeis aos desejos que t\u00ednheis antes, no tempo da vossa ignor\u00e2ncia. A exemplo da santidade daquele que vos chamou, sede tamb\u00e9m v\u00f3s santos em todas as vossas a\u00e7\u00f5es\u00bb. Fala-se aqui de \u00abconvers\u00e3o\u00bb. Disse o Papa: ao longo do caminho \u00abn\u00e3o devemos olhar para tr\u00e1s: \u00e9 uma estrada para ir em frente, rumo ao horizonte, com esperan\u00e7a, coragem e abertos \u00e0 gra\u00e7a\u00bb, mas pode acontecer que \u00abum dia progrido, noutro regrido. Isto n\u00e3o ajuda\u00bb, faz com que permane\u00e7amos \u00abparados no mesmo lugar\u00bb. Portanto \u00abtodos os dias\u00bb precisamos da convers\u00e3o. Talvez algu\u00e9m possa dizer: \u00abPadre, para me converter devo fazer penit\u00eancias, flagelar-me\u00bb, mas \u2013 explicou Francisco \u2013 servem \u00abpequenas convers\u00f5es\u00bb. \u00abSe conseguires n\u00e3o falar mal dos outros, est\u00e1s no bom caminho para te tornares santo\u00bb. Somos chamados a coisas simples: \u00abTenho vontade de criticar um vizinho, um colega de trabalho?\u00bb ser\u00e1 \u00fatil \u00abmorder a l\u00edngua um pouco\u00bb, talvez \u00abela ficar\u00e1 inchada\u00bb mas \u00abo vosso esp\u00edrito ser\u00e1 mais santo neste caminho\u00bb.<\/p>\n<p>O importante \u00e9 \u00abprosseguir\u00bb neste caminho \u00absimples\u00bb mas que exige tamb\u00e9m \u00abfor\u00e7a\u00bb \u2013 \u00abque \u00e9 um dom do Esp\u00edrito Santo \u2013 para \u00abcarregar os sofrimentos\u00bb. De qualquer maneira, eles chegam mais cedo ou mais tarde: \u00abuma doen\u00e7a ou a morte de uma pessoa querida, um problema com os filhos ou com os irm\u00e3os, um problema mais grave nos neg\u00f3cios ou no trabalho\u00bb. A refer\u00eancia \u00e9 sempre Jesus, o qual \u00abprosseguiu e sofreu\u00bb. Assim tamb\u00e9m para n\u00f3s \u00abh\u00e1 os pequenos peda\u00e7os de cruz\u00bb, mas h\u00e1 tamb\u00e9m \u00aba alegria deste caminho\u00bb durante o qual, \u00abem todos os momentos\u00bb nos encontramos com Jesus.<\/p>\n<p>Portanto, resumiu Francisco: \u00abCoragem, esperan\u00e7a, gra\u00e7a, convers\u00e3o e for\u00e7a\u00bb, assim \u00abconstru\u00edmos a santidade de todos os dias, na Igreja: cada dia um passinho em frente neste caminho rumo ao encontro com o Senhor\u00bb.<br \/>\nConfira:<\/p>\n<p><iframe loading=\"lazy\" title=\"Messa Santa Marta 24-05-2016\" width=\"500\" height=\"281\" src=\"https:\/\/www.youtube.com\/embed\/0Y85DGEnsKI?feature=oembed\" frameborder=\"0\" allow=\"accelerometer; autoplay; encrypted-media; gyroscope; picture-in-picture\" allowfullscreen><\/iframe><\/p>\n<hr \/>\n<p><em>Fonte: R\u00e1dio Vaticano<\/em><\/p>\n","protected":false},"excerpt":{"rendered":"<p>Missa Santa Marta<\/p>\n","protected":false},"author":1,"featured_media":218752,"comment_status":"open","ping_status":"open","sticky":false,"template":"","format":"standard","meta":[],"categories":[1428],"tags":[1586],"acf":[],"yoast_head":"<!-- This site is optimized with the Yoast SEO plugin v19.2 - https:\/\/yoast.com\/wordpress\/plugins\/seo\/ -->\n<title>Coragem, esperan\u00e7a, gra\u00e7a, convers\u00e3o e for\u00e7a - Not\u00edcias - Franciscanos<\/title>\n<meta name=\"robots\" content=\"index, follow, max-snippet:-1, max-image-preview:large, max-video-preview:-1\" \/>\n<link rel=\"canonical\" href=\"https:\/\/franciscanos.org.br\/noticias\/coragem-esperanca-graca-conversao-e-forca-caminho-de-santidade.html\" \/>\n<meta property=\"og:locale\" content=\"pt_BR\" \/>\n<meta property=\"og:type\" content=\"article\" \/>\n<meta property=\"og:title\" content=\"Coragem, esperan\u00e7a, gra\u00e7a, convers\u00e3o e for\u00e7a - Not\u00edcias - Franciscanos\" \/>\n<meta property=\"og:description\" content=\"Missa Santa Marta\" \/>\n<meta property=\"og:url\" content=\"https:\/\/franciscanos.org.br\/noticias\/coragem-esperanca-graca-conversao-e-forca-caminho-de-santidade.html\" \/>\n<meta property=\"og:site_name\" content=\"Not\u00edcias - Franciscanos\" \/>\n<meta property=\"article:published_time\" content=\"2016-05-24T14:46:48+00:00\" \/>\n<meta property=\"article:modified_time\" content=\"2020-06-09T20:19:03+00:00\" \/>\n<meta property=\"og:image\" content=\"https:\/\/franciscanos.org.br\/noticias\/wp-content\/uploads\/2016\/05\/marta_24-05_830.jpg\" \/>\n\t<meta property=\"og:image:width\" content=\"273\" \/>\n\t<meta property=\"og:image:height\" content=\"181\" \/>\n\t<meta property=\"og:image:type\" content=\"image\/jpeg\" \/>\n<meta name=\"author\" content=\"admin\" \/>\n<meta name=\"twitter:card\" content=\"summary_large_image\" \/>\n<meta name=\"twitter:label1\" content=\"Escrito por\" \/>\n\t<meta name=\"twitter:data1\" content=\"admin\" \/>\n\t<meta name=\"twitter:label2\" content=\"Est. tempo de leitura\" \/>\n\t<meta name=\"twitter:data2\" content=\"5 minutos\" \/>\n<script type=\"application\/ld+json\" class=\"yoast-schema-graph\">{\"@context\":\"https:\/\/schema.org\",\"@graph\":[{\"@type\":\"WebSite\",\"@id\":\"https:\/\/franciscanos.org.br\/noticias\/#website\",\"url\":\"https:\/\/franciscanos.org.br\/noticias\/\",\"name\":\"Not\u00edcias - Franciscanos\",\"description\":\"Prov\u00edncia Franciscana da Imaculada Concei\u00e7\u00e3o do Brasil - Ordem dos Frades Menores - OFM\",\"potentialAction\":[{\"@type\":\"SearchAction\",\"target\":{\"@type\":\"EntryPoint\",\"urlTemplate\":\"https:\/\/franciscanos.org.br\/noticias\/?s={search_term_string}\"},\"query-input\":\"required name=search_term_string\"}],\"inLanguage\":\"pt-BR\"},{\"@type\":\"ImageObject\",\"inLanguage\":\"pt-BR\",\"@id\":\"https:\/\/franciscanos.org.br\/noticias\/coragem-esperanca-graca-conversao-e-forca-caminho-de-santidade.html#primaryimage\",\"url\":\"https:\/\/franciscanos.org.br\/noticias\/wp-content\/uploads\/2016\/05\/marta_24-05_830.jpg\",\"contentUrl\":\"https:\/\/franciscanos.org.br\/noticias\/wp-content\/uploads\/2016\/05\/marta_24-05_830.jpg\",\"width\":273,\"height\":181},{\"@type\":\"WebPage\",\"@id\":\"https:\/\/franciscanos.org.br\/noticias\/coragem-esperanca-graca-conversao-e-forca-caminho-de-santidade.html#webpage\",\"url\":\"https:\/\/franciscanos.org.br\/noticias\/coragem-esperanca-graca-conversao-e-forca-caminho-de-santidade.html\",\"name\":\"Coragem, esperan\u00e7a, gra\u00e7a, convers\u00e3o e for\u00e7a - Not\u00edcias - Franciscanos\",\"isPartOf\":{\"@id\":\"https:\/\/franciscanos.org.br\/noticias\/#website\"},\"primaryImageOfPage\":{\"@id\":\"https:\/\/franciscanos.org.br\/noticias\/coragem-esperanca-graca-conversao-e-forca-caminho-de-santidade.html#primaryimage\"},\"datePublished\":\"2016-05-24T14:46:48+00:00\",\"dateModified\":\"2020-06-09T20:19:03+00:00\",\"author\":{\"@id\":\"https:\/\/franciscanos.org.br\/noticias\/#\/schema\/person\/b38fbf43118f02820bd932f2e4b14ad3\"},\"breadcrumb\":{\"@id\":\"https:\/\/franciscanos.org.br\/noticias\/coragem-esperanca-graca-conversao-e-forca-caminho-de-santidade.html#breadcrumb\"},\"inLanguage\":\"pt-BR\",\"potentialAction\":[{\"@type\":\"ReadAction\",\"target\":[\"https:\/\/franciscanos.org.br\/noticias\/coragem-esperanca-graca-conversao-e-forca-caminho-de-santidade.html\"]}]},{\"@type\":\"BreadcrumbList\",\"@id\":\"https:\/\/franciscanos.org.br\/noticias\/coragem-esperanca-graca-conversao-e-forca-caminho-de-santidade.html#breadcrumb\",\"itemListElement\":[{\"@type\":\"ListItem\",\"position\":1,\"name\":\"Home\",\"item\":\"https:\/\/franciscanos.org.br\/noticias\"},{\"@type\":\"ListItem\",\"position\":2,\"name\":\"Coragem, esperan\u00e7a, gra\u00e7a, convers\u00e3o e for\u00e7a\"}]},{\"@type\":\"Person\",\"@id\":\"https:\/\/franciscanos.org.br\/noticias\/#\/schema\/person\/b38fbf43118f02820bd932f2e4b14ad3\",\"name\":\"admin\",\"image\":{\"@type\":\"ImageObject\",\"inLanguage\":\"pt-BR\",\"@id\":\"https:\/\/franciscanos.org.br\/noticias\/#\/schema\/person\/image\/\",\"url\":\"https:\/\/secure.gravatar.com\/avatar\/e8495742d34d0ba6448ea1c628263b3e?s=96&d=mm&r=g\",\"contentUrl\":\"https:\/\/secure.gravatar.com\/avatar\/e8495742d34d0ba6448ea1c628263b3e?s=96&d=mm&r=g\",\"caption\":\"admin\"},\"url\":\"https:\/\/franciscanos.org.br\/noticias\/author\/admin\"}]}<\/script>\n<!-- \/ Yoast SEO plugin. -->","yoast_head_json":{"title":"Coragem, esperan\u00e7a, gra\u00e7a, convers\u00e3o e for\u00e7a - Not\u00edcias - Franciscanos","robots":{"index":"index","follow":"follow","max-snippet":"max-snippet:-1","max-image-preview":"max-image-preview:large","max-video-preview":"max-video-preview:-1"},"canonical":"https:\/\/franciscanos.org.br\/noticias\/coragem-esperanca-graca-conversao-e-forca-caminho-de-santidade.html","og_locale":"pt_BR","og_type":"article","og_title":"Coragem, esperan\u00e7a, gra\u00e7a, convers\u00e3o e for\u00e7a - Not\u00edcias - Franciscanos","og_description":"Missa Santa Marta","og_url":"https:\/\/franciscanos.org.br\/noticias\/coragem-esperanca-graca-conversao-e-forca-caminho-de-santidade.html","og_site_name":"Not\u00edcias - Franciscanos","article_published_time":"2016-05-24T14:46:48+00:00","article_modified_time":"2020-06-09T20:19:03+00:00","og_image":[{"width":273,"height":181,"url":"https:\/\/franciscanos.org.br\/noticias\/wp-content\/uploads\/2016\/05\/marta_24-05_830.jpg","type":"image\/jpeg"}],"author":"admin","twitter_card":"summary_large_image","twitter_misc":{"Escrito por":"admin","Est. tempo de leitura":"5 minutos"},"schema":{"@context":"https:\/\/schema.org","@graph":[{"@type":"WebSite","@id":"https:\/\/franciscanos.org.br\/noticias\/#website","url":"https:\/\/franciscanos.org.br\/noticias\/","name":"Not\u00edcias - Franciscanos","description":"Prov\u00edncia Franciscana da Imaculada Concei\u00e7\u00e3o do Brasil - Ordem dos Frades Menores - OFM","potentialAction":[{"@type":"SearchAction","target":{"@type":"EntryPoint","urlTemplate":"https:\/\/franciscanos.org.br\/noticias\/?s={search_term_string}"},"query-input":"required name=search_term_string"}],"inLanguage":"pt-BR"},{"@type":"ImageObject","inLanguage":"pt-BR","@id":"https:\/\/franciscanos.org.br\/noticias\/coragem-esperanca-graca-conversao-e-forca-caminho-de-santidade.html#primaryimage","url":"https:\/\/franciscanos.org.br\/noticias\/wp-content\/uploads\/2016\/05\/marta_24-05_830.jpg","contentUrl":"https:\/\/franciscanos.org.br\/noticias\/wp-content\/uploads\/2016\/05\/marta_24-05_830.jpg","width":273,"height":181},{"@type":"WebPage","@id":"https:\/\/franciscanos.org.br\/noticias\/coragem-esperanca-graca-conversao-e-forca-caminho-de-santidade.html#webpage","url":"https:\/\/franciscanos.org.br\/noticias\/coragem-esperanca-graca-conversao-e-forca-caminho-de-santidade.html","name":"Coragem, esperan\u00e7a, gra\u00e7a, convers\u00e3o e for\u00e7a - Not\u00edcias - Franciscanos","isPartOf":{"@id":"https:\/\/franciscanos.org.br\/noticias\/#website"},"primaryImageOfPage":{"@id":"https:\/\/franciscanos.org.br\/noticias\/coragem-esperanca-graca-conversao-e-forca-caminho-de-santidade.html#primaryimage"},"datePublished":"2016-05-24T14:46:48+00:00","dateModified":"2020-06-09T20:19:03+00:00","author":{"@id":"https:\/\/franciscanos.org.br\/noticias\/#\/schema\/person\/b38fbf43118f02820bd932f2e4b14ad3"},"breadcrumb":{"@id":"https:\/\/franciscanos.org.br\/noticias\/coragem-esperanca-graca-conversao-e-forca-caminho-de-santidade.html#breadcrumb"},"inLanguage":"pt-BR","potentialAction":[{"@type":"ReadAction","target":["https:\/\/franciscanos.org.br\/noticias\/coragem-esperanca-graca-conversao-e-forca-caminho-de-santidade.html"]}]},{"@type":"BreadcrumbList","@id":"https:\/\/franciscanos.org.br\/noticias\/coragem-esperanca-graca-conversao-e-forca-caminho-de-santidade.html#breadcrumb","itemListElement":[{"@type":"ListItem","position":1,"name":"Home","item":"https:\/\/franciscanos.org.br\/noticias"},{"@type":"ListItem","position":2,"name":"Coragem, esperan\u00e7a, gra\u00e7a, convers\u00e3o e for\u00e7a"}]},{"@type":"Person","@id":"https:\/\/franciscanos.org.br\/noticias\/#\/schema\/person\/b38fbf43118f02820bd932f2e4b14ad3","name":"admin","image":{"@type":"ImageObject","inLanguage":"pt-BR","@id":"https:\/\/franciscanos.org.br\/noticias\/#\/schema\/person\/image\/","url":"https:\/\/secure.gravatar.com\/avatar\/e8495742d34d0ba6448ea1c628263b3e?s=96&d=mm&r=g","contentUrl":"https:\/\/secure.gravatar.com\/avatar\/e8495742d34d0ba6448ea1c628263b3e?s=96&d=mm&r=g","caption":"admin"},"url":"https:\/\/franciscanos.org.br\/noticias\/author\/admin"}]}},"_links":{"self":[{"href":"https:\/\/franciscanos.org.br\/noticias\/wp-json\/wp\/v2\/posts\/109832"}],"collection":[{"href":"https:\/\/franciscanos.org.br\/noticias\/wp-json\/wp\/v2\/posts"}],"about":[{"href":"https:\/\/franciscanos.org.br\/noticias\/wp-json\/wp\/v2\/types\/post"}],"author":[{"embeddable":true,"href":"https:\/\/franciscanos.org.br\/noticias\/wp-json\/wp\/v2\/users\/1"}],"replies":[{"embeddable":true,"href":"https:\/\/franciscanos.org.br\/noticias\/wp-json\/wp\/v2\/comments?post=109832"}],"version-history":[{"count":2,"href":"https:\/\/franciscanos.org.br\/noticias\/wp-json\/wp\/v2\/posts\/109832\/revisions"}],"predecessor-version":[{"id":225697,"href":"https:\/\/franciscanos.org.br\/noticias\/wp-json\/wp\/v2\/posts\/109832\/revisions\/225697"}],"wp:featuredmedia":[{"embeddable":true,"href":"https:\/\/franciscanos.org.br\/noticias\/wp-json\/wp\/v2\/media\/218752"}],"wp:attachment":[{"href":"https:\/\/franciscanos.org.br\/noticias\/wp-json\/wp\/v2\/media?parent=109832"}],"wp:term":[{"taxonomy":"category","embeddable":true,"href":"https:\/\/franciscanos.org.br\/noticias\/wp-json\/wp\/v2\/categories?post=109832"},{"taxonomy":"post_tag","embeddable":true,"href":"https:\/\/franciscanos.org.br\/noticias\/wp-json\/wp\/v2\/tags?post=109832"}],"curies":[{"name":"wp","href":"https:\/\/api.w.org\/{rel}","templated":true}]}}