{"id":109782,"date":"2016-05-23T15:52:19","date_gmt":"2016-05-23T18:52:19","guid":{"rendered":"http:\/\/franciscanos.org.br\/?p=109782"},"modified":"2020-03-27T11:50:24","modified_gmt":"2020-03-27T14:50:24","slug":"palavra-da-hora-um-novo-projeto-de-comunicacao","status":"publish","type":"post","link":"https:\/\/franciscanos.org.br\/noticias\/palavra-da-hora-um-novo-projeto-de-comunicacao.html","title":{"rendered":"Palavra da Hora: um novo projeto de comunica\u00e7\u00e3o"},"content":{"rendered":"<p><img loading=\"lazy\" src=\"http:\/\/franciscanos.org.br\/wp-content\/uploads\/2016\/05\/palavra_830.jpg\" alt=\"palavra_830\" width=\"830\" height=\"350\" \/><\/p>\n<p>Estreou nesta segunda-feira, dia 23 de maio, na TV Kefas, de Governador Valadares (MG) e na TV Sudoeste, de Pato Branco (PR), o programa Palavra da Hora. A iniciativa \u00e9 fruto de uma parceria entre a Prov\u00edncia Franciscana da Imaculada Concei\u00e7\u00e3o do Brasil e a TV Kefas. O objetivo \u00e9 que, a partir do conhecimento e da experi\u00eancia dos frades, se possa oferecer um material que leve o telespectador \u00e0 reflex\u00e3o em torno de temas variados. Na primeira s\u00e9rie, de 30 programas, Frei Almir Ribeiro Guimar\u00e3es, Doutor em Teologia Catequ\u00e9tica, aborda a quest\u00e3o da fam\u00edlia.<\/p>\n<p>Na TV Kefas, o programa, que tem dura\u00e7\u00e3o aproximada de dois minutos, \u00e9 exibido de hora em hora a partir das 9h, de segunda a sexta. Em Pato Branco, na TV Sudoeste, a atra\u00e7\u00e3o vai ao ar \u00e0s 8h e \u00e0s 13h15. A edi\u00e7\u00e3o e a montagem dos programas ficaram a cargo da TV Sudoeste. As grava\u00e7\u00f5es t\u00eam sido realizadas em diferentes est\u00fadios, de acordo com a op\u00e7\u00e3o mais pr\u00e1tica para os frades. Os pr\u00f3ximos programas ser\u00e3o gravados em Bragan\u00e7a Paulista, no est\u00fadio da USF, com a participa\u00e7\u00e3o dos frades que fazem parte da equipe da Universidade.<\/p>\n<p>Para o Diretor de Conte\u00fado da TV Kefas, M\u00e1rcio Farias, \u201co programa veio ao encontro do projeto do Instituto de Misison\u00e1rios Leigos e da TV Kefas de levar aos telespectadores mensagens com reflex\u00e3o e orienta\u00e7\u00e3o sobre temas do cotidiano. Assuntos que interessam a impactam a vida de todos. E esta parceria com os franciscanos foi uma provid\u00eancia que possibilitou realizar este momento em nossa programa\u00e7\u00e3o. O programa \u00e9 objetivo e ao mesmo tempo rico em conte\u00fado e espiritualidade. Ao exibirmos em 11 edi\u00e7\u00f5es di\u00e1rias alcan\u00e7amos todos os nossos telespectadores\u201d. Mostrando-se otimista com o projeto, Farias comenta as primeiras repercuss\u00f5es: \u201cJ\u00e1 no primeiro dia de exibi\u00e7\u00e3o recebemos in\u00fameras liga\u00e7\u00f5es e mensagens nas redes sociais vindas de pessoas que se encantaram com o Palavra da Hora\u201d, comemorou.<\/p>\n<p>Al\u00e9m de ir ar nas duas emissoras de TV, o conte\u00fado tamb\u00e9m ficar\u00e1 dispon\u00edvel pela internet, na WebTV Franciscanos (<a href=\"http:\/\/www.youtube.com\/tvfranciscanos\" target=\"_blank\" rel=\"noopener noreferrer\"><strong>www.youtube.com\/tvfranciscanos<\/strong><\/a>).<\/p>\n<p>Para assistir \u00e0s\u00a0primeiras\u00a0edi\u00e7\u00f5es do programa Palavra da Hora, clique nos links abaixo:<\/p>\n<p><iframe loading=\"lazy\" title=\"Palavra da Hora - O que se entende por fam\u00edlia\" width=\"500\" height=\"281\" src=\"https:\/\/www.youtube.com\/embed\/C9OQv_pGoSM?feature=oembed\" frameborder=\"0\" allow=\"accelerometer; autoplay; encrypted-media; gyroscope; picture-in-picture\" allowfullscreen><\/iframe><\/p>\n<p>&nbsp;<\/p>\n<p><iframe loading=\"lazy\" title=\"Palavra da Hora - Quando come\u00e7a a fam\u00edlia\" width=\"500\" height=\"281\" src=\"https:\/\/www.youtube.com\/embed\/eBHSTXGXobQ?feature=oembed\" frameborder=\"0\" allow=\"accelerometer; autoplay; encrypted-media; gyroscope; picture-in-picture\" allowfullscreen><\/iframe><\/p>\n","protected":false},"excerpt":{"rendered":"<p>WebTV<\/p>\n","protected":false},"author":1,"featured_media":222672,"comment_status":"open","ping_status":"open","sticky":false,"template":"","format":"standard","meta":[],"categories":[1],"tags":[257],"acf":[],"yoast_head":"<!-- This site is optimized with the Yoast SEO plugin v19.2 - https:\/\/yoast.com\/wordpress\/plugins\/seo\/ -->\n<title>Palavra da Hora: um novo projeto de comunica\u00e7\u00e3o - Not\u00edcias - Franciscanos<\/title>\n<meta name=\"robots\" content=\"index, follow, max-snippet:-1, max-image-preview:large, max-video-preview:-1\" \/>\n<link rel=\"canonical\" href=\"https:\/\/franciscanos.org.br\/noticias\/palavra-da-hora-um-novo-projeto-de-comunicacao.html\" \/>\n<meta property=\"og:locale\" content=\"pt_BR\" \/>\n<meta property=\"og:type\" content=\"article\" \/>\n<meta property=\"og:title\" content=\"Palavra da Hora: um novo projeto de comunica\u00e7\u00e3o - Not\u00edcias - Franciscanos\" \/>\n<meta property=\"og:description\" content=\"WebTV\" \/>\n<meta property=\"og:url\" content=\"https:\/\/franciscanos.org.br\/noticias\/palavra-da-hora-um-novo-projeto-de-comunicacao.html\" \/>\n<meta property=\"og:site_name\" content=\"Not\u00edcias - Franciscanos\" \/>\n<meta property=\"article:published_time\" content=\"2016-05-23T18:52:19+00:00\" \/>\n<meta property=\"article:modified_time\" content=\"2020-03-27T14:50:24+00:00\" \/>\n<meta property=\"og:image\" content=\"https:\/\/franciscanos.org.br\/noticias\/wp-content\/uploads\/2016\/05\/palavra_830.jpg\" \/>\n\t<meta property=\"og:image:width\" content=\"273\" \/>\n\t<meta property=\"og:image:height\" content=\"181\" \/>\n\t<meta property=\"og:image:type\" content=\"image\/jpeg\" \/>\n<meta name=\"author\" content=\"admin\" \/>\n<meta name=\"twitter:card\" content=\"summary_large_image\" \/>\n<meta name=\"twitter:label1\" content=\"Escrito por\" \/>\n\t<meta name=\"twitter:data1\" content=\"admin\" \/>\n\t<meta name=\"twitter:label2\" content=\"Est. tempo de leitura\" \/>\n\t<meta name=\"twitter:data2\" content=\"2 minutos\" \/>\n<script type=\"application\/ld+json\" class=\"yoast-schema-graph\">{\"@context\":\"https:\/\/schema.org\",\"@graph\":[{\"@type\":\"WebSite\",\"@id\":\"https:\/\/franciscanos.org.br\/noticias\/#website\",\"url\":\"https:\/\/franciscanos.org.br\/noticias\/\",\"name\":\"Not\u00edcias - Franciscanos\",\"description\":\"Prov\u00edncia Franciscana da Imaculada Concei\u00e7\u00e3o do Brasil - Ordem dos Frades Menores - OFM\",\"potentialAction\":[{\"@type\":\"SearchAction\",\"target\":{\"@type\":\"EntryPoint\",\"urlTemplate\":\"https:\/\/franciscanos.org.br\/noticias\/?s={search_term_string}\"},\"query-input\":\"required name=search_term_string\"}],\"inLanguage\":\"pt-BR\"},{\"@type\":\"ImageObject\",\"inLanguage\":\"pt-BR\",\"@id\":\"https:\/\/franciscanos.org.br\/noticias\/palavra-da-hora-um-novo-projeto-de-comunicacao.html#primaryimage\",\"url\":\"https:\/\/franciscanos.org.br\/noticias\/wp-content\/uploads\/2016\/05\/palavra_830.jpg\",\"contentUrl\":\"https:\/\/franciscanos.org.br\/noticias\/wp-content\/uploads\/2016\/05\/palavra_830.jpg\",\"width\":273,\"height\":181},{\"@type\":\"WebPage\",\"@id\":\"https:\/\/franciscanos.org.br\/noticias\/palavra-da-hora-um-novo-projeto-de-comunicacao.html#webpage\",\"url\":\"https:\/\/franciscanos.org.br\/noticias\/palavra-da-hora-um-novo-projeto-de-comunicacao.html\",\"name\":\"Palavra da Hora: um novo projeto de comunica\u00e7\u00e3o - Not\u00edcias - Franciscanos\",\"isPartOf\":{\"@id\":\"https:\/\/franciscanos.org.br\/noticias\/#website\"},\"primaryImageOfPage\":{\"@id\":\"https:\/\/franciscanos.org.br\/noticias\/palavra-da-hora-um-novo-projeto-de-comunicacao.html#primaryimage\"},\"datePublished\":\"2016-05-23T18:52:19+00:00\",\"dateModified\":\"2020-03-27T14:50:24+00:00\",\"author\":{\"@id\":\"https:\/\/franciscanos.org.br\/noticias\/#\/schema\/person\/b38fbf43118f02820bd932f2e4b14ad3\"},\"breadcrumb\":{\"@id\":\"https:\/\/franciscanos.org.br\/noticias\/palavra-da-hora-um-novo-projeto-de-comunicacao.html#breadcrumb\"},\"inLanguage\":\"pt-BR\",\"potentialAction\":[{\"@type\":\"ReadAction\",\"target\":[\"https:\/\/franciscanos.org.br\/noticias\/palavra-da-hora-um-novo-projeto-de-comunicacao.html\"]}]},{\"@type\":\"BreadcrumbList\",\"@id\":\"https:\/\/franciscanos.org.br\/noticias\/palavra-da-hora-um-novo-projeto-de-comunicacao.html#breadcrumb\",\"itemListElement\":[{\"@type\":\"ListItem\",\"position\":1,\"name\":\"Home\",\"item\":\"https:\/\/franciscanos.org.br\/noticias\"},{\"@type\":\"ListItem\",\"position\":2,\"name\":\"Palavra da Hora: um novo projeto de comunica\u00e7\u00e3o\"}]},{\"@type\":\"Person\",\"@id\":\"https:\/\/franciscanos.org.br\/noticias\/#\/schema\/person\/b38fbf43118f02820bd932f2e4b14ad3\",\"name\":\"admin\",\"image\":{\"@type\":\"ImageObject\",\"inLanguage\":\"pt-BR\",\"@id\":\"https:\/\/franciscanos.org.br\/noticias\/#\/schema\/person\/image\/\",\"url\":\"https:\/\/secure.gravatar.com\/avatar\/e8495742d34d0ba6448ea1c628263b3e?s=96&d=mm&r=g\",\"contentUrl\":\"https:\/\/secure.gravatar.com\/avatar\/e8495742d34d0ba6448ea1c628263b3e?s=96&d=mm&r=g\",\"caption\":\"admin\"},\"url\":\"https:\/\/franciscanos.org.br\/noticias\/author\/admin\"}]}<\/script>\n<!-- \/ Yoast SEO plugin. -->","yoast_head_json":{"title":"Palavra da Hora: um novo projeto de comunica\u00e7\u00e3o - Not\u00edcias - Franciscanos","robots":{"index":"index","follow":"follow","max-snippet":"max-snippet:-1","max-image-preview":"max-image-preview:large","max-video-preview":"max-video-preview:-1"},"canonical":"https:\/\/franciscanos.org.br\/noticias\/palavra-da-hora-um-novo-projeto-de-comunicacao.html","og_locale":"pt_BR","og_type":"article","og_title":"Palavra da Hora: um novo projeto de comunica\u00e7\u00e3o - Not\u00edcias - Franciscanos","og_description":"WebTV","og_url":"https:\/\/franciscanos.org.br\/noticias\/palavra-da-hora-um-novo-projeto-de-comunicacao.html","og_site_name":"Not\u00edcias - Franciscanos","article_published_time":"2016-05-23T18:52:19+00:00","article_modified_time":"2020-03-27T14:50:24+00:00","og_image":[{"width":273,"height":181,"url":"https:\/\/franciscanos.org.br\/noticias\/wp-content\/uploads\/2016\/05\/palavra_830.jpg","type":"image\/jpeg"}],"author":"admin","twitter_card":"summary_large_image","twitter_misc":{"Escrito por":"admin","Est. tempo de leitura":"2 minutos"},"schema":{"@context":"https:\/\/schema.org","@graph":[{"@type":"WebSite","@id":"https:\/\/franciscanos.org.br\/noticias\/#website","url":"https:\/\/franciscanos.org.br\/noticias\/","name":"Not\u00edcias - Franciscanos","description":"Prov\u00edncia Franciscana da Imaculada Concei\u00e7\u00e3o do Brasil - Ordem dos Frades Menores - OFM","potentialAction":[{"@type":"SearchAction","target":{"@type":"EntryPoint","urlTemplate":"https:\/\/franciscanos.org.br\/noticias\/?s={search_term_string}"},"query-input":"required name=search_term_string"}],"inLanguage":"pt-BR"},{"@type":"ImageObject","inLanguage":"pt-BR","@id":"https:\/\/franciscanos.org.br\/noticias\/palavra-da-hora-um-novo-projeto-de-comunicacao.html#primaryimage","url":"https:\/\/franciscanos.org.br\/noticias\/wp-content\/uploads\/2016\/05\/palavra_830.jpg","contentUrl":"https:\/\/franciscanos.org.br\/noticias\/wp-content\/uploads\/2016\/05\/palavra_830.jpg","width":273,"height":181},{"@type":"WebPage","@id":"https:\/\/franciscanos.org.br\/noticias\/palavra-da-hora-um-novo-projeto-de-comunicacao.html#webpage","url":"https:\/\/franciscanos.org.br\/noticias\/palavra-da-hora-um-novo-projeto-de-comunicacao.html","name":"Palavra da Hora: um novo projeto de comunica\u00e7\u00e3o - Not\u00edcias - Franciscanos","isPartOf":{"@id":"https:\/\/franciscanos.org.br\/noticias\/#website"},"primaryImageOfPage":{"@id":"https:\/\/franciscanos.org.br\/noticias\/palavra-da-hora-um-novo-projeto-de-comunicacao.html#primaryimage"},"datePublished":"2016-05-23T18:52:19+00:00","dateModified":"2020-03-27T14:50:24+00:00","author":{"@id":"https:\/\/franciscanos.org.br\/noticias\/#\/schema\/person\/b38fbf43118f02820bd932f2e4b14ad3"},"breadcrumb":{"@id":"https:\/\/franciscanos.org.br\/noticias\/palavra-da-hora-um-novo-projeto-de-comunicacao.html#breadcrumb"},"inLanguage":"pt-BR","potentialAction":[{"@type":"ReadAction","target":["https:\/\/franciscanos.org.br\/noticias\/palavra-da-hora-um-novo-projeto-de-comunicacao.html"]}]},{"@type":"BreadcrumbList","@id":"https:\/\/franciscanos.org.br\/noticias\/palavra-da-hora-um-novo-projeto-de-comunicacao.html#breadcrumb","itemListElement":[{"@type":"ListItem","position":1,"name":"Home","item":"https:\/\/franciscanos.org.br\/noticias"},{"@type":"ListItem","position":2,"name":"Palavra da Hora: um novo projeto de comunica\u00e7\u00e3o"}]},{"@type":"Person","@id":"https:\/\/franciscanos.org.br\/noticias\/#\/schema\/person\/b38fbf43118f02820bd932f2e4b14ad3","name":"admin","image":{"@type":"ImageObject","inLanguage":"pt-BR","@id":"https:\/\/franciscanos.org.br\/noticias\/#\/schema\/person\/image\/","url":"https:\/\/secure.gravatar.com\/avatar\/e8495742d34d0ba6448ea1c628263b3e?s=96&d=mm&r=g","contentUrl":"https:\/\/secure.gravatar.com\/avatar\/e8495742d34d0ba6448ea1c628263b3e?s=96&d=mm&r=g","caption":"admin"},"url":"https:\/\/franciscanos.org.br\/noticias\/author\/admin"}]}},"_links":{"self":[{"href":"https:\/\/franciscanos.org.br\/noticias\/wp-json\/wp\/v2\/posts\/109782"}],"collection":[{"href":"https:\/\/franciscanos.org.br\/noticias\/wp-json\/wp\/v2\/posts"}],"about":[{"href":"https:\/\/franciscanos.org.br\/noticias\/wp-json\/wp\/v2\/types\/post"}],"author":[{"embeddable":true,"href":"https:\/\/franciscanos.org.br\/noticias\/wp-json\/wp\/v2\/users\/1"}],"replies":[{"embeddable":true,"href":"https:\/\/franciscanos.org.br\/noticias\/wp-json\/wp\/v2\/comments?post=109782"}],"version-history":[{"count":1,"href":"https:\/\/franciscanos.org.br\/noticias\/wp-json\/wp\/v2\/posts\/109782\/revisions"}],"predecessor-version":[{"id":222673,"href":"https:\/\/franciscanos.org.br\/noticias\/wp-json\/wp\/v2\/posts\/109782\/revisions\/222673"}],"wp:featuredmedia":[{"embeddable":true,"href":"https:\/\/franciscanos.org.br\/noticias\/wp-json\/wp\/v2\/media\/222672"}],"wp:attachment":[{"href":"https:\/\/franciscanos.org.br\/noticias\/wp-json\/wp\/v2\/media?parent=109782"}],"wp:term":[{"taxonomy":"category","embeddable":true,"href":"https:\/\/franciscanos.org.br\/noticias\/wp-json\/wp\/v2\/categories?post=109782"},{"taxonomy":"post_tag","embeddable":true,"href":"https:\/\/franciscanos.org.br\/noticias\/wp-json\/wp\/v2\/tags?post=109782"}],"curies":[{"name":"wp","href":"https:\/\/api.w.org\/{rel}","templated":true}]}}