{"id":109765,"date":"2016-05-23T14:55:58","date_gmt":"2016-05-23T17:55:58","guid":{"rendered":"http:\/\/franciscanos.org.br\/?p=109765"},"modified":"2020-03-23T10:58:01","modified_gmt":"2020-03-23T13:58:01","slug":"frente-de-comunicacao-se-reune-na-sede-do-sefras","status":"publish","type":"post","link":"https:\/\/franciscanos.org.br\/noticias\/frente-de-comunicacao-se-reune-na-sede-do-sefras.html","title":{"rendered":"Frente da Comunica\u00e7\u00e3o se re\u00fane no Sefras"},"content":{"rendered":"<p><img loading=\"lazy\" src=\"http:\/\/franciscanos.org.br\/wp-content\/uploads\/2016\/05\/comunicacao.jpg\" alt=\"comunicacao\" width=\"820\" height=\"406\" \/><\/p>\n<p>Em sintonia com o apelo e as indica\u00e7\u00f5es do \u00faltimo Cap\u00edtulo Provincial, foi realizada, nesta segunda-feira, dia 23 de maio, na sede do Servi\u00e7o Franciscano de Solidariedade (Sefras), no bairro do Pari, o terceiro encontro do ano da Frente de Evangeliza\u00e7\u00e3o na Comunica\u00e7\u00e3o, envolvendo os diferentes servi\u00e7os da Prov\u00edncia Franciscana da Imaculada Concei\u00e7\u00e3o em S\u00e3o Paulo e regi\u00e3o, como o Sefras, Pr\u00f3-Voca\u00e7\u00f5es, Universidade S\u00e3o Francisco (Bragan\u00e7a Paulista), Associa\u00e7\u00e3o Bom Jesus (Curitiba), Sala Franciscana e Sede Provincial.<\/p>\n<p>O coordenador da Frente de Evangeliza\u00e7\u00e3o, Frei Gustavo Medella, acolheu a todos os participantes, especialmente Frei Vit\u00f3rio Mazzuco e Gilselene Carmona (USF) que participaram pela primeira vez, e deu continuidade \u00e0 reflex\u00e3o das diretrizes da Frente de Evangeliza\u00e7\u00e3o, que est\u00e3o no Plano de Evangeliza\u00e7\u00e3o da Prov\u00edncia, desta vez abordando os temas &#8220;por que queremos estar nos meios de comunica\u00e7\u00e3o&#8221; e &#8220;como queremos estar&#8221;. Segundo o Frei Gustavo, as diretrizes ajudam a buscar caminhos para a evangeliza\u00e7\u00e3o e, no contexto atual, \u00e9 quase consenso que a revolu\u00e7\u00e3o que se espera em rela\u00e7\u00e3o \u00e0 vida e \u00e0 miss\u00e3o da Igreja passa pelo vi\u00e9s da comunica\u00e7\u00e3o, especialmente no que diz respeito aos avan\u00e7os<br \/>\ntecnol\u00f3gicos. Segundo a coordenadora de Comunica\u00e7\u00e3o e Marketing do Bom Jesus, Mar\u00edlia Rogacheski, o desafio \u00e9 &#8220;como fazer a diferen\u00e7a&#8221; no mundo de hoje.<\/p>\n<p>Segundo Frei Medella, com zelo e profissionalismo, podemos buscar novos horizontes e tornar nosso servi\u00e7o evangelizador mais abrangente e com maior potencial de transforma\u00e7\u00e3o.<\/p>\n<p>Em seguida, Frei Medella abriu o debate para a escolha do tema do pr\u00f3ximo encontro, em \u00e2mbito provincial, marcado para 1 a 3 de agosto. &#8220;Comunica\u00e7\u00e3o e gest\u00e3o de crise&#8221; foi o tema escolhido tendo em vista a crise que enfrenta o pa\u00eds,<br \/>\nque, se por um lado tem provocado o despertar das pessoas, de outro tem levado a situa\u00e7\u00f5es de conflitos preocupantes.<\/p>\n<p>Cada servi\u00e7o tamb\u00e9m partilhou um pouco de suas a\u00e7\u00f5es e a pr\u00f3xima reuni\u00e3o do grupo ficou marcada para o dia 15 de junho, na Sede Provincial.<\/p>\n","protected":false},"excerpt":{"rendered":"<p>Comunica\u00e7\u00e3o<\/p>\n","protected":false},"author":1,"featured_media":222230,"comment_status":"open","ping_status":"open","sticky":false,"template":"","format":"standard","meta":[],"categories":[1],"tags":[],"acf":[],"yoast_head":"<!-- This site is optimized with the Yoast SEO plugin v19.2 - https:\/\/yoast.com\/wordpress\/plugins\/seo\/ -->\n<title>Frente da Comunica\u00e7\u00e3o se re\u00fane no Sefras - Not\u00edcias - Franciscanos<\/title>\n<meta name=\"robots\" content=\"index, follow, max-snippet:-1, max-image-preview:large, max-video-preview:-1\" \/>\n<link rel=\"canonical\" href=\"https:\/\/franciscanos.org.br\/noticias\/frente-de-comunicacao-se-reune-na-sede-do-sefras.html\" \/>\n<meta property=\"og:locale\" content=\"pt_BR\" \/>\n<meta property=\"og:type\" content=\"article\" \/>\n<meta property=\"og:title\" content=\"Frente da Comunica\u00e7\u00e3o se re\u00fane no Sefras - Not\u00edcias - Franciscanos\" \/>\n<meta property=\"og:description\" content=\"Comunica\u00e7\u00e3o\" \/>\n<meta property=\"og:url\" content=\"https:\/\/franciscanos.org.br\/noticias\/frente-de-comunicacao-se-reune-na-sede-do-sefras.html\" \/>\n<meta property=\"og:site_name\" content=\"Not\u00edcias - Franciscanos\" \/>\n<meta property=\"article:published_time\" content=\"2016-05-23T17:55:58+00:00\" \/>\n<meta property=\"article:modified_time\" content=\"2020-03-23T13:58:01+00:00\" \/>\n<meta property=\"og:image\" content=\"https:\/\/franciscanos.org.br\/noticias\/wp-content\/uploads\/2016\/05\/comunicacao.jpg\" \/>\n\t<meta property=\"og:image:width\" content=\"273\" \/>\n\t<meta property=\"og:image:height\" content=\"181\" \/>\n\t<meta property=\"og:image:type\" content=\"image\/jpeg\" \/>\n<meta name=\"author\" content=\"admin\" \/>\n<meta name=\"twitter:card\" content=\"summary_large_image\" \/>\n<meta name=\"twitter:label1\" content=\"Escrito por\" \/>\n\t<meta name=\"twitter:data1\" content=\"admin\" \/>\n\t<meta name=\"twitter:label2\" content=\"Est. tempo de leitura\" \/>\n\t<meta name=\"twitter:data2\" content=\"2 minutos\" \/>\n<script type=\"application\/ld+json\" class=\"yoast-schema-graph\">{\"@context\":\"https:\/\/schema.org\",\"@graph\":[{\"@type\":\"WebSite\",\"@id\":\"https:\/\/franciscanos.org.br\/noticias\/#website\",\"url\":\"https:\/\/franciscanos.org.br\/noticias\/\",\"name\":\"Not\u00edcias - Franciscanos\",\"description\":\"Prov\u00edncia Franciscana da Imaculada Concei\u00e7\u00e3o do Brasil - Ordem dos Frades Menores - OFM\",\"potentialAction\":[{\"@type\":\"SearchAction\",\"target\":{\"@type\":\"EntryPoint\",\"urlTemplate\":\"https:\/\/franciscanos.org.br\/noticias\/?s={search_term_string}\"},\"query-input\":\"required name=search_term_string\"}],\"inLanguage\":\"pt-BR\"},{\"@type\":\"ImageObject\",\"inLanguage\":\"pt-BR\",\"@id\":\"https:\/\/franciscanos.org.br\/noticias\/frente-de-comunicacao-se-reune-na-sede-do-sefras.html#primaryimage\",\"url\":\"https:\/\/franciscanos.org.br\/noticias\/wp-content\/uploads\/2016\/05\/comunicacao.jpg\",\"contentUrl\":\"https:\/\/franciscanos.org.br\/noticias\/wp-content\/uploads\/2016\/05\/comunicacao.jpg\",\"width\":273,\"height\":181},{\"@type\":\"WebPage\",\"@id\":\"https:\/\/franciscanos.org.br\/noticias\/frente-de-comunicacao-se-reune-na-sede-do-sefras.html#webpage\",\"url\":\"https:\/\/franciscanos.org.br\/noticias\/frente-de-comunicacao-se-reune-na-sede-do-sefras.html\",\"name\":\"Frente da Comunica\u00e7\u00e3o se re\u00fane no Sefras - Not\u00edcias - Franciscanos\",\"isPartOf\":{\"@id\":\"https:\/\/franciscanos.org.br\/noticias\/#website\"},\"primaryImageOfPage\":{\"@id\":\"https:\/\/franciscanos.org.br\/noticias\/frente-de-comunicacao-se-reune-na-sede-do-sefras.html#primaryimage\"},\"datePublished\":\"2016-05-23T17:55:58+00:00\",\"dateModified\":\"2020-03-23T13:58:01+00:00\",\"author\":{\"@id\":\"https:\/\/franciscanos.org.br\/noticias\/#\/schema\/person\/b38fbf43118f02820bd932f2e4b14ad3\"},\"breadcrumb\":{\"@id\":\"https:\/\/franciscanos.org.br\/noticias\/frente-de-comunicacao-se-reune-na-sede-do-sefras.html#breadcrumb\"},\"inLanguage\":\"pt-BR\",\"potentialAction\":[{\"@type\":\"ReadAction\",\"target\":[\"https:\/\/franciscanos.org.br\/noticias\/frente-de-comunicacao-se-reune-na-sede-do-sefras.html\"]}]},{\"@type\":\"BreadcrumbList\",\"@id\":\"https:\/\/franciscanos.org.br\/noticias\/frente-de-comunicacao-se-reune-na-sede-do-sefras.html#breadcrumb\",\"itemListElement\":[{\"@type\":\"ListItem\",\"position\":1,\"name\":\"Home\",\"item\":\"https:\/\/franciscanos.org.br\/noticias\"},{\"@type\":\"ListItem\",\"position\":2,\"name\":\"Frente da Comunica\u00e7\u00e3o se re\u00fane no Sefras\"}]},{\"@type\":\"Person\",\"@id\":\"https:\/\/franciscanos.org.br\/noticias\/#\/schema\/person\/b38fbf43118f02820bd932f2e4b14ad3\",\"name\":\"admin\",\"image\":{\"@type\":\"ImageObject\",\"inLanguage\":\"pt-BR\",\"@id\":\"https:\/\/franciscanos.org.br\/noticias\/#\/schema\/person\/image\/\",\"url\":\"https:\/\/secure.gravatar.com\/avatar\/e8495742d34d0ba6448ea1c628263b3e?s=96&d=mm&r=g\",\"contentUrl\":\"https:\/\/secure.gravatar.com\/avatar\/e8495742d34d0ba6448ea1c628263b3e?s=96&d=mm&r=g\",\"caption\":\"admin\"},\"url\":\"https:\/\/franciscanos.org.br\/noticias\/author\/admin\"}]}<\/script>\n<!-- \/ Yoast SEO plugin. -->","yoast_head_json":{"title":"Frente da Comunica\u00e7\u00e3o se re\u00fane no Sefras - Not\u00edcias - Franciscanos","robots":{"index":"index","follow":"follow","max-snippet":"max-snippet:-1","max-image-preview":"max-image-preview:large","max-video-preview":"max-video-preview:-1"},"canonical":"https:\/\/franciscanos.org.br\/noticias\/frente-de-comunicacao-se-reune-na-sede-do-sefras.html","og_locale":"pt_BR","og_type":"article","og_title":"Frente da Comunica\u00e7\u00e3o se re\u00fane no Sefras - Not\u00edcias - Franciscanos","og_description":"Comunica\u00e7\u00e3o","og_url":"https:\/\/franciscanos.org.br\/noticias\/frente-de-comunicacao-se-reune-na-sede-do-sefras.html","og_site_name":"Not\u00edcias - Franciscanos","article_published_time":"2016-05-23T17:55:58+00:00","article_modified_time":"2020-03-23T13:58:01+00:00","og_image":[{"width":273,"height":181,"url":"https:\/\/franciscanos.org.br\/noticias\/wp-content\/uploads\/2016\/05\/comunicacao.jpg","type":"image\/jpeg"}],"author":"admin","twitter_card":"summary_large_image","twitter_misc":{"Escrito por":"admin","Est. tempo de leitura":"2 minutos"},"schema":{"@context":"https:\/\/schema.org","@graph":[{"@type":"WebSite","@id":"https:\/\/franciscanos.org.br\/noticias\/#website","url":"https:\/\/franciscanos.org.br\/noticias\/","name":"Not\u00edcias - Franciscanos","description":"Prov\u00edncia Franciscana da Imaculada Concei\u00e7\u00e3o do Brasil - Ordem dos Frades Menores - OFM","potentialAction":[{"@type":"SearchAction","target":{"@type":"EntryPoint","urlTemplate":"https:\/\/franciscanos.org.br\/noticias\/?s={search_term_string}"},"query-input":"required name=search_term_string"}],"inLanguage":"pt-BR"},{"@type":"ImageObject","inLanguage":"pt-BR","@id":"https:\/\/franciscanos.org.br\/noticias\/frente-de-comunicacao-se-reune-na-sede-do-sefras.html#primaryimage","url":"https:\/\/franciscanos.org.br\/noticias\/wp-content\/uploads\/2016\/05\/comunicacao.jpg","contentUrl":"https:\/\/franciscanos.org.br\/noticias\/wp-content\/uploads\/2016\/05\/comunicacao.jpg","width":273,"height":181},{"@type":"WebPage","@id":"https:\/\/franciscanos.org.br\/noticias\/frente-de-comunicacao-se-reune-na-sede-do-sefras.html#webpage","url":"https:\/\/franciscanos.org.br\/noticias\/frente-de-comunicacao-se-reune-na-sede-do-sefras.html","name":"Frente da Comunica\u00e7\u00e3o se re\u00fane no Sefras - Not\u00edcias - Franciscanos","isPartOf":{"@id":"https:\/\/franciscanos.org.br\/noticias\/#website"},"primaryImageOfPage":{"@id":"https:\/\/franciscanos.org.br\/noticias\/frente-de-comunicacao-se-reune-na-sede-do-sefras.html#primaryimage"},"datePublished":"2016-05-23T17:55:58+00:00","dateModified":"2020-03-23T13:58:01+00:00","author":{"@id":"https:\/\/franciscanos.org.br\/noticias\/#\/schema\/person\/b38fbf43118f02820bd932f2e4b14ad3"},"breadcrumb":{"@id":"https:\/\/franciscanos.org.br\/noticias\/frente-de-comunicacao-se-reune-na-sede-do-sefras.html#breadcrumb"},"inLanguage":"pt-BR","potentialAction":[{"@type":"ReadAction","target":["https:\/\/franciscanos.org.br\/noticias\/frente-de-comunicacao-se-reune-na-sede-do-sefras.html"]}]},{"@type":"BreadcrumbList","@id":"https:\/\/franciscanos.org.br\/noticias\/frente-de-comunicacao-se-reune-na-sede-do-sefras.html#breadcrumb","itemListElement":[{"@type":"ListItem","position":1,"name":"Home","item":"https:\/\/franciscanos.org.br\/noticias"},{"@type":"ListItem","position":2,"name":"Frente da Comunica\u00e7\u00e3o se re\u00fane no Sefras"}]},{"@type":"Person","@id":"https:\/\/franciscanos.org.br\/noticias\/#\/schema\/person\/b38fbf43118f02820bd932f2e4b14ad3","name":"admin","image":{"@type":"ImageObject","inLanguage":"pt-BR","@id":"https:\/\/franciscanos.org.br\/noticias\/#\/schema\/person\/image\/","url":"https:\/\/secure.gravatar.com\/avatar\/e8495742d34d0ba6448ea1c628263b3e?s=96&d=mm&r=g","contentUrl":"https:\/\/secure.gravatar.com\/avatar\/e8495742d34d0ba6448ea1c628263b3e?s=96&d=mm&r=g","caption":"admin"},"url":"https:\/\/franciscanos.org.br\/noticias\/author\/admin"}]}},"_links":{"self":[{"href":"https:\/\/franciscanos.org.br\/noticias\/wp-json\/wp\/v2\/posts\/109765"}],"collection":[{"href":"https:\/\/franciscanos.org.br\/noticias\/wp-json\/wp\/v2\/posts"}],"about":[{"href":"https:\/\/franciscanos.org.br\/noticias\/wp-json\/wp\/v2\/types\/post"}],"author":[{"embeddable":true,"href":"https:\/\/franciscanos.org.br\/noticias\/wp-json\/wp\/v2\/users\/1"}],"replies":[{"embeddable":true,"href":"https:\/\/franciscanos.org.br\/noticias\/wp-json\/wp\/v2\/comments?post=109765"}],"version-history":[{"count":3,"href":"https:\/\/franciscanos.org.br\/noticias\/wp-json\/wp\/v2\/posts\/109765\/revisions"}],"predecessor-version":[{"id":222233,"href":"https:\/\/franciscanos.org.br\/noticias\/wp-json\/wp\/v2\/posts\/109765\/revisions\/222233"}],"wp:featuredmedia":[{"embeddable":true,"href":"https:\/\/franciscanos.org.br\/noticias\/wp-json\/wp\/v2\/media\/222230"}],"wp:attachment":[{"href":"https:\/\/franciscanos.org.br\/noticias\/wp-json\/wp\/v2\/media?parent=109765"}],"wp:term":[{"taxonomy":"category","embeddable":true,"href":"https:\/\/franciscanos.org.br\/noticias\/wp-json\/wp\/v2\/categories?post=109765"},{"taxonomy":"post_tag","embeddable":true,"href":"https:\/\/franciscanos.org.br\/noticias\/wp-json\/wp\/v2\/tags?post=109765"}],"curies":[{"name":"wp","href":"https:\/\/api.w.org\/{rel}","templated":true}]}}