{"id":109750,"date":"2016-05-23T14:01:21","date_gmt":"2016-05-23T17:01:21","guid":{"rendered":"http:\/\/franciscanos.org.br\/?p=109750"},"modified":"2020-03-27T11:39:49","modified_gmt":"2020-03-27T14:39:49","slug":"religiosos-e-leigos-participam-de-retiro-franciscano","status":"publish","type":"post","link":"https:\/\/franciscanos.org.br\/noticias\/religiosos-e-leigos-participam-de-retiro-franciscano.html","title":{"rendered":"Religiosos e leigos participam de Retiro Franciscano"},"content":{"rendered":"<p><img loading=\"lazy\" src=\"http:\/\/franciscanos.org.br\/wp-content\/uploads\/2016\/05\/destaque_retiro.jpg\" alt=\"destaque_retiro\" width=\"830\" height=\"350\" \/><\/p>\n<p>\u201cA vida necessita de pausas\u201d, j\u00e1 afirmava o poeta mineiro Carlos Drummond de Andrade. E foi com o desejo de fazer exatamente essa parada, recolher-se, interiorizar-se e descobrir a eloqu\u00eancia do sil\u00eancio que um grupo de 15 pessoas esteve reunido no Col\u00e9gio Santa Clara, casa das Irm\u00e3s Franciscanas de Ingolstadt, zona sul de S\u00e3o Paulo, entre os dias 20 e 22 de maio.<\/p>\n<p>A princ\u00edpio o retiro seria destinado somente para um pequeno grupo de jovens. No entanto, algumas fam\u00edlias, atra\u00eddas tamb\u00e9m pelo desejo de experimentarem mais da espiritualidade franciscana acabaram se aproximando e fizeram desse final de semana um verdadeiro encontro de gera\u00e7\u00f5es, voca\u00e7\u00f5es e diferentes experi\u00eancias de vida.<\/p>\n<p>Tendo como subs\u00eddio \u201cO Caminho que leva ao lugar do cora\u00e7\u00e3o: achegas para descobrir interioridade e sil\u00eancio na vida franciscana\u201d, o grupo de retirantes foi convocado e orientado por Frei Diego Atalino de Melo e Irm\u00e3 Isabel Simeoni, Franciscana de Ingolstadt, ambos do Servi\u00e7o de Anima\u00e7\u00e3o Vocacional de suas Prov\u00edncias.<\/p>\n<p>Para Sheila Pereira, que pela primeira vez aproximou-se de modo mais intenso da espiritualidade franciscana, a conclus\u00e3o foi a seguinte: \u201co cotidiano \u00e9 t\u00e3o tumultuado, que por vezes n\u00e3o temos a oportunidade de olhar no mais \u00edntimo do nosso eu. Este final de semana foi muito importante para eu me descobrir. Atrav\u00e9s do sil\u00eancio e das partilhas t\u00e3o significativas pude ir at\u00e9 os sentimentos mais profundos, que estavam adormecidos, mas que afloraram e tudo ent\u00e3o parece ter um sentido novo, um olhar mais profundo. Toda beleza observada, sentida e ouvida, a descoberta de uma nova f\u00f3rmula, o sil\u00eancio interior, deixar-se ouvir a voz do cora\u00e7\u00e3o sem a correria do dia-a-dia, foi uma nova luz para guiar minha caminhada&#8230; Uma nova vida ressurgindo\u201d.<\/p>\n<p>Assim, tendo como exemplo a figura de S\u00e3o Francisco de Assis, que se sentiu chamado a \u2018preparar dentro de si mesmo uma morada para o Senhor\u2019 (Rnb 22,24), o grupo retornou para suas realidades com o desejo de continuar o processo de reconstru\u00e7\u00e3o de sua pr\u00f3pria hist\u00f3ria, procurando conservar sempre o \u2018esp\u00edrito de ora\u00e7\u00e3o e devo\u00e7\u00e3o\u2019.<\/p>\n","protected":false},"excerpt":{"rendered":"<p>Servi\u00e7o de Anima\u00e7\u00e3o Vocacional<\/p>\n","protected":false},"author":1,"featured_media":222662,"comment_status":"open","ping_status":"open","sticky":false,"template":"","format":"standard","meta":[],"categories":[1],"tags":[],"acf":[],"yoast_head":"<!-- This site is optimized with the Yoast SEO plugin v19.2 - https:\/\/yoast.com\/wordpress\/plugins\/seo\/ -->\n<title>Religiosos e leigos participam de Retiro Franciscano - Not\u00edcias - Franciscanos<\/title>\n<meta name=\"robots\" content=\"index, follow, max-snippet:-1, max-image-preview:large, max-video-preview:-1\" \/>\n<link rel=\"canonical\" href=\"https:\/\/franciscanos.org.br\/noticias\/religiosos-e-leigos-participam-de-retiro-franciscano.html\" \/>\n<meta property=\"og:locale\" content=\"pt_BR\" \/>\n<meta property=\"og:type\" content=\"article\" \/>\n<meta property=\"og:title\" content=\"Religiosos e leigos participam de Retiro Franciscano - Not\u00edcias - Franciscanos\" \/>\n<meta property=\"og:description\" content=\"Servi\u00e7o de Anima\u00e7\u00e3o Vocacional\" \/>\n<meta property=\"og:url\" content=\"https:\/\/franciscanos.org.br\/noticias\/religiosos-e-leigos-participam-de-retiro-franciscano.html\" \/>\n<meta property=\"og:site_name\" content=\"Not\u00edcias - Franciscanos\" \/>\n<meta property=\"article:published_time\" content=\"2016-05-23T17:01:21+00:00\" \/>\n<meta property=\"article:modified_time\" content=\"2020-03-27T14:39:49+00:00\" \/>\n<meta property=\"og:image\" content=\"https:\/\/franciscanos.org.br\/noticias\/wp-content\/uploads\/2016\/05\/destaque_retiro.jpg\" \/>\n\t<meta property=\"og:image:width\" content=\"273\" \/>\n\t<meta property=\"og:image:height\" content=\"181\" \/>\n\t<meta property=\"og:image:type\" content=\"image\/jpeg\" \/>\n<meta name=\"author\" content=\"admin\" \/>\n<meta name=\"twitter:card\" content=\"summary_large_image\" \/>\n<meta name=\"twitter:label1\" content=\"Escrito por\" \/>\n\t<meta name=\"twitter:data1\" content=\"admin\" \/>\n\t<meta name=\"twitter:label2\" content=\"Est. tempo de leitura\" \/>\n\t<meta name=\"twitter:data2\" content=\"2 minutos\" \/>\n<script type=\"application\/ld+json\" class=\"yoast-schema-graph\">{\"@context\":\"https:\/\/schema.org\",\"@graph\":[{\"@type\":\"WebSite\",\"@id\":\"https:\/\/franciscanos.org.br\/noticias\/#website\",\"url\":\"https:\/\/franciscanos.org.br\/noticias\/\",\"name\":\"Not\u00edcias - Franciscanos\",\"description\":\"Prov\u00edncia Franciscana da Imaculada Concei\u00e7\u00e3o do Brasil - Ordem dos Frades Menores - OFM\",\"potentialAction\":[{\"@type\":\"SearchAction\",\"target\":{\"@type\":\"EntryPoint\",\"urlTemplate\":\"https:\/\/franciscanos.org.br\/noticias\/?s={search_term_string}\"},\"query-input\":\"required name=search_term_string\"}],\"inLanguage\":\"pt-BR\"},{\"@type\":\"ImageObject\",\"inLanguage\":\"pt-BR\",\"@id\":\"https:\/\/franciscanos.org.br\/noticias\/religiosos-e-leigos-participam-de-retiro-franciscano.html#primaryimage\",\"url\":\"https:\/\/franciscanos.org.br\/noticias\/wp-content\/uploads\/2016\/05\/destaque_retiro.jpg\",\"contentUrl\":\"https:\/\/franciscanos.org.br\/noticias\/wp-content\/uploads\/2016\/05\/destaque_retiro.jpg\",\"width\":273,\"height\":181},{\"@type\":\"WebPage\",\"@id\":\"https:\/\/franciscanos.org.br\/noticias\/religiosos-e-leigos-participam-de-retiro-franciscano.html#webpage\",\"url\":\"https:\/\/franciscanos.org.br\/noticias\/religiosos-e-leigos-participam-de-retiro-franciscano.html\",\"name\":\"Religiosos e leigos participam de Retiro Franciscano - Not\u00edcias - Franciscanos\",\"isPartOf\":{\"@id\":\"https:\/\/franciscanos.org.br\/noticias\/#website\"},\"primaryImageOfPage\":{\"@id\":\"https:\/\/franciscanos.org.br\/noticias\/religiosos-e-leigos-participam-de-retiro-franciscano.html#primaryimage\"},\"datePublished\":\"2016-05-23T17:01:21+00:00\",\"dateModified\":\"2020-03-27T14:39:49+00:00\",\"author\":{\"@id\":\"https:\/\/franciscanos.org.br\/noticias\/#\/schema\/person\/b38fbf43118f02820bd932f2e4b14ad3\"},\"breadcrumb\":{\"@id\":\"https:\/\/franciscanos.org.br\/noticias\/religiosos-e-leigos-participam-de-retiro-franciscano.html#breadcrumb\"},\"inLanguage\":\"pt-BR\",\"potentialAction\":[{\"@type\":\"ReadAction\",\"target\":[\"https:\/\/franciscanos.org.br\/noticias\/religiosos-e-leigos-participam-de-retiro-franciscano.html\"]}]},{\"@type\":\"BreadcrumbList\",\"@id\":\"https:\/\/franciscanos.org.br\/noticias\/religiosos-e-leigos-participam-de-retiro-franciscano.html#breadcrumb\",\"itemListElement\":[{\"@type\":\"ListItem\",\"position\":1,\"name\":\"Home\",\"item\":\"https:\/\/franciscanos.org.br\/noticias\"},{\"@type\":\"ListItem\",\"position\":2,\"name\":\"Religiosos e leigos participam de Retiro Franciscano\"}]},{\"@type\":\"Person\",\"@id\":\"https:\/\/franciscanos.org.br\/noticias\/#\/schema\/person\/b38fbf43118f02820bd932f2e4b14ad3\",\"name\":\"admin\",\"image\":{\"@type\":\"ImageObject\",\"inLanguage\":\"pt-BR\",\"@id\":\"https:\/\/franciscanos.org.br\/noticias\/#\/schema\/person\/image\/\",\"url\":\"https:\/\/secure.gravatar.com\/avatar\/e8495742d34d0ba6448ea1c628263b3e?s=96&d=mm&r=g\",\"contentUrl\":\"https:\/\/secure.gravatar.com\/avatar\/e8495742d34d0ba6448ea1c628263b3e?s=96&d=mm&r=g\",\"caption\":\"admin\"},\"url\":\"https:\/\/franciscanos.org.br\/noticias\/author\/admin\"}]}<\/script>\n<!-- \/ Yoast SEO plugin. -->","yoast_head_json":{"title":"Religiosos e leigos participam de Retiro Franciscano - Not\u00edcias - Franciscanos","robots":{"index":"index","follow":"follow","max-snippet":"max-snippet:-1","max-image-preview":"max-image-preview:large","max-video-preview":"max-video-preview:-1"},"canonical":"https:\/\/franciscanos.org.br\/noticias\/religiosos-e-leigos-participam-de-retiro-franciscano.html","og_locale":"pt_BR","og_type":"article","og_title":"Religiosos e leigos participam de Retiro Franciscano - Not\u00edcias - Franciscanos","og_description":"Servi\u00e7o de Anima\u00e7\u00e3o Vocacional","og_url":"https:\/\/franciscanos.org.br\/noticias\/religiosos-e-leigos-participam-de-retiro-franciscano.html","og_site_name":"Not\u00edcias - Franciscanos","article_published_time":"2016-05-23T17:01:21+00:00","article_modified_time":"2020-03-27T14:39:49+00:00","og_image":[{"width":273,"height":181,"url":"https:\/\/franciscanos.org.br\/noticias\/wp-content\/uploads\/2016\/05\/destaque_retiro.jpg","type":"image\/jpeg"}],"author":"admin","twitter_card":"summary_large_image","twitter_misc":{"Escrito por":"admin","Est. tempo de leitura":"2 minutos"},"schema":{"@context":"https:\/\/schema.org","@graph":[{"@type":"WebSite","@id":"https:\/\/franciscanos.org.br\/noticias\/#website","url":"https:\/\/franciscanos.org.br\/noticias\/","name":"Not\u00edcias - Franciscanos","description":"Prov\u00edncia Franciscana da Imaculada Concei\u00e7\u00e3o do Brasil - Ordem dos Frades Menores - OFM","potentialAction":[{"@type":"SearchAction","target":{"@type":"EntryPoint","urlTemplate":"https:\/\/franciscanos.org.br\/noticias\/?s={search_term_string}"},"query-input":"required name=search_term_string"}],"inLanguage":"pt-BR"},{"@type":"ImageObject","inLanguage":"pt-BR","@id":"https:\/\/franciscanos.org.br\/noticias\/religiosos-e-leigos-participam-de-retiro-franciscano.html#primaryimage","url":"https:\/\/franciscanos.org.br\/noticias\/wp-content\/uploads\/2016\/05\/destaque_retiro.jpg","contentUrl":"https:\/\/franciscanos.org.br\/noticias\/wp-content\/uploads\/2016\/05\/destaque_retiro.jpg","width":273,"height":181},{"@type":"WebPage","@id":"https:\/\/franciscanos.org.br\/noticias\/religiosos-e-leigos-participam-de-retiro-franciscano.html#webpage","url":"https:\/\/franciscanos.org.br\/noticias\/religiosos-e-leigos-participam-de-retiro-franciscano.html","name":"Religiosos e leigos participam de Retiro Franciscano - Not\u00edcias - Franciscanos","isPartOf":{"@id":"https:\/\/franciscanos.org.br\/noticias\/#website"},"primaryImageOfPage":{"@id":"https:\/\/franciscanos.org.br\/noticias\/religiosos-e-leigos-participam-de-retiro-franciscano.html#primaryimage"},"datePublished":"2016-05-23T17:01:21+00:00","dateModified":"2020-03-27T14:39:49+00:00","author":{"@id":"https:\/\/franciscanos.org.br\/noticias\/#\/schema\/person\/b38fbf43118f02820bd932f2e4b14ad3"},"breadcrumb":{"@id":"https:\/\/franciscanos.org.br\/noticias\/religiosos-e-leigos-participam-de-retiro-franciscano.html#breadcrumb"},"inLanguage":"pt-BR","potentialAction":[{"@type":"ReadAction","target":["https:\/\/franciscanos.org.br\/noticias\/religiosos-e-leigos-participam-de-retiro-franciscano.html"]}]},{"@type":"BreadcrumbList","@id":"https:\/\/franciscanos.org.br\/noticias\/religiosos-e-leigos-participam-de-retiro-franciscano.html#breadcrumb","itemListElement":[{"@type":"ListItem","position":1,"name":"Home","item":"https:\/\/franciscanos.org.br\/noticias"},{"@type":"ListItem","position":2,"name":"Religiosos e leigos participam de Retiro Franciscano"}]},{"@type":"Person","@id":"https:\/\/franciscanos.org.br\/noticias\/#\/schema\/person\/b38fbf43118f02820bd932f2e4b14ad3","name":"admin","image":{"@type":"ImageObject","inLanguage":"pt-BR","@id":"https:\/\/franciscanos.org.br\/noticias\/#\/schema\/person\/image\/","url":"https:\/\/secure.gravatar.com\/avatar\/e8495742d34d0ba6448ea1c628263b3e?s=96&d=mm&r=g","contentUrl":"https:\/\/secure.gravatar.com\/avatar\/e8495742d34d0ba6448ea1c628263b3e?s=96&d=mm&r=g","caption":"admin"},"url":"https:\/\/franciscanos.org.br\/noticias\/author\/admin"}]}},"_links":{"self":[{"href":"https:\/\/franciscanos.org.br\/noticias\/wp-json\/wp\/v2\/posts\/109750"}],"collection":[{"href":"https:\/\/franciscanos.org.br\/noticias\/wp-json\/wp\/v2\/posts"}],"about":[{"href":"https:\/\/franciscanos.org.br\/noticias\/wp-json\/wp\/v2\/types\/post"}],"author":[{"embeddable":true,"href":"https:\/\/franciscanos.org.br\/noticias\/wp-json\/wp\/v2\/users\/1"}],"replies":[{"embeddable":true,"href":"https:\/\/franciscanos.org.br\/noticias\/wp-json\/wp\/v2\/comments?post=109750"}],"version-history":[{"count":1,"href":"https:\/\/franciscanos.org.br\/noticias\/wp-json\/wp\/v2\/posts\/109750\/revisions"}],"predecessor-version":[{"id":222663,"href":"https:\/\/franciscanos.org.br\/noticias\/wp-json\/wp\/v2\/posts\/109750\/revisions\/222663"}],"wp:featuredmedia":[{"embeddable":true,"href":"https:\/\/franciscanos.org.br\/noticias\/wp-json\/wp\/v2\/media\/222662"}],"wp:attachment":[{"href":"https:\/\/franciscanos.org.br\/noticias\/wp-json\/wp\/v2\/media?parent=109750"}],"wp:term":[{"taxonomy":"category","embeddable":true,"href":"https:\/\/franciscanos.org.br\/noticias\/wp-json\/wp\/v2\/categories?post=109750"},{"taxonomy":"post_tag","embeddable":true,"href":"https:\/\/franciscanos.org.br\/noticias\/wp-json\/wp\/v2\/tags?post=109750"}],"curies":[{"name":"wp","href":"https:\/\/api.w.org\/{rel}","templated":true}]}}