{"id":109384,"date":"2016-05-17T10:31:07","date_gmt":"2016-05-17T13:31:07","guid":{"rendered":"http:\/\/franciscanos.org.br\/?p=109384"},"modified":"2020-06-09T17:26:01","modified_gmt":"2020-06-09T20:26:01","slug":"francisco-dinheiro-e-poder-sujam-a-igreja","status":"publish","type":"post","link":"https:\/\/franciscanos.org.br\/noticias\/francisco-dinheiro-e-poder-sujam-a-igreja.html","title":{"rendered":"Papa Francisco: dinheiro e poder sujam a Igreja"},"content":{"rendered":"<p><img loading=\"lazy\" src=\"http:\/\/franciscanos.org.br\/wp-content\/uploads\/2016\/05\/papa_17.jpg\" alt=\"papa_17\" width=\"820\" height=\"413\" \/><\/p>\n<p><strong>Cidade do Vaticano<\/strong> \u2013 O caminho que Jesus indica \u00e9 o servi\u00e7o, mas com frequ\u00eancia na Igreja se buscam poder, dinheiro e vaidade. Esta foi a advert\u00eancia que o Papa Francisco fez na homilia da Missa celebrada na manh\u00e3 de ter\u00e7a-feira, (17\/05), na capela da Casa Santa Marta.<\/p>\n<p>Francisco se inspirou no trecho do Evangelho do dia, em que Jesus ensina a seus disc\u00edpulos o caminho do servi\u00e7o, mas eles se perguntam quem era o maior entre eles. Para o Papa, essas tenta\u00e7\u00f5es mundanas comprometem tamb\u00e9m hoje o testemunho da Igreja. \u201cJesus \u2013 observou o Papa \u2013 fala uma linguagem de humilha\u00e7\u00e3o, de morte e de reden\u00e7\u00e3o e eles falam uma linguagem de escaladores: quem ir\u00e1 mais alto no poder?\u201d.<\/p>\n<p>\u201cNo caminho que Jesus nos indica, o servi\u00e7o \u00e9 a regra. O maior \u00e9 aquele que serve mais, quem est\u00e1 mais a servi\u00e7o dos outros, e n\u00e3o aquele que se vangloria, que busca o poder, o dinheiro&#8230; a vaidade, o orgulho\u2026 N\u00e3o, esses n\u00e3o s\u00e3o os maiores. E o que aconteceu aqui com os ap\u00f3stolos, inclusive com a m\u00e3e de Jo\u00e3o e Tiago, \u00e9 uma hist\u00f3ria que acontece todos os dias na Igreja, em toda comunidade. \u2018Mas entre n\u00f3s, quem \u00e9 o maior? Quem comanda?\u2019 As ambi\u00e7\u00f5es. Em toda comunidade \u2013 nas par\u00f3quias ou nas institui\u00e7\u00f5es \u2013 sempre existe esta vontade de galgar, de ter poder&#8221;.<\/p>\n<p>Tamb\u00e9m na Primeira Leitura, que prop\u00f5e o trecho da Carta de S\u00e3o Tiago, se adverte para as paix\u00f5es pelo poder, para as invejas e os ci\u00fames que destroem o outro\u201d.<\/p>\n<p>Esta tamb\u00e9m \u00e9 a mensagem de hoje para a Igreja, disse Francisco. O mundo fala de quem tem mais poder para comandar, enquanto Jesus afirma que veio ao mundo \u201cpara servir\u201d, n\u00e3o \u201cpara ser servido\u201d:\u00a0\u201cA vaidade, o poder\u2026 Como e quando tenho esta vontade mundana de estar com o poder, n\u00e3o de servir, mas de ser servido, n\u00e3o se poupam os meios para conquist\u00e1-lo: as fofocas, sujar os outros\u2026 A inveja e os ci\u00fames fazem este caminho e destroem. E isso n\u00f3s o sabemos, todos. Isso acontece hoje em toda institui\u00e7\u00e3o da Igreja: par\u00f3quias, col\u00e9gios, outras institui\u00e7\u00f5es, tamb\u00e9m nos episcopados&#8230;todos. A vontade do esp\u00edrito do mundo, que \u00e9 esp\u00edrito de riqueza, vaidade e orgulho\u201d.<br \/>\n\u201cDois modos de falar\u201d, constatou Francisco: Jesus ensina o servi\u00e7o e os disc\u00edpulos discutem sobre quem \u00e9 o maior entre eles. \u201cJesus \u2013 reiterou o Papa \u2013 veio para servir e nos ensinou o caminho na vida crist\u00e3: o servi\u00e7o e a humildade\u201d.<\/p>\n<p>\u201cQuando os grandes santos diziam que se sentiam muito pecadores, \u00e9 porque tinham entendido este esp\u00edrito do mundo que estava dentro deles, e tinham tantas tenta\u00e7\u00f5es mundanas\u201d, explicou o Papa. \u201cNenhum de n\u00f3s pode dizer: n\u00e3o, eu sou uma pessoa santa, limpa\u201d:\u00a0\u201cTodos n\u00f3s somos tentados por essas coisas, somos tentados a destruir o outro para subir mais. \u00c9 uma tenta\u00e7\u00e3o mundana, mas que divide e destr\u00f3i a Igreja, n\u00e3o \u00e9 o Esp\u00edrito de Jesus. \u00c9 belo, imaginemos a cena: Jesus que diz essas palavras e os disc\u00edpulos que dizem \u2018n\u00e3o, melhor n\u00e3o perguntar muito, vamos avante\u2019, e os disc\u00edpulos que preferem discutir entre si qual deles ser\u00e1 o maior. Nos far\u00e1 bem pensar nas muitas vezes que n\u00f3s vimos isso na Igreja e nas muitas vezes que n\u00f3s fizemos isso, e pedir ao Senhor que nos ilumine, para entender que o amor pelo mundo, isto \u00e9, por este esp\u00edrito mundano, \u00e9 inimigo de Deus\u201d.<\/p>\n<hr \/>\n<p><em>Fonte: R\u00e1dio Vaticano<\/em><\/p>\n","protected":false},"excerpt":{"rendered":"<p>Missa em Santa Marta<\/p>\n","protected":false},"author":1,"featured_media":211540,"comment_status":"open","ping_status":"open","sticky":false,"template":"","format":"standard","meta":[],"categories":[1428],"tags":[1586],"acf":[],"yoast_head":"<!-- This site is optimized with the Yoast SEO plugin v19.2 - https:\/\/yoast.com\/wordpress\/plugins\/seo\/ -->\n<title>Papa Francisco: dinheiro e poder sujam a Igreja - Not\u00edcias - Franciscanos<\/title>\n<meta name=\"robots\" content=\"index, follow, max-snippet:-1, max-image-preview:large, max-video-preview:-1\" \/>\n<link rel=\"canonical\" href=\"https:\/\/franciscanos.org.br\/noticias\/francisco-dinheiro-e-poder-sujam-a-igreja.html\" \/>\n<meta property=\"og:locale\" content=\"pt_BR\" \/>\n<meta property=\"og:type\" content=\"article\" \/>\n<meta property=\"og:title\" content=\"Papa Francisco: dinheiro e poder sujam a Igreja - Not\u00edcias - Franciscanos\" \/>\n<meta property=\"og:description\" content=\"Missa em Santa Marta\" \/>\n<meta property=\"og:url\" content=\"https:\/\/franciscanos.org.br\/noticias\/francisco-dinheiro-e-poder-sujam-a-igreja.html\" \/>\n<meta property=\"og:site_name\" content=\"Not\u00edcias - Franciscanos\" \/>\n<meta property=\"article:published_time\" content=\"2016-05-17T13:31:07+00:00\" \/>\n<meta property=\"article:modified_time\" content=\"2020-06-09T20:26:01+00:00\" \/>\n<meta property=\"og:image\" content=\"https:\/\/franciscanos.org.br\/noticias\/wp-content\/uploads\/2016\/05\/papa_17-1.jpg\" \/>\n\t<meta property=\"og:image:width\" content=\"273\" \/>\n\t<meta property=\"og:image:height\" content=\"181\" \/>\n\t<meta property=\"og:image:type\" content=\"image\/jpeg\" \/>\n<meta name=\"author\" content=\"admin\" \/>\n<meta name=\"twitter:card\" content=\"summary_large_image\" \/>\n<meta name=\"twitter:label1\" content=\"Escrito por\" \/>\n\t<meta name=\"twitter:data1\" content=\"admin\" \/>\n\t<meta name=\"twitter:label2\" content=\"Est. tempo de leitura\" \/>\n\t<meta name=\"twitter:data2\" content=\"3 minutos\" \/>\n<script type=\"application\/ld+json\" class=\"yoast-schema-graph\">{\"@context\":\"https:\/\/schema.org\",\"@graph\":[{\"@type\":\"WebSite\",\"@id\":\"https:\/\/franciscanos.org.br\/noticias\/#website\",\"url\":\"https:\/\/franciscanos.org.br\/noticias\/\",\"name\":\"Not\u00edcias - Franciscanos\",\"description\":\"Prov\u00edncia Franciscana da Imaculada Concei\u00e7\u00e3o do Brasil - Ordem dos Frades Menores - OFM\",\"potentialAction\":[{\"@type\":\"SearchAction\",\"target\":{\"@type\":\"EntryPoint\",\"urlTemplate\":\"https:\/\/franciscanos.org.br\/noticias\/?s={search_term_string}\"},\"query-input\":\"required name=search_term_string\"}],\"inLanguage\":\"pt-BR\"},{\"@type\":\"ImageObject\",\"inLanguage\":\"pt-BR\",\"@id\":\"https:\/\/franciscanos.org.br\/noticias\/francisco-dinheiro-e-poder-sujam-a-igreja.html#primaryimage\",\"url\":\"https:\/\/franciscanos.org.br\/noticias\/wp-content\/uploads\/2016\/05\/papa_17-1.jpg\",\"contentUrl\":\"https:\/\/franciscanos.org.br\/noticias\/wp-content\/uploads\/2016\/05\/papa_17-1.jpg\",\"width\":273,\"height\":181},{\"@type\":\"WebPage\",\"@id\":\"https:\/\/franciscanos.org.br\/noticias\/francisco-dinheiro-e-poder-sujam-a-igreja.html#webpage\",\"url\":\"https:\/\/franciscanos.org.br\/noticias\/francisco-dinheiro-e-poder-sujam-a-igreja.html\",\"name\":\"Papa Francisco: dinheiro e poder sujam a Igreja - Not\u00edcias - Franciscanos\",\"isPartOf\":{\"@id\":\"https:\/\/franciscanos.org.br\/noticias\/#website\"},\"primaryImageOfPage\":{\"@id\":\"https:\/\/franciscanos.org.br\/noticias\/francisco-dinheiro-e-poder-sujam-a-igreja.html#primaryimage\"},\"datePublished\":\"2016-05-17T13:31:07+00:00\",\"dateModified\":\"2020-06-09T20:26:01+00:00\",\"author\":{\"@id\":\"https:\/\/franciscanos.org.br\/noticias\/#\/schema\/person\/b38fbf43118f02820bd932f2e4b14ad3\"},\"breadcrumb\":{\"@id\":\"https:\/\/franciscanos.org.br\/noticias\/francisco-dinheiro-e-poder-sujam-a-igreja.html#breadcrumb\"},\"inLanguage\":\"pt-BR\",\"potentialAction\":[{\"@type\":\"ReadAction\",\"target\":[\"https:\/\/franciscanos.org.br\/noticias\/francisco-dinheiro-e-poder-sujam-a-igreja.html\"]}]},{\"@type\":\"BreadcrumbList\",\"@id\":\"https:\/\/franciscanos.org.br\/noticias\/francisco-dinheiro-e-poder-sujam-a-igreja.html#breadcrumb\",\"itemListElement\":[{\"@type\":\"ListItem\",\"position\":1,\"name\":\"Home\",\"item\":\"https:\/\/franciscanos.org.br\/noticias\"},{\"@type\":\"ListItem\",\"position\":2,\"name\":\"Papa Francisco: dinheiro e poder sujam a Igreja\"}]},{\"@type\":\"Person\",\"@id\":\"https:\/\/franciscanos.org.br\/noticias\/#\/schema\/person\/b38fbf43118f02820bd932f2e4b14ad3\",\"name\":\"admin\",\"image\":{\"@type\":\"ImageObject\",\"inLanguage\":\"pt-BR\",\"@id\":\"https:\/\/franciscanos.org.br\/noticias\/#\/schema\/person\/image\/\",\"url\":\"https:\/\/secure.gravatar.com\/avatar\/e8495742d34d0ba6448ea1c628263b3e?s=96&d=mm&r=g\",\"contentUrl\":\"https:\/\/secure.gravatar.com\/avatar\/e8495742d34d0ba6448ea1c628263b3e?s=96&d=mm&r=g\",\"caption\":\"admin\"},\"url\":\"https:\/\/franciscanos.org.br\/noticias\/author\/admin\"}]}<\/script>\n<!-- \/ Yoast SEO plugin. -->","yoast_head_json":{"title":"Papa Francisco: dinheiro e poder sujam a Igreja - Not\u00edcias - Franciscanos","robots":{"index":"index","follow":"follow","max-snippet":"max-snippet:-1","max-image-preview":"max-image-preview:large","max-video-preview":"max-video-preview:-1"},"canonical":"https:\/\/franciscanos.org.br\/noticias\/francisco-dinheiro-e-poder-sujam-a-igreja.html","og_locale":"pt_BR","og_type":"article","og_title":"Papa Francisco: dinheiro e poder sujam a Igreja - Not\u00edcias - Franciscanos","og_description":"Missa em Santa Marta","og_url":"https:\/\/franciscanos.org.br\/noticias\/francisco-dinheiro-e-poder-sujam-a-igreja.html","og_site_name":"Not\u00edcias - Franciscanos","article_published_time":"2016-05-17T13:31:07+00:00","article_modified_time":"2020-06-09T20:26:01+00:00","og_image":[{"width":273,"height":181,"url":"https:\/\/franciscanos.org.br\/noticias\/wp-content\/uploads\/2016\/05\/papa_17-1.jpg","type":"image\/jpeg"}],"author":"admin","twitter_card":"summary_large_image","twitter_misc":{"Escrito por":"admin","Est. tempo de leitura":"3 minutos"},"schema":{"@context":"https:\/\/schema.org","@graph":[{"@type":"WebSite","@id":"https:\/\/franciscanos.org.br\/noticias\/#website","url":"https:\/\/franciscanos.org.br\/noticias\/","name":"Not\u00edcias - Franciscanos","description":"Prov\u00edncia Franciscana da Imaculada Concei\u00e7\u00e3o do Brasil - Ordem dos Frades Menores - OFM","potentialAction":[{"@type":"SearchAction","target":{"@type":"EntryPoint","urlTemplate":"https:\/\/franciscanos.org.br\/noticias\/?s={search_term_string}"},"query-input":"required name=search_term_string"}],"inLanguage":"pt-BR"},{"@type":"ImageObject","inLanguage":"pt-BR","@id":"https:\/\/franciscanos.org.br\/noticias\/francisco-dinheiro-e-poder-sujam-a-igreja.html#primaryimage","url":"https:\/\/franciscanos.org.br\/noticias\/wp-content\/uploads\/2016\/05\/papa_17-1.jpg","contentUrl":"https:\/\/franciscanos.org.br\/noticias\/wp-content\/uploads\/2016\/05\/papa_17-1.jpg","width":273,"height":181},{"@type":"WebPage","@id":"https:\/\/franciscanos.org.br\/noticias\/francisco-dinheiro-e-poder-sujam-a-igreja.html#webpage","url":"https:\/\/franciscanos.org.br\/noticias\/francisco-dinheiro-e-poder-sujam-a-igreja.html","name":"Papa Francisco: dinheiro e poder sujam a Igreja - Not\u00edcias - Franciscanos","isPartOf":{"@id":"https:\/\/franciscanos.org.br\/noticias\/#website"},"primaryImageOfPage":{"@id":"https:\/\/franciscanos.org.br\/noticias\/francisco-dinheiro-e-poder-sujam-a-igreja.html#primaryimage"},"datePublished":"2016-05-17T13:31:07+00:00","dateModified":"2020-06-09T20:26:01+00:00","author":{"@id":"https:\/\/franciscanos.org.br\/noticias\/#\/schema\/person\/b38fbf43118f02820bd932f2e4b14ad3"},"breadcrumb":{"@id":"https:\/\/franciscanos.org.br\/noticias\/francisco-dinheiro-e-poder-sujam-a-igreja.html#breadcrumb"},"inLanguage":"pt-BR","potentialAction":[{"@type":"ReadAction","target":["https:\/\/franciscanos.org.br\/noticias\/francisco-dinheiro-e-poder-sujam-a-igreja.html"]}]},{"@type":"BreadcrumbList","@id":"https:\/\/franciscanos.org.br\/noticias\/francisco-dinheiro-e-poder-sujam-a-igreja.html#breadcrumb","itemListElement":[{"@type":"ListItem","position":1,"name":"Home","item":"https:\/\/franciscanos.org.br\/noticias"},{"@type":"ListItem","position":2,"name":"Papa Francisco: dinheiro e poder sujam a Igreja"}]},{"@type":"Person","@id":"https:\/\/franciscanos.org.br\/noticias\/#\/schema\/person\/b38fbf43118f02820bd932f2e4b14ad3","name":"admin","image":{"@type":"ImageObject","inLanguage":"pt-BR","@id":"https:\/\/franciscanos.org.br\/noticias\/#\/schema\/person\/image\/","url":"https:\/\/secure.gravatar.com\/avatar\/e8495742d34d0ba6448ea1c628263b3e?s=96&d=mm&r=g","contentUrl":"https:\/\/secure.gravatar.com\/avatar\/e8495742d34d0ba6448ea1c628263b3e?s=96&d=mm&r=g","caption":"admin"},"url":"https:\/\/franciscanos.org.br\/noticias\/author\/admin"}]}},"_links":{"self":[{"href":"https:\/\/franciscanos.org.br\/noticias\/wp-json\/wp\/v2\/posts\/109384"}],"collection":[{"href":"https:\/\/franciscanos.org.br\/noticias\/wp-json\/wp\/v2\/posts"}],"about":[{"href":"https:\/\/franciscanos.org.br\/noticias\/wp-json\/wp\/v2\/types\/post"}],"author":[{"embeddable":true,"href":"https:\/\/franciscanos.org.br\/noticias\/wp-json\/wp\/v2\/users\/1"}],"replies":[{"embeddable":true,"href":"https:\/\/franciscanos.org.br\/noticias\/wp-json\/wp\/v2\/comments?post=109384"}],"version-history":[{"count":1,"href":"https:\/\/franciscanos.org.br\/noticias\/wp-json\/wp\/v2\/posts\/109384\/revisions"}],"predecessor-version":[{"id":225703,"href":"https:\/\/franciscanos.org.br\/noticias\/wp-json\/wp\/v2\/posts\/109384\/revisions\/225703"}],"wp:featuredmedia":[{"embeddable":true,"href":"https:\/\/franciscanos.org.br\/noticias\/wp-json\/wp\/v2\/media\/211540"}],"wp:attachment":[{"href":"https:\/\/franciscanos.org.br\/noticias\/wp-json\/wp\/v2\/media?parent=109384"}],"wp:term":[{"taxonomy":"category","embeddable":true,"href":"https:\/\/franciscanos.org.br\/noticias\/wp-json\/wp\/v2\/categories?post=109384"},{"taxonomy":"post_tag","embeddable":true,"href":"https:\/\/franciscanos.org.br\/noticias\/wp-json\/wp\/v2\/tags?post=109384"}],"curies":[{"name":"wp","href":"https:\/\/api.w.org\/{rel}","templated":true}]}}