{"id":109201,"date":"2016-05-12T09:48:14","date_gmt":"2016-05-12T12:48:14","guid":{"rendered":"http:\/\/franciscanos.org.br\/?p=109201"},"modified":"2020-06-09T17:28:31","modified_gmt":"2020-06-09T20:28:31","slug":"papa-cristaos-trabalhem-pela-unidade-fofocas-dividem","status":"publish","type":"post","link":"https:\/\/franciscanos.org.br\/noticias\/papa-cristaos-trabalhem-pela-unidade-fofocas-dividem.html","title":{"rendered":"Papa: crist\u00e3os trabalhem pela unidade, fofocas dividem"},"content":{"rendered":"<p><img loading=\"lazy\" src=\"http:\/\/franciscanos.org.br\/wp-content\/uploads\/2016\/05\/marta_12_05-04.jpg\" alt=\"marta_12_05-04\" width=\"820\" height=\"325\" \/><\/p>\n<p><strong>Cidade do Vaticano (RV)<\/strong> &#8211; Jesus, antes da Paix\u00e3o, reza pela \u201cunidade dos fi\u00e9is, das comunidades crist\u00e3s\u201d para que sejam uma s\u00f3 coisa como Ele e o Pai, a fim de que o mundo creia\u201d. Com estas palavras do Evangelho do dia, o Papa Francisco iniciou a homilia da missa celebrada nesta quinta-feira, (12\/05), na Casa Santa Marta.<\/p>\n<p>\u201cA unidade das comunidades crist\u00e3s, das fam\u00edlias crist\u00e3s s\u00e3o testemunho: testemunho do fato de o Pai ter enviado Jesus. Talvez, chegar \u00e0 unidade numa comunidade crist\u00e3, numa par\u00f3quia, numa diocese, numa institui\u00e7\u00e3o crist\u00e3 e numa fam\u00edlia crist\u00e3, seja uma das coisas mais dif\u00edceis. A nossa hist\u00f3ria, a hist\u00f3ria da Igreja, nos envergonha muitas vezes, pois provocamos guerra contra os nossos irm\u00e3os crist\u00e3os! Pensemos numa, na Guerra dos Trinta Anos.\u201d<\/p>\n<p>Onde \u201cos crist\u00e3os incitam guerra entre eles\u201d, afirma o Papa Francisco, ali \u201cn\u00e3o h\u00e1 testemunho\u201d:<\/p>\n<p><strong>Pedir perd\u00e3o<\/strong><\/p>\n<p>\u201cDevemos pedir perd\u00e3o ao Senhor por esta hist\u00f3ria! Uma hist\u00f3ria muitas vezes de divis\u00f5es, n\u00e3o somente no passado, mas tamb\u00e9m hoje! O mundo v\u00ea que estamos divididos e diz: \u2018Mas que entrem num acordo, depois vamos ver. Jesus ressuscitou e est\u00e1 vivo e estes seus disc\u00edpulos n\u00e3o est\u00e3o de acordo? Uma vez, um crist\u00e3o cat\u00f3lico disse a outro crist\u00e3o do Oriente, tamb\u00e9m cat\u00f3lico: \u2018O meu Cristo ressuscita depois de amanh\u00e3. E o seu quando ressuscita?\u2019 N\u00e3o somos unidos nem mesmo na P\u00e1scoa! Isso no mundo inteiro, e o mundo n\u00e3o cr\u00ea\u201d.<\/p>\n<p>\u201cFoi a inveja do diabo\u201d, explicou o Papa, que fez entrar o pecado no mundo\u201d: assim, tamb\u00e9m nas comunidades crist\u00e3s \u201c\u00e9 quase habitual\u201d que haja ego\u00edsmo, ci\u00fames, invejas e divis\u00f5es. Isto leva a falar mal um do outro. Falamos muito mal dos outros! Na Argentina, estas pessoas s\u00e3o chamadas de fofoqueiras: semeiam disc\u00f3rdia, dividem. E ali as divis\u00f5es come\u00e7am com a l\u00edngua, por causa da inveja, ci\u00fames e tamb\u00e9m fechamento!<\/p>\n<p><strong>&#8220;Moder a l\u00edngua&#8221;<\/strong><\/p>\n<p>A l\u00edngua \u00e9 capaz de destruir uma fam\u00edlia, uma comunidade, uma sociedade. \u00c9 capaz de semear \u00f3dio e guerras\u201d, disse o Papa. Ao inv\u00e9s de procurar esclarecer, \u201c\u00e9 mais c\u00f4modo falar mal\u201d e destruir \u201ca fama do outro\u201d. O Papa citou a anedota conhecida de S\u00e3o Filipe Neri que, a uma mulher que tinha falado mal, deu como penit\u00eancia depenar uma galinha e espalhar suas penas pelo bairro para depois recolh\u00ea-las. \u201cMas n\u00e3o \u00e9 poss\u00edvel!\u201d, exclamou a mulher. Assim, \u00e9 o falar mal:<\/p>\n<p>\u201cO falar mal \u00e9 assim: suja o outro. Aquele que fala mal, suja! Destr\u00f3i! Destr\u00f3i a fama, destr\u00f3i a vida e muitas vezes, v\u00e1rias vezes!, sem motivo contra a verdade. Jesus rezou por n\u00f3s, por todos n\u00f3s que estamos aqui e por nossas comunidades, por nossas par\u00f3quias, por nossas dioceses: \u2018Que sejam um\u2019.<\/p>\n<p>Pe\u00e7amos ao Senhor que nos d\u00ea a gra\u00e7a, pois a for\u00e7a do diabo, do pecado que nos impulsiona a criar desuni\u00e3o, \u00e9 muito grande. Que Ele nos d\u00ea a gra\u00e7a, que nos d\u00ea o dom. Qual \u00e9 o dom que faz a unidade? O Esp\u00edrito Santo! Que Ele nos d\u00ea este dom que cria harmonia, porque Ele \u00e9 a harmonia, a alegria em nossas comunidades. Que Ele nos d\u00ea a paz, por\u00e9m com a unidade. Pe\u00e7amos a gra\u00e7a da unidade para todos os crist\u00e3os, a grande gra\u00e7a e a pequena gra\u00e7a de todos os dias para as nossas comunidades, as nossas fam\u00edlias, e a gra\u00e7a de morder a l\u00edngua!\u201d<\/p>\n<hr \/>\n<p><em>Fonte: R\u00e1dio Vaticano<\/em><\/p>\n","protected":false},"excerpt":{"rendered":"<p>Missa em Santa Marta<\/p>\n","protected":false},"author":1,"featured_media":202982,"comment_status":"open","ping_status":"open","sticky":false,"template":"","format":"standard","meta":[],"categories":[1428],"tags":[1586],"acf":[],"yoast_head":"<!-- This site is optimized with the Yoast SEO plugin v19.2 - https:\/\/yoast.com\/wordpress\/plugins\/seo\/ -->\n<title>Papa: crist\u00e3os trabalhem pela unidade, fofocas dividem - Not\u00edcias - Franciscanos<\/title>\n<meta name=\"robots\" content=\"index, follow, max-snippet:-1, max-image-preview:large, max-video-preview:-1\" \/>\n<link rel=\"canonical\" href=\"https:\/\/franciscanos.org.br\/noticias\/papa-cristaos-trabalhem-pela-unidade-fofocas-dividem.html\" \/>\n<meta property=\"og:locale\" content=\"pt_BR\" \/>\n<meta property=\"og:type\" content=\"article\" \/>\n<meta property=\"og:title\" content=\"Papa: crist\u00e3os trabalhem pela unidade, fofocas dividem - Not\u00edcias - Franciscanos\" \/>\n<meta property=\"og:description\" content=\"Missa em Santa Marta\" \/>\n<meta property=\"og:url\" content=\"https:\/\/franciscanos.org.br\/noticias\/papa-cristaos-trabalhem-pela-unidade-fofocas-dividem.html\" \/>\n<meta property=\"og:site_name\" content=\"Not\u00edcias - Franciscanos\" \/>\n<meta property=\"article:published_time\" content=\"2016-05-12T12:48:14+00:00\" \/>\n<meta property=\"article:modified_time\" content=\"2020-06-09T20:28:31+00:00\" \/>\n<meta property=\"og:image\" content=\"https:\/\/franciscanos.org.br\/noticias\/wp-content\/uploads\/2016\/05\/marta_12_05-04.jpg\" \/>\n\t<meta property=\"og:image:width\" content=\"273\" \/>\n\t<meta property=\"og:image:height\" content=\"181\" \/>\n\t<meta property=\"og:image:type\" content=\"image\/jpeg\" \/>\n<meta name=\"author\" content=\"admin\" \/>\n<meta name=\"twitter:card\" content=\"summary_large_image\" \/>\n<meta name=\"twitter:label1\" content=\"Escrito por\" \/>\n\t<meta name=\"twitter:data1\" content=\"admin\" \/>\n\t<meta name=\"twitter:label2\" content=\"Est. tempo de leitura\" \/>\n\t<meta name=\"twitter:data2\" content=\"3 minutos\" \/>\n<script type=\"application\/ld+json\" class=\"yoast-schema-graph\">{\"@context\":\"https:\/\/schema.org\",\"@graph\":[{\"@type\":\"WebSite\",\"@id\":\"https:\/\/franciscanos.org.br\/noticias\/#website\",\"url\":\"https:\/\/franciscanos.org.br\/noticias\/\",\"name\":\"Not\u00edcias - Franciscanos\",\"description\":\"Prov\u00edncia Franciscana da Imaculada Concei\u00e7\u00e3o do Brasil - Ordem dos Frades Menores - OFM\",\"potentialAction\":[{\"@type\":\"SearchAction\",\"target\":{\"@type\":\"EntryPoint\",\"urlTemplate\":\"https:\/\/franciscanos.org.br\/noticias\/?s={search_term_string}\"},\"query-input\":\"required name=search_term_string\"}],\"inLanguage\":\"pt-BR\"},{\"@type\":\"ImageObject\",\"inLanguage\":\"pt-BR\",\"@id\":\"https:\/\/franciscanos.org.br\/noticias\/papa-cristaos-trabalhem-pela-unidade-fofocas-dividem.html#primaryimage\",\"url\":\"https:\/\/franciscanos.org.br\/noticias\/wp-content\/uploads\/2016\/05\/marta_12_05-04.jpg\",\"contentUrl\":\"https:\/\/franciscanos.org.br\/noticias\/wp-content\/uploads\/2016\/05\/marta_12_05-04.jpg\",\"width\":273,\"height\":181},{\"@type\":\"WebPage\",\"@id\":\"https:\/\/franciscanos.org.br\/noticias\/papa-cristaos-trabalhem-pela-unidade-fofocas-dividem.html#webpage\",\"url\":\"https:\/\/franciscanos.org.br\/noticias\/papa-cristaos-trabalhem-pela-unidade-fofocas-dividem.html\",\"name\":\"Papa: crist\u00e3os trabalhem pela unidade, fofocas dividem - Not\u00edcias - Franciscanos\",\"isPartOf\":{\"@id\":\"https:\/\/franciscanos.org.br\/noticias\/#website\"},\"primaryImageOfPage\":{\"@id\":\"https:\/\/franciscanos.org.br\/noticias\/papa-cristaos-trabalhem-pela-unidade-fofocas-dividem.html#primaryimage\"},\"datePublished\":\"2016-05-12T12:48:14+00:00\",\"dateModified\":\"2020-06-09T20:28:31+00:00\",\"author\":{\"@id\":\"https:\/\/franciscanos.org.br\/noticias\/#\/schema\/person\/b38fbf43118f02820bd932f2e4b14ad3\"},\"breadcrumb\":{\"@id\":\"https:\/\/franciscanos.org.br\/noticias\/papa-cristaos-trabalhem-pela-unidade-fofocas-dividem.html#breadcrumb\"},\"inLanguage\":\"pt-BR\",\"potentialAction\":[{\"@type\":\"ReadAction\",\"target\":[\"https:\/\/franciscanos.org.br\/noticias\/papa-cristaos-trabalhem-pela-unidade-fofocas-dividem.html\"]}]},{\"@type\":\"BreadcrumbList\",\"@id\":\"https:\/\/franciscanos.org.br\/noticias\/papa-cristaos-trabalhem-pela-unidade-fofocas-dividem.html#breadcrumb\",\"itemListElement\":[{\"@type\":\"ListItem\",\"position\":1,\"name\":\"Home\",\"item\":\"https:\/\/franciscanos.org.br\/noticias\"},{\"@type\":\"ListItem\",\"position\":2,\"name\":\"Papa: crist\u00e3os trabalhem pela unidade, fofocas dividem\"}]},{\"@type\":\"Person\",\"@id\":\"https:\/\/franciscanos.org.br\/noticias\/#\/schema\/person\/b38fbf43118f02820bd932f2e4b14ad3\",\"name\":\"admin\",\"image\":{\"@type\":\"ImageObject\",\"inLanguage\":\"pt-BR\",\"@id\":\"https:\/\/franciscanos.org.br\/noticias\/#\/schema\/person\/image\/\",\"url\":\"https:\/\/secure.gravatar.com\/avatar\/e8495742d34d0ba6448ea1c628263b3e?s=96&d=mm&r=g\",\"contentUrl\":\"https:\/\/secure.gravatar.com\/avatar\/e8495742d34d0ba6448ea1c628263b3e?s=96&d=mm&r=g\",\"caption\":\"admin\"},\"url\":\"https:\/\/franciscanos.org.br\/noticias\/author\/admin\"}]}<\/script>\n<!-- \/ Yoast SEO plugin. -->","yoast_head_json":{"title":"Papa: crist\u00e3os trabalhem pela unidade, fofocas dividem - Not\u00edcias - Franciscanos","robots":{"index":"index","follow":"follow","max-snippet":"max-snippet:-1","max-image-preview":"max-image-preview:large","max-video-preview":"max-video-preview:-1"},"canonical":"https:\/\/franciscanos.org.br\/noticias\/papa-cristaos-trabalhem-pela-unidade-fofocas-dividem.html","og_locale":"pt_BR","og_type":"article","og_title":"Papa: crist\u00e3os trabalhem pela unidade, fofocas dividem - Not\u00edcias - Franciscanos","og_description":"Missa em Santa Marta","og_url":"https:\/\/franciscanos.org.br\/noticias\/papa-cristaos-trabalhem-pela-unidade-fofocas-dividem.html","og_site_name":"Not\u00edcias - Franciscanos","article_published_time":"2016-05-12T12:48:14+00:00","article_modified_time":"2020-06-09T20:28:31+00:00","og_image":[{"width":273,"height":181,"url":"https:\/\/franciscanos.org.br\/noticias\/wp-content\/uploads\/2016\/05\/marta_12_05-04.jpg","type":"image\/jpeg"}],"author":"admin","twitter_card":"summary_large_image","twitter_misc":{"Escrito por":"admin","Est. tempo de leitura":"3 minutos"},"schema":{"@context":"https:\/\/schema.org","@graph":[{"@type":"WebSite","@id":"https:\/\/franciscanos.org.br\/noticias\/#website","url":"https:\/\/franciscanos.org.br\/noticias\/","name":"Not\u00edcias - Franciscanos","description":"Prov\u00edncia Franciscana da Imaculada Concei\u00e7\u00e3o do Brasil - Ordem dos Frades Menores - OFM","potentialAction":[{"@type":"SearchAction","target":{"@type":"EntryPoint","urlTemplate":"https:\/\/franciscanos.org.br\/noticias\/?s={search_term_string}"},"query-input":"required name=search_term_string"}],"inLanguage":"pt-BR"},{"@type":"ImageObject","inLanguage":"pt-BR","@id":"https:\/\/franciscanos.org.br\/noticias\/papa-cristaos-trabalhem-pela-unidade-fofocas-dividem.html#primaryimage","url":"https:\/\/franciscanos.org.br\/noticias\/wp-content\/uploads\/2016\/05\/marta_12_05-04.jpg","contentUrl":"https:\/\/franciscanos.org.br\/noticias\/wp-content\/uploads\/2016\/05\/marta_12_05-04.jpg","width":273,"height":181},{"@type":"WebPage","@id":"https:\/\/franciscanos.org.br\/noticias\/papa-cristaos-trabalhem-pela-unidade-fofocas-dividem.html#webpage","url":"https:\/\/franciscanos.org.br\/noticias\/papa-cristaos-trabalhem-pela-unidade-fofocas-dividem.html","name":"Papa: crist\u00e3os trabalhem pela unidade, fofocas dividem - Not\u00edcias - Franciscanos","isPartOf":{"@id":"https:\/\/franciscanos.org.br\/noticias\/#website"},"primaryImageOfPage":{"@id":"https:\/\/franciscanos.org.br\/noticias\/papa-cristaos-trabalhem-pela-unidade-fofocas-dividem.html#primaryimage"},"datePublished":"2016-05-12T12:48:14+00:00","dateModified":"2020-06-09T20:28:31+00:00","author":{"@id":"https:\/\/franciscanos.org.br\/noticias\/#\/schema\/person\/b38fbf43118f02820bd932f2e4b14ad3"},"breadcrumb":{"@id":"https:\/\/franciscanos.org.br\/noticias\/papa-cristaos-trabalhem-pela-unidade-fofocas-dividem.html#breadcrumb"},"inLanguage":"pt-BR","potentialAction":[{"@type":"ReadAction","target":["https:\/\/franciscanos.org.br\/noticias\/papa-cristaos-trabalhem-pela-unidade-fofocas-dividem.html"]}]},{"@type":"BreadcrumbList","@id":"https:\/\/franciscanos.org.br\/noticias\/papa-cristaos-trabalhem-pela-unidade-fofocas-dividem.html#breadcrumb","itemListElement":[{"@type":"ListItem","position":1,"name":"Home","item":"https:\/\/franciscanos.org.br\/noticias"},{"@type":"ListItem","position":2,"name":"Papa: crist\u00e3os trabalhem pela unidade, fofocas dividem"}]},{"@type":"Person","@id":"https:\/\/franciscanos.org.br\/noticias\/#\/schema\/person\/b38fbf43118f02820bd932f2e4b14ad3","name":"admin","image":{"@type":"ImageObject","inLanguage":"pt-BR","@id":"https:\/\/franciscanos.org.br\/noticias\/#\/schema\/person\/image\/","url":"https:\/\/secure.gravatar.com\/avatar\/e8495742d34d0ba6448ea1c628263b3e?s=96&d=mm&r=g","contentUrl":"https:\/\/secure.gravatar.com\/avatar\/e8495742d34d0ba6448ea1c628263b3e?s=96&d=mm&r=g","caption":"admin"},"url":"https:\/\/franciscanos.org.br\/noticias\/author\/admin"}]}},"_links":{"self":[{"href":"https:\/\/franciscanos.org.br\/noticias\/wp-json\/wp\/v2\/posts\/109201"}],"collection":[{"href":"https:\/\/franciscanos.org.br\/noticias\/wp-json\/wp\/v2\/posts"}],"about":[{"href":"https:\/\/franciscanos.org.br\/noticias\/wp-json\/wp\/v2\/types\/post"}],"author":[{"embeddable":true,"href":"https:\/\/franciscanos.org.br\/noticias\/wp-json\/wp\/v2\/users\/1"}],"replies":[{"embeddable":true,"href":"https:\/\/franciscanos.org.br\/noticias\/wp-json\/wp\/v2\/comments?post=109201"}],"version-history":[{"count":2,"href":"https:\/\/franciscanos.org.br\/noticias\/wp-json\/wp\/v2\/posts\/109201\/revisions"}],"predecessor-version":[{"id":225706,"href":"https:\/\/franciscanos.org.br\/noticias\/wp-json\/wp\/v2\/posts\/109201\/revisions\/225706"}],"wp:featuredmedia":[{"embeddable":true,"href":"https:\/\/franciscanos.org.br\/noticias\/wp-json\/wp\/v2\/media\/202982"}],"wp:attachment":[{"href":"https:\/\/franciscanos.org.br\/noticias\/wp-json\/wp\/v2\/media?parent=109201"}],"wp:term":[{"taxonomy":"category","embeddable":true,"href":"https:\/\/franciscanos.org.br\/noticias\/wp-json\/wp\/v2\/categories?post=109201"},{"taxonomy":"post_tag","embeddable":true,"href":"https:\/\/franciscanos.org.br\/noticias\/wp-json\/wp\/v2\/tags?post=109201"}],"curies":[{"name":"wp","href":"https:\/\/api.w.org\/{rel}","templated":true}]}}