{"id":109091,"date":"2016-05-11T08:32:49","date_gmt":"2016-05-11T11:32:49","guid":{"rendered":"http:\/\/franciscanos.org.br\/?p=109091"},"modified":"2021-07-05T20:20:14","modified_gmt":"2021-07-05T23:20:14","slug":"petropolis-recebe-visita-de-coral-alemao","status":"publish","type":"post","link":"https:\/\/franciscanos.org.br\/noticias\/petropolis-recebe-visita-de-coral-alemao.html","title":{"rendered":"Petr\u00f3polis recebe visita de coral alem\u00e3o"},"content":{"rendered":"<p><img loading=\"lazy\" src=\"http:\/\/franciscanos.org.br\/wp-content\/uploads\/2016\/05\/petropolis_820.jpg\" alt=\"petropolis_820\" width=\"820\" height=\"340\" \/><\/p>\n<p>Um grande interc\u00e2mbio cultural acontecer\u00e1 em Petr\u00f3polis neste m\u00eas. A cidade foi uma das escolhidas para receber o coro alem\u00e3o Neuer Kammerchor, que estar\u00e1 em uma turn\u00ea pelo Brasil. O grupo vocal ser\u00e1 recepcionado pelo Coral dos Canarinhos e far\u00e1 apresenta\u00e7\u00f5es gratuitas na cidade nos dias 14 e 15 de maio.<\/p>\n<p>O coro germ\u00e2nico chega ao munic\u00edpio na sexta-feira (13), quando ser\u00e1 recepcionado pelos coralistas do Instituto dos Meninos Cantores de Petr\u00f3polis (IMCP) ao final do dia. No s\u00e1bado (14), o grupo vocal se une ao Coral dos Canarinhos e das Meninas dos Canarinhos, para um grande concerto na Catedral S\u00e3o Pedro de Alc\u00e2ntara, no Centro Hist\u00f3rico. A apresenta\u00e7\u00e3o ser\u00e1 \u00e0s 19h30 e contar\u00e1 com um repert\u00f3rio bastante ecl\u00e9tico, com obras do per\u00edodo renascentista at\u00e9 a m\u00fasica contempor\u00e2nea.<\/p>\n<p>A programa\u00e7\u00e3o se encerra no domingo (15), quando o Neuer Kammerchor e o Coral dos Canarinhos cantam a Missa de Pentecostes, \u00e0s 11h30, tamb\u00e9m na Catedral. Al\u00e9m de Petr\u00f3polis, o coral alem\u00e3o visita ainda as cidades de Itabirito e Diamantina, em Minas Gerais, S\u00e3o Paulo e Salvador, na Bahia.<\/p>\n<p>\u201cEstamos ansiosos com a nossa primeira turn\u00ea pelo Brasil e honrados em come\u00e7ar o tour de concertos pela cidade imperial, com o coral de meninos mais famoso do pa\u00eds. Agrade\u00e7o ao maestro Marco Aur\u00e9lio Lischt, por sua enorme assist\u00eancia durante a prepara\u00e7\u00e3o para que esta viagem se tornasse realidade. Como forma de agradecimento, gostar\u00edamos de dar este presente musical \u00e0 Petr\u00f3polis.\u201d, contou Thomas Kammel, fundador e diretor art\u00edstico do coro.<\/p>\n<p>Durante a estadia na cidade, grande parte dos integrantes do grupo vocal alem\u00e3o ficar\u00e1 hospedada na casa de coralistas do Instituto dos Meninos Cantores de Petr\u00f3polis. Para Marco Aur\u00e9lio Lischt, maestro do Coral dos Canarinhos e diretor art\u00edstico do IMCP, o interc\u00e2mbio cultural gerado pela visita abre novos horizontes na vida dos meninos e meninas da institui\u00e7\u00e3o. \u201cEles t\u00eam a oportunidade de ver como as pessoas de fora pensam, o que fazem, como agem&#8230; \u00c9 um enriquecimento cultural e social muito grande para esses pequenos cantores e cantoras\u201d, declarou.<\/p>\n<p>Fundado em 2005, o Neuer Kammerchor tem origem em uma escola alem\u00e3 com longa tradi\u00e7\u00e3o no canto coral. O grupo vocal, formado por homens e mulheres, j\u00e1 cantou em diversos pa\u00edses europeus, como Rom\u00eania, Let\u00f4nia, It\u00e1lia, Fran\u00e7a, Finl\u00e2ndia, Arm\u00eania e \u00c1ustria. O coro tamb\u00e9m se apresentou na \u00c1frica e realizou uma grande turn\u00ea pela Argentina. Liderado pelo diretor Thomas Kammel, o coral protagonizou apresenta\u00e7\u00f5es de sucesso em competi\u00e7\u00f5es internacionais, conquistando premia\u00e7\u00f5es e medalhas.<\/p>\n<p>O Instituto dos Meninos Cantores de Petr\u00f3polis est\u00e1 localizado na <strong>Rua Santos Dumont, 355, no Centro Hist\u00f3rico<\/strong>.<\/p>\n","protected":false},"excerpt":{"rendered":"<p>Canarinhos<\/p>\n","protected":false},"author":1,"featured_media":219300,"comment_status":"open","ping_status":"open","sticky":false,"template":"","format":"standard","meta":[],"categories":[1],"tags":[1378,190],"acf":[],"yoast_head":"<!-- This site is optimized with the Yoast SEO plugin v19.2 - https:\/\/yoast.com\/wordpress\/plugins\/seo\/ -->\n<title>Petr\u00f3polis recebe visita de coral alem\u00e3o - Not\u00edcias - Franciscanos<\/title>\n<meta name=\"robots\" content=\"index, follow, max-snippet:-1, max-image-preview:large, max-video-preview:-1\" \/>\n<link rel=\"canonical\" href=\"https:\/\/franciscanos.org.br\/noticias\/petropolis-recebe-visita-de-coral-alemao.html\" \/>\n<meta property=\"og:locale\" content=\"pt_BR\" \/>\n<meta property=\"og:type\" content=\"article\" \/>\n<meta property=\"og:title\" content=\"Petr\u00f3polis recebe visita de coral alem\u00e3o - Not\u00edcias - Franciscanos\" \/>\n<meta property=\"og:description\" content=\"Canarinhos\" \/>\n<meta property=\"og:url\" content=\"https:\/\/franciscanos.org.br\/noticias\/petropolis-recebe-visita-de-coral-alemao.html\" \/>\n<meta property=\"og:site_name\" content=\"Not\u00edcias - Franciscanos\" \/>\n<meta property=\"article:published_time\" content=\"2016-05-11T11:32:49+00:00\" \/>\n<meta property=\"article:modified_time\" content=\"2021-07-05T23:20:14+00:00\" \/>\n<meta property=\"og:image\" content=\"https:\/\/franciscanos.org.br\/noticias\/wp-content\/uploads\/2016\/05\/petropolis_820.jpg\" \/>\n\t<meta property=\"og:image:width\" content=\"273\" \/>\n\t<meta property=\"og:image:height\" content=\"181\" \/>\n\t<meta property=\"og:image:type\" content=\"image\/jpeg\" \/>\n<meta name=\"author\" content=\"admin\" \/>\n<meta name=\"twitter:card\" content=\"summary_large_image\" \/>\n<meta name=\"twitter:label1\" content=\"Escrito por\" \/>\n\t<meta name=\"twitter:data1\" content=\"admin\" \/>\n\t<meta name=\"twitter:label2\" content=\"Est. tempo de leitura\" \/>\n\t<meta name=\"twitter:data2\" content=\"2 minutos\" \/>\n<script type=\"application\/ld+json\" class=\"yoast-schema-graph\">{\"@context\":\"https:\/\/schema.org\",\"@graph\":[{\"@type\":\"WebSite\",\"@id\":\"https:\/\/franciscanos.org.br\/noticias\/#website\",\"url\":\"https:\/\/franciscanos.org.br\/noticias\/\",\"name\":\"Not\u00edcias - Franciscanos\",\"description\":\"Prov\u00edncia Franciscana da Imaculada Concei\u00e7\u00e3o do Brasil - Ordem dos Frades Menores - OFM\",\"potentialAction\":[{\"@type\":\"SearchAction\",\"target\":{\"@type\":\"EntryPoint\",\"urlTemplate\":\"https:\/\/franciscanos.org.br\/noticias\/?s={search_term_string}\"},\"query-input\":\"required name=search_term_string\"}],\"inLanguage\":\"pt-BR\"},{\"@type\":\"ImageObject\",\"inLanguage\":\"pt-BR\",\"@id\":\"https:\/\/franciscanos.org.br\/noticias\/petropolis-recebe-visita-de-coral-alemao.html#primaryimage\",\"url\":\"https:\/\/franciscanos.org.br\/noticias\/wp-content\/uploads\/2016\/05\/petropolis_820.jpg\",\"contentUrl\":\"https:\/\/franciscanos.org.br\/noticias\/wp-content\/uploads\/2016\/05\/petropolis_820.jpg\",\"width\":273,\"height\":181},{\"@type\":\"WebPage\",\"@id\":\"https:\/\/franciscanos.org.br\/noticias\/petropolis-recebe-visita-de-coral-alemao.html#webpage\",\"url\":\"https:\/\/franciscanos.org.br\/noticias\/petropolis-recebe-visita-de-coral-alemao.html\",\"name\":\"Petr\u00f3polis recebe visita de coral alem\u00e3o - Not\u00edcias - Franciscanos\",\"isPartOf\":{\"@id\":\"https:\/\/franciscanos.org.br\/noticias\/#website\"},\"primaryImageOfPage\":{\"@id\":\"https:\/\/franciscanos.org.br\/noticias\/petropolis-recebe-visita-de-coral-alemao.html#primaryimage\"},\"datePublished\":\"2016-05-11T11:32:49+00:00\",\"dateModified\":\"2021-07-05T23:20:14+00:00\",\"author\":{\"@id\":\"https:\/\/franciscanos.org.br\/noticias\/#\/schema\/person\/b38fbf43118f02820bd932f2e4b14ad3\"},\"breadcrumb\":{\"@id\":\"https:\/\/franciscanos.org.br\/noticias\/petropolis-recebe-visita-de-coral-alemao.html#breadcrumb\"},\"inLanguage\":\"pt-BR\",\"potentialAction\":[{\"@type\":\"ReadAction\",\"target\":[\"https:\/\/franciscanos.org.br\/noticias\/petropolis-recebe-visita-de-coral-alemao.html\"]}]},{\"@type\":\"BreadcrumbList\",\"@id\":\"https:\/\/franciscanos.org.br\/noticias\/petropolis-recebe-visita-de-coral-alemao.html#breadcrumb\",\"itemListElement\":[{\"@type\":\"ListItem\",\"position\":1,\"name\":\"Home\",\"item\":\"https:\/\/franciscanos.org.br\/noticias\"},{\"@type\":\"ListItem\",\"position\":2,\"name\":\"Petr\u00f3polis recebe visita de coral alem\u00e3o\"}]},{\"@type\":\"Person\",\"@id\":\"https:\/\/franciscanos.org.br\/noticias\/#\/schema\/person\/b38fbf43118f02820bd932f2e4b14ad3\",\"name\":\"admin\",\"image\":{\"@type\":\"ImageObject\",\"inLanguage\":\"pt-BR\",\"@id\":\"https:\/\/franciscanos.org.br\/noticias\/#\/schema\/person\/image\/\",\"url\":\"https:\/\/secure.gravatar.com\/avatar\/e8495742d34d0ba6448ea1c628263b3e?s=96&d=mm&r=g\",\"contentUrl\":\"https:\/\/secure.gravatar.com\/avatar\/e8495742d34d0ba6448ea1c628263b3e?s=96&d=mm&r=g\",\"caption\":\"admin\"},\"url\":\"https:\/\/franciscanos.org.br\/noticias\/author\/admin\"}]}<\/script>\n<!-- \/ Yoast SEO plugin. -->","yoast_head_json":{"title":"Petr\u00f3polis recebe visita de coral alem\u00e3o - Not\u00edcias - Franciscanos","robots":{"index":"index","follow":"follow","max-snippet":"max-snippet:-1","max-image-preview":"max-image-preview:large","max-video-preview":"max-video-preview:-1"},"canonical":"https:\/\/franciscanos.org.br\/noticias\/petropolis-recebe-visita-de-coral-alemao.html","og_locale":"pt_BR","og_type":"article","og_title":"Petr\u00f3polis recebe visita de coral alem\u00e3o - Not\u00edcias - Franciscanos","og_description":"Canarinhos","og_url":"https:\/\/franciscanos.org.br\/noticias\/petropolis-recebe-visita-de-coral-alemao.html","og_site_name":"Not\u00edcias - Franciscanos","article_published_time":"2016-05-11T11:32:49+00:00","article_modified_time":"2021-07-05T23:20:14+00:00","og_image":[{"width":273,"height":181,"url":"https:\/\/franciscanos.org.br\/noticias\/wp-content\/uploads\/2016\/05\/petropolis_820.jpg","type":"image\/jpeg"}],"author":"admin","twitter_card":"summary_large_image","twitter_misc":{"Escrito por":"admin","Est. tempo de leitura":"2 minutos"},"schema":{"@context":"https:\/\/schema.org","@graph":[{"@type":"WebSite","@id":"https:\/\/franciscanos.org.br\/noticias\/#website","url":"https:\/\/franciscanos.org.br\/noticias\/","name":"Not\u00edcias - Franciscanos","description":"Prov\u00edncia Franciscana da Imaculada Concei\u00e7\u00e3o do Brasil - Ordem dos Frades Menores - OFM","potentialAction":[{"@type":"SearchAction","target":{"@type":"EntryPoint","urlTemplate":"https:\/\/franciscanos.org.br\/noticias\/?s={search_term_string}"},"query-input":"required name=search_term_string"}],"inLanguage":"pt-BR"},{"@type":"ImageObject","inLanguage":"pt-BR","@id":"https:\/\/franciscanos.org.br\/noticias\/petropolis-recebe-visita-de-coral-alemao.html#primaryimage","url":"https:\/\/franciscanos.org.br\/noticias\/wp-content\/uploads\/2016\/05\/petropolis_820.jpg","contentUrl":"https:\/\/franciscanos.org.br\/noticias\/wp-content\/uploads\/2016\/05\/petropolis_820.jpg","width":273,"height":181},{"@type":"WebPage","@id":"https:\/\/franciscanos.org.br\/noticias\/petropolis-recebe-visita-de-coral-alemao.html#webpage","url":"https:\/\/franciscanos.org.br\/noticias\/petropolis-recebe-visita-de-coral-alemao.html","name":"Petr\u00f3polis recebe visita de coral alem\u00e3o - Not\u00edcias - Franciscanos","isPartOf":{"@id":"https:\/\/franciscanos.org.br\/noticias\/#website"},"primaryImageOfPage":{"@id":"https:\/\/franciscanos.org.br\/noticias\/petropolis-recebe-visita-de-coral-alemao.html#primaryimage"},"datePublished":"2016-05-11T11:32:49+00:00","dateModified":"2021-07-05T23:20:14+00:00","author":{"@id":"https:\/\/franciscanos.org.br\/noticias\/#\/schema\/person\/b38fbf43118f02820bd932f2e4b14ad3"},"breadcrumb":{"@id":"https:\/\/franciscanos.org.br\/noticias\/petropolis-recebe-visita-de-coral-alemao.html#breadcrumb"},"inLanguage":"pt-BR","potentialAction":[{"@type":"ReadAction","target":["https:\/\/franciscanos.org.br\/noticias\/petropolis-recebe-visita-de-coral-alemao.html"]}]},{"@type":"BreadcrumbList","@id":"https:\/\/franciscanos.org.br\/noticias\/petropolis-recebe-visita-de-coral-alemao.html#breadcrumb","itemListElement":[{"@type":"ListItem","position":1,"name":"Home","item":"https:\/\/franciscanos.org.br\/noticias"},{"@type":"ListItem","position":2,"name":"Petr\u00f3polis recebe visita de coral alem\u00e3o"}]},{"@type":"Person","@id":"https:\/\/franciscanos.org.br\/noticias\/#\/schema\/person\/b38fbf43118f02820bd932f2e4b14ad3","name":"admin","image":{"@type":"ImageObject","inLanguage":"pt-BR","@id":"https:\/\/franciscanos.org.br\/noticias\/#\/schema\/person\/image\/","url":"https:\/\/secure.gravatar.com\/avatar\/e8495742d34d0ba6448ea1c628263b3e?s=96&d=mm&r=g","contentUrl":"https:\/\/secure.gravatar.com\/avatar\/e8495742d34d0ba6448ea1c628263b3e?s=96&d=mm&r=g","caption":"admin"},"url":"https:\/\/franciscanos.org.br\/noticias\/author\/admin"}]}},"_links":{"self":[{"href":"https:\/\/franciscanos.org.br\/noticias\/wp-json\/wp\/v2\/posts\/109091"}],"collection":[{"href":"https:\/\/franciscanos.org.br\/noticias\/wp-json\/wp\/v2\/posts"}],"about":[{"href":"https:\/\/franciscanos.org.br\/noticias\/wp-json\/wp\/v2\/types\/post"}],"author":[{"embeddable":true,"href":"https:\/\/franciscanos.org.br\/noticias\/wp-json\/wp\/v2\/users\/1"}],"replies":[{"embeddable":true,"href":"https:\/\/franciscanos.org.br\/noticias\/wp-json\/wp\/v2\/comments?post=109091"}],"version-history":[{"count":1,"href":"https:\/\/franciscanos.org.br\/noticias\/wp-json\/wp\/v2\/posts\/109091\/revisions"}],"predecessor-version":[{"id":222699,"href":"https:\/\/franciscanos.org.br\/noticias\/wp-json\/wp\/v2\/posts\/109091\/revisions\/222699"}],"wp:featuredmedia":[{"embeddable":true,"href":"https:\/\/franciscanos.org.br\/noticias\/wp-json\/wp\/v2\/media\/219300"}],"wp:attachment":[{"href":"https:\/\/franciscanos.org.br\/noticias\/wp-json\/wp\/v2\/media?parent=109091"}],"wp:term":[{"taxonomy":"category","embeddable":true,"href":"https:\/\/franciscanos.org.br\/noticias\/wp-json\/wp\/v2\/categories?post=109091"},{"taxonomy":"post_tag","embeddable":true,"href":"https:\/\/franciscanos.org.br\/noticias\/wp-json\/wp\/v2\/tags?post=109091"}],"curies":[{"name":"wp","href":"https:\/\/api.w.org\/{rel}","templated":true}]}}