{"id":108997,"date":"2016-05-10T07:10:14","date_gmt":"2016-05-10T10:10:14","guid":{"rendered":"http:\/\/franciscanos.org.br\/?p=108997"},"modified":"2020-03-27T13:22:14","modified_gmt":"2020-03-27T16:22:14","slug":"depois-da-ascensao-nao-ficamos-orfaos","status":"publish","type":"post","link":"https:\/\/franciscanos.org.br\/noticias\/depois-da-ascensao-nao-ficamos-orfaos.html","title":{"rendered":"Depois da ascens\u00e3o n\u00e3o ficamos \u00f3rf\u00e3os"},"content":{"rendered":"<p><img loading=\"lazy\" src=\"http:\/\/franciscanos.org.br\/wp-content\/uploads\/2016\/05\/espirito.jpg\" alt=\"espirito\" width=\"820\" height=\"429\" \/><\/p>\n<p><strong>Frei Almir Guimar\u00e3es<\/strong><\/p>\n<p>\u2022 \u201cTerminada na terra a obra que o Pai confiou ao Filho, o Esp\u00edrito Santo foi enviado no dia de Pentecostes a fim de santificar continuamente a Igreja e, por Cristo, no \u00fanico Esp\u00edrito, terem os fi\u00e9is acesso junto ao Pai. Ele \u00e9 o Esp\u00edrito da vida, a fonte da \u00e1gua que jorra para a vida eterna. Por ele, o Pai d\u00e1 vida aos homens mortos pelo pecado, at\u00e9 ressuscitar em Cristo seus corpos mortais\u201d (Lumen Gentium 4, 12).<\/p>\n<p>\u2022 N\u00f3s, franciscanos e franciscanas, dizemos que o Esp\u00edrito Santo \u00e9 o Ministro Geral de nossa Ordem. Isso nos ensinou Francisco. Somos convidados a nos deixar guiar por ele. Catastr\u00f3fico quando sua chama divina se extingue em n\u00f3s. Chama, fogo, vento. O Esp\u00edrito nos orienta rumo ao amanh\u00e3. Jesus, no evangelho de Jo\u00e3o, n\u00e3o se cansa de nos dizer que nada temos a temer depois de sua partida para o seio Pai. Ele, com esse corpo humano transfigurado, um de n\u00f3s est\u00e1 no seio da Trindade. Mas n\u00e3o podemos manter os olhos fixos nas alturas&#8230; Somos continuadores do el\u00e3, da for\u00e7a, do dinamismo que Jesus deixou nesta terra dos homens. N\u00e3o descansamos nosso olhar no c\u00e9u, mas temos o rosto voltado para o amanh\u00e3 da obra de Cristo.<\/p>\n<p>\u2022 A Igreja n\u00e3o \u00e9 mera associa\u00e7\u00e3o de pessoas piedosas, mas Corpo M\u00edstico de Cristo. Somos Igreja. Somos membros do Senhor. Sua obra \u00e9 nossa obra e nossa obra \u00e9 obra do Senhor: anunciar um mundo novo, um sentido de vida, um g\u00eanero de vida marcado pela simplicidade, abertura aos outros, transforma\u00e7\u00e3o da realidade, cria\u00e7\u00e3o de comunidades fraternas, membros da Igreja e participapntes de um movimento evang\u00e9lico e evangelizador que \u00e9 a vida franciscana.<\/p>\n<p>\u2022 Nesta semana em que o Esp\u00edrito toma conta da nossa liturgia e de nossos pensamentos \u00e9 bom meditar nos ensinamentos das Catequeses de S\u00e3o Cirilo de Jerusal\u00e9m:<\/p>\n<p style=\"padding-left: 30px;\">o \u201cA \u00e1gua das chuvas cai do c\u00e9us; e embora caia sempre do mesmo modo e na mesma forma, produz efeitos muito variados. De fato, o efeito que produz na palmeira, n\u00e3o \u00e9 o mesmo que produz na videira; e assim em todas as coisas, apesar de sua natureza ser sempre a mesma e n\u00e3o poder ser diferente de si pr\u00f3pria. Na verdade, a chuva n\u00e3o se modifica a si mesma em qualquer das suas manifesta\u00e7\u00f5es. Contudo, ao cair sobre a terra, acomoda-se \u00e0s estruturas dos seres que a recebem, dando a cada um deles o que necessita. Com o Esp\u00edrito acontece o mesmo. Sendo \u00fanico, com uma \u00fanica maneira de ser e indivis\u00edvel, distribui a gra\u00e7a a cada um conforme lhe apraz. E assim como a \u00e1rvore ressequida, ao receber \u00e1gua, produz novos rebentos, assim tamb\u00e9m a alma pecadora, ao receber o Esp\u00edrito Santo o dom do arrependimento, produz frutos de justi\u00e7a. O Esp\u00edrito tem um s\u00f3 e mesmo ser, mas por vontade de Deus e pelos m\u00e9ritos de Cristo produz efeitos diversos\u201d.<\/p>\n<blockquote><p>o O Esp\u00edrito \u201cserve-se da l\u00edngua de uns para comunicar o dom da sabedoria; ilumina a intelig\u00eancia de outros com o dom da profecia. A este d\u00e1 o poder de expulsar dem\u00f4nios; \u00e0quele concede o dom de interpretar as Escrituras. A uns fortalece na temperan\u00e7a; a outros ensina a miseric\u00f3rdia; a estes inspira a pr\u00e1tica do jejum e como suportar as austeridades da vida asc\u00e9tica; e \u00e0quele o dom\u00ednio das tend\u00eancias carnais; a outros ainda prepara para o mart\u00edrio. Enfim, manifesta-se de modo diferente em cada um, mas permanece sempre igual a si mesmo, como est\u00e1 escrito: A cada um \u00e9 dada a manifesta\u00e7\u00e3o do Espirito em vista do bem comum\u201d (cf. 1Cor 12,5).<\/p><\/blockquote>\n<p style=\"padding-left: 30px;\">o \u201cBranda e suave \u00e9 a sua aproxima\u00e7\u00e3o; benigna e agrad\u00e1vel \u00e9 a sua presen\u00e7a; lev\u00edssimo o seu jugo! A sua chegada \u00e9 precedida por espl\u00eandidos raios de luz e ci\u00eancia. Ele vem com um amor entranhado de um irm\u00e3o mais velho: vem para salvar, curar, ensinar, aconselhar, fortalecer, consolar, iluminar a alma de quem o recebe, e, depois por meio desse, a alma dos outros. Quem se encontra nas trevas, ao nascer do sol recebe nos olhos a sua luz, come\u00e7ando a enxergar coisas que at\u00e9 ent\u00e3o n\u00e3o via. Assim tamb\u00e9m, aquele que se tornou digno do Espirito Santo, recebe na alma a sua luz e, elevado acima da intelig\u00eancia humana, come\u00e7a a ver o que antes ignorava\u201d.<\/p>\n","protected":false},"excerpt":{"rendered":"<p>Pentecostes<\/p>\n","protected":false},"author":1,"featured_media":222704,"comment_status":"open","ping_status":"open","sticky":false,"template":"","format":"standard","meta":[],"categories":[1],"tags":[58],"acf":[],"yoast_head":"<!-- This site is optimized with the Yoast SEO plugin v19.2 - https:\/\/yoast.com\/wordpress\/plugins\/seo\/ -->\n<title>Depois da ascens\u00e3o n\u00e3o ficamos \u00f3rf\u00e3os - Not\u00edcias - Franciscanos<\/title>\n<meta name=\"robots\" content=\"index, follow, max-snippet:-1, max-image-preview:large, max-video-preview:-1\" \/>\n<link rel=\"canonical\" href=\"https:\/\/franciscanos.org.br\/noticias\/depois-da-ascensao-nao-ficamos-orfaos.html\" \/>\n<meta property=\"og:locale\" content=\"pt_BR\" \/>\n<meta property=\"og:type\" content=\"article\" \/>\n<meta property=\"og:title\" content=\"Depois da ascens\u00e3o n\u00e3o ficamos \u00f3rf\u00e3os - Not\u00edcias - Franciscanos\" \/>\n<meta property=\"og:description\" content=\"Pentecostes\" \/>\n<meta property=\"og:url\" content=\"https:\/\/franciscanos.org.br\/noticias\/depois-da-ascensao-nao-ficamos-orfaos.html\" \/>\n<meta property=\"og:site_name\" content=\"Not\u00edcias - Franciscanos\" \/>\n<meta property=\"article:published_time\" content=\"2016-05-10T10:10:14+00:00\" \/>\n<meta property=\"article:modified_time\" content=\"2020-03-27T16:22:14+00:00\" \/>\n<meta property=\"og:image\" content=\"https:\/\/franciscanos.org.br\/noticias\/wp-content\/uploads\/2016\/05\/espirito.jpg\" \/>\n\t<meta property=\"og:image:width\" content=\"273\" \/>\n\t<meta property=\"og:image:height\" content=\"181\" \/>\n\t<meta property=\"og:image:type\" content=\"image\/jpeg\" \/>\n<meta name=\"author\" content=\"admin\" \/>\n<meta name=\"twitter:card\" content=\"summary_large_image\" \/>\n<meta name=\"twitter:label1\" content=\"Escrito por\" \/>\n\t<meta name=\"twitter:data1\" content=\"admin\" \/>\n\t<meta name=\"twitter:label2\" content=\"Est. tempo de leitura\" \/>\n\t<meta name=\"twitter:data2\" content=\"4 minutos\" \/>\n<script type=\"application\/ld+json\" class=\"yoast-schema-graph\">{\"@context\":\"https:\/\/schema.org\",\"@graph\":[{\"@type\":\"WebSite\",\"@id\":\"https:\/\/franciscanos.org.br\/noticias\/#website\",\"url\":\"https:\/\/franciscanos.org.br\/noticias\/\",\"name\":\"Not\u00edcias - Franciscanos\",\"description\":\"Prov\u00edncia Franciscana da Imaculada Concei\u00e7\u00e3o do Brasil - Ordem dos Frades Menores - OFM\",\"potentialAction\":[{\"@type\":\"SearchAction\",\"target\":{\"@type\":\"EntryPoint\",\"urlTemplate\":\"https:\/\/franciscanos.org.br\/noticias\/?s={search_term_string}\"},\"query-input\":\"required name=search_term_string\"}],\"inLanguage\":\"pt-BR\"},{\"@type\":\"ImageObject\",\"inLanguage\":\"pt-BR\",\"@id\":\"https:\/\/franciscanos.org.br\/noticias\/depois-da-ascensao-nao-ficamos-orfaos.html#primaryimage\",\"url\":\"https:\/\/franciscanos.org.br\/noticias\/wp-content\/uploads\/2016\/05\/espirito.jpg\",\"contentUrl\":\"https:\/\/franciscanos.org.br\/noticias\/wp-content\/uploads\/2016\/05\/espirito.jpg\",\"width\":273,\"height\":181},{\"@type\":\"WebPage\",\"@id\":\"https:\/\/franciscanos.org.br\/noticias\/depois-da-ascensao-nao-ficamos-orfaos.html#webpage\",\"url\":\"https:\/\/franciscanos.org.br\/noticias\/depois-da-ascensao-nao-ficamos-orfaos.html\",\"name\":\"Depois da ascens\u00e3o n\u00e3o ficamos \u00f3rf\u00e3os - Not\u00edcias - Franciscanos\",\"isPartOf\":{\"@id\":\"https:\/\/franciscanos.org.br\/noticias\/#website\"},\"primaryImageOfPage\":{\"@id\":\"https:\/\/franciscanos.org.br\/noticias\/depois-da-ascensao-nao-ficamos-orfaos.html#primaryimage\"},\"datePublished\":\"2016-05-10T10:10:14+00:00\",\"dateModified\":\"2020-03-27T16:22:14+00:00\",\"author\":{\"@id\":\"https:\/\/franciscanos.org.br\/noticias\/#\/schema\/person\/b38fbf43118f02820bd932f2e4b14ad3\"},\"breadcrumb\":{\"@id\":\"https:\/\/franciscanos.org.br\/noticias\/depois-da-ascensao-nao-ficamos-orfaos.html#breadcrumb\"},\"inLanguage\":\"pt-BR\",\"potentialAction\":[{\"@type\":\"ReadAction\",\"target\":[\"https:\/\/franciscanos.org.br\/noticias\/depois-da-ascensao-nao-ficamos-orfaos.html\"]}]},{\"@type\":\"BreadcrumbList\",\"@id\":\"https:\/\/franciscanos.org.br\/noticias\/depois-da-ascensao-nao-ficamos-orfaos.html#breadcrumb\",\"itemListElement\":[{\"@type\":\"ListItem\",\"position\":1,\"name\":\"Home\",\"item\":\"https:\/\/franciscanos.org.br\/noticias\"},{\"@type\":\"ListItem\",\"position\":2,\"name\":\"Depois da ascens\u00e3o n\u00e3o ficamos \u00f3rf\u00e3os\"}]},{\"@type\":\"Person\",\"@id\":\"https:\/\/franciscanos.org.br\/noticias\/#\/schema\/person\/b38fbf43118f02820bd932f2e4b14ad3\",\"name\":\"admin\",\"image\":{\"@type\":\"ImageObject\",\"inLanguage\":\"pt-BR\",\"@id\":\"https:\/\/franciscanos.org.br\/noticias\/#\/schema\/person\/image\/\",\"url\":\"https:\/\/secure.gravatar.com\/avatar\/e8495742d34d0ba6448ea1c628263b3e?s=96&d=mm&r=g\",\"contentUrl\":\"https:\/\/secure.gravatar.com\/avatar\/e8495742d34d0ba6448ea1c628263b3e?s=96&d=mm&r=g\",\"caption\":\"admin\"},\"url\":\"https:\/\/franciscanos.org.br\/noticias\/author\/admin\"}]}<\/script>\n<!-- \/ Yoast SEO plugin. -->","yoast_head_json":{"title":"Depois da ascens\u00e3o n\u00e3o ficamos \u00f3rf\u00e3os - Not\u00edcias - Franciscanos","robots":{"index":"index","follow":"follow","max-snippet":"max-snippet:-1","max-image-preview":"max-image-preview:large","max-video-preview":"max-video-preview:-1"},"canonical":"https:\/\/franciscanos.org.br\/noticias\/depois-da-ascensao-nao-ficamos-orfaos.html","og_locale":"pt_BR","og_type":"article","og_title":"Depois da ascens\u00e3o n\u00e3o ficamos \u00f3rf\u00e3os - Not\u00edcias - Franciscanos","og_description":"Pentecostes","og_url":"https:\/\/franciscanos.org.br\/noticias\/depois-da-ascensao-nao-ficamos-orfaos.html","og_site_name":"Not\u00edcias - Franciscanos","article_published_time":"2016-05-10T10:10:14+00:00","article_modified_time":"2020-03-27T16:22:14+00:00","og_image":[{"width":273,"height":181,"url":"https:\/\/franciscanos.org.br\/noticias\/wp-content\/uploads\/2016\/05\/espirito.jpg","type":"image\/jpeg"}],"author":"admin","twitter_card":"summary_large_image","twitter_misc":{"Escrito por":"admin","Est. tempo de leitura":"4 minutos"},"schema":{"@context":"https:\/\/schema.org","@graph":[{"@type":"WebSite","@id":"https:\/\/franciscanos.org.br\/noticias\/#website","url":"https:\/\/franciscanos.org.br\/noticias\/","name":"Not\u00edcias - Franciscanos","description":"Prov\u00edncia Franciscana da Imaculada Concei\u00e7\u00e3o do Brasil - Ordem dos Frades Menores - OFM","potentialAction":[{"@type":"SearchAction","target":{"@type":"EntryPoint","urlTemplate":"https:\/\/franciscanos.org.br\/noticias\/?s={search_term_string}"},"query-input":"required name=search_term_string"}],"inLanguage":"pt-BR"},{"@type":"ImageObject","inLanguage":"pt-BR","@id":"https:\/\/franciscanos.org.br\/noticias\/depois-da-ascensao-nao-ficamos-orfaos.html#primaryimage","url":"https:\/\/franciscanos.org.br\/noticias\/wp-content\/uploads\/2016\/05\/espirito.jpg","contentUrl":"https:\/\/franciscanos.org.br\/noticias\/wp-content\/uploads\/2016\/05\/espirito.jpg","width":273,"height":181},{"@type":"WebPage","@id":"https:\/\/franciscanos.org.br\/noticias\/depois-da-ascensao-nao-ficamos-orfaos.html#webpage","url":"https:\/\/franciscanos.org.br\/noticias\/depois-da-ascensao-nao-ficamos-orfaos.html","name":"Depois da ascens\u00e3o n\u00e3o ficamos \u00f3rf\u00e3os - Not\u00edcias - Franciscanos","isPartOf":{"@id":"https:\/\/franciscanos.org.br\/noticias\/#website"},"primaryImageOfPage":{"@id":"https:\/\/franciscanos.org.br\/noticias\/depois-da-ascensao-nao-ficamos-orfaos.html#primaryimage"},"datePublished":"2016-05-10T10:10:14+00:00","dateModified":"2020-03-27T16:22:14+00:00","author":{"@id":"https:\/\/franciscanos.org.br\/noticias\/#\/schema\/person\/b38fbf43118f02820bd932f2e4b14ad3"},"breadcrumb":{"@id":"https:\/\/franciscanos.org.br\/noticias\/depois-da-ascensao-nao-ficamos-orfaos.html#breadcrumb"},"inLanguage":"pt-BR","potentialAction":[{"@type":"ReadAction","target":["https:\/\/franciscanos.org.br\/noticias\/depois-da-ascensao-nao-ficamos-orfaos.html"]}]},{"@type":"BreadcrumbList","@id":"https:\/\/franciscanos.org.br\/noticias\/depois-da-ascensao-nao-ficamos-orfaos.html#breadcrumb","itemListElement":[{"@type":"ListItem","position":1,"name":"Home","item":"https:\/\/franciscanos.org.br\/noticias"},{"@type":"ListItem","position":2,"name":"Depois da ascens\u00e3o n\u00e3o ficamos \u00f3rf\u00e3os"}]},{"@type":"Person","@id":"https:\/\/franciscanos.org.br\/noticias\/#\/schema\/person\/b38fbf43118f02820bd932f2e4b14ad3","name":"admin","image":{"@type":"ImageObject","inLanguage":"pt-BR","@id":"https:\/\/franciscanos.org.br\/noticias\/#\/schema\/person\/image\/","url":"https:\/\/secure.gravatar.com\/avatar\/e8495742d34d0ba6448ea1c628263b3e?s=96&d=mm&r=g","contentUrl":"https:\/\/secure.gravatar.com\/avatar\/e8495742d34d0ba6448ea1c628263b3e?s=96&d=mm&r=g","caption":"admin"},"url":"https:\/\/franciscanos.org.br\/noticias\/author\/admin"}]}},"_links":{"self":[{"href":"https:\/\/franciscanos.org.br\/noticias\/wp-json\/wp\/v2\/posts\/108997"}],"collection":[{"href":"https:\/\/franciscanos.org.br\/noticias\/wp-json\/wp\/v2\/posts"}],"about":[{"href":"https:\/\/franciscanos.org.br\/noticias\/wp-json\/wp\/v2\/types\/post"}],"author":[{"embeddable":true,"href":"https:\/\/franciscanos.org.br\/noticias\/wp-json\/wp\/v2\/users\/1"}],"replies":[{"embeddable":true,"href":"https:\/\/franciscanos.org.br\/noticias\/wp-json\/wp\/v2\/comments?post=108997"}],"version-history":[{"count":1,"href":"https:\/\/franciscanos.org.br\/noticias\/wp-json\/wp\/v2\/posts\/108997\/revisions"}],"predecessor-version":[{"id":222705,"href":"https:\/\/franciscanos.org.br\/noticias\/wp-json\/wp\/v2\/posts\/108997\/revisions\/222705"}],"wp:featuredmedia":[{"embeddable":true,"href":"https:\/\/franciscanos.org.br\/noticias\/wp-json\/wp\/v2\/media\/222704"}],"wp:attachment":[{"href":"https:\/\/franciscanos.org.br\/noticias\/wp-json\/wp\/v2\/media?parent=108997"}],"wp:term":[{"taxonomy":"category","embeddable":true,"href":"https:\/\/franciscanos.org.br\/noticias\/wp-json\/wp\/v2\/categories?post=108997"},{"taxonomy":"post_tag","embeddable":true,"href":"https:\/\/franciscanos.org.br\/noticias\/wp-json\/wp\/v2\/tags?post=108997"}],"curies":[{"name":"wp","href":"https:\/\/api.w.org\/{rel}","templated":true}]}}