{"id":108977,"date":"2016-05-09T14:04:07","date_gmt":"2016-05-09T17:04:07","guid":{"rendered":"http:\/\/franciscanos.org.br\/?p=108977"},"modified":"2020-06-09T17:29:59","modified_gmt":"2020-06-09T20:29:59","slug":"a-vida-crista-nao-e-uma-etica-e-um-encontro-com-jesus-cristo","status":"publish","type":"post","link":"https:\/\/franciscanos.org.br\/noticias\/a-vida-crista-nao-e-uma-etica-e-um-encontro-com-jesus-cristo.html","title":{"rendered":"&#8220;A vida crist\u00e3 n\u00e3o \u00e9 uma \u00e9tica: \u00e9 um encontro com Jesus Cristo&#8221;"},"content":{"rendered":"<p><img loading=\"lazy\" src=\"http:\/\/franciscanos.org.br\/wp-content\/uploads\/2016\/05\/santa_marta_9_820.jpg\" alt=\"santa_marta_9_820\" width=\"820\" height=\"325\" \/><\/p>\n<p>Um perfeito desconhecido ou at\u00e9 \u201cum prisioneiro de luxo\u201d: eis o que \u00e9 o Esp\u00edrito Santo para muitos crist\u00e3os que ignoram que \u00e9 ele quem \u201cmove a Igreja\u201d, levando-nos a Jesus e tornando-nos \u201creais\u201d e \u201cn\u00e3o virtuais\u201d. O encorajamento a refletir sobre o papel central que o Esp\u00edrito Santo desempenha na vida dos crentes, precisamente na semana que precede o Pentecostes, esteve no centro da homilia do Papa Francisco durante a missa da manh\u00e3 de segunda-feira, 9 de maio, na capela da Casa de Santa Marta.<\/p>\n<p>No in\u00edcio da celebra\u00e7\u00e3o o Papa, indicando a imagem de santa Luisa de Marillac posta ao lado do altar, recordou a comemora\u00e7\u00e3o da mem\u00f3ria lit\u00fargica. Com efeito, \u00e9 a primeira vez que se celebra nesta data: desde a canoniza\u00e7\u00e3o, realizada em 1934, at\u00e9 hoje foi celebrada a 15 de mar\u00e7o. Al\u00e9m disso, celebra-se tamb\u00e9m o anivers\u00e1rio da cerim\u00f4nia de beatifica\u00e7\u00e3o da santa, que teve lugar a 9 de maio de 1920. Um dia particularmente importante, explicou o Pont\u00edfice, porque Luisa de Marillac foi a fundadora das Filhas da caridade de S\u00e3o Vicente de Paulo, \u201cas religiosas que trabalham e gerem\u201d a Casa de Santa Marta. Desta forma, acrescentou Francisco, \u201cofere\u00e7o esta missa pelas religiosas da casa\u201d.<\/p>\n<p>Para a sua reflex\u00e3o na homilia, o Papa inspirou-se no trecho dos Atos dos Ap\u00f3stolos (19, 1-8). Paulo encontra-se em \u00c9feso com alguns disc\u00edpulos que acreditavam em Jesus e pergunta-lhes: \u201cRecebestes o Esp\u00edrito Santo quando abra\u00e7astes a f\u00e9?\u201d. E eles, depois de se terem entreolhado surpreendidos, responderam-lhe: \u201cN\u00e3o, nem sequer ouvimos dizer que h\u00e1 um Esp\u00edrito Santo!\u201d. Portanto, observou o Papa, \u201cacreditavam em Jesus, eram bons disc\u00edpulos, mas nem sequer tinham ouvido que existia o Esp\u00edrito Santo\u201d.<\/p>\n<p>Paulo retoma imediatamente o di\u00e1logo perguntando-lhes que batismo tinham recebido. E os disc\u00edpulos: \u201cO de Jo\u00e3o\u201d. Ent\u00e3o, Paulo explica-lhes que \u201caquele era um batismo de penit\u00eancia, de prepara\u00e7\u00e3o\u201d. Ouvindo Paulo, os disc\u00edpulos de \u00c9feso \u201cforam batizados em nome do Senhor Jesus\u201d. L\u00ea-se nos Atos: \u201cE quando Paulo lhes imp\u00f4s as m\u00e3os, o Esp\u00edrito Santo desceu sobre eles, e falavam em todas as l\u00ednguas e profetizavam\u201d. Portanto, explicou o Papa, \u201c\u00e9 um caminho: a via da convers\u00e3o, mas faltavam o batismo e a imposi\u00e7\u00e3o das m\u00e3os, para que viesse o Esp\u00edrito Santo\u201d.<\/p>\n<p>\u201cTamb\u00e9m hoje acontece o mesmo\u201d, afirmou o Pont\u00edfice. \u201cA maioria dos crist\u00e3os\u201d sabe pouco ou nada sobre o Esp\u00edrito Santo, a ponto que se pode fazer pr\u00f3pria a resposta dos disc\u00edpulos de \u00c9feso a Paulo: \u201cN\u00e3o, nem sequer ouvimos dizer que h\u00e1 um Esp\u00edrito Santo!\u201d. E se pergunt\u00e1ssemos a tantas pessoas boas: \u201cquem \u00e9 o Esp\u00edrito Santo para ti?\u201d e \u201co que faz e onde est\u00e1 o Esp\u00edrito Santo?\u201d, a \u00fanica resposta ser\u00e1 \u201c\u00e9 a terceira pessoa da Trindade\u201d. Exatamente como aprendemos no catecismo. Certamente, \u201csabem que o Pai criou o mundo, porque a cria\u00e7\u00e3o \u00e9 atribu\u00edda ao Pai\u201d. E sabem tamb\u00e9m que \u201co Filho \u00e9 Jesus, que nos redimiu e nos deu a vida\u201d. Portanto, \u201crespondem assim\u201d mas depois em rela\u00e7\u00e3o ao Esp\u00edrito Santo sabem que \u00e9 \u201ca terceira pessoa da Trindade\u201d. Mas se lhes perguntas: \u201co que faz ele?\u201d, respondem-te que \u201cest\u00e1 ali!\u201d. \u201cS\u00e3o assim os nossos crist\u00e3os\u201d.<\/p>\n<p>\u201cO Esp\u00edrito Santo \u2013 explicou Francisco \u2013 \u00e9 quem move a Igreja; \u00e9 quem trabalha na Igreja, nos nossos cora\u00e7\u00f5es; que faz de cada crist\u00e3o uma pessoa diversa das outras, mas de todos faz unidade\u201d. Por conseguinte, prosseguiu, o Esp\u00edrito Santo \u201c\u00e9 quem leva em frente, abre as portas de par em par e envia a dar testemunho de Jesus\u201d.<\/p>\n<p>No in\u00edcio da missa, recordou o Pont\u00edfice, na ant\u00edfona de entrada foi dito: \u201cRecebereis o Esp\u00edrito Santo e sereis minhas testemunhas em todo o mundo\u201d. Eis que \u201co Esp\u00edrito Santo \u00e9 quem estimula a louvar a Deus, a rezar: \u201cOra em n\u00f3s\u201d\u201c. O Esp\u00edrito Santo \u201cest\u00e1 dentro de n\u00f3s e ensina-nos a olhar para o Pai e a dizer-lhe: \u201cPai\u201d\u201c. E assim \u201cliberta-nos desta condi\u00e7\u00e3o de \u00f3rf\u00e3os na qual o esp\u00edrito do mundo nos quer manter\u201d. Por todas estas raz\u00f5es, explicou, o Esp\u00edrito Santo \u201c\u00e9 t\u00e3o importante: \u00e9 o protagonista da Igreja viva: \u00e9 quem trabalha na Igreja\u201d.<\/p>\n<p>Neste ponto, o Pont\u00edfice advertiu sobre um perigo: \u201cQuando n\u00e3o estamos \u00e0 altura desta miss\u00e3o do Esp\u00edrito Santo e n\u00e3o o recebemos desta forma\u201d, acabamos por \u201creduzir a f\u00e9 a uma moral, a uma \u00e9tica\u201d. E pensamos que cumprir todos os mandamentos \u00e9 suficiente, \u201ce nada mais\u201d. Assim, dizemo-nos: \u201cposso fazer isto, n\u00e3o posso fazer aquilo; at\u00e9 aqui sim, at\u00e9 l\u00e1 n\u00e3o!\u201d, caindo na \u201ccasu\u00edstica\u201d e numa \u201cmoral fria\u201d. Contudo, recordou o Papa, \u201ca vida crist\u00e3 n\u00e3o \u00e9 uma \u00e9tica: \u00e9 um encontro com Jesus Cristo\u201d. E \u201cquem me leva ao encontro com Jesus Cristo\u201d \u00e9 precisamente o Esp\u00edrito Santo.<\/p>\n<p>Deste modo, \u201cn\u00f3s, na nossa vida, temos no nosso cora\u00e7\u00e3o o Esp\u00edrito Santo como um \u201cprisioneiro de luxo\u201d: n\u00e3o deixamos que nos impulsione, n\u00e3o deixamos que nos mova\u201d. E no entanto \u201cfaz tudo, sabe tudo, sabe recordar-nos o que disse Jesus, sabe explicar-nos os temas de Jesus\u201d. S\u00f3 h\u00e1 uma coisa que \u201co Esp\u00edrito Santo n\u00e3o sabe fazer: crist\u00e3os de sal\u00e3o. Isto ele n\u00e3o sabe fazer! N\u00e3o sabe fazer \u201ccrist\u00e3os virtuais\u201d, n\u00e3o virtuosos\u201d. Pelo contr\u00e1rio, \u201cfaz crist\u00e3os reais: ele enfrenta a vida real tal como ela \u00e9, com a profecia do ler os sinais dos tempos, e leva-nos em frente desta maneira\u201d. Por isso \u201c\u00e9 o grande \u201cprisioneiro do nosso cora\u00e7\u00e3o\u201d e dizemos que \u00e9 a terceira pessoa da Trindade e ponto final\u201d.<\/p>\n<p>\u201cEsta semana \u2013 sugeriu Francisco \u2013 far-nos-\u00e1 bem refletir sobre o que faz o Esp\u00edrito Santo na nossa vida\u201d. Para ajudar este exame de consci\u00eancia o Pont\u00edfice prop\u00f4s algumas quest\u00f5es diretas: \u201cEnsinou-me a estrada da liberdade? Aprendi-a por ele? Mas qual liberdade? Qual liberdade? O Esp\u00edrito Santo, que reside em mim, impele-me a sair: tenho medo? Como \u00e9 a minha coragem, a que me d\u00e1 o Esp\u00edrito Santo, para sair de mim mesmo, para testemunhar Jesus? Como vai a minha paci\u00eancia nas prova\u00e7\u00f5es? Pois tamb\u00e9m a paci\u00eancia \u00e9 dada pelo Esp\u00edrito Santo\u201d.<\/p>\n<p>Precisamente \u201cnesta semana de prepara\u00e7\u00e3o para a solenidade de Pentecostes\u201d, o Papa convidou os crist\u00e3os a perguntar-se se deveras acreditam no Esp\u00edrito Santo ou se para eles \u00e9 s\u00f3 \u201cuma palavra\u201d. E \u201cprocuremos \u2013 exortou \u2013 falar com ele e dizer: \u201cSei que est\u00e1s no meu cora\u00e7\u00e3o, que est\u00e1s no cora\u00e7\u00e3o da Igreja, que levas em frente a Igreja, que promoves a unidade entre todos n\u00f3s, mas somos todos diversos, na diversidade de todos n\u00f3s\u201d. O convite \u00e9 \u201cdizer-lhe todas estas coisas e pedir a gra\u00e7a de aprender, mas na minha vida, o que faz ele de concreto\u201d. \u00c9 \u201ca gra\u00e7a da docilidade a ele, ser d\u00f3cil ao Esp\u00edrito Santo: esta semana fa\u00e7amos isto, pensemos no Esp\u00edrito e falemos com ele\u201d.<\/p>\n<p>Confira o v\u00eddeo completo da homilia em:<\/p>\n<p><iframe loading=\"lazy\" title=\"Messa Santa Marta 09-05-2016\" width=\"500\" height=\"281\" src=\"https:\/\/www.youtube.com\/embed\/Jt7xWhgmYIk?feature=oembed\" frameborder=\"0\" allow=\"accelerometer; autoplay; encrypted-media; gyroscope; picture-in-picture\" allowfullscreen><\/iframe><\/p>\n<hr \/>\n<p><em>Fonte: R\u00e1dio Vaticano<\/em><\/p>\n","protected":false},"excerpt":{"rendered":"<p>Missa em Santa Marta<\/p>\n","protected":false},"author":1,"featured_media":222706,"comment_status":"open","ping_status":"open","sticky":false,"template":"","format":"standard","meta":[],"categories":[1428],"tags":[1586],"acf":[],"yoast_head":"<!-- This site is optimized with the Yoast SEO plugin v19.2 - https:\/\/yoast.com\/wordpress\/plugins\/seo\/ -->\n<title>&quot;A vida crist\u00e3 n\u00e3o \u00e9 uma \u00e9tica: \u00e9 um encontro com Jesus Cristo&quot; - Not\u00edcias - Franciscanos<\/title>\n<meta name=\"robots\" content=\"index, follow, max-snippet:-1, max-image-preview:large, max-video-preview:-1\" \/>\n<link rel=\"canonical\" href=\"https:\/\/franciscanos.org.br\/noticias\/a-vida-crista-nao-e-uma-etica-e-um-encontro-com-jesus-cristo.html\" \/>\n<meta property=\"og:locale\" content=\"pt_BR\" \/>\n<meta property=\"og:type\" content=\"article\" \/>\n<meta property=\"og:title\" content=\"&quot;A vida crist\u00e3 n\u00e3o \u00e9 uma \u00e9tica: \u00e9 um encontro com Jesus Cristo&quot; - Not\u00edcias - Franciscanos\" \/>\n<meta property=\"og:description\" content=\"Missa em Santa Marta\" \/>\n<meta property=\"og:url\" content=\"https:\/\/franciscanos.org.br\/noticias\/a-vida-crista-nao-e-uma-etica-e-um-encontro-com-jesus-cristo.html\" \/>\n<meta property=\"og:site_name\" content=\"Not\u00edcias - Franciscanos\" \/>\n<meta property=\"article:published_time\" content=\"2016-05-09T17:04:07+00:00\" \/>\n<meta property=\"article:modified_time\" content=\"2020-06-09T20:29:59+00:00\" \/>\n<meta property=\"og:image\" content=\"https:\/\/franciscanos.org.br\/noticias\/wp-content\/uploads\/2016\/05\/santa_marta_9_820.jpg\" \/>\n\t<meta property=\"og:image:width\" content=\"273\" \/>\n\t<meta property=\"og:image:height\" content=\"181\" \/>\n\t<meta property=\"og:image:type\" content=\"image\/jpeg\" \/>\n<meta name=\"author\" content=\"admin\" \/>\n<meta name=\"twitter:card\" content=\"summary_large_image\" \/>\n<meta name=\"twitter:label1\" content=\"Escrito por\" \/>\n\t<meta name=\"twitter:data1\" content=\"admin\" \/>\n\t<meta name=\"twitter:label2\" content=\"Est. tempo de leitura\" \/>\n\t<meta name=\"twitter:data2\" content=\"6 minutos\" \/>\n<script type=\"application\/ld+json\" class=\"yoast-schema-graph\">{\"@context\":\"https:\/\/schema.org\",\"@graph\":[{\"@type\":\"WebSite\",\"@id\":\"https:\/\/franciscanos.org.br\/noticias\/#website\",\"url\":\"https:\/\/franciscanos.org.br\/noticias\/\",\"name\":\"Not\u00edcias - Franciscanos\",\"description\":\"Prov\u00edncia Franciscana da Imaculada Concei\u00e7\u00e3o do Brasil - Ordem dos Frades Menores - OFM\",\"potentialAction\":[{\"@type\":\"SearchAction\",\"target\":{\"@type\":\"EntryPoint\",\"urlTemplate\":\"https:\/\/franciscanos.org.br\/noticias\/?s={search_term_string}\"},\"query-input\":\"required name=search_term_string\"}],\"inLanguage\":\"pt-BR\"},{\"@type\":\"ImageObject\",\"inLanguage\":\"pt-BR\",\"@id\":\"https:\/\/franciscanos.org.br\/noticias\/a-vida-crista-nao-e-uma-etica-e-um-encontro-com-jesus-cristo.html#primaryimage\",\"url\":\"https:\/\/franciscanos.org.br\/noticias\/wp-content\/uploads\/2016\/05\/santa_marta_9_820.jpg\",\"contentUrl\":\"https:\/\/franciscanos.org.br\/noticias\/wp-content\/uploads\/2016\/05\/santa_marta_9_820.jpg\",\"width\":273,\"height\":181},{\"@type\":\"WebPage\",\"@id\":\"https:\/\/franciscanos.org.br\/noticias\/a-vida-crista-nao-e-uma-etica-e-um-encontro-com-jesus-cristo.html#webpage\",\"url\":\"https:\/\/franciscanos.org.br\/noticias\/a-vida-crista-nao-e-uma-etica-e-um-encontro-com-jesus-cristo.html\",\"name\":\"\\\"A vida crist\u00e3 n\u00e3o \u00e9 uma \u00e9tica: \u00e9 um encontro com Jesus Cristo\\\" - Not\u00edcias - Franciscanos\",\"isPartOf\":{\"@id\":\"https:\/\/franciscanos.org.br\/noticias\/#website\"},\"primaryImageOfPage\":{\"@id\":\"https:\/\/franciscanos.org.br\/noticias\/a-vida-crista-nao-e-uma-etica-e-um-encontro-com-jesus-cristo.html#primaryimage\"},\"datePublished\":\"2016-05-09T17:04:07+00:00\",\"dateModified\":\"2020-06-09T20:29:59+00:00\",\"author\":{\"@id\":\"https:\/\/franciscanos.org.br\/noticias\/#\/schema\/person\/b38fbf43118f02820bd932f2e4b14ad3\"},\"breadcrumb\":{\"@id\":\"https:\/\/franciscanos.org.br\/noticias\/a-vida-crista-nao-e-uma-etica-e-um-encontro-com-jesus-cristo.html#breadcrumb\"},\"inLanguage\":\"pt-BR\",\"potentialAction\":[{\"@type\":\"ReadAction\",\"target\":[\"https:\/\/franciscanos.org.br\/noticias\/a-vida-crista-nao-e-uma-etica-e-um-encontro-com-jesus-cristo.html\"]}]},{\"@type\":\"BreadcrumbList\",\"@id\":\"https:\/\/franciscanos.org.br\/noticias\/a-vida-crista-nao-e-uma-etica-e-um-encontro-com-jesus-cristo.html#breadcrumb\",\"itemListElement\":[{\"@type\":\"ListItem\",\"position\":1,\"name\":\"Home\",\"item\":\"https:\/\/franciscanos.org.br\/noticias\"},{\"@type\":\"ListItem\",\"position\":2,\"name\":\"&#8220;A vida crist\u00e3 n\u00e3o \u00e9 uma \u00e9tica: \u00e9 um encontro com Jesus Cristo&#8221;\"}]},{\"@type\":\"Person\",\"@id\":\"https:\/\/franciscanos.org.br\/noticias\/#\/schema\/person\/b38fbf43118f02820bd932f2e4b14ad3\",\"name\":\"admin\",\"image\":{\"@type\":\"ImageObject\",\"inLanguage\":\"pt-BR\",\"@id\":\"https:\/\/franciscanos.org.br\/noticias\/#\/schema\/person\/image\/\",\"url\":\"https:\/\/secure.gravatar.com\/avatar\/e8495742d34d0ba6448ea1c628263b3e?s=96&d=mm&r=g\",\"contentUrl\":\"https:\/\/secure.gravatar.com\/avatar\/e8495742d34d0ba6448ea1c628263b3e?s=96&d=mm&r=g\",\"caption\":\"admin\"},\"url\":\"https:\/\/franciscanos.org.br\/noticias\/author\/admin\"}]}<\/script>\n<!-- \/ Yoast SEO plugin. -->","yoast_head_json":{"title":"\"A vida crist\u00e3 n\u00e3o \u00e9 uma \u00e9tica: \u00e9 um encontro com Jesus Cristo\" - Not\u00edcias - Franciscanos","robots":{"index":"index","follow":"follow","max-snippet":"max-snippet:-1","max-image-preview":"max-image-preview:large","max-video-preview":"max-video-preview:-1"},"canonical":"https:\/\/franciscanos.org.br\/noticias\/a-vida-crista-nao-e-uma-etica-e-um-encontro-com-jesus-cristo.html","og_locale":"pt_BR","og_type":"article","og_title":"\"A vida crist\u00e3 n\u00e3o \u00e9 uma \u00e9tica: \u00e9 um encontro com Jesus Cristo\" - Not\u00edcias - Franciscanos","og_description":"Missa em Santa Marta","og_url":"https:\/\/franciscanos.org.br\/noticias\/a-vida-crista-nao-e-uma-etica-e-um-encontro-com-jesus-cristo.html","og_site_name":"Not\u00edcias - Franciscanos","article_published_time":"2016-05-09T17:04:07+00:00","article_modified_time":"2020-06-09T20:29:59+00:00","og_image":[{"width":273,"height":181,"url":"https:\/\/franciscanos.org.br\/noticias\/wp-content\/uploads\/2016\/05\/santa_marta_9_820.jpg","type":"image\/jpeg"}],"author":"admin","twitter_card":"summary_large_image","twitter_misc":{"Escrito por":"admin","Est. tempo de leitura":"6 minutos"},"schema":{"@context":"https:\/\/schema.org","@graph":[{"@type":"WebSite","@id":"https:\/\/franciscanos.org.br\/noticias\/#website","url":"https:\/\/franciscanos.org.br\/noticias\/","name":"Not\u00edcias - Franciscanos","description":"Prov\u00edncia Franciscana da Imaculada Concei\u00e7\u00e3o do Brasil - Ordem dos Frades Menores - OFM","potentialAction":[{"@type":"SearchAction","target":{"@type":"EntryPoint","urlTemplate":"https:\/\/franciscanos.org.br\/noticias\/?s={search_term_string}"},"query-input":"required name=search_term_string"}],"inLanguage":"pt-BR"},{"@type":"ImageObject","inLanguage":"pt-BR","@id":"https:\/\/franciscanos.org.br\/noticias\/a-vida-crista-nao-e-uma-etica-e-um-encontro-com-jesus-cristo.html#primaryimage","url":"https:\/\/franciscanos.org.br\/noticias\/wp-content\/uploads\/2016\/05\/santa_marta_9_820.jpg","contentUrl":"https:\/\/franciscanos.org.br\/noticias\/wp-content\/uploads\/2016\/05\/santa_marta_9_820.jpg","width":273,"height":181},{"@type":"WebPage","@id":"https:\/\/franciscanos.org.br\/noticias\/a-vida-crista-nao-e-uma-etica-e-um-encontro-com-jesus-cristo.html#webpage","url":"https:\/\/franciscanos.org.br\/noticias\/a-vida-crista-nao-e-uma-etica-e-um-encontro-com-jesus-cristo.html","name":"\"A vida crist\u00e3 n\u00e3o \u00e9 uma \u00e9tica: \u00e9 um encontro com Jesus Cristo\" - Not\u00edcias - Franciscanos","isPartOf":{"@id":"https:\/\/franciscanos.org.br\/noticias\/#website"},"primaryImageOfPage":{"@id":"https:\/\/franciscanos.org.br\/noticias\/a-vida-crista-nao-e-uma-etica-e-um-encontro-com-jesus-cristo.html#primaryimage"},"datePublished":"2016-05-09T17:04:07+00:00","dateModified":"2020-06-09T20:29:59+00:00","author":{"@id":"https:\/\/franciscanos.org.br\/noticias\/#\/schema\/person\/b38fbf43118f02820bd932f2e4b14ad3"},"breadcrumb":{"@id":"https:\/\/franciscanos.org.br\/noticias\/a-vida-crista-nao-e-uma-etica-e-um-encontro-com-jesus-cristo.html#breadcrumb"},"inLanguage":"pt-BR","potentialAction":[{"@type":"ReadAction","target":["https:\/\/franciscanos.org.br\/noticias\/a-vida-crista-nao-e-uma-etica-e-um-encontro-com-jesus-cristo.html"]}]},{"@type":"BreadcrumbList","@id":"https:\/\/franciscanos.org.br\/noticias\/a-vida-crista-nao-e-uma-etica-e-um-encontro-com-jesus-cristo.html#breadcrumb","itemListElement":[{"@type":"ListItem","position":1,"name":"Home","item":"https:\/\/franciscanos.org.br\/noticias"},{"@type":"ListItem","position":2,"name":"&#8220;A vida crist\u00e3 n\u00e3o \u00e9 uma \u00e9tica: \u00e9 um encontro com Jesus Cristo&#8221;"}]},{"@type":"Person","@id":"https:\/\/franciscanos.org.br\/noticias\/#\/schema\/person\/b38fbf43118f02820bd932f2e4b14ad3","name":"admin","image":{"@type":"ImageObject","inLanguage":"pt-BR","@id":"https:\/\/franciscanos.org.br\/noticias\/#\/schema\/person\/image\/","url":"https:\/\/secure.gravatar.com\/avatar\/e8495742d34d0ba6448ea1c628263b3e?s=96&d=mm&r=g","contentUrl":"https:\/\/secure.gravatar.com\/avatar\/e8495742d34d0ba6448ea1c628263b3e?s=96&d=mm&r=g","caption":"admin"},"url":"https:\/\/franciscanos.org.br\/noticias\/author\/admin"}]}},"_links":{"self":[{"href":"https:\/\/franciscanos.org.br\/noticias\/wp-json\/wp\/v2\/posts\/108977"}],"collection":[{"href":"https:\/\/franciscanos.org.br\/noticias\/wp-json\/wp\/v2\/posts"}],"about":[{"href":"https:\/\/franciscanos.org.br\/noticias\/wp-json\/wp\/v2\/types\/post"}],"author":[{"embeddable":true,"href":"https:\/\/franciscanos.org.br\/noticias\/wp-json\/wp\/v2\/users\/1"}],"replies":[{"embeddable":true,"href":"https:\/\/franciscanos.org.br\/noticias\/wp-json\/wp\/v2\/comments?post=108977"}],"version-history":[{"count":2,"href":"https:\/\/franciscanos.org.br\/noticias\/wp-json\/wp\/v2\/posts\/108977\/revisions"}],"predecessor-version":[{"id":225708,"href":"https:\/\/franciscanos.org.br\/noticias\/wp-json\/wp\/v2\/posts\/108977\/revisions\/225708"}],"wp:featuredmedia":[{"embeddable":true,"href":"https:\/\/franciscanos.org.br\/noticias\/wp-json\/wp\/v2\/media\/222706"}],"wp:attachment":[{"href":"https:\/\/franciscanos.org.br\/noticias\/wp-json\/wp\/v2\/media?parent=108977"}],"wp:term":[{"taxonomy":"category","embeddable":true,"href":"https:\/\/franciscanos.org.br\/noticias\/wp-json\/wp\/v2\/categories?post=108977"},{"taxonomy":"post_tag","embeddable":true,"href":"https:\/\/franciscanos.org.br\/noticias\/wp-json\/wp\/v2\/tags?post=108977"}],"curies":[{"name":"wp","href":"https:\/\/api.w.org\/{rel}","templated":true}]}}