{"id":108902,"date":"2016-05-06T14:26:07","date_gmt":"2016-05-06T17:26:07","guid":{"rendered":"http:\/\/franciscanos.org.br\/?p=108902"},"modified":"2020-06-09T17:31:16","modified_gmt":"2020-06-09T20:31:16","slug":"alegria-e-esperanca-cristas-caminham-juntas-afirma-pontifice","status":"publish","type":"post","link":"https:\/\/franciscanos.org.br\/noticias\/alegria-e-esperanca-cristas-caminham-juntas-afirma-pontifice.html","title":{"rendered":"&#8220;Alegria e esperan\u00e7a crist\u00e3s caminham juntas&#8221;, afirma Pont\u00edfice"},"content":{"rendered":"<p><img loading=\"lazy\" src=\"http:\/\/franciscanos.org.br\/wp-content\/uploads\/2016\/05\/alegria_8202.jpg\" alt=\"alegria_820\" width=\"820\" height=\"325\" \/><\/p>\n<p><strong>Cidade do Vaticano (RV)<\/strong> \u2013 Na manh\u00e3 desta sexta-feira (06\/05), o Papa presidiu a missa na Capela Santa Marta. Sua homilia foi centrada na leitura do dia, extra\u00eddo do Evangelho de Jo\u00e3o 16, 20-23.\u00a0Antes da Paix\u00e3o, Jesus adverte os disc\u00edpulos que ficar\u00e3o tristes, mas que esta tristeza se transformar\u00e1 num grito de alegria. E usa a imagem de uma mulher ao dar \u00e0 luz: \u201c\u00c9 na dor porque chegou a sua hora; mas quando d\u00e1 \u00e0 luz o menino, esquece o sofrimento: espera na dor e exulta na alegria\u201d.<\/p>\n<p>\u201cIsto \u00e9 o que fazem a alegria e a esperan\u00e7a juntas em nossa vida quando estamos em tribula\u00e7\u00e3o, em meio a problemas, quando sofremos. N\u00e3o \u00e9 uma anestesia. A dor \u00e9 dor, mas vivida com alegria e esperan\u00e7a abre as portas \u00e0 alegria de um fruto novo. Esta imagem do Senhor nos deve ajudar nas dificuldades; dificuldades por vezes \u00e1rduas, que nos levam at\u00e9 a duvidar de nossa f\u00e9&#8230; Mas com a alegria e a esperan\u00e7a vamos adiante, porque depois da tempestade chega um homem novo, como a mulher quando d\u00e1 \u00e0 luz. E Jesus diz que esta alegria e esperan\u00e7a s\u00e3o duradouras, n\u00e3o passam\u201d.<\/p>\n<p><strong>Alegria e esperan\u00e7a caminham juntas<\/strong><br \/>\n\u201cUma alegria sem esperan\u00e7a \u00e9 simples divertimento, uma alegria passageira. Uma esperan\u00e7a sem alegria n\u00e3o \u00e9 esperan\u00e7a, n\u00e3o vai al\u00e9m de um saud\u00e1vel otimismo; mas alegria e esperan\u00e7a v\u00e3o juntas e as duas fazem esta explos\u00e3o que a Igreja, em sua liturgia, quase grita, sem pudor: \u201cExulte a tua Igreja!, exulte de alegria. Sem formalidades, porque quando uma alegria \u00e9 forte, n\u00e3o existe formalidade: \u00e9 alegria\u201d.<\/p>\n<p>\u201cO Senhor \u2013 afirma Francisco \u2013 nos diz que existir\u00e3o problemas na vida e que esta alegria e esperan\u00e7a n\u00e3o s\u00e3o um \u2018carnaval\u2019, mas outra coisa:<br \/>\n\u201cA alegria fortalece a esperan\u00e7a e a esperan\u00e7a floresce na alegria. E assim vamos adiante, mas todas as duas \u2013 com este comportamento que a Igreja quer dar a estas duas virtudes crist\u00e3s \u2013 indicam um \u2018sair de n\u00f3s mesmos\u2019. A pessoa alegre n\u00e3o se fecha em si mesma; a esperan\u00e7a a leva l\u00e1, \u00e9 precisamente uma \u00e2ncora na praia do c\u00e9u que nos faz sair de n\u00f3s mesmos, com alegria e esperan\u00e7a\u201d.<\/p>\n<p><strong>Alegria verdadeira<\/strong><br \/>\n\u201cA alegria humana \u2013 explica o Papa \u2013 pode ser extra\u00edda de qualquer coisa, inclusive das dificuldades. Jesus, ao contr\u00e1rio, quer nos dar uma alegria que ningu\u00e9m pode nos tirar: \u201c\u00c9 duradoura, at\u00e9 nos momentos mais sombrios\u201d. \u00c9 o que acontece na Ascens\u00e3o do Senhor: \u201cOs disc\u00edpulos, quando o Senhor vai embora e n\u00e3o o veem mais, ficam olhando para o c\u00e9u com um pouco de tristeza, mas os anjos v\u00eam a despert\u00e1-los\u201d. E Lucas refere que \u201cvoltaram felizes, repletos de alegria\u201d. \u201cAquela alegria de saber que a nossa humanidade entrou no c\u00e9u, pela primeira vez!\u201d, diz o Papa.<\/p>\n<p>\u201cA esperan\u00e7a de viver e de chegar ao Senhor se torna uma alegria que se apodera de toda a Igreja. Que o Senhor nos d\u00ea esta gra\u00e7a \u2013 conclui o Papa \u2013 de uma alegria grande, que seja a express\u00e3o da esperan\u00e7a, uma esperan\u00e7a forte, que se torne alegria em nossa vida. Que o Senhor custodie esta alegria e esta esperan\u00e7a, para que ningu\u00e9m as tire de n\u00f3s\u201d.<\/p>\n<p>Confira a homilia completa:<\/p>\n<p><iframe loading=\"lazy\" title=\"Messa Santa Marta 06-05-2016\" width=\"500\" height=\"281\" src=\"https:\/\/www.youtube.com\/embed\/zVy06GzmAxM?feature=oembed\" frameborder=\"0\" allow=\"accelerometer; autoplay; encrypted-media; gyroscope; picture-in-picture\" allowfullscreen><\/iframe><\/p>\n<hr \/>\n<p><em>Fonte: R\u00e1dio Vaticano<\/em><\/p>\n","protected":false},"excerpt":{"rendered":"<p>Missa em Santa Marta<\/p>\n","protected":false},"author":1,"featured_media":219292,"comment_status":"open","ping_status":"open","sticky":false,"template":"","format":"standard","meta":[],"categories":[1428],"tags":[1586],"acf":[],"yoast_head":"<!-- This site is optimized with the Yoast SEO plugin v19.2 - https:\/\/yoast.com\/wordpress\/plugins\/seo\/ -->\n<title>&quot;Alegria e esperan\u00e7a crist\u00e3s caminham juntas&quot;, afirma Pont\u00edfice - Not\u00edcias - Franciscanos<\/title>\n<meta name=\"robots\" content=\"index, follow, max-snippet:-1, max-image-preview:large, max-video-preview:-1\" \/>\n<link rel=\"canonical\" href=\"https:\/\/franciscanos.org.br\/noticias\/alegria-e-esperanca-cristas-caminham-juntas-afirma-pontifice.html\" \/>\n<meta property=\"og:locale\" content=\"pt_BR\" \/>\n<meta property=\"og:type\" content=\"article\" \/>\n<meta property=\"og:title\" content=\"&quot;Alegria e esperan\u00e7a crist\u00e3s caminham juntas&quot;, afirma Pont\u00edfice - Not\u00edcias - Franciscanos\" \/>\n<meta property=\"og:description\" content=\"Missa em Santa Marta\" \/>\n<meta property=\"og:url\" content=\"https:\/\/franciscanos.org.br\/noticias\/alegria-e-esperanca-cristas-caminham-juntas-afirma-pontifice.html\" \/>\n<meta property=\"og:site_name\" content=\"Not\u00edcias - Franciscanos\" \/>\n<meta property=\"article:published_time\" content=\"2016-05-06T17:26:07+00:00\" \/>\n<meta property=\"article:modified_time\" content=\"2020-06-09T20:31:16+00:00\" \/>\n<meta property=\"og:image\" content=\"https:\/\/franciscanos.org.br\/noticias\/wp-content\/uploads\/2016\/05\/alegria_8202.jpg\" \/>\n\t<meta property=\"og:image:width\" content=\"273\" \/>\n\t<meta property=\"og:image:height\" content=\"181\" \/>\n\t<meta property=\"og:image:type\" content=\"image\/jpeg\" \/>\n<meta name=\"author\" content=\"admin\" \/>\n<meta name=\"twitter:card\" content=\"summary_large_image\" \/>\n<meta name=\"twitter:label1\" content=\"Escrito por\" \/>\n\t<meta name=\"twitter:data1\" content=\"admin\" \/>\n\t<meta name=\"twitter:label2\" content=\"Est. tempo de leitura\" \/>\n\t<meta name=\"twitter:data2\" content=\"3 minutos\" \/>\n<script type=\"application\/ld+json\" class=\"yoast-schema-graph\">{\"@context\":\"https:\/\/schema.org\",\"@graph\":[{\"@type\":\"WebSite\",\"@id\":\"https:\/\/franciscanos.org.br\/noticias\/#website\",\"url\":\"https:\/\/franciscanos.org.br\/noticias\/\",\"name\":\"Not\u00edcias - Franciscanos\",\"description\":\"Prov\u00edncia Franciscana da Imaculada Concei\u00e7\u00e3o do Brasil - Ordem dos Frades Menores - OFM\",\"potentialAction\":[{\"@type\":\"SearchAction\",\"target\":{\"@type\":\"EntryPoint\",\"urlTemplate\":\"https:\/\/franciscanos.org.br\/noticias\/?s={search_term_string}\"},\"query-input\":\"required name=search_term_string\"}],\"inLanguage\":\"pt-BR\"},{\"@type\":\"ImageObject\",\"inLanguage\":\"pt-BR\",\"@id\":\"https:\/\/franciscanos.org.br\/noticias\/alegria-e-esperanca-cristas-caminham-juntas-afirma-pontifice.html#primaryimage\",\"url\":\"https:\/\/franciscanos.org.br\/noticias\/wp-content\/uploads\/2016\/05\/alegria_8202.jpg\",\"contentUrl\":\"https:\/\/franciscanos.org.br\/noticias\/wp-content\/uploads\/2016\/05\/alegria_8202.jpg\",\"width\":273,\"height\":181},{\"@type\":\"WebPage\",\"@id\":\"https:\/\/franciscanos.org.br\/noticias\/alegria-e-esperanca-cristas-caminham-juntas-afirma-pontifice.html#webpage\",\"url\":\"https:\/\/franciscanos.org.br\/noticias\/alegria-e-esperanca-cristas-caminham-juntas-afirma-pontifice.html\",\"name\":\"\\\"Alegria e esperan\u00e7a crist\u00e3s caminham juntas\\\", afirma Pont\u00edfice - Not\u00edcias - Franciscanos\",\"isPartOf\":{\"@id\":\"https:\/\/franciscanos.org.br\/noticias\/#website\"},\"primaryImageOfPage\":{\"@id\":\"https:\/\/franciscanos.org.br\/noticias\/alegria-e-esperanca-cristas-caminham-juntas-afirma-pontifice.html#primaryimage\"},\"datePublished\":\"2016-05-06T17:26:07+00:00\",\"dateModified\":\"2020-06-09T20:31:16+00:00\",\"author\":{\"@id\":\"https:\/\/franciscanos.org.br\/noticias\/#\/schema\/person\/b38fbf43118f02820bd932f2e4b14ad3\"},\"breadcrumb\":{\"@id\":\"https:\/\/franciscanos.org.br\/noticias\/alegria-e-esperanca-cristas-caminham-juntas-afirma-pontifice.html#breadcrumb\"},\"inLanguage\":\"pt-BR\",\"potentialAction\":[{\"@type\":\"ReadAction\",\"target\":[\"https:\/\/franciscanos.org.br\/noticias\/alegria-e-esperanca-cristas-caminham-juntas-afirma-pontifice.html\"]}]},{\"@type\":\"BreadcrumbList\",\"@id\":\"https:\/\/franciscanos.org.br\/noticias\/alegria-e-esperanca-cristas-caminham-juntas-afirma-pontifice.html#breadcrumb\",\"itemListElement\":[{\"@type\":\"ListItem\",\"position\":1,\"name\":\"Home\",\"item\":\"https:\/\/franciscanos.org.br\/noticias\"},{\"@type\":\"ListItem\",\"position\":2,\"name\":\"&#8220;Alegria e esperan\u00e7a crist\u00e3s caminham juntas&#8221;, afirma Pont\u00edfice\"}]},{\"@type\":\"Person\",\"@id\":\"https:\/\/franciscanos.org.br\/noticias\/#\/schema\/person\/b38fbf43118f02820bd932f2e4b14ad3\",\"name\":\"admin\",\"image\":{\"@type\":\"ImageObject\",\"inLanguage\":\"pt-BR\",\"@id\":\"https:\/\/franciscanos.org.br\/noticias\/#\/schema\/person\/image\/\",\"url\":\"https:\/\/secure.gravatar.com\/avatar\/e8495742d34d0ba6448ea1c628263b3e?s=96&d=mm&r=g\",\"contentUrl\":\"https:\/\/secure.gravatar.com\/avatar\/e8495742d34d0ba6448ea1c628263b3e?s=96&d=mm&r=g\",\"caption\":\"admin\"},\"url\":\"https:\/\/franciscanos.org.br\/noticias\/author\/admin\"}]}<\/script>\n<!-- \/ Yoast SEO plugin. -->","yoast_head_json":{"title":"\"Alegria e esperan\u00e7a crist\u00e3s caminham juntas\", afirma Pont\u00edfice - Not\u00edcias - Franciscanos","robots":{"index":"index","follow":"follow","max-snippet":"max-snippet:-1","max-image-preview":"max-image-preview:large","max-video-preview":"max-video-preview:-1"},"canonical":"https:\/\/franciscanos.org.br\/noticias\/alegria-e-esperanca-cristas-caminham-juntas-afirma-pontifice.html","og_locale":"pt_BR","og_type":"article","og_title":"\"Alegria e esperan\u00e7a crist\u00e3s caminham juntas\", afirma Pont\u00edfice - Not\u00edcias - Franciscanos","og_description":"Missa em Santa Marta","og_url":"https:\/\/franciscanos.org.br\/noticias\/alegria-e-esperanca-cristas-caminham-juntas-afirma-pontifice.html","og_site_name":"Not\u00edcias - Franciscanos","article_published_time":"2016-05-06T17:26:07+00:00","article_modified_time":"2020-06-09T20:31:16+00:00","og_image":[{"width":273,"height":181,"url":"https:\/\/franciscanos.org.br\/noticias\/wp-content\/uploads\/2016\/05\/alegria_8202.jpg","type":"image\/jpeg"}],"author":"admin","twitter_card":"summary_large_image","twitter_misc":{"Escrito por":"admin","Est. tempo de leitura":"3 minutos"},"schema":{"@context":"https:\/\/schema.org","@graph":[{"@type":"WebSite","@id":"https:\/\/franciscanos.org.br\/noticias\/#website","url":"https:\/\/franciscanos.org.br\/noticias\/","name":"Not\u00edcias - Franciscanos","description":"Prov\u00edncia Franciscana da Imaculada Concei\u00e7\u00e3o do Brasil - Ordem dos Frades Menores - OFM","potentialAction":[{"@type":"SearchAction","target":{"@type":"EntryPoint","urlTemplate":"https:\/\/franciscanos.org.br\/noticias\/?s={search_term_string}"},"query-input":"required name=search_term_string"}],"inLanguage":"pt-BR"},{"@type":"ImageObject","inLanguage":"pt-BR","@id":"https:\/\/franciscanos.org.br\/noticias\/alegria-e-esperanca-cristas-caminham-juntas-afirma-pontifice.html#primaryimage","url":"https:\/\/franciscanos.org.br\/noticias\/wp-content\/uploads\/2016\/05\/alegria_8202.jpg","contentUrl":"https:\/\/franciscanos.org.br\/noticias\/wp-content\/uploads\/2016\/05\/alegria_8202.jpg","width":273,"height":181},{"@type":"WebPage","@id":"https:\/\/franciscanos.org.br\/noticias\/alegria-e-esperanca-cristas-caminham-juntas-afirma-pontifice.html#webpage","url":"https:\/\/franciscanos.org.br\/noticias\/alegria-e-esperanca-cristas-caminham-juntas-afirma-pontifice.html","name":"\"Alegria e esperan\u00e7a crist\u00e3s caminham juntas\", afirma Pont\u00edfice - Not\u00edcias - Franciscanos","isPartOf":{"@id":"https:\/\/franciscanos.org.br\/noticias\/#website"},"primaryImageOfPage":{"@id":"https:\/\/franciscanos.org.br\/noticias\/alegria-e-esperanca-cristas-caminham-juntas-afirma-pontifice.html#primaryimage"},"datePublished":"2016-05-06T17:26:07+00:00","dateModified":"2020-06-09T20:31:16+00:00","author":{"@id":"https:\/\/franciscanos.org.br\/noticias\/#\/schema\/person\/b38fbf43118f02820bd932f2e4b14ad3"},"breadcrumb":{"@id":"https:\/\/franciscanos.org.br\/noticias\/alegria-e-esperanca-cristas-caminham-juntas-afirma-pontifice.html#breadcrumb"},"inLanguage":"pt-BR","potentialAction":[{"@type":"ReadAction","target":["https:\/\/franciscanos.org.br\/noticias\/alegria-e-esperanca-cristas-caminham-juntas-afirma-pontifice.html"]}]},{"@type":"BreadcrumbList","@id":"https:\/\/franciscanos.org.br\/noticias\/alegria-e-esperanca-cristas-caminham-juntas-afirma-pontifice.html#breadcrumb","itemListElement":[{"@type":"ListItem","position":1,"name":"Home","item":"https:\/\/franciscanos.org.br\/noticias"},{"@type":"ListItem","position":2,"name":"&#8220;Alegria e esperan\u00e7a crist\u00e3s caminham juntas&#8221;, afirma Pont\u00edfice"}]},{"@type":"Person","@id":"https:\/\/franciscanos.org.br\/noticias\/#\/schema\/person\/b38fbf43118f02820bd932f2e4b14ad3","name":"admin","image":{"@type":"ImageObject","inLanguage":"pt-BR","@id":"https:\/\/franciscanos.org.br\/noticias\/#\/schema\/person\/image\/","url":"https:\/\/secure.gravatar.com\/avatar\/e8495742d34d0ba6448ea1c628263b3e?s=96&d=mm&r=g","contentUrl":"https:\/\/secure.gravatar.com\/avatar\/e8495742d34d0ba6448ea1c628263b3e?s=96&d=mm&r=g","caption":"admin"},"url":"https:\/\/franciscanos.org.br\/noticias\/author\/admin"}]}},"_links":{"self":[{"href":"https:\/\/franciscanos.org.br\/noticias\/wp-json\/wp\/v2\/posts\/108902"}],"collection":[{"href":"https:\/\/franciscanos.org.br\/noticias\/wp-json\/wp\/v2\/posts"}],"about":[{"href":"https:\/\/franciscanos.org.br\/noticias\/wp-json\/wp\/v2\/types\/post"}],"author":[{"embeddable":true,"href":"https:\/\/franciscanos.org.br\/noticias\/wp-json\/wp\/v2\/users\/1"}],"replies":[{"embeddable":true,"href":"https:\/\/franciscanos.org.br\/noticias\/wp-json\/wp\/v2\/comments?post=108902"}],"version-history":[{"count":1,"href":"https:\/\/franciscanos.org.br\/noticias\/wp-json\/wp\/v2\/posts\/108902\/revisions"}],"predecessor-version":[{"id":225710,"href":"https:\/\/franciscanos.org.br\/noticias\/wp-json\/wp\/v2\/posts\/108902\/revisions\/225710"}],"wp:featuredmedia":[{"embeddable":true,"href":"https:\/\/franciscanos.org.br\/noticias\/wp-json\/wp\/v2\/media\/219292"}],"wp:attachment":[{"href":"https:\/\/franciscanos.org.br\/noticias\/wp-json\/wp\/v2\/media?parent=108902"}],"wp:term":[{"taxonomy":"category","embeddable":true,"href":"https:\/\/franciscanos.org.br\/noticias\/wp-json\/wp\/v2\/categories?post=108902"},{"taxonomy":"post_tag","embeddable":true,"href":"https:\/\/franciscanos.org.br\/noticias\/wp-json\/wp\/v2\/tags?post=108902"}],"curies":[{"name":"wp","href":"https:\/\/api.w.org\/{rel}","templated":true}]}}