{"id":108743,"date":"2016-05-04T09:47:00","date_gmt":"2016-05-04T12:47:00","guid":{"rendered":"http:\/\/franciscanos.org.br\/?p=108743"},"modified":"2020-06-09T18:12:26","modified_gmt":"2020-06-09T21:12:26","slug":"nao-ha-ovelhas-perdidas-mas-as-que-devem-ser-reencontradas","status":"publish","type":"post","link":"https:\/\/franciscanos.org.br\/noticias\/nao-ha-ovelhas-perdidas-mas-as-que-devem-ser-reencontradas.html","title":{"rendered":"N\u00e3o h\u00e1 ovelhas perdidas, mas as que devem ser reencontradas"},"content":{"rendered":"<p><img loading=\"lazy\" src=\"http:\/\/franciscanos.org.br\/wp-content\/uploads\/2016\/05\/820_audiencia.jpg\" alt=\"820_audiencia\" width=\"820\" height=\"360\" \/><\/p>\n<p><strong>Cidade do Vaticano (RV) &#8211;<\/strong> Na Audi\u00eancia Geral desta quarta-feira, realizada na Pra\u00e7a de S. Pedro, o Papa Francisco prop\u00f4s uma catequese sobre a par\u00e1bola da ovelha perdida na qual mostrou a solicitude de Jesus pelos pecadores e a miseric\u00f3rdia de Deus que n\u00e3o quer nem se resigna a perder ningu\u00e9m.<\/p>\n<p>Segundo o Santo Padre, a miseric\u00f3rdia para com os pecadores \u00e9 o estilo do agir de Deus. E a este estilo Deus \u00e9 absolutamente fiel: nada nem ningu\u00e9m O pode afastar desta sua vontade de todos salvar. \u00c9 capaz de deixar as noventa e nove ovelhas no deserto, para ir \u00e0 procura da que anda perdida \u2013 sublinhou Francisco.<\/p>\n<p>Com isto, Jesus quer fazer-nos refletir sobre o modo como vivemos a nossa f\u00e9. Para encontrar o Senhor, temos de O procurar, n\u00e3o onde n\u00f3s pretendemos encontr\u00e1-Lo, mas onde Ele nos quer encontrar: e o pastor s\u00f3 pode ser encontrado, onde est\u00e1 a ovelha perdida \u2013 declarou o Papa que deixou claro que o pastor que vai \u00e0 procura da ovelha perdida, provoca as outras noventa e nove para que participem na reunifica\u00e7\u00e3o do rebanho:\u00a0\u201cO ensinamento que Jesus nos quer dar \u00e9 que nenhuma ovelha pode ser perdida\u201d \u2013 disse o Santo Padre.<\/p>\n<p>Desta forma, n\u00e3o s\u00f3 a ovelha ser\u00e1 trazida aos ombros, mas todo o rebanho acompanhar\u00e1 o pastor at\u00e9 casa, para fazer festa com \u201cos amigos e os vizinhos\u201d \u2013 afirmou o Papa.<\/p>\n<p>Aos olhos de Jesus, n\u00e3o h\u00e1 ovelhas definitivamente perdidas, mas apenas ovelhas que devem ser reencontradas. E Jesus impele-nos a sair \u00e0 procura delas. N\u00e3o h\u00e1 dist\u00e2ncia que o pastor n\u00e3o possa superar; e nenhum rebanho pode renunciar a um irm\u00e3o que anda perdido.<\/p>\n<p>\u201c\u00c9 a\u00ed que corremos o perigo de fecharmo-nos no redil, onde n\u00e3o h\u00e1 o cheiro das ovelhas, mas o cheiro a fechado! \u2013 declarou Francisco.<\/p>\n<p>\u201cN\u00f3s crist\u00e3os n\u00e3o devemos ser fechados porque, se assim for, teremos o cheiro das coisas fechadas\u201d \u2013 disse o Papa exortando os crist\u00e3os a serem abertos e sublinhando que todos s\u00e3o ovelhas reencontradas e trazidas para casa pela miseric\u00f3rdia do Senhor chamados a reunir juntamente com Ele o rebanho inteiro.<\/p>\n<p>No final da sua catequese o Santo Padre saudou tamb\u00e9m os peregrinos de l\u00edngua portuguesa:\u00a0\u201cCom cordial afeto, sa\u00fado todos os peregrinos de l\u00edngua portuguesa, em especial os diversos grupos e movimentos de Portugal e os fi\u00e9is da par\u00f3quia de Nossa Senhora de Lourdes, de S\u00e3o Tom\u00e9. Irm\u00e3os e amigos, estais em boas m\u00e3os, estais nas m\u00e3os da Virgem Maria. Ela vos proteja da tenta\u00e7\u00e3o de prescindir dos outros, pensando em salvar-vos sozinhos. Rezai por mim! Que Deus vos aben\u00e7oe!\u201d<\/p>\n<p>Confira o v\u00eddeo\u00a0na \u00edntegra:<\/p>\n<p><iframe loading=\"lazy\" title=\"Udienza Generale 04-05-2016\" width=\"500\" height=\"281\" src=\"https:\/\/www.youtube.com\/embed\/H_Gnz775Lws?feature=oembed\" frameborder=\"0\" allow=\"accelerometer; autoplay; encrypted-media; gyroscope; picture-in-picture\" allowfullscreen><\/iframe><\/p>\n<hr \/>\n<p><em>Fonte: R\u00e1dio Vaticano<\/em><\/p>\n","protected":false},"excerpt":{"rendered":"<p>Audi\u00eancia Geral<\/p>\n","protected":false},"author":1,"featured_media":209063,"comment_status":"open","ping_status":"open","sticky":false,"template":"","format":"standard","meta":[],"categories":[1428],"tags":[487],"acf":[],"yoast_head":"<!-- This site is optimized with the Yoast SEO plugin v19.2 - https:\/\/yoast.com\/wordpress\/plugins\/seo\/ -->\n<title>N\u00e3o h\u00e1 ovelhas perdidas, mas as que devem ser reencontradas - Not\u00edcias - Franciscanos<\/title>\n<meta name=\"robots\" content=\"index, follow, max-snippet:-1, max-image-preview:large, max-video-preview:-1\" \/>\n<link rel=\"canonical\" href=\"https:\/\/franciscanos.org.br\/noticias\/nao-ha-ovelhas-perdidas-mas-as-que-devem-ser-reencontradas.html\" \/>\n<meta property=\"og:locale\" content=\"pt_BR\" \/>\n<meta property=\"og:type\" content=\"article\" \/>\n<meta property=\"og:title\" content=\"N\u00e3o h\u00e1 ovelhas perdidas, mas as que devem ser reencontradas - Not\u00edcias - Franciscanos\" \/>\n<meta property=\"og:description\" content=\"Audi\u00eancia Geral\" \/>\n<meta property=\"og:url\" content=\"https:\/\/franciscanos.org.br\/noticias\/nao-ha-ovelhas-perdidas-mas-as-que-devem-ser-reencontradas.html\" \/>\n<meta property=\"og:site_name\" content=\"Not\u00edcias - Franciscanos\" \/>\n<meta property=\"article:published_time\" content=\"2016-05-04T12:47:00+00:00\" \/>\n<meta property=\"article:modified_time\" content=\"2020-06-09T21:12:26+00:00\" \/>\n<meta property=\"og:image\" content=\"https:\/\/franciscanos.org.br\/noticias\/wp-content\/uploads\/2016\/05\/820_audiencia.jpg\" \/>\n\t<meta property=\"og:image:width\" content=\"273\" \/>\n\t<meta property=\"og:image:height\" content=\"181\" \/>\n\t<meta property=\"og:image:type\" content=\"image\/jpeg\" \/>\n<meta name=\"author\" content=\"admin\" \/>\n<meta name=\"twitter:card\" content=\"summary_large_image\" \/>\n<meta name=\"twitter:label1\" content=\"Escrito por\" \/>\n\t<meta name=\"twitter:data1\" content=\"admin\" \/>\n\t<meta name=\"twitter:label2\" content=\"Est. tempo de leitura\" \/>\n\t<meta name=\"twitter:data2\" content=\"2 minutos\" \/>\n<script type=\"application\/ld+json\" class=\"yoast-schema-graph\">{\"@context\":\"https:\/\/schema.org\",\"@graph\":[{\"@type\":\"WebSite\",\"@id\":\"https:\/\/franciscanos.org.br\/noticias\/#website\",\"url\":\"https:\/\/franciscanos.org.br\/noticias\/\",\"name\":\"Not\u00edcias - Franciscanos\",\"description\":\"Prov\u00edncia Franciscana da Imaculada Concei\u00e7\u00e3o do Brasil - Ordem dos Frades Menores - OFM\",\"potentialAction\":[{\"@type\":\"SearchAction\",\"target\":{\"@type\":\"EntryPoint\",\"urlTemplate\":\"https:\/\/franciscanos.org.br\/noticias\/?s={search_term_string}\"},\"query-input\":\"required name=search_term_string\"}],\"inLanguage\":\"pt-BR\"},{\"@type\":\"ImageObject\",\"inLanguage\":\"pt-BR\",\"@id\":\"https:\/\/franciscanos.org.br\/noticias\/nao-ha-ovelhas-perdidas-mas-as-que-devem-ser-reencontradas.html#primaryimage\",\"url\":\"https:\/\/franciscanos.org.br\/noticias\/wp-content\/uploads\/2016\/05\/820_audiencia.jpg\",\"contentUrl\":\"https:\/\/franciscanos.org.br\/noticias\/wp-content\/uploads\/2016\/05\/820_audiencia.jpg\",\"width\":273,\"height\":181},{\"@type\":\"WebPage\",\"@id\":\"https:\/\/franciscanos.org.br\/noticias\/nao-ha-ovelhas-perdidas-mas-as-que-devem-ser-reencontradas.html#webpage\",\"url\":\"https:\/\/franciscanos.org.br\/noticias\/nao-ha-ovelhas-perdidas-mas-as-que-devem-ser-reencontradas.html\",\"name\":\"N\u00e3o h\u00e1 ovelhas perdidas, mas as que devem ser reencontradas - Not\u00edcias - Franciscanos\",\"isPartOf\":{\"@id\":\"https:\/\/franciscanos.org.br\/noticias\/#website\"},\"primaryImageOfPage\":{\"@id\":\"https:\/\/franciscanos.org.br\/noticias\/nao-ha-ovelhas-perdidas-mas-as-que-devem-ser-reencontradas.html#primaryimage\"},\"datePublished\":\"2016-05-04T12:47:00+00:00\",\"dateModified\":\"2020-06-09T21:12:26+00:00\",\"author\":{\"@id\":\"https:\/\/franciscanos.org.br\/noticias\/#\/schema\/person\/b38fbf43118f02820bd932f2e4b14ad3\"},\"breadcrumb\":{\"@id\":\"https:\/\/franciscanos.org.br\/noticias\/nao-ha-ovelhas-perdidas-mas-as-que-devem-ser-reencontradas.html#breadcrumb\"},\"inLanguage\":\"pt-BR\",\"potentialAction\":[{\"@type\":\"ReadAction\",\"target\":[\"https:\/\/franciscanos.org.br\/noticias\/nao-ha-ovelhas-perdidas-mas-as-que-devem-ser-reencontradas.html\"]}]},{\"@type\":\"BreadcrumbList\",\"@id\":\"https:\/\/franciscanos.org.br\/noticias\/nao-ha-ovelhas-perdidas-mas-as-que-devem-ser-reencontradas.html#breadcrumb\",\"itemListElement\":[{\"@type\":\"ListItem\",\"position\":1,\"name\":\"Home\",\"item\":\"https:\/\/franciscanos.org.br\/noticias\"},{\"@type\":\"ListItem\",\"position\":2,\"name\":\"N\u00e3o h\u00e1 ovelhas perdidas, mas as que devem ser reencontradas\"}]},{\"@type\":\"Person\",\"@id\":\"https:\/\/franciscanos.org.br\/noticias\/#\/schema\/person\/b38fbf43118f02820bd932f2e4b14ad3\",\"name\":\"admin\",\"image\":{\"@type\":\"ImageObject\",\"inLanguage\":\"pt-BR\",\"@id\":\"https:\/\/franciscanos.org.br\/noticias\/#\/schema\/person\/image\/\",\"url\":\"https:\/\/secure.gravatar.com\/avatar\/e8495742d34d0ba6448ea1c628263b3e?s=96&d=mm&r=g\",\"contentUrl\":\"https:\/\/secure.gravatar.com\/avatar\/e8495742d34d0ba6448ea1c628263b3e?s=96&d=mm&r=g\",\"caption\":\"admin\"},\"url\":\"https:\/\/franciscanos.org.br\/noticias\/author\/admin\"}]}<\/script>\n<!-- \/ Yoast SEO plugin. -->","yoast_head_json":{"title":"N\u00e3o h\u00e1 ovelhas perdidas, mas as que devem ser reencontradas - Not\u00edcias - Franciscanos","robots":{"index":"index","follow":"follow","max-snippet":"max-snippet:-1","max-image-preview":"max-image-preview:large","max-video-preview":"max-video-preview:-1"},"canonical":"https:\/\/franciscanos.org.br\/noticias\/nao-ha-ovelhas-perdidas-mas-as-que-devem-ser-reencontradas.html","og_locale":"pt_BR","og_type":"article","og_title":"N\u00e3o h\u00e1 ovelhas perdidas, mas as que devem ser reencontradas - Not\u00edcias - Franciscanos","og_description":"Audi\u00eancia Geral","og_url":"https:\/\/franciscanos.org.br\/noticias\/nao-ha-ovelhas-perdidas-mas-as-que-devem-ser-reencontradas.html","og_site_name":"Not\u00edcias - Franciscanos","article_published_time":"2016-05-04T12:47:00+00:00","article_modified_time":"2020-06-09T21:12:26+00:00","og_image":[{"width":273,"height":181,"url":"https:\/\/franciscanos.org.br\/noticias\/wp-content\/uploads\/2016\/05\/820_audiencia.jpg","type":"image\/jpeg"}],"author":"admin","twitter_card":"summary_large_image","twitter_misc":{"Escrito por":"admin","Est. tempo de leitura":"2 minutos"},"schema":{"@context":"https:\/\/schema.org","@graph":[{"@type":"WebSite","@id":"https:\/\/franciscanos.org.br\/noticias\/#website","url":"https:\/\/franciscanos.org.br\/noticias\/","name":"Not\u00edcias - Franciscanos","description":"Prov\u00edncia Franciscana da Imaculada Concei\u00e7\u00e3o do Brasil - Ordem dos Frades Menores - OFM","potentialAction":[{"@type":"SearchAction","target":{"@type":"EntryPoint","urlTemplate":"https:\/\/franciscanos.org.br\/noticias\/?s={search_term_string}"},"query-input":"required name=search_term_string"}],"inLanguage":"pt-BR"},{"@type":"ImageObject","inLanguage":"pt-BR","@id":"https:\/\/franciscanos.org.br\/noticias\/nao-ha-ovelhas-perdidas-mas-as-que-devem-ser-reencontradas.html#primaryimage","url":"https:\/\/franciscanos.org.br\/noticias\/wp-content\/uploads\/2016\/05\/820_audiencia.jpg","contentUrl":"https:\/\/franciscanos.org.br\/noticias\/wp-content\/uploads\/2016\/05\/820_audiencia.jpg","width":273,"height":181},{"@type":"WebPage","@id":"https:\/\/franciscanos.org.br\/noticias\/nao-ha-ovelhas-perdidas-mas-as-que-devem-ser-reencontradas.html#webpage","url":"https:\/\/franciscanos.org.br\/noticias\/nao-ha-ovelhas-perdidas-mas-as-que-devem-ser-reencontradas.html","name":"N\u00e3o h\u00e1 ovelhas perdidas, mas as que devem ser reencontradas - Not\u00edcias - Franciscanos","isPartOf":{"@id":"https:\/\/franciscanos.org.br\/noticias\/#website"},"primaryImageOfPage":{"@id":"https:\/\/franciscanos.org.br\/noticias\/nao-ha-ovelhas-perdidas-mas-as-que-devem-ser-reencontradas.html#primaryimage"},"datePublished":"2016-05-04T12:47:00+00:00","dateModified":"2020-06-09T21:12:26+00:00","author":{"@id":"https:\/\/franciscanos.org.br\/noticias\/#\/schema\/person\/b38fbf43118f02820bd932f2e4b14ad3"},"breadcrumb":{"@id":"https:\/\/franciscanos.org.br\/noticias\/nao-ha-ovelhas-perdidas-mas-as-que-devem-ser-reencontradas.html#breadcrumb"},"inLanguage":"pt-BR","potentialAction":[{"@type":"ReadAction","target":["https:\/\/franciscanos.org.br\/noticias\/nao-ha-ovelhas-perdidas-mas-as-que-devem-ser-reencontradas.html"]}]},{"@type":"BreadcrumbList","@id":"https:\/\/franciscanos.org.br\/noticias\/nao-ha-ovelhas-perdidas-mas-as-que-devem-ser-reencontradas.html#breadcrumb","itemListElement":[{"@type":"ListItem","position":1,"name":"Home","item":"https:\/\/franciscanos.org.br\/noticias"},{"@type":"ListItem","position":2,"name":"N\u00e3o h\u00e1 ovelhas perdidas, mas as que devem ser reencontradas"}]},{"@type":"Person","@id":"https:\/\/franciscanos.org.br\/noticias\/#\/schema\/person\/b38fbf43118f02820bd932f2e4b14ad3","name":"admin","image":{"@type":"ImageObject","inLanguage":"pt-BR","@id":"https:\/\/franciscanos.org.br\/noticias\/#\/schema\/person\/image\/","url":"https:\/\/secure.gravatar.com\/avatar\/e8495742d34d0ba6448ea1c628263b3e?s=96&d=mm&r=g","contentUrl":"https:\/\/secure.gravatar.com\/avatar\/e8495742d34d0ba6448ea1c628263b3e?s=96&d=mm&r=g","caption":"admin"},"url":"https:\/\/franciscanos.org.br\/noticias\/author\/admin"}]}},"_links":{"self":[{"href":"https:\/\/franciscanos.org.br\/noticias\/wp-json\/wp\/v2\/posts\/108743"}],"collection":[{"href":"https:\/\/franciscanos.org.br\/noticias\/wp-json\/wp\/v2\/posts"}],"about":[{"href":"https:\/\/franciscanos.org.br\/noticias\/wp-json\/wp\/v2\/types\/post"}],"author":[{"embeddable":true,"href":"https:\/\/franciscanos.org.br\/noticias\/wp-json\/wp\/v2\/users\/1"}],"replies":[{"embeddable":true,"href":"https:\/\/franciscanos.org.br\/noticias\/wp-json\/wp\/v2\/comments?post=108743"}],"version-history":[{"count":2,"href":"https:\/\/franciscanos.org.br\/noticias\/wp-json\/wp\/v2\/posts\/108743\/revisions"}],"predecessor-version":[{"id":225714,"href":"https:\/\/franciscanos.org.br\/noticias\/wp-json\/wp\/v2\/posts\/108743\/revisions\/225714"}],"wp:featuredmedia":[{"embeddable":true,"href":"https:\/\/franciscanos.org.br\/noticias\/wp-json\/wp\/v2\/media\/209063"}],"wp:attachment":[{"href":"https:\/\/franciscanos.org.br\/noticias\/wp-json\/wp\/v2\/media?parent=108743"}],"wp:term":[{"taxonomy":"category","embeddable":true,"href":"https:\/\/franciscanos.org.br\/noticias\/wp-json\/wp\/v2\/categories?post=108743"},{"taxonomy":"post_tag","embeddable":true,"href":"https:\/\/franciscanos.org.br\/noticias\/wp-json\/wp\/v2\/tags?post=108743"}],"curies":[{"name":"wp","href":"https:\/\/api.w.org\/{rel}","templated":true}]}}