{"id":108726,"date":"2016-05-03T15:45:23","date_gmt":"2016-05-03T18:45:23","guid":{"rendered":"http:\/\/franciscanos.org.br\/?p=108726"},"modified":"2020-06-09T18:15:34","modified_gmt":"2020-06-09T21:15:34","slug":"jesus-e-o-caminho-mas-muitos-cristaos-sao-teimosos-afirma-papa-francisco","status":"publish","type":"post","link":"https:\/\/franciscanos.org.br\/noticias\/jesus-e-o-caminho-mas-muitos-cristaos-sao-teimosos-afirma-papa-francisco.html","title":{"rendered":"Jesus \u00e9 o caminho, mas muitos crist\u00e3os s\u00e3o teimosos, afirma Papa Francisco"},"content":{"rendered":"<p><img loading=\"lazy\" src=\"http:\/\/franciscanos.org.br\/wp-content\/uploads\/2016\/05\/820_Papa_marta.jpg\" alt=\"820_Papa_marta\" width=\"820\" height=\"325\" \/><br \/>\nJesus \u00e9 o caminho justo da vida crist\u00e3 e \u00e9 importante verificar constantemente se o estamos seguindo com coer\u00eancia ou se a experi\u00eancia de f\u00e9 foi perdida ou interrompida ao longo do caminho. Este foi o centro da reflex\u00e3o feita pelo Papa na missa da manh\u00e3 desta ter\u00e7a-feira, (03\/05), na Casa Santa Marta.<\/p>\n<p>A vida da f\u00e9 \u00e9 um caminho e ao longo dele se encontram v\u00e1rios tipos de crist\u00e3os. O Papa fez uma breve lista deles: crist\u00e3os-m\u00famias, crist\u00e3os errantes, crist\u00e3os teimosos, crist\u00e3os meio-termo \u2013 aqueles que se encantam diante de um belo panorama e ficam parados. Gente que por uma ou outra raz\u00e3o se esqueceu que o \u00fanico caminho justo \u2013 como recorda o Evangelho do dia \u2013 \u00e9 Jesus, que confirma a Tom\u00e9: \u201cEu sou o caminho, quem me viu, viu o Pai\u201d.<\/p>\n<p><strong>\u201cM\u00famias espirituais\u201d<\/strong><br \/>\nFrancisco examinou cada uma destas tipologias de crist\u00e3os confusos, come\u00e7ando antes de tudo pelo crist\u00e3o que \u2018n\u00e3o caminha\u2019, que d\u00e1 a ideia de ser um pouco \u2018embalsamado\u2019:<br \/>\n\u201cUm crist\u00e3o que n\u00e3o caminha, que n\u00e3o percorre a estrada, \u00e9 um crist\u00e3o um pouco \u2018paganizado\u2019: fica ali, parado, n\u00e3o vai avante na vida crist\u00e3, n\u00e3o faz florescer as bem-aventuran\u00e7as em sua vida, n\u00e3o faz obras de miseric\u00f3rdia&#8230; \u00c9 est\u00e1tico. Desculpem-me a palavra, mas \u00e9 como se fosse uma \u2018m\u00famia\u2019, uma \u2018m\u00famia espiritual\u2019. Parados&#8230; N\u00e3o fazem mal, mas n\u00e3o fazem bem\u201d.<\/p>\n<p><strong>Os teimosos e os errantes<\/strong><br \/>\nEis ent\u00e3o que surge o crist\u00e3o obstinado. Quando se caminha \u2013 explicou Francisco \u2013 pode-se errar a estrada, mas isso n\u00e3o \u00e9 o pior. Para o Papa, \u201ca trag\u00e9dia \u00e9 ser teimosos e dizer \u2018este \u00e9 o caminho\u2019 e n\u00e3o deixar que a voz do Senhor nos diga \u2018volte atr\u00e1s e retome o caminho certo\u2019. E depois, existe a quarta categoria, a dos crist\u00e3os que caminham, mas n\u00e3o sabem para onde v\u00e3o\u201d.<br \/>\n\u201cS\u00e3o errantes na vida crist\u00e3, vagantes. A vida deles \u00e9 vagar, aqui e ali, e perdem assim a beleza de se aproximar de Jesus na vida de Jesus. Perdem o caminho porque vagam e, muitas vezes, esse vagar, vagar errante, os levam a uma vida sem sa\u00edda: o muito vagar se transforma em labirinto e depois n\u00e3o sabem sair. Perderam o chamado de Jesus. N\u00e3o t\u00eam b\u00fassola para sair e vagam; procuram. H\u00e1 outros que no caminho s\u00e3o seduzidos por uma beleza, por algo e param na metade do caminho, fascinados por aquilo que veem, por aquela ideia, por aquela proposta, por aquela paisagem \u2026 E param! A vida crist\u00e3 n\u00e3o \u00e9 um fasc\u00ednio: \u00e9 uma verdade! \u00c9 Jesus Cristo!\u201d.<\/p>\n<p><strong>O momento das perguntas<\/strong><br \/>\nObservando o quadro, refletiu Francisco, podemos nos questionar. Como vai o \u201ccaminho crist\u00e3o que iniciei no Batismo? Est\u00e1 parado? Errei o caminho? Vago continuamente e n\u00e3o sei aonde ir espiritualmente? Paro diante das coisas que gosto: a mundanidade, a vaidade\u201d ou vou \u201csempre adiante\u201d, tornando \u201cconcretas as Bem-aventuran\u00e7as e as Obras de miseric\u00f3rdia?\u201d. Porque \u201co caminho de Jesus \u2013 concluiu \u2013 \u00e9 t\u00e3o cheio de consola\u00e7\u00f5es, de gl\u00f3ria e tamb\u00e9m de cruzes. Mas sempre com paz na alma\u201d:\u00a0\u201cEsta \u00e9 a nossa pergunta do dia, fa\u00e7amo-la, cinco minutinhos \u2026 Como eu sou neste caminho crist\u00e3o? Parado, errante, vagando, parando diante das coisas de que gosto ou diante de Jesus \u2018Eu sou o caminho\u2019? E pe\u00e7amos ao Esp\u00edrito Santo que nos ensine a caminhar bem, sempre! E quando nos cansarmos, fa\u00e7amos uma pequena pausa e avante. Pe\u00e7amos esta gra\u00e7a\u201d.<\/p>\n<hr \/>\n<p><em>Fonte: R\u00e1dio Vaticano<\/em><\/p>\n","protected":false},"excerpt":{"rendered":"<p>Missa em Santa Marta<\/p>\n","protected":false},"author":1,"featured_media":203002,"comment_status":"open","ping_status":"open","sticky":false,"template":"","format":"standard","meta":[],"categories":[1428],"tags":[1586],"acf":[],"yoast_head":"<!-- This site is optimized with the Yoast SEO plugin v19.2 - https:\/\/yoast.com\/wordpress\/plugins\/seo\/ -->\n<title>Jesus \u00e9 o caminho, mas muitos crist\u00e3os s\u00e3o teimosos, afirma Papa Francisco - Not\u00edcias - Franciscanos<\/title>\n<meta name=\"robots\" content=\"index, follow, max-snippet:-1, max-image-preview:large, max-video-preview:-1\" \/>\n<link rel=\"canonical\" href=\"https:\/\/franciscanos.org.br\/noticias\/jesus-e-o-caminho-mas-muitos-cristaos-sao-teimosos-afirma-papa-francisco.html\" \/>\n<meta property=\"og:locale\" content=\"pt_BR\" \/>\n<meta property=\"og:type\" content=\"article\" \/>\n<meta property=\"og:title\" content=\"Jesus \u00e9 o caminho, mas muitos crist\u00e3os s\u00e3o teimosos, afirma Papa Francisco - Not\u00edcias - Franciscanos\" \/>\n<meta property=\"og:description\" content=\"Missa em Santa Marta\" \/>\n<meta property=\"og:url\" content=\"https:\/\/franciscanos.org.br\/noticias\/jesus-e-o-caminho-mas-muitos-cristaos-sao-teimosos-afirma-papa-francisco.html\" \/>\n<meta property=\"og:site_name\" content=\"Not\u00edcias - Franciscanos\" \/>\n<meta property=\"article:published_time\" content=\"2016-05-03T18:45:23+00:00\" \/>\n<meta property=\"article:modified_time\" content=\"2020-06-09T21:15:34+00:00\" \/>\n<meta property=\"og:image\" content=\"https:\/\/franciscanos.org.br\/noticias\/wp-content\/uploads\/2016\/05\/820_Papa_marta.jpg\" \/>\n\t<meta property=\"og:image:width\" content=\"273\" \/>\n\t<meta property=\"og:image:height\" content=\"181\" \/>\n\t<meta property=\"og:image:type\" content=\"image\/jpeg\" \/>\n<meta name=\"author\" content=\"admin\" \/>\n<meta name=\"twitter:card\" content=\"summary_large_image\" \/>\n<meta name=\"twitter:label1\" content=\"Escrito por\" \/>\n\t<meta name=\"twitter:data1\" content=\"admin\" \/>\n\t<meta name=\"twitter:label2\" content=\"Est. tempo de leitura\" \/>\n\t<meta name=\"twitter:data2\" content=\"3 minutos\" \/>\n<script type=\"application\/ld+json\" class=\"yoast-schema-graph\">{\"@context\":\"https:\/\/schema.org\",\"@graph\":[{\"@type\":\"WebSite\",\"@id\":\"https:\/\/franciscanos.org.br\/noticias\/#website\",\"url\":\"https:\/\/franciscanos.org.br\/noticias\/\",\"name\":\"Not\u00edcias - Franciscanos\",\"description\":\"Prov\u00edncia Franciscana da Imaculada Concei\u00e7\u00e3o do Brasil - Ordem dos Frades Menores - OFM\",\"potentialAction\":[{\"@type\":\"SearchAction\",\"target\":{\"@type\":\"EntryPoint\",\"urlTemplate\":\"https:\/\/franciscanos.org.br\/noticias\/?s={search_term_string}\"},\"query-input\":\"required name=search_term_string\"}],\"inLanguage\":\"pt-BR\"},{\"@type\":\"ImageObject\",\"inLanguage\":\"pt-BR\",\"@id\":\"https:\/\/franciscanos.org.br\/noticias\/jesus-e-o-caminho-mas-muitos-cristaos-sao-teimosos-afirma-papa-francisco.html#primaryimage\",\"url\":\"https:\/\/franciscanos.org.br\/noticias\/wp-content\/uploads\/2016\/05\/820_Papa_marta.jpg\",\"contentUrl\":\"https:\/\/franciscanos.org.br\/noticias\/wp-content\/uploads\/2016\/05\/820_Papa_marta.jpg\",\"width\":273,\"height\":181},{\"@type\":\"WebPage\",\"@id\":\"https:\/\/franciscanos.org.br\/noticias\/jesus-e-o-caminho-mas-muitos-cristaos-sao-teimosos-afirma-papa-francisco.html#webpage\",\"url\":\"https:\/\/franciscanos.org.br\/noticias\/jesus-e-o-caminho-mas-muitos-cristaos-sao-teimosos-afirma-papa-francisco.html\",\"name\":\"Jesus \u00e9 o caminho, mas muitos crist\u00e3os s\u00e3o teimosos, afirma Papa Francisco - Not\u00edcias - Franciscanos\",\"isPartOf\":{\"@id\":\"https:\/\/franciscanos.org.br\/noticias\/#website\"},\"primaryImageOfPage\":{\"@id\":\"https:\/\/franciscanos.org.br\/noticias\/jesus-e-o-caminho-mas-muitos-cristaos-sao-teimosos-afirma-papa-francisco.html#primaryimage\"},\"datePublished\":\"2016-05-03T18:45:23+00:00\",\"dateModified\":\"2020-06-09T21:15:34+00:00\",\"author\":{\"@id\":\"https:\/\/franciscanos.org.br\/noticias\/#\/schema\/person\/b38fbf43118f02820bd932f2e4b14ad3\"},\"breadcrumb\":{\"@id\":\"https:\/\/franciscanos.org.br\/noticias\/jesus-e-o-caminho-mas-muitos-cristaos-sao-teimosos-afirma-papa-francisco.html#breadcrumb\"},\"inLanguage\":\"pt-BR\",\"potentialAction\":[{\"@type\":\"ReadAction\",\"target\":[\"https:\/\/franciscanos.org.br\/noticias\/jesus-e-o-caminho-mas-muitos-cristaos-sao-teimosos-afirma-papa-francisco.html\"]}]},{\"@type\":\"BreadcrumbList\",\"@id\":\"https:\/\/franciscanos.org.br\/noticias\/jesus-e-o-caminho-mas-muitos-cristaos-sao-teimosos-afirma-papa-francisco.html#breadcrumb\",\"itemListElement\":[{\"@type\":\"ListItem\",\"position\":1,\"name\":\"Home\",\"item\":\"https:\/\/franciscanos.org.br\/noticias\"},{\"@type\":\"ListItem\",\"position\":2,\"name\":\"Jesus \u00e9 o caminho, mas muitos crist\u00e3os s\u00e3o teimosos, afirma Papa Francisco\"}]},{\"@type\":\"Person\",\"@id\":\"https:\/\/franciscanos.org.br\/noticias\/#\/schema\/person\/b38fbf43118f02820bd932f2e4b14ad3\",\"name\":\"admin\",\"image\":{\"@type\":\"ImageObject\",\"inLanguage\":\"pt-BR\",\"@id\":\"https:\/\/franciscanos.org.br\/noticias\/#\/schema\/person\/image\/\",\"url\":\"https:\/\/secure.gravatar.com\/avatar\/e8495742d34d0ba6448ea1c628263b3e?s=96&d=mm&r=g\",\"contentUrl\":\"https:\/\/secure.gravatar.com\/avatar\/e8495742d34d0ba6448ea1c628263b3e?s=96&d=mm&r=g\",\"caption\":\"admin\"},\"url\":\"https:\/\/franciscanos.org.br\/noticias\/author\/admin\"}]}<\/script>\n<!-- \/ Yoast SEO plugin. -->","yoast_head_json":{"title":"Jesus \u00e9 o caminho, mas muitos crist\u00e3os s\u00e3o teimosos, afirma Papa Francisco - Not\u00edcias - Franciscanos","robots":{"index":"index","follow":"follow","max-snippet":"max-snippet:-1","max-image-preview":"max-image-preview:large","max-video-preview":"max-video-preview:-1"},"canonical":"https:\/\/franciscanos.org.br\/noticias\/jesus-e-o-caminho-mas-muitos-cristaos-sao-teimosos-afirma-papa-francisco.html","og_locale":"pt_BR","og_type":"article","og_title":"Jesus \u00e9 o caminho, mas muitos crist\u00e3os s\u00e3o teimosos, afirma Papa Francisco - Not\u00edcias - Franciscanos","og_description":"Missa em Santa Marta","og_url":"https:\/\/franciscanos.org.br\/noticias\/jesus-e-o-caminho-mas-muitos-cristaos-sao-teimosos-afirma-papa-francisco.html","og_site_name":"Not\u00edcias - Franciscanos","article_published_time":"2016-05-03T18:45:23+00:00","article_modified_time":"2020-06-09T21:15:34+00:00","og_image":[{"width":273,"height":181,"url":"https:\/\/franciscanos.org.br\/noticias\/wp-content\/uploads\/2016\/05\/820_Papa_marta.jpg","type":"image\/jpeg"}],"author":"admin","twitter_card":"summary_large_image","twitter_misc":{"Escrito por":"admin","Est. tempo de leitura":"3 minutos"},"schema":{"@context":"https:\/\/schema.org","@graph":[{"@type":"WebSite","@id":"https:\/\/franciscanos.org.br\/noticias\/#website","url":"https:\/\/franciscanos.org.br\/noticias\/","name":"Not\u00edcias - Franciscanos","description":"Prov\u00edncia Franciscana da Imaculada Concei\u00e7\u00e3o do Brasil - Ordem dos Frades Menores - OFM","potentialAction":[{"@type":"SearchAction","target":{"@type":"EntryPoint","urlTemplate":"https:\/\/franciscanos.org.br\/noticias\/?s={search_term_string}"},"query-input":"required name=search_term_string"}],"inLanguage":"pt-BR"},{"@type":"ImageObject","inLanguage":"pt-BR","@id":"https:\/\/franciscanos.org.br\/noticias\/jesus-e-o-caminho-mas-muitos-cristaos-sao-teimosos-afirma-papa-francisco.html#primaryimage","url":"https:\/\/franciscanos.org.br\/noticias\/wp-content\/uploads\/2016\/05\/820_Papa_marta.jpg","contentUrl":"https:\/\/franciscanos.org.br\/noticias\/wp-content\/uploads\/2016\/05\/820_Papa_marta.jpg","width":273,"height":181},{"@type":"WebPage","@id":"https:\/\/franciscanos.org.br\/noticias\/jesus-e-o-caminho-mas-muitos-cristaos-sao-teimosos-afirma-papa-francisco.html#webpage","url":"https:\/\/franciscanos.org.br\/noticias\/jesus-e-o-caminho-mas-muitos-cristaos-sao-teimosos-afirma-papa-francisco.html","name":"Jesus \u00e9 o caminho, mas muitos crist\u00e3os s\u00e3o teimosos, afirma Papa Francisco - Not\u00edcias - Franciscanos","isPartOf":{"@id":"https:\/\/franciscanos.org.br\/noticias\/#website"},"primaryImageOfPage":{"@id":"https:\/\/franciscanos.org.br\/noticias\/jesus-e-o-caminho-mas-muitos-cristaos-sao-teimosos-afirma-papa-francisco.html#primaryimage"},"datePublished":"2016-05-03T18:45:23+00:00","dateModified":"2020-06-09T21:15:34+00:00","author":{"@id":"https:\/\/franciscanos.org.br\/noticias\/#\/schema\/person\/b38fbf43118f02820bd932f2e4b14ad3"},"breadcrumb":{"@id":"https:\/\/franciscanos.org.br\/noticias\/jesus-e-o-caminho-mas-muitos-cristaos-sao-teimosos-afirma-papa-francisco.html#breadcrumb"},"inLanguage":"pt-BR","potentialAction":[{"@type":"ReadAction","target":["https:\/\/franciscanos.org.br\/noticias\/jesus-e-o-caminho-mas-muitos-cristaos-sao-teimosos-afirma-papa-francisco.html"]}]},{"@type":"BreadcrumbList","@id":"https:\/\/franciscanos.org.br\/noticias\/jesus-e-o-caminho-mas-muitos-cristaos-sao-teimosos-afirma-papa-francisco.html#breadcrumb","itemListElement":[{"@type":"ListItem","position":1,"name":"Home","item":"https:\/\/franciscanos.org.br\/noticias"},{"@type":"ListItem","position":2,"name":"Jesus \u00e9 o caminho, mas muitos crist\u00e3os s\u00e3o teimosos, afirma Papa Francisco"}]},{"@type":"Person","@id":"https:\/\/franciscanos.org.br\/noticias\/#\/schema\/person\/b38fbf43118f02820bd932f2e4b14ad3","name":"admin","image":{"@type":"ImageObject","inLanguage":"pt-BR","@id":"https:\/\/franciscanos.org.br\/noticias\/#\/schema\/person\/image\/","url":"https:\/\/secure.gravatar.com\/avatar\/e8495742d34d0ba6448ea1c628263b3e?s=96&d=mm&r=g","contentUrl":"https:\/\/secure.gravatar.com\/avatar\/e8495742d34d0ba6448ea1c628263b3e?s=96&d=mm&r=g","caption":"admin"},"url":"https:\/\/franciscanos.org.br\/noticias\/author\/admin"}]}},"_links":{"self":[{"href":"https:\/\/franciscanos.org.br\/noticias\/wp-json\/wp\/v2\/posts\/108726"}],"collection":[{"href":"https:\/\/franciscanos.org.br\/noticias\/wp-json\/wp\/v2\/posts"}],"about":[{"href":"https:\/\/franciscanos.org.br\/noticias\/wp-json\/wp\/v2\/types\/post"}],"author":[{"embeddable":true,"href":"https:\/\/franciscanos.org.br\/noticias\/wp-json\/wp\/v2\/users\/1"}],"replies":[{"embeddable":true,"href":"https:\/\/franciscanos.org.br\/noticias\/wp-json\/wp\/v2\/comments?post=108726"}],"version-history":[{"count":1,"href":"https:\/\/franciscanos.org.br\/noticias\/wp-json\/wp\/v2\/posts\/108726\/revisions"}],"predecessor-version":[{"id":225716,"href":"https:\/\/franciscanos.org.br\/noticias\/wp-json\/wp\/v2\/posts\/108726\/revisions\/225716"}],"wp:featuredmedia":[{"embeddable":true,"href":"https:\/\/franciscanos.org.br\/noticias\/wp-json\/wp\/v2\/media\/203002"}],"wp:attachment":[{"href":"https:\/\/franciscanos.org.br\/noticias\/wp-json\/wp\/v2\/media?parent=108726"}],"wp:term":[{"taxonomy":"category","embeddable":true,"href":"https:\/\/franciscanos.org.br\/noticias\/wp-json\/wp\/v2\/categories?post=108726"},{"taxonomy":"post_tag","embeddable":true,"href":"https:\/\/franciscanos.org.br\/noticias\/wp-json\/wp\/v2\/tags?post=108726"}],"curies":[{"name":"wp","href":"https:\/\/api.w.org\/{rel}","templated":true}]}}